{"id":74881,"date":"2024-09-13T02:24:02","date_gmt":"2024-09-13T08:24:02","guid":{"rendered":"https:\/\/nitu.mx\/?p=74881"},"modified":"2024-09-13T02:24:02","modified_gmt":"2024-09-13T08:24:02","slug":"sundes-la-expansion-del-alquiler-de-lujo-en-mexico","status":"publish","type":"post","link":"https:\/\/nitu.mx\/index.php\/2024\/09\/13\/sundes-la-expansion-del-alquiler-de-lujo-en-mexico\/","title":{"rendered":"Sundes: la expansi\u00f3n del alquiler de lujo en M\u00e9xico"},"content":{"rendered":"<p>La plataforma chilena de alquileres vacacionales de lujo, Sundes, ha iniciado su expansi\u00f3n en M\u00e9xico, ofreciendo propiedades exclusivas en destinos clave como Los Cabos, Puerto Vallarta y Tulum.<\/p>\n<p>Esta empresa, que ha consolidado su presencia en mercados europeos como Espa\u00f1a, Francia, Italia y Grecia, ha puesto su mirada en M\u00e9xico con el objetivo de capitalizar el creciente mercado del turismo de lujo.<\/p>\n<p>Sundes busca ofrecer a los viajeros un proceso de selecci\u00f3n simplificado y confiable, diferenci\u00e1ndose por la calidad del servicio y la atenci\u00f3n personalizada. Juan Pablo Za\u00f1artu, CEO de la compa\u00f1\u00eda, ha se\u00f1alado que la plataforma proyecta un crecimiento del 50% en reservas para este a\u00f1o, tras un exitoso 2023.<\/p>\n<p>M\u00e9xico representa una oportunidad estrat\u00e9gica para Sundes debido a la popularidad de destinos como Los Cabos y Tulum, que atraen a turistas de alto perfil en busca de experiencias exclusivas. Adem\u00e1s, la plataforma espera alcanzar un mill\u00f3n y medio de d\u00f3lares en reservas, expandiendo su presencia no solo en M\u00e9xico, sino tambi\u00e9n en otros pa\u00edses de Am\u00e9rica Latina.<\/p>\n","protected":false},"excerpt":{"rendered":"<p>La plataforma chilena de alquileres vacacionales de lujo, Sundes, ha iniciado su expansi\u00f3n en M\u00e9xico, ofreciendo propiedades exclusivas en destinos clave como Los Cabos, Puerto Vallarta y Tulum. Esta empresa, que ha consolidado su presencia en mercados europeos como Espa\u00f1a, Francia, Italia y Grecia, ha puesto su mirada en M\u00e9xico con el objetivo de capitalizar [&hellip;]<\/p>\n","protected":false},"author":3,"featured_media":74898,"comment_status":"open","ping_status":"open","sticky":false,"template":"","format":"standard","meta":{"footnotes":""},"categories":[2],"tags":[9591,4349,7194,26069],"yoast_head":"<!-- This site is optimized with the Yoast SEO plugin v22.2 - https:\/\/yoast.com\/wordpress\/plugins\/seo\/ -->\n<title>Sundes: la expansi\u00f3n del alquiler de lujo en M\u00e9xico - Nitu - Noticias de la Industria Turistica<\/title>\n<meta name=\"robots\" content=\"index, follow, max-snippet:-1, max-image-preview:large, max-video-preview:-1\" \/>\n<link rel=\"canonical\" href=\"https:\/\/nitu.mx\/index.php\/2024\/09\/13\/sundes-la-expansion-del-alquiler-de-lujo-en-mexico\/\" \/>\n<meta name=\"twitter:card\" content=\"summary_large_image\" \/>\n<meta name=\"twitter:title\" content=\"Sundes: la expansi\u00f3n del alquiler de lujo en M\u00e9xico - Nitu - Noticias de la Industria Turistica\" \/>\n<meta name=\"twitter:description\" content=\"La plataforma chilena de alquileres vacacionales de lujo, Sundes, ha iniciado su expansi\u00f3n en M\u00e9xico, ofreciendo propiedades exclusivas en destinos clave como Los Cabos, Puerto Vallarta y Tulum. Esta empresa, que ha consolidado su presencia en mercados europeos como Espa\u00f1a, Francia, Italia y Grecia, ha puesto su mirada en M\u00e9xico con el objetivo de capitalizar [&hellip;]\" \/>\n<meta name=\"twitter:image\" content=\"https:\/\/nitu.mx\/wp-content\/uploads\/2024\/09\/sundes-rentas-vacacionales.jpg\" \/>\n<meta name=\"twitter:creator\" content=\"@NITUmx\" \/>\n<meta name=\"twitter:site\" content=\"@Arturo_Medina_G\" \/>\n<meta name=\"twitter:label1\" content=\"Escrito por\" \/>\n\t<meta name=\"twitter:data1\" content=\"Alejandra Moncisbays\" \/>\n\t<meta name=\"twitter:label2\" content=\"Tiempo de lectura\" \/>\n\t<meta name=\"twitter:data2\" content=\"1 minuto\" \/>\n<script type=\"application\/ld+json\" class=\"yoast-schema-graph\">{\"@context\":\"https:\/\/schema.org\",\"@graph\":[{\"@type\":\"Article\",\"@id\":\"https:\/\/nitu.mx\/index.php\/2024\/09\/13\/sundes-la-expansion-del-alquiler-de-lujo-en-mexico\/#article\",\"isPartOf\":{\"@id\":\"https:\/\/nitu.mx\/index.php\/2024\/09\/13\/sundes-la-expansion-del-alquiler-de-lujo-en-mexico\/\"},\"author\":{\"name\":\"Alejandra Moncisbays\",\"@id\":\"https:\/\/nitu.mx\/#\/schema\/person\/2ecd887b19dfd3382d1f14fc5acf24a8\"},\"headline\":\"Sundes: la expansi\u00f3n del alquiler de lujo en M\u00e9xico\",\"datePublished\":\"2024-09-13T08:24:02+00:00\",\"dateModified\":\"2024-09-13T08:24:02+00:00\",\"mainEntityOfPage\":{\"@id\":\"https:\/\/nitu.mx\/index.php\/2024\/09\/13\/sundes-la-expansion-del-alquiler-de-lujo-en-mexico\/\"},\"wordCount\":198,\"commentCount\":0,\"publisher\":{\"@id\":\"https:\/\/nitu.mx\/#\/schema\/person\/ae7a53426417292d3dd07b45a33e01bc\"},\"image\":{\"@id\":\"https:\/\/nitu.mx\/index.php\/2024\/09\/13\/sundes-la-expansion-del-alquiler-de-lujo-en-mexico\/#primaryimage\"},\"thumbnailUrl\":\"https:\/\/nitu.mx\/wp-content\/uploads\/2024\/09\/sundes-rentas-vacacionales.jpg\",\"keywords\":[\"alquiler\",\"Expansi\u00f3n\",\"Lujo\",\"Sundes\"],\"articleSection\":[\"Hoteles\"],\"inLanguage\":\"es-MX\",\"potentialAction\":[{\"@type\":\"CommentAction\",\"name\":\"Comment\",\"target\":[\"https:\/\/nitu.mx\/index.php\/2024\/09\/13\/sundes-la-expansion-del-alquiler-de-lujo-en-mexico\/#respond\"]}]},{\"@type\":\"WebPage\",\"@id\":\"https:\/\/nitu.mx\/index.php\/2024\/09\/13\/sundes-la-expansion-del-alquiler-de-lujo-en-mexico\/\",\"url\":\"https:\/\/nitu.mx\/index.php\/2024\/09\/13\/sundes-la-expansion-del-alquiler-de-lujo-en-mexico\/\",\"name\":\"Sundes: la expansi\u00f3n del alquiler de lujo en M\u00e9xico - Nitu - Noticias de la Industria Turistica\",\"isPartOf\":{\"@id\":\"https:\/\/nitu.mx\/#website\"},\"primaryImageOfPage\":{\"@id\":\"https:\/\/nitu.mx\/index.php\/2024\/09\/13\/sundes-la-expansion-del-alquiler-de-lujo-en-mexico\/#primaryimage\"},\"image\":{\"@id\":\"https:\/\/nitu.mx\/index.php\/2024\/09\/13\/sundes-la-expansion-del-alquiler-de-lujo-en-mexico\/#primaryimage\"},\"thumbnailUrl\":\"https:\/\/nitu.mx\/wp-content\/uploads\/2024\/09\/sundes-rentas-vacacionales.jpg\",\"datePublished\":\"2024-09-13T08:24:02+00:00\",\"dateModified\":\"2024-09-13T08:24:02+00:00\",\"breadcrumb\":{\"@id\":\"https:\/\/nitu.mx\/index.php\/2024\/09\/13\/sundes-la-expansion-del-alquiler-de-lujo-en-mexico\/#breadcrumb\"},\"inLanguage\":\"es-MX\",\"potentialAction\":[{\"@type\":\"ReadAction\",\"target\":[\"https:\/\/nitu.mx\/index.php\/2024\/09\/13\/sundes-la-expansion-del-alquiler-de-lujo-en-mexico\/\"]}]},{\"@type\":\"ImageObject\",\"inLanguage\":\"es-MX\",\"@id\":\"https:\/\/nitu.mx\/index.php\/2024\/09\/13\/sundes-la-expansion-del-alquiler-de-lujo-en-mexico\/#primaryimage\",\"url\":\"https:\/\/nitu.mx\/wp-content\/uploads\/2024\/09\/sundes-rentas-vacacionales.jpg\",\"contentUrl\":\"https:\/\/nitu.mx\/wp-content\/uploads\/2024\/09\/sundes-rentas-vacacionales.jpg\",\"width\":1200,\"height\":675,\"caption\":\"rentas vacacionales\"},{\"@type\":\"BreadcrumbList\",\"@id\":\"https:\/\/nitu.mx\/index.php\/2024\/09\/13\/sundes-la-expansion-del-alquiler-de-lujo-en-mexico\/#breadcrumb\",\"itemListElement\":[{\"@type\":\"ListItem\",\"position\":1,\"name\":\"Inicio\",\"item\":\"https:\/\/nitu.mx\/\"},{\"@type\":\"ListItem\",\"position\":2,\"name\":\"Sundes: la expansi\u00f3n del alquiler de lujo en M\u00e9xico\"}]},{\"@type\":\"WebSite\",\"@id\":\"https:\/\/nitu.mx\/#website\",\"url\":\"https:\/\/nitu.mx\/\",\"name\":\"Nitu - Noticias de la Industria Turistica\",\"description\":\"Noticias de la Industria Turistica\",\"publisher\":{\"@id\":\"https:\/\/nitu.mx\/#\/schema\/person\/ae7a53426417292d3dd07b45a33e01bc\"},\"alternateName\":\"Noticias de la Industria Turistica\",\"potentialAction\":[{\"@type\":\"SearchAction\",\"target\":{\"@type\":\"EntryPoint\",\"urlTemplate\":\"https:\/\/nitu.mx\/?s={search_term_string}\"},\"query-input\":\"required name=search_term_string\"}],\"inLanguage\":\"es-MX\"},{\"@type\":[\"Person\",\"Organization\"],\"@id\":\"https:\/\/nitu.mx\/#\/schema\/person\/ae7a53426417292d3dd07b45a33e01bc\",\"name\":\"Arturo Medina\",\"image\":{\"@type\":\"ImageObject\",\"inLanguage\":\"es-MX\",\"@id\":\"https:\/\/nitu.mx\/#\/schema\/person\/image\/\",\"url\":\"https:\/\/nitu.mx\/wp-content\/uploads\/2024\/04\/4A315622-1904-4D5C-B022-878CDC840E04-90x90-1.jpeg\",\"contentUrl\":\"https:\/\/nitu.mx\/wp-content\/uploads\/2024\/04\/4A315622-1904-4D5C-B022-878CDC840E04-90x90-1.jpeg\",\"width\":90,\"height\":90,\"caption\":\"Arturo Medina\"},\"logo\":{\"@id\":\"https:\/\/nitu.mx\/#\/schema\/person\/image\/\"},\"description\":\"Director NITU.mx, Egresado de la Escuela de Periodismo Carlos Septi\u00e9n Garc\u00eda. Periodista y analista especializado en turismo desde hace 35 a\u00f1os, radicado en Canc\u00fan Q.Roo. arturo@nitu.mx\",\"sameAs\":[\"https:\/\/nitu.mx\",\"https:\/\/www.facebook.com\/NITUmx\/\",\"medinacancun\",\"https:\/\/twitter.com\/@Arturo_Medina_G\"]},{\"@type\":\"Person\",\"@id\":\"https:\/\/nitu.mx\/#\/schema\/person\/2ecd887b19dfd3382d1f14fc5acf24a8\",\"name\":\"Alejandra Moncisbays\",\"image\":{\"@type\":\"ImageObject\",\"inLanguage\":\"es-MX\",\"@id\":\"https:\/\/nitu.mx\/#\/schema\/person\/image\/\",\"url\":\"https:\/\/secure.gravatar.com\/avatar\/e74f7af0be172b7804dacfd0bfbef787?s=96&d=mm&r=g\",\"contentUrl\":\"https:\/\/secure.gravatar.com\/avatar\/e74f7af0be172b7804dacfd0bfbef787?s=96&d=mm&r=g\",\"caption\":\"Alejandra Moncisbays\"},\"description\":\"Curs\u00e9 la carrera de Periodismo y Comunicaci\u00f3n en la Facultad de Estudios Profesionales Acatl\u00e1n. Vivo en Canc\u00fan desde hace 24 a\u00f1os. Fui reportera de La Tarde de Canc\u00fan, y Novedades de Quintana Roo, colabor\u00e9 en TVCUN, edit\u00e9 Cancun\u00edssimo y colabor\u00e9 en las revistas Latitud21, entre otras, con principal enfoque en los sectores empresarial y tur\u00edstico. Desde hace varios a\u00f1os soy Agente de Seguros con c\u00e9dula de la Comisi\u00f3n Nacional de Seguros y Fianzas. Actualmente, me desarrollo en los \u00e1mbitos del periodismo y el sector asegurador.\",\"sameAs\":[\"https:\/\/nitu.mx\"],\"url\":\"https:\/\/nitu.mx\/index.php\/author\/alejandra\/\"}]}<\/script>\n<!-- \/ Yoast SEO plugin. -->","yoast_head_json":{"title":"Sundes: la expansi\u00f3n del alquiler de lujo en M\u00e9xico - Nitu - Noticias de la Industria Turistica","robots":{"index":"index","follow":"follow","max-snippet":"max-snippet:-1","max-image-preview":"max-image-preview:large","max-video-preview":"max-video-preview:-1"},"canonical":"https:\/\/nitu.mx\/index.php\/2024\/09\/13\/sundes-la-expansion-del-alquiler-de-lujo-en-mexico\/","twitter_card":"summary_large_image","twitter_title":"Sundes: la expansi\u00f3n del alquiler de lujo en M\u00e9xico - Nitu - Noticias de la Industria Turistica","twitter_description":"La plataforma chilena de alquileres vacacionales de lujo, Sundes, ha iniciado su expansi\u00f3n en M\u00e9xico, ofreciendo propiedades exclusivas en destinos clave como Los Cabos, Puerto Vallarta y Tulum. Esta empresa, que ha consolidado su presencia en mercados europeos como Espa\u00f1a, Francia, Italia y Grecia, ha puesto su mirada en M\u00e9xico con el objetivo de capitalizar [&hellip;]","twitter_image":"https:\/\/nitu.mx\/wp-content\/uploads\/2024\/09\/sundes-rentas-vacacionales.jpg","twitter_creator":"@NITUmx","twitter_site":"@Arturo_Medina_G","twitter_misc":{"Escrito por":"Alejandra Moncisbays","Tiempo de lectura":"1 minuto"},"schema":{"@context":"https:\/\/schema.org","@graph":[{"@type":"Article","@id":"https:\/\/nitu.mx\/index.php\/2024\/09\/13\/sundes-la-expansion-del-alquiler-de-lujo-en-mexico\/#article","isPartOf":{"@id":"https:\/\/nitu.mx\/index.php\/2024\/09\/13\/sundes-la-expansion-del-alquiler-de-lujo-en-mexico\/"},"author":{"name":"Alejandra Moncisbays","@id":"https:\/\/nitu.mx\/#\/schema\/person\/2ecd887b19dfd3382d1f14fc5acf24a8"},"headline":"Sundes: la expansi\u00f3n del alquiler de lujo en M\u00e9xico","datePublished":"2024-09-13T08:24:02+00:00","dateModified":"2024-09-13T08:24:02+00:00","mainEntityOfPage":{"@id":"https:\/\/nitu.mx\/index.php\/2024\/09\/13\/sundes-la-expansion-del-alquiler-de-lujo-en-mexico\/"},"wordCount":198,"commentCount":0,"publisher":{"@id":"https:\/\/nitu.mx\/#\/schema\/person\/ae7a53426417292d3dd07b45a33e01bc"},"image":{"@id":"https:\/\/nitu.mx\/index.php\/2024\/09\/13\/sundes-la-expansion-del-alquiler-de-lujo-en-mexico\/#primaryimage"},"thumbnailUrl":"https:\/\/nitu.mx\/wp-content\/uploads\/2024\/09\/sundes-rentas-vacacionales.jpg","keywords":["alquiler","Expansi\u00f3n","Lujo","Sundes"],"articleSection":["Hoteles"],"inLanguage":"es-MX","potentialAction":[{"@type":"CommentAction","name":"Comment","target":["https:\/\/nitu.mx\/index.php\/2024\/09\/13\/sundes-la-expansion-del-alquiler-de-lujo-en-mexico\/#respond"]}]},{"@type":"WebPage","@id":"https:\/\/nitu.mx\/index.php\/2024\/09\/13\/sundes-la-expansion-del-alquiler-de-lujo-en-mexico\/","url":"https:\/\/nitu.mx\/index.php\/2024\/09\/13\/sundes-la-expansion-del-alquiler-de-lujo-en-mexico\/","name":"Sundes: la expansi\u00f3n del alquiler de lujo en M\u00e9xico - Nitu - Noticias de la Industria Turistica","isPartOf":{"@id":"https:\/\/nitu.mx\/#website"},"primaryImageOfPage":{"@id":"https:\/\/nitu.mx\/index.php\/2024\/09\/13\/sundes-la-expansion-del-alquiler-de-lujo-en-mexico\/#primaryimage"},"image":{"@id":"https:\/\/nitu.mx\/index.php\/2024\/09\/13\/sundes-la-expansion-del-alquiler-de-lujo-en-mexico\/#primaryimage"},"thumbnailUrl":"https:\/\/nitu.mx\/wp-content\/uploads\/2024\/09\/sundes-rentas-vacacionales.jpg","datePublished":"2024-09-13T08:24:02+00:00","dateModified":"2024-09-13T08:24:02+00:00","breadcrumb":{"@id":"https:\/\/nitu.mx\/index.php\/2024\/09\/13\/sundes-la-expansion-del-alquiler-de-lujo-en-mexico\/#breadcrumb"},"inLanguage":"es-MX","potentialAction":[{"@type":"ReadAction","target":["https:\/\/nitu.mx\/index.php\/2024\/09\/13\/sundes-la-expansion-del-alquiler-de-lujo-en-mexico\/"]}]},{"@type":"ImageObject","inLanguage":"es-MX","@id":"https:\/\/nitu.mx\/index.php\/2024\/09\/13\/sundes-la-expansion-del-alquiler-de-lujo-en-mexico\/#primaryimage","url":"https:\/\/nitu.mx\/wp-content\/uploads\/2024\/09\/sundes-rentas-vacacionales.jpg","contentUrl":"https:\/\/nitu.mx\/wp-content\/uploads\/2024\/09\/sundes-rentas-vacacionales.jpg","width":1200,"height":675,"caption":"rentas vacacionales"},{"@type":"BreadcrumbList","@id":"https:\/\/nitu.mx\/index.php\/2024\/09\/13\/sundes-la-expansion-del-alquiler-de-lujo-en-mexico\/#breadcrumb","itemListElement":[{"@type":"ListItem","position":1,"name":"Inicio","item":"https:\/\/nitu.mx\/"},{"@type":"ListItem","position":2,"name":"Sundes: la expansi\u00f3n del alquiler de lujo en M\u00e9xico"}]},{"@type":"WebSite","@id":"https:\/\/nitu.mx\/#website","url":"https:\/\/nitu.mx\/","name":"Nitu - Noticias de la Industria Turistica","description":"Noticias de la Industria Turistica","publisher":{"@id":"https:\/\/nitu.mx\/#\/schema\/person\/ae7a53426417292d3dd07b45a33e01bc"},"alternateName":"Noticias de la Industria Turistica","potentialAction":[{"@type":"SearchAction","target":{"@type":"EntryPoint","urlTemplate":"https:\/\/nitu.mx\/?s={search_term_string}"},"query-input":"required name=search_term_string"}],"inLanguage":"es-MX"},{"@type":["Person","Organization"],"@id":"https:\/\/nitu.mx\/#\/schema\/person\/ae7a53426417292d3dd07b45a33e01bc","name":"Arturo Medina","image":{"@type":"ImageObject","inLanguage":"es-MX","@id":"https:\/\/nitu.mx\/#\/schema\/person\/image\/","url":"https:\/\/nitu.mx\/wp-content\/uploads\/2024\/04\/4A315622-1904-4D5C-B022-878CDC840E04-90x90-1.jpeg","contentUrl":"https:\/\/nitu.mx\/wp-content\/uploads\/2024\/04\/4A315622-1904-4D5C-B022-878CDC840E04-90x90-1.jpeg","width":90,"height":90,"caption":"Arturo Medina"},"logo":{"@id":"https:\/\/nitu.mx\/#\/schema\/person\/image\/"},"description":"Director NITU.mx, Egresado de la Escuela de Periodismo Carlos Septi\u00e9n Garc\u00eda. Periodista y analista especializado en turismo desde hace 35 a\u00f1os, radicado en Canc\u00fan Q.Roo. arturo@nitu.mx","sameAs":["https:\/\/nitu.mx","https:\/\/www.facebook.com\/NITUmx\/","medinacancun","https:\/\/twitter.com\/@Arturo_Medina_G"]},{"@type":"Person","@id":"https:\/\/nitu.mx\/#\/schema\/person\/2ecd887b19dfd3382d1f14fc5acf24a8","name":"Alejandra Moncisbays","image":{"@type":"ImageObject","inLanguage":"es-MX","@id":"https:\/\/nitu.mx\/#\/schema\/person\/image\/","url":"https:\/\/secure.gravatar.com\/avatar\/e74f7af0be172b7804dacfd0bfbef787?s=96&d=mm&r=g","contentUrl":"https:\/\/secure.gravatar.com\/avatar\/e74f7af0be172b7804dacfd0bfbef787?s=96&d=mm&r=g","caption":"Alejandra Moncisbays"},"description":"Curs\u00e9 la carrera de Periodismo y Comunicaci\u00f3n en la Facultad de Estudios Profesionales Acatl\u00e1n. Vivo en Canc\u00fan desde hace 24 a\u00f1os. Fui reportera de La Tarde de Canc\u00fan, y Novedades de Quintana Roo, colabor\u00e9 en TVCUN, edit\u00e9 Cancun\u00edssimo y colabor\u00e9 en las revistas Latitud21, entre otras, con principal enfoque en los sectores empresarial y tur\u00edstico. Desde hace varios a\u00f1os soy Agente de Seguros con c\u00e9dula de la Comisi\u00f3n Nacional de Seguros y Fianzas. Actualmente, me desarrollo en los \u00e1mbitos del periodismo y el sector asegurador.","sameAs":["https:\/\/nitu.mx"],"url":"https:\/\/nitu.mx\/index.php\/author\/alejandra\/"}]}},"views":827,"_links":{"self":[{"href":"https:\/\/nitu.mx\/index.php\/wp-json\/wp\/v2\/posts\/74881"}],"collection":[{"href":"https:\/\/nitu.mx\/index.php\/wp-json\/wp\/v2\/posts"}],"about":[{"href":"https:\/\/nitu.mx\/index.php\/wp-json\/wp\/v2\/types\/post"}],"author":[{"embeddable":true,"href":"https:\/\/nitu.mx\/index.php\/wp-json\/wp\/v2\/users\/3"}],"replies":[{"embeddable":true,"href":"https:\/\/nitu.mx\/index.php\/wp-json\/wp\/v2\/comments?post=74881"}],"version-history":[{"count":2,"href":"https:\/\/nitu.mx\/index.php\/wp-json\/wp\/v2\/posts\/74881\/revisions"}],"predecessor-version":[{"id":74899,"href":"https:\/\/nitu.mx\/index.php\/wp-json\/wp\/v2\/posts\/74881\/revisions\/74899"}],"wp:featuredmedia":[{"embeddable":true,"href":"https:\/\/nitu.mx\/index.php\/wp-json\/wp\/v2\/media\/74898"}],"wp:attachment":[{"href":"https:\/\/nitu.mx\/index.php\/wp-json\/wp\/v2\/media?parent=74881"}],"wp:term":[{"taxonomy":"category","embeddable":true,"href":"https:\/\/nitu.mx\/index.php\/wp-json\/wp\/v2\/categories?post=74881"},{"taxonomy":"post_tag","embeddable":true,"href":"https:\/\/nitu.mx\/index.php\/wp-json\/wp\/v2\/tags?post=74881"}],"curies":[{"name":"wp","href":"https:\/\/api.w.org\/{rel}","templated":true}]}}