{"id":74800,"date":"2024-09-11T01:15:11","date_gmt":"2024-09-11T07:15:11","guid":{"rendered":"https:\/\/nitu.mx\/?p=74800"},"modified":"2024-09-11T01:15:12","modified_gmt":"2024-09-11T07:15:12","slug":"reunion-con-el-nuevo-consul-de-eu-en-merida-fortaleciendo-el-turismo-en-quintana-roo","status":"publish","type":"post","link":"https:\/\/nitu.mx\/index.php\/2024\/09\/11\/reunion-con-el-nuevo-consul-de-eu-en-merida-fortaleciendo-el-turismo-en-quintana-roo\/","title":{"rendered":"Reuni\u00f3n con el nuevo c\u00f3nsul de EU en M\u00e9rida: fortaleciendo el turismo en Quintana Roo"},"content":{"rendered":"<p>La semana pasada, el nuevo C\u00f3nsul General de Estados Unidos, Justen Thomas, realiz\u00f3 una visita oficial a Quintana Roo, en su primera reuni\u00f3n de trabajo desde que asumi\u00f3 el cargo en M\u00e9rida. Durante este encuentro, que cont\u00f3 con la participaci\u00f3n de la gobernadora de Quintana Roo, Mara Lezama y diversas autoridades estatales, se discutieron temas clave relacionados con la atenci\u00f3n y protecci\u00f3n de los millones de turistas estadounidenses que visitan la regi\u00f3n cada a\u00f1o.<\/p>\n<p>El 38% de los turistas que llegan a Quintana Roo provienen de Estados Unidos, lo que resalta la importancia de esta reuni\u00f3n. Se estableci\u00f3 una agenda de trabajo conjunta entre el consulado y el estado, con el objetivo de mejorar los servicios y la seguridad para los visitantes, al tiempo que se promueven los destinos tur\u00edsticos de la regi\u00f3n en el mercado estadounidense.<\/p>\n<p>Adem\u00e1s, el fin de semana tambi\u00e9n se destac\u00f3 por la celebraci\u00f3n del certamen nacional de Miss Universe en Canc\u00fan, un evento que atrajo atenci\u00f3n medi\u00e1tica a nivel nacional e internacional. Este tipo de eventos refuerzan la promoci\u00f3n tur\u00edstica de Quintana Roo, al aprovechar escaparates internacionales para proyectar la oferta tur\u00edstica del estado y atraer a nuevos visitantes.<\/p>\n<p>Estos esfuerzos conjuntos, tanto con autoridades extranjeras como a trav\u00e9s de eventos internacionales, reflejan el compromiso de Quintana Roo por seguir posicion\u00e1ndose como un destino l\u00edder en turismo a nivel global.<\/p>\n","protected":false},"excerpt":{"rendered":"<p>La semana pasada, el nuevo C\u00f3nsul General de Estados Unidos, Justen Thomas, realiz\u00f3 una visita oficial a Quintana Roo, en su primera reuni\u00f3n de trabajo desde que asumi\u00f3 el cargo en M\u00e9rida. Durante este encuentro, que cont\u00f3 con la participaci\u00f3n de la gobernadora de Quintana Roo, Mara Lezama y diversas autoridades estatales, se discutieron temas [&hellip;]<\/p>\n","protected":false},"author":3,"featured_media":74814,"comment_status":"open","ping_status":"open","sticky":false,"template":"","format":"standard","meta":{"footnotes":""},"categories":[18475],"tags":[1827,301,26041,260,421],"yoast_head":"<!-- This site is optimized with the Yoast SEO plugin v22.2 - https:\/\/yoast.com\/wordpress\/plugins\/seo\/ -->\n<title>Reuni\u00f3n con el nuevo c\u00f3nsul de EU en M\u00e9rida: fortaleciendo el turismo en Quintana Roo - Nitu - Noticias de la Industria Turistica<\/title>\n<meta name=\"robots\" content=\"index, follow, max-snippet:-1, max-image-preview:large, max-video-preview:-1\" \/>\n<link rel=\"canonical\" href=\"https:\/\/nitu.mx\/index.php\/2024\/09\/11\/reunion-con-el-nuevo-consul-de-eu-en-merida-fortaleciendo-el-turismo-en-quintana-roo\/\" \/>\n<meta name=\"twitter:card\" content=\"summary_large_image\" \/>\n<meta name=\"twitter:title\" content=\"Reuni\u00f3n con el nuevo c\u00f3nsul de EU en M\u00e9rida: fortaleciendo el turismo en Quintana Roo - Nitu - Noticias de la Industria Turistica\" \/>\n<meta name=\"twitter:description\" content=\"La semana pasada, el nuevo C\u00f3nsul General de Estados Unidos, Justen Thomas, realiz\u00f3 una visita oficial a Quintana Roo, en su primera reuni\u00f3n de trabajo desde que asumi\u00f3 el cargo en M\u00e9rida. Durante este encuentro, que cont\u00f3 con la participaci\u00f3n de la gobernadora de Quintana Roo, Mara Lezama y diversas autoridades estatales, se discutieron temas [&hellip;]\" \/>\n<meta name=\"twitter:image\" content=\"https:\/\/nitu.mx\/wp-content\/uploads\/2024\/09\/JUSTEN-THOMAS.jpg\" \/>\n<meta name=\"twitter:creator\" content=\"@NITUmx\" \/>\n<meta name=\"twitter:site\" content=\"@Arturo_Medina_G\" \/>\n<meta name=\"twitter:label1\" content=\"Escrito por\" \/>\n\t<meta name=\"twitter:data1\" content=\"Alejandra Moncisbays\" \/>\n\t<meta name=\"twitter:label2\" content=\"Tiempo de lectura\" \/>\n\t<meta name=\"twitter:data2\" content=\"1 minuto\" \/>\n<script type=\"application\/ld+json\" class=\"yoast-schema-graph\">{\"@context\":\"https:\/\/schema.org\",\"@graph\":[{\"@type\":\"Article\",\"@id\":\"https:\/\/nitu.mx\/index.php\/2024\/09\/11\/reunion-con-el-nuevo-consul-de-eu-en-merida-fortaleciendo-el-turismo-en-quintana-roo\/#article\",\"isPartOf\":{\"@id\":\"https:\/\/nitu.mx\/index.php\/2024\/09\/11\/reunion-con-el-nuevo-consul-de-eu-en-merida-fortaleciendo-el-turismo-en-quintana-roo\/\"},\"author\":{\"name\":\"Alejandra Moncisbays\",\"@id\":\"https:\/\/nitu.mx\/#\/schema\/person\/2ecd887b19dfd3382d1f14fc5acf24a8\"},\"headline\":\"Reuni\u00f3n con el nuevo c\u00f3nsul de EU en M\u00e9rida: fortaleciendo el turismo en Quintana Roo\",\"datePublished\":\"2024-09-11T07:15:11+00:00\",\"dateModified\":\"2024-09-11T07:15:12+00:00\",\"mainEntityOfPage\":{\"@id\":\"https:\/\/nitu.mx\/index.php\/2024\/09\/11\/reunion-con-el-nuevo-consul-de-eu-en-merida-fortaleciendo-el-turismo-en-quintana-roo\/\"},\"wordCount\":265,\"commentCount\":0,\"publisher\":{\"@id\":\"https:\/\/nitu.mx\/#\/schema\/person\/ae7a53426417292d3dd07b45a33e01bc\"},\"image\":{\"@id\":\"https:\/\/nitu.mx\/index.php\/2024\/09\/11\/reunion-con-el-nuevo-consul-de-eu-en-merida-fortaleciendo-el-turismo-en-quintana-roo\/#primaryimage\"},\"thumbnailUrl\":\"https:\/\/nitu.mx\/wp-content\/uploads\/2024\/09\/JUSTEN-THOMAS.jpg\",\"keywords\":[\"EU\",\"M\u00e9rida\",\"nuevo c\u00f3nsul\",\"Quintana Roo\",\"turismo\"],\"articleSection\":[\"Caribe Mexicano\"],\"inLanguage\":\"es-MX\",\"potentialAction\":[{\"@type\":\"CommentAction\",\"name\":\"Comment\",\"target\":[\"https:\/\/nitu.mx\/index.php\/2024\/09\/11\/reunion-con-el-nuevo-consul-de-eu-en-merida-fortaleciendo-el-turismo-en-quintana-roo\/#respond\"]}]},{\"@type\":\"WebPage\",\"@id\":\"https:\/\/nitu.mx\/index.php\/2024\/09\/11\/reunion-con-el-nuevo-consul-de-eu-en-merida-fortaleciendo-el-turismo-en-quintana-roo\/\",\"url\":\"https:\/\/nitu.mx\/index.php\/2024\/09\/11\/reunion-con-el-nuevo-consul-de-eu-en-merida-fortaleciendo-el-turismo-en-quintana-roo\/\",\"name\":\"Reuni\u00f3n con el nuevo c\u00f3nsul de EU en M\u00e9rida: fortaleciendo el turismo en Quintana Roo - Nitu - Noticias de la Industria Turistica\",\"isPartOf\":{\"@id\":\"https:\/\/nitu.mx\/#website\"},\"primaryImageOfPage\":{\"@id\":\"https:\/\/nitu.mx\/index.php\/2024\/09\/11\/reunion-con-el-nuevo-consul-de-eu-en-merida-fortaleciendo-el-turismo-en-quintana-roo\/#primaryimage\"},\"image\":{\"@id\":\"https:\/\/nitu.mx\/index.php\/2024\/09\/11\/reunion-con-el-nuevo-consul-de-eu-en-merida-fortaleciendo-el-turismo-en-quintana-roo\/#primaryimage\"},\"thumbnailUrl\":\"https:\/\/nitu.mx\/wp-content\/uploads\/2024\/09\/JUSTEN-THOMAS.jpg\",\"datePublished\":\"2024-09-11T07:15:11+00:00\",\"dateModified\":\"2024-09-11T07:15:12+00:00\",\"breadcrumb\":{\"@id\":\"https:\/\/nitu.mx\/index.php\/2024\/09\/11\/reunion-con-el-nuevo-consul-de-eu-en-merida-fortaleciendo-el-turismo-en-quintana-roo\/#breadcrumb\"},\"inLanguage\":\"es-MX\",\"potentialAction\":[{\"@type\":\"ReadAction\",\"target\":[\"https:\/\/nitu.mx\/index.php\/2024\/09\/11\/reunion-con-el-nuevo-consul-de-eu-en-merida-fortaleciendo-el-turismo-en-quintana-roo\/\"]}]},{\"@type\":\"ImageObject\",\"inLanguage\":\"es-MX\",\"@id\":\"https:\/\/nitu.mx\/index.php\/2024\/09\/11\/reunion-con-el-nuevo-consul-de-eu-en-merida-fortaleciendo-el-turismo-en-quintana-roo\/#primaryimage\",\"url\":\"https:\/\/nitu.mx\/wp-content\/uploads\/2024\/09\/JUSTEN-THOMAS.jpg\",\"contentUrl\":\"https:\/\/nitu.mx\/wp-content\/uploads\/2024\/09\/JUSTEN-THOMAS.jpg\",\"width\":1200,\"height\":675},{\"@type\":\"BreadcrumbList\",\"@id\":\"https:\/\/nitu.mx\/index.php\/2024\/09\/11\/reunion-con-el-nuevo-consul-de-eu-en-merida-fortaleciendo-el-turismo-en-quintana-roo\/#breadcrumb\",\"itemListElement\":[{\"@type\":\"ListItem\",\"position\":1,\"name\":\"Inicio\",\"item\":\"https:\/\/nitu.mx\/\"},{\"@type\":\"ListItem\",\"position\":2,\"name\":\"Reuni\u00f3n con el nuevo c\u00f3nsul de EU en M\u00e9rida: fortaleciendo el turismo en Quintana Roo\"}]},{\"@type\":\"WebSite\",\"@id\":\"https:\/\/nitu.mx\/#website\",\"url\":\"https:\/\/nitu.mx\/\",\"name\":\"Nitu - Noticias de la Industria Turistica\",\"description\":\"Noticias de la Industria Turistica\",\"publisher\":{\"@id\":\"https:\/\/nitu.mx\/#\/schema\/person\/ae7a53426417292d3dd07b45a33e01bc\"},\"alternateName\":\"Noticias de la Industria Turistica\",\"potentialAction\":[{\"@type\":\"SearchAction\",\"target\":{\"@type\":\"EntryPoint\",\"urlTemplate\":\"https:\/\/nitu.mx\/?s={search_term_string}\"},\"query-input\":\"required name=search_term_string\"}],\"inLanguage\":\"es-MX\"},{\"@type\":[\"Person\",\"Organization\"],\"@id\":\"https:\/\/nitu.mx\/#\/schema\/person\/ae7a53426417292d3dd07b45a33e01bc\",\"name\":\"Arturo Medina\",\"image\":{\"@type\":\"ImageObject\",\"inLanguage\":\"es-MX\",\"@id\":\"https:\/\/nitu.mx\/#\/schema\/person\/image\/\",\"url\":\"https:\/\/nitu.mx\/wp-content\/uploads\/2024\/04\/4A315622-1904-4D5C-B022-878CDC840E04-90x90-1.jpeg\",\"contentUrl\":\"https:\/\/nitu.mx\/wp-content\/uploads\/2024\/04\/4A315622-1904-4D5C-B022-878CDC840E04-90x90-1.jpeg\",\"width\":90,\"height\":90,\"caption\":\"Arturo Medina\"},\"logo\":{\"@id\":\"https:\/\/nitu.mx\/#\/schema\/person\/image\/\"},\"description\":\"Director NITU.mx, Egresado de la Escuela de Periodismo Carlos Septi\u00e9n Garc\u00eda. Periodista y analista especializado en turismo desde hace 35 a\u00f1os, radicado en Canc\u00fan Q.Roo. arturo@nitu.mx\",\"sameAs\":[\"https:\/\/nitu.mx\",\"https:\/\/www.facebook.com\/NITUmx\/\",\"medinacancun\",\"https:\/\/twitter.com\/@Arturo_Medina_G\"]},{\"@type\":\"Person\",\"@id\":\"https:\/\/nitu.mx\/#\/schema\/person\/2ecd887b19dfd3382d1f14fc5acf24a8\",\"name\":\"Alejandra Moncisbays\",\"image\":{\"@type\":\"ImageObject\",\"inLanguage\":\"es-MX\",\"@id\":\"https:\/\/nitu.mx\/#\/schema\/person\/image\/\",\"url\":\"https:\/\/secure.gravatar.com\/avatar\/e74f7af0be172b7804dacfd0bfbef787?s=96&d=mm&r=g\",\"contentUrl\":\"https:\/\/secure.gravatar.com\/avatar\/e74f7af0be172b7804dacfd0bfbef787?s=96&d=mm&r=g\",\"caption\":\"Alejandra Moncisbays\"},\"description\":\"Curs\u00e9 la carrera de Periodismo y Comunicaci\u00f3n en la Facultad de Estudios Profesionales Acatl\u00e1n. Vivo en Canc\u00fan desde hace 24 a\u00f1os. Fui reportera de La Tarde de Canc\u00fan, y Novedades de Quintana Roo, colabor\u00e9 en TVCUN, edit\u00e9 Cancun\u00edssimo y colabor\u00e9 en las revistas Latitud21, entre otras, con principal enfoque en los sectores empresarial y tur\u00edstico. Desde hace varios a\u00f1os soy Agente de Seguros con c\u00e9dula de la Comisi\u00f3n Nacional de Seguros y Fianzas. Actualmente, me desarrollo en los \u00e1mbitos del periodismo y el sector asegurador.\",\"sameAs\":[\"https:\/\/nitu.mx\"],\"url\":\"https:\/\/nitu.mx\/index.php\/author\/alejandra\/\"}]}<\/script>\n<!-- \/ Yoast SEO plugin. -->","yoast_head_json":{"title":"Reuni\u00f3n con el nuevo c\u00f3nsul de EU en M\u00e9rida: fortaleciendo el turismo en Quintana Roo - Nitu - Noticias de la Industria Turistica","robots":{"index":"index","follow":"follow","max-snippet":"max-snippet:-1","max-image-preview":"max-image-preview:large","max-video-preview":"max-video-preview:-1"},"canonical":"https:\/\/nitu.mx\/index.php\/2024\/09\/11\/reunion-con-el-nuevo-consul-de-eu-en-merida-fortaleciendo-el-turismo-en-quintana-roo\/","twitter_card":"summary_large_image","twitter_title":"Reuni\u00f3n con el nuevo c\u00f3nsul de EU en M\u00e9rida: fortaleciendo el turismo en Quintana Roo - Nitu - Noticias de la Industria Turistica","twitter_description":"La semana pasada, el nuevo C\u00f3nsul General de Estados Unidos, Justen Thomas, realiz\u00f3 una visita oficial a Quintana Roo, en su primera reuni\u00f3n de trabajo desde que asumi\u00f3 el cargo en M\u00e9rida. Durante este encuentro, que cont\u00f3 con la participaci\u00f3n de la gobernadora de Quintana Roo, Mara Lezama y diversas autoridades estatales, se discutieron temas [&hellip;]","twitter_image":"https:\/\/nitu.mx\/wp-content\/uploads\/2024\/09\/JUSTEN-THOMAS.jpg","twitter_creator":"@NITUmx","twitter_site":"@Arturo_Medina_G","twitter_misc":{"Escrito por":"Alejandra Moncisbays","Tiempo de lectura":"1 minuto"},"schema":{"@context":"https:\/\/schema.org","@graph":[{"@type":"Article","@id":"https:\/\/nitu.mx\/index.php\/2024\/09\/11\/reunion-con-el-nuevo-consul-de-eu-en-merida-fortaleciendo-el-turismo-en-quintana-roo\/#article","isPartOf":{"@id":"https:\/\/nitu.mx\/index.php\/2024\/09\/11\/reunion-con-el-nuevo-consul-de-eu-en-merida-fortaleciendo-el-turismo-en-quintana-roo\/"},"author":{"name":"Alejandra Moncisbays","@id":"https:\/\/nitu.mx\/#\/schema\/person\/2ecd887b19dfd3382d1f14fc5acf24a8"},"headline":"Reuni\u00f3n con el nuevo c\u00f3nsul de EU en M\u00e9rida: fortaleciendo el turismo en Quintana Roo","datePublished":"2024-09-11T07:15:11+00:00","dateModified":"2024-09-11T07:15:12+00:00","mainEntityOfPage":{"@id":"https:\/\/nitu.mx\/index.php\/2024\/09\/11\/reunion-con-el-nuevo-consul-de-eu-en-merida-fortaleciendo-el-turismo-en-quintana-roo\/"},"wordCount":265,"commentCount":0,"publisher":{"@id":"https:\/\/nitu.mx\/#\/schema\/person\/ae7a53426417292d3dd07b45a33e01bc"},"image":{"@id":"https:\/\/nitu.mx\/index.php\/2024\/09\/11\/reunion-con-el-nuevo-consul-de-eu-en-merida-fortaleciendo-el-turismo-en-quintana-roo\/#primaryimage"},"thumbnailUrl":"https:\/\/nitu.mx\/wp-content\/uploads\/2024\/09\/JUSTEN-THOMAS.jpg","keywords":["EU","M\u00e9rida","nuevo c\u00f3nsul","Quintana Roo","turismo"],"articleSection":["Caribe Mexicano"],"inLanguage":"es-MX","potentialAction":[{"@type":"CommentAction","name":"Comment","target":["https:\/\/nitu.mx\/index.php\/2024\/09\/11\/reunion-con-el-nuevo-consul-de-eu-en-merida-fortaleciendo-el-turismo-en-quintana-roo\/#respond"]}]},{"@type":"WebPage","@id":"https:\/\/nitu.mx\/index.php\/2024\/09\/11\/reunion-con-el-nuevo-consul-de-eu-en-merida-fortaleciendo-el-turismo-en-quintana-roo\/","url":"https:\/\/nitu.mx\/index.php\/2024\/09\/11\/reunion-con-el-nuevo-consul-de-eu-en-merida-fortaleciendo-el-turismo-en-quintana-roo\/","name":"Reuni\u00f3n con el nuevo c\u00f3nsul de EU en M\u00e9rida: fortaleciendo el turismo en Quintana Roo - Nitu - Noticias de la Industria Turistica","isPartOf":{"@id":"https:\/\/nitu.mx\/#website"},"primaryImageOfPage":{"@id":"https:\/\/nitu.mx\/index.php\/2024\/09\/11\/reunion-con-el-nuevo-consul-de-eu-en-merida-fortaleciendo-el-turismo-en-quintana-roo\/#primaryimage"},"image":{"@id":"https:\/\/nitu.mx\/index.php\/2024\/09\/11\/reunion-con-el-nuevo-consul-de-eu-en-merida-fortaleciendo-el-turismo-en-quintana-roo\/#primaryimage"},"thumbnailUrl":"https:\/\/nitu.mx\/wp-content\/uploads\/2024\/09\/JUSTEN-THOMAS.jpg","datePublished":"2024-09-11T07:15:11+00:00","dateModified":"2024-09-11T07:15:12+00:00","breadcrumb":{"@id":"https:\/\/nitu.mx\/index.php\/2024\/09\/11\/reunion-con-el-nuevo-consul-de-eu-en-merida-fortaleciendo-el-turismo-en-quintana-roo\/#breadcrumb"},"inLanguage":"es-MX","potentialAction":[{"@type":"ReadAction","target":["https:\/\/nitu.mx\/index.php\/2024\/09\/11\/reunion-con-el-nuevo-consul-de-eu-en-merida-fortaleciendo-el-turismo-en-quintana-roo\/"]}]},{"@type":"ImageObject","inLanguage":"es-MX","@id":"https:\/\/nitu.mx\/index.php\/2024\/09\/11\/reunion-con-el-nuevo-consul-de-eu-en-merida-fortaleciendo-el-turismo-en-quintana-roo\/#primaryimage","url":"https:\/\/nitu.mx\/wp-content\/uploads\/2024\/09\/JUSTEN-THOMAS.jpg","contentUrl":"https:\/\/nitu.mx\/wp-content\/uploads\/2024\/09\/JUSTEN-THOMAS.jpg","width":1200,"height":675},{"@type":"BreadcrumbList","@id":"https:\/\/nitu.mx\/index.php\/2024\/09\/11\/reunion-con-el-nuevo-consul-de-eu-en-merida-fortaleciendo-el-turismo-en-quintana-roo\/#breadcrumb","itemListElement":[{"@type":"ListItem","position":1,"name":"Inicio","item":"https:\/\/nitu.mx\/"},{"@type":"ListItem","position":2,"name":"Reuni\u00f3n con el nuevo c\u00f3nsul de EU en M\u00e9rida: fortaleciendo el turismo en Quintana Roo"}]},{"@type":"WebSite","@id":"https:\/\/nitu.mx\/#website","url":"https:\/\/nitu.mx\/","name":"Nitu - Noticias de la Industria Turistica","description":"Noticias de la Industria Turistica","publisher":{"@id":"https:\/\/nitu.mx\/#\/schema\/person\/ae7a53426417292d3dd07b45a33e01bc"},"alternateName":"Noticias de la Industria Turistica","potentialAction":[{"@type":"SearchAction","target":{"@type":"EntryPoint","urlTemplate":"https:\/\/nitu.mx\/?s={search_term_string}"},"query-input":"required name=search_term_string"}],"inLanguage":"es-MX"},{"@type":["Person","Organization"],"@id":"https:\/\/nitu.mx\/#\/schema\/person\/ae7a53426417292d3dd07b45a33e01bc","name":"Arturo Medina","image":{"@type":"ImageObject","inLanguage":"es-MX","@id":"https:\/\/nitu.mx\/#\/schema\/person\/image\/","url":"https:\/\/nitu.mx\/wp-content\/uploads\/2024\/04\/4A315622-1904-4D5C-B022-878CDC840E04-90x90-1.jpeg","contentUrl":"https:\/\/nitu.mx\/wp-content\/uploads\/2024\/04\/4A315622-1904-4D5C-B022-878CDC840E04-90x90-1.jpeg","width":90,"height":90,"caption":"Arturo Medina"},"logo":{"@id":"https:\/\/nitu.mx\/#\/schema\/person\/image\/"},"description":"Director NITU.mx, Egresado de la Escuela de Periodismo Carlos Septi\u00e9n Garc\u00eda. Periodista y analista especializado en turismo desde hace 35 a\u00f1os, radicado en Canc\u00fan Q.Roo. arturo@nitu.mx","sameAs":["https:\/\/nitu.mx","https:\/\/www.facebook.com\/NITUmx\/","medinacancun","https:\/\/twitter.com\/@Arturo_Medina_G"]},{"@type":"Person","@id":"https:\/\/nitu.mx\/#\/schema\/person\/2ecd887b19dfd3382d1f14fc5acf24a8","name":"Alejandra Moncisbays","image":{"@type":"ImageObject","inLanguage":"es-MX","@id":"https:\/\/nitu.mx\/#\/schema\/person\/image\/","url":"https:\/\/secure.gravatar.com\/avatar\/e74f7af0be172b7804dacfd0bfbef787?s=96&d=mm&r=g","contentUrl":"https:\/\/secure.gravatar.com\/avatar\/e74f7af0be172b7804dacfd0bfbef787?s=96&d=mm&r=g","caption":"Alejandra Moncisbays"},"description":"Curs\u00e9 la carrera de Periodismo y Comunicaci\u00f3n en la Facultad de Estudios Profesionales Acatl\u00e1n. Vivo en Canc\u00fan desde hace 24 a\u00f1os. Fui reportera de La Tarde de Canc\u00fan, y Novedades de Quintana Roo, colabor\u00e9 en TVCUN, edit\u00e9 Cancun\u00edssimo y colabor\u00e9 en las revistas Latitud21, entre otras, con principal enfoque en los sectores empresarial y tur\u00edstico. Desde hace varios a\u00f1os soy Agente de Seguros con c\u00e9dula de la Comisi\u00f3n Nacional de Seguros y Fianzas. Actualmente, me desarrollo en los \u00e1mbitos del periodismo y el sector asegurador.","sameAs":["https:\/\/nitu.mx"],"url":"https:\/\/nitu.mx\/index.php\/author\/alejandra\/"}]}},"views":815,"_links":{"self":[{"href":"https:\/\/nitu.mx\/index.php\/wp-json\/wp\/v2\/posts\/74800"}],"collection":[{"href":"https:\/\/nitu.mx\/index.php\/wp-json\/wp\/v2\/posts"}],"about":[{"href":"https:\/\/nitu.mx\/index.php\/wp-json\/wp\/v2\/types\/post"}],"author":[{"embeddable":true,"href":"https:\/\/nitu.mx\/index.php\/wp-json\/wp\/v2\/users\/3"}],"replies":[{"embeddable":true,"href":"https:\/\/nitu.mx\/index.php\/wp-json\/wp\/v2\/comments?post=74800"}],"version-history":[{"count":2,"href":"https:\/\/nitu.mx\/index.php\/wp-json\/wp\/v2\/posts\/74800\/revisions"}],"predecessor-version":[{"id":74815,"href":"https:\/\/nitu.mx\/index.php\/wp-json\/wp\/v2\/posts\/74800\/revisions\/74815"}],"wp:featuredmedia":[{"embeddable":true,"href":"https:\/\/nitu.mx\/index.php\/wp-json\/wp\/v2\/media\/74814"}],"wp:attachment":[{"href":"https:\/\/nitu.mx\/index.php\/wp-json\/wp\/v2\/media?parent=74800"}],"wp:term":[{"taxonomy":"category","embeddable":true,"href":"https:\/\/nitu.mx\/index.php\/wp-json\/wp\/v2\/categories?post=74800"},{"taxonomy":"post_tag","embeddable":true,"href":"https:\/\/nitu.mx\/index.php\/wp-json\/wp\/v2\/tags?post=74800"}],"curies":[{"name":"wp","href":"https:\/\/api.w.org\/{rel}","templated":true}]}}