{"id":74658,"date":"2024-09-06T00:37:19","date_gmt":"2024-09-06T06:37:19","guid":{"rendered":"https:\/\/nitu.mx\/?p=74658"},"modified":"2024-09-06T00:37:20","modified_gmt":"2024-09-06T06:37:20","slug":"hacen-pruebas-al-tren-maya-en-el-tramo-6-antes-de-la-llegada-de-amlo","status":"publish","type":"post","link":"https:\/\/nitu.mx\/index.php\/2024\/09\/06\/hacen-pruebas-al-tren-maya-en-el-tramo-6-antes-de-la-llegada-de-amlo\/","title":{"rendered":"Hacen pruebas al Tren Maya en el Tramo 6, antes de la llegada de AMLO"},"content":{"rendered":"<p>Las y los carrilloportenses observaron las pruebas del Tren Maya que realizan elementos de la Secretar\u00eda de la Defensa Nacional (Sedena), en el tramo 6 que va de Tulum hacia Felipe Carrillo Puerto.<\/p>\n<p>El recorrido se extiende desde la estaci\u00f3n de Tulum Aeropuerto hasta la estaci\u00f3n de Chetumal. Este tramo, abarca aproximadamente 254 km. Durante el viaje, los usuarios podr\u00e1n explorar la herencia cultural y arquitectura colonial de FCP, as\u00ed como descubrir las bellezas naturales de la zona, como la Reserva de la Biosfera de Sian Ka\u2019an y la selva caribe\u00f1a.<\/p>\n<p>Fue el lunes pasado cuando el propio presidente de M\u00e9xico, Andr\u00e9s Manuel L\u00f3pez Obrador, dijo: \u201cEl fin de semana vamos a hacer un recorrido desde Canc\u00fan hasta Chetumal, una estaci\u00f3n antes de Chetumal, la estaci\u00f3n de Bacalar, porque vamos este fin de semana a inaugurar el Parque del Jaguar en Tulum. O sea, vamos en el Tren Maya de Canc\u00fan a Tulum\u201d.<\/p>\n<p>Te puede interesar: Anuncia AMLO estreno del segundo cap\u00edtulo del documental del Tren Maya<\/p>\n<p>Ante estas actividades de L\u00f3pez Obrador, el grupo de ingenieros \u201cFelipe \u00c1ngeles\u201d de la Sedena, inici\u00f3 con las pruebas para el recorrido del Tramo 5.<\/p>\n<p>\u201cAdem\u00e1s, al pasar por la ciudad, vamos a inaugurar, reinaugurar el Museo de la Cultura Maya, lo que tiene que ver con la resistencia de los pueblos mayas, la guerra de castas\u201d, dijo.<\/p>\n<p>\u201cPorque vamos a pasar por primera vez por el tramo de Canc\u00fan a Tulum, que fue un tramo que nos cost\u00f3 mucho en todo sentido, porque son 120 kil\u00f3metros aproximadamente y se tuvieron que hacer 80 como viaducto, es decir, van a arriba para no afectar la flora, la fauna, las cavernas, las cuevas, los r\u00edos subterr\u00e1neos, los cenotes, es como un segundo piso, pero m\u00e1s grande que el de aqu\u00ed, de la ciudad, porque son 80 kil\u00f3metros. Entonces, fue una obra muy importante\u201d, a\u00f1adi\u00f3. (<a href=\"https:\/\/nitu.mx\/index.php\/2024\/09\/04\/tren-maya-ultimos-avances-y-diferencias-en-su-fase-final\/\">Tren Maya: \u00daltimos avances y diferencias en su fase final<\/a>).<\/p>\n","protected":false},"excerpt":{"rendered":"<p>Las y los carrilloportenses observaron las pruebas del Tren Maya que realizan elementos de la Secretar\u00eda de la Defensa Nacional (Sedena), en el tramo 6 que va de Tulum hacia Felipe Carrillo Puerto. El recorrido se extiende desde la estaci\u00f3n de Tulum Aeropuerto hasta la estaci\u00f3n de Chetumal. Este tramo, abarca aproximadamente 254 km. Durante [&hellip;]<\/p>\n","protected":false},"author":3,"featured_media":60177,"comment_status":"open","ping_status":"open","sticky":false,"template":"","format":"standard","meta":{"footnotes":""},"categories":[18475,22813],"tags":[10994,21540,23562,11427],"yoast_head":"<!-- This site is optimized with the Yoast SEO plugin v22.2 - https:\/\/yoast.com\/wordpress\/plugins\/seo\/ -->\n<title>Hacen pruebas al Tren Maya en el Tramo 6, antes de la llegada de AMLO - Nitu - Noticias de la Industria Turistica<\/title>\n<meta name=\"robots\" content=\"index, follow, max-snippet:-1, max-image-preview:large, max-video-preview:-1\" \/>\n<link rel=\"canonical\" href=\"https:\/\/nitu.mx\/index.php\/2024\/09\/06\/hacen-pruebas-al-tren-maya-en-el-tramo-6-antes-de-la-llegada-de-amlo\/\" \/>\n<meta name=\"twitter:card\" content=\"summary_large_image\" \/>\n<meta name=\"twitter:title\" content=\"Hacen pruebas al Tren Maya en el Tramo 6, antes de la llegada de AMLO - Nitu - Noticias de la Industria Turistica\" \/>\n<meta name=\"twitter:description\" content=\"Las y los carrilloportenses observaron las pruebas del Tren Maya que realizan elementos de la Secretar\u00eda de la Defensa Nacional (Sedena), en el tramo 6 que va de Tulum hacia Felipe Carrillo Puerto. El recorrido se extiende desde la estaci\u00f3n de Tulum Aeropuerto hasta la estaci\u00f3n de Chetumal. Este tramo, abarca aproximadamente 254 km. Durante [&hellip;]\" \/>\n<meta name=\"twitter:image\" content=\"https:\/\/nitu.mx\/wp-content\/uploads\/2022\/06\/Tren-Maya-tramo-5-autorizacion-semarnat.jpg\" \/>\n<meta name=\"twitter:creator\" content=\"@NITUmx\" \/>\n<meta name=\"twitter:site\" content=\"@Arturo_Medina_G\" \/>\n<meta name=\"twitter:label1\" content=\"Escrito por\" \/>\n\t<meta name=\"twitter:data1\" content=\"Alejandra Moncisbays\" \/>\n\t<meta name=\"twitter:label2\" content=\"Tiempo de lectura\" \/>\n\t<meta name=\"twitter:data2\" content=\"2 minutos\" \/>\n<script type=\"application\/ld+json\" class=\"yoast-schema-graph\">{\"@context\":\"https:\/\/schema.org\",\"@graph\":[{\"@type\":\"Article\",\"@id\":\"https:\/\/nitu.mx\/index.php\/2024\/09\/06\/hacen-pruebas-al-tren-maya-en-el-tramo-6-antes-de-la-llegada-de-amlo\/#article\",\"isPartOf\":{\"@id\":\"https:\/\/nitu.mx\/index.php\/2024\/09\/06\/hacen-pruebas-al-tren-maya-en-el-tramo-6-antes-de-la-llegada-de-amlo\/\"},\"author\":{\"name\":\"Alejandra Moncisbays\",\"@id\":\"https:\/\/nitu.mx\/#\/schema\/person\/2ecd887b19dfd3382d1f14fc5acf24a8\"},\"headline\":\"Hacen pruebas al Tren Maya en el Tramo 6, antes de la llegada de AMLO\",\"datePublished\":\"2024-09-06T06:37:19+00:00\",\"dateModified\":\"2024-09-06T06:37:20+00:00\",\"mainEntityOfPage\":{\"@id\":\"https:\/\/nitu.mx\/index.php\/2024\/09\/06\/hacen-pruebas-al-tren-maya-en-el-tramo-6-antes-de-la-llegada-de-amlo\/\"},\"wordCount\":351,\"commentCount\":0,\"publisher\":{\"@id\":\"https:\/\/nitu.mx\/#\/schema\/person\/ae7a53426417292d3dd07b45a33e01bc\"},\"image\":{\"@id\":\"https:\/\/nitu.mx\/index.php\/2024\/09\/06\/hacen-pruebas-al-tren-maya-en-el-tramo-6-antes-de-la-llegada-de-amlo\/#primaryimage\"},\"thumbnailUrl\":\"https:\/\/nitu.mx\/wp-content\/uploads\/2022\/06\/Tren-Maya-tramo-5-autorizacion-semarnat.jpg\",\"keywords\":[\"AMLO\",\"prueba\",\"Tramo 6\",\"Tren Maya\"],\"articleSection\":[\"Caribe Mexicano\",\"Tren Maya\"],\"inLanguage\":\"es-MX\",\"potentialAction\":[{\"@type\":\"CommentAction\",\"name\":\"Comment\",\"target\":[\"https:\/\/nitu.mx\/index.php\/2024\/09\/06\/hacen-pruebas-al-tren-maya-en-el-tramo-6-antes-de-la-llegada-de-amlo\/#respond\"]}]},{\"@type\":\"WebPage\",\"@id\":\"https:\/\/nitu.mx\/index.php\/2024\/09\/06\/hacen-pruebas-al-tren-maya-en-el-tramo-6-antes-de-la-llegada-de-amlo\/\",\"url\":\"https:\/\/nitu.mx\/index.php\/2024\/09\/06\/hacen-pruebas-al-tren-maya-en-el-tramo-6-antes-de-la-llegada-de-amlo\/\",\"name\":\"Hacen pruebas al Tren Maya en el Tramo 6, antes de la llegada de AMLO - Nitu - Noticias de la Industria Turistica\",\"isPartOf\":{\"@id\":\"https:\/\/nitu.mx\/#website\"},\"primaryImageOfPage\":{\"@id\":\"https:\/\/nitu.mx\/index.php\/2024\/09\/06\/hacen-pruebas-al-tren-maya-en-el-tramo-6-antes-de-la-llegada-de-amlo\/#primaryimage\"},\"image\":{\"@id\":\"https:\/\/nitu.mx\/index.php\/2024\/09\/06\/hacen-pruebas-al-tren-maya-en-el-tramo-6-antes-de-la-llegada-de-amlo\/#primaryimage\"},\"thumbnailUrl\":\"https:\/\/nitu.mx\/wp-content\/uploads\/2022\/06\/Tren-Maya-tramo-5-autorizacion-semarnat.jpg\",\"datePublished\":\"2024-09-06T06:37:19+00:00\",\"dateModified\":\"2024-09-06T06:37:20+00:00\",\"breadcrumb\":{\"@id\":\"https:\/\/nitu.mx\/index.php\/2024\/09\/06\/hacen-pruebas-al-tren-maya-en-el-tramo-6-antes-de-la-llegada-de-amlo\/#breadcrumb\"},\"inLanguage\":\"es-MX\",\"potentialAction\":[{\"@type\":\"ReadAction\",\"target\":[\"https:\/\/nitu.mx\/index.php\/2024\/09\/06\/hacen-pruebas-al-tren-maya-en-el-tramo-6-antes-de-la-llegada-de-amlo\/\"]}]},{\"@type\":\"ImageObject\",\"inLanguage\":\"es-MX\",\"@id\":\"https:\/\/nitu.mx\/index.php\/2024\/09\/06\/hacen-pruebas-al-tren-maya-en-el-tramo-6-antes-de-la-llegada-de-amlo\/#primaryimage\",\"url\":\"https:\/\/nitu.mx\/wp-content\/uploads\/2022\/06\/Tren-Maya-tramo-5-autorizacion-semarnat.jpg\",\"contentUrl\":\"https:\/\/nitu.mx\/wp-content\/uploads\/2022\/06\/Tren-Maya-tramo-5-autorizacion-semarnat.jpg\",\"width\":1200,\"height\":675,\"caption\":\"Tren Maya tramo 5 autorizacion semarnat\"},{\"@type\":\"BreadcrumbList\",\"@id\":\"https:\/\/nitu.mx\/index.php\/2024\/09\/06\/hacen-pruebas-al-tren-maya-en-el-tramo-6-antes-de-la-llegada-de-amlo\/#breadcrumb\",\"itemListElement\":[{\"@type\":\"ListItem\",\"position\":1,\"name\":\"Inicio\",\"item\":\"https:\/\/nitu.mx\/\"},{\"@type\":\"ListItem\",\"position\":2,\"name\":\"Hacen pruebas al Tren Maya en el Tramo 6, antes de la llegada de AMLO\"}]},{\"@type\":\"WebSite\",\"@id\":\"https:\/\/nitu.mx\/#website\",\"url\":\"https:\/\/nitu.mx\/\",\"name\":\"Nitu - Noticias de la Industria Turistica\",\"description\":\"Noticias de la Industria Turistica\",\"publisher\":{\"@id\":\"https:\/\/nitu.mx\/#\/schema\/person\/ae7a53426417292d3dd07b45a33e01bc\"},\"alternateName\":\"Noticias de la Industria Turistica\",\"potentialAction\":[{\"@type\":\"SearchAction\",\"target\":{\"@type\":\"EntryPoint\",\"urlTemplate\":\"https:\/\/nitu.mx\/?s={search_term_string}\"},\"query-input\":\"required name=search_term_string\"}],\"inLanguage\":\"es-MX\"},{\"@type\":[\"Person\",\"Organization\"],\"@id\":\"https:\/\/nitu.mx\/#\/schema\/person\/ae7a53426417292d3dd07b45a33e01bc\",\"name\":\"Arturo Medina\",\"image\":{\"@type\":\"ImageObject\",\"inLanguage\":\"es-MX\",\"@id\":\"https:\/\/nitu.mx\/#\/schema\/person\/image\/\",\"url\":\"https:\/\/nitu.mx\/wp-content\/uploads\/2024\/04\/4A315622-1904-4D5C-B022-878CDC840E04-90x90-1.jpeg\",\"contentUrl\":\"https:\/\/nitu.mx\/wp-content\/uploads\/2024\/04\/4A315622-1904-4D5C-B022-878CDC840E04-90x90-1.jpeg\",\"width\":90,\"height\":90,\"caption\":\"Arturo Medina\"},\"logo\":{\"@id\":\"https:\/\/nitu.mx\/#\/schema\/person\/image\/\"},\"description\":\"Director NITU.mx, Egresado de la Escuela de Periodismo Carlos Septi\u00e9n Garc\u00eda. Periodista y analista especializado en turismo desde hace 35 a\u00f1os, radicado en Canc\u00fan Q.Roo. arturo@nitu.mx\",\"sameAs\":[\"https:\/\/nitu.mx\",\"https:\/\/www.facebook.com\/NITUmx\/\",\"medinacancun\",\"https:\/\/twitter.com\/@Arturo_Medina_G\"]},{\"@type\":\"Person\",\"@id\":\"https:\/\/nitu.mx\/#\/schema\/person\/2ecd887b19dfd3382d1f14fc5acf24a8\",\"name\":\"Alejandra Moncisbays\",\"image\":{\"@type\":\"ImageObject\",\"inLanguage\":\"es-MX\",\"@id\":\"https:\/\/nitu.mx\/#\/schema\/person\/image\/\",\"url\":\"https:\/\/secure.gravatar.com\/avatar\/e74f7af0be172b7804dacfd0bfbef787?s=96&d=mm&r=g\",\"contentUrl\":\"https:\/\/secure.gravatar.com\/avatar\/e74f7af0be172b7804dacfd0bfbef787?s=96&d=mm&r=g\",\"caption\":\"Alejandra Moncisbays\"},\"description\":\"Curs\u00e9 la carrera de Periodismo y Comunicaci\u00f3n en la Facultad de Estudios Profesionales Acatl\u00e1n. Vivo en Canc\u00fan desde hace 24 a\u00f1os. Fui reportera de La Tarde de Canc\u00fan, y Novedades de Quintana Roo, colabor\u00e9 en TVCUN, edit\u00e9 Cancun\u00edssimo y colabor\u00e9 en las revistas Latitud21, entre otras, con principal enfoque en los sectores empresarial y tur\u00edstico. Desde hace varios a\u00f1os soy Agente de Seguros con c\u00e9dula de la Comisi\u00f3n Nacional de Seguros y Fianzas. Actualmente, me desarrollo en los \u00e1mbitos del periodismo y el sector asegurador.\",\"sameAs\":[\"https:\/\/nitu.mx\"],\"url\":\"https:\/\/nitu.mx\/index.php\/author\/alejandra\/\"}]}<\/script>\n<!-- \/ Yoast SEO plugin. -->","yoast_head_json":{"title":"Hacen pruebas al Tren Maya en el Tramo 6, antes de la llegada de AMLO - Nitu - Noticias de la Industria Turistica","robots":{"index":"index","follow":"follow","max-snippet":"max-snippet:-1","max-image-preview":"max-image-preview:large","max-video-preview":"max-video-preview:-1"},"canonical":"https:\/\/nitu.mx\/index.php\/2024\/09\/06\/hacen-pruebas-al-tren-maya-en-el-tramo-6-antes-de-la-llegada-de-amlo\/","twitter_card":"summary_large_image","twitter_title":"Hacen pruebas al Tren Maya en el Tramo 6, antes de la llegada de AMLO - Nitu - Noticias de la Industria Turistica","twitter_description":"Las y los carrilloportenses observaron las pruebas del Tren Maya que realizan elementos de la Secretar\u00eda de la Defensa Nacional (Sedena), en el tramo 6 que va de Tulum hacia Felipe Carrillo Puerto. El recorrido se extiende desde la estaci\u00f3n de Tulum Aeropuerto hasta la estaci\u00f3n de Chetumal. Este tramo, abarca aproximadamente 254 km. Durante [&hellip;]","twitter_image":"https:\/\/nitu.mx\/wp-content\/uploads\/2022\/06\/Tren-Maya-tramo-5-autorizacion-semarnat.jpg","twitter_creator":"@NITUmx","twitter_site":"@Arturo_Medina_G","twitter_misc":{"Escrito por":"Alejandra Moncisbays","Tiempo de lectura":"2 minutos"},"schema":{"@context":"https:\/\/schema.org","@graph":[{"@type":"Article","@id":"https:\/\/nitu.mx\/index.php\/2024\/09\/06\/hacen-pruebas-al-tren-maya-en-el-tramo-6-antes-de-la-llegada-de-amlo\/#article","isPartOf":{"@id":"https:\/\/nitu.mx\/index.php\/2024\/09\/06\/hacen-pruebas-al-tren-maya-en-el-tramo-6-antes-de-la-llegada-de-amlo\/"},"author":{"name":"Alejandra Moncisbays","@id":"https:\/\/nitu.mx\/#\/schema\/person\/2ecd887b19dfd3382d1f14fc5acf24a8"},"headline":"Hacen pruebas al Tren Maya en el Tramo 6, antes de la llegada de AMLO","datePublished":"2024-09-06T06:37:19+00:00","dateModified":"2024-09-06T06:37:20+00:00","mainEntityOfPage":{"@id":"https:\/\/nitu.mx\/index.php\/2024\/09\/06\/hacen-pruebas-al-tren-maya-en-el-tramo-6-antes-de-la-llegada-de-amlo\/"},"wordCount":351,"commentCount":0,"publisher":{"@id":"https:\/\/nitu.mx\/#\/schema\/person\/ae7a53426417292d3dd07b45a33e01bc"},"image":{"@id":"https:\/\/nitu.mx\/index.php\/2024\/09\/06\/hacen-pruebas-al-tren-maya-en-el-tramo-6-antes-de-la-llegada-de-amlo\/#primaryimage"},"thumbnailUrl":"https:\/\/nitu.mx\/wp-content\/uploads\/2022\/06\/Tren-Maya-tramo-5-autorizacion-semarnat.jpg","keywords":["AMLO","prueba","Tramo 6","Tren Maya"],"articleSection":["Caribe Mexicano","Tren Maya"],"inLanguage":"es-MX","potentialAction":[{"@type":"CommentAction","name":"Comment","target":["https:\/\/nitu.mx\/index.php\/2024\/09\/06\/hacen-pruebas-al-tren-maya-en-el-tramo-6-antes-de-la-llegada-de-amlo\/#respond"]}]},{"@type":"WebPage","@id":"https:\/\/nitu.mx\/index.php\/2024\/09\/06\/hacen-pruebas-al-tren-maya-en-el-tramo-6-antes-de-la-llegada-de-amlo\/","url":"https:\/\/nitu.mx\/index.php\/2024\/09\/06\/hacen-pruebas-al-tren-maya-en-el-tramo-6-antes-de-la-llegada-de-amlo\/","name":"Hacen pruebas al Tren Maya en el Tramo 6, antes de la llegada de AMLO - Nitu - Noticias de la Industria Turistica","isPartOf":{"@id":"https:\/\/nitu.mx\/#website"},"primaryImageOfPage":{"@id":"https:\/\/nitu.mx\/index.php\/2024\/09\/06\/hacen-pruebas-al-tren-maya-en-el-tramo-6-antes-de-la-llegada-de-amlo\/#primaryimage"},"image":{"@id":"https:\/\/nitu.mx\/index.php\/2024\/09\/06\/hacen-pruebas-al-tren-maya-en-el-tramo-6-antes-de-la-llegada-de-amlo\/#primaryimage"},"thumbnailUrl":"https:\/\/nitu.mx\/wp-content\/uploads\/2022\/06\/Tren-Maya-tramo-5-autorizacion-semarnat.jpg","datePublished":"2024-09-06T06:37:19+00:00","dateModified":"2024-09-06T06:37:20+00:00","breadcrumb":{"@id":"https:\/\/nitu.mx\/index.php\/2024\/09\/06\/hacen-pruebas-al-tren-maya-en-el-tramo-6-antes-de-la-llegada-de-amlo\/#breadcrumb"},"inLanguage":"es-MX","potentialAction":[{"@type":"ReadAction","target":["https:\/\/nitu.mx\/index.php\/2024\/09\/06\/hacen-pruebas-al-tren-maya-en-el-tramo-6-antes-de-la-llegada-de-amlo\/"]}]},{"@type":"ImageObject","inLanguage":"es-MX","@id":"https:\/\/nitu.mx\/index.php\/2024\/09\/06\/hacen-pruebas-al-tren-maya-en-el-tramo-6-antes-de-la-llegada-de-amlo\/#primaryimage","url":"https:\/\/nitu.mx\/wp-content\/uploads\/2022\/06\/Tren-Maya-tramo-5-autorizacion-semarnat.jpg","contentUrl":"https:\/\/nitu.mx\/wp-content\/uploads\/2022\/06\/Tren-Maya-tramo-5-autorizacion-semarnat.jpg","width":1200,"height":675,"caption":"Tren Maya tramo 5 autorizacion semarnat"},{"@type":"BreadcrumbList","@id":"https:\/\/nitu.mx\/index.php\/2024\/09\/06\/hacen-pruebas-al-tren-maya-en-el-tramo-6-antes-de-la-llegada-de-amlo\/#breadcrumb","itemListElement":[{"@type":"ListItem","position":1,"name":"Inicio","item":"https:\/\/nitu.mx\/"},{"@type":"ListItem","position":2,"name":"Hacen pruebas al Tren Maya en el Tramo 6, antes de la llegada de AMLO"}]},{"@type":"WebSite","@id":"https:\/\/nitu.mx\/#website","url":"https:\/\/nitu.mx\/","name":"Nitu - Noticias de la Industria Turistica","description":"Noticias de la Industria Turistica","publisher":{"@id":"https:\/\/nitu.mx\/#\/schema\/person\/ae7a53426417292d3dd07b45a33e01bc"},"alternateName":"Noticias de la Industria Turistica","potentialAction":[{"@type":"SearchAction","target":{"@type":"EntryPoint","urlTemplate":"https:\/\/nitu.mx\/?s={search_term_string}"},"query-input":"required name=search_term_string"}],"inLanguage":"es-MX"},{"@type":["Person","Organization"],"@id":"https:\/\/nitu.mx\/#\/schema\/person\/ae7a53426417292d3dd07b45a33e01bc","name":"Arturo Medina","image":{"@type":"ImageObject","inLanguage":"es-MX","@id":"https:\/\/nitu.mx\/#\/schema\/person\/image\/","url":"https:\/\/nitu.mx\/wp-content\/uploads\/2024\/04\/4A315622-1904-4D5C-B022-878CDC840E04-90x90-1.jpeg","contentUrl":"https:\/\/nitu.mx\/wp-content\/uploads\/2024\/04\/4A315622-1904-4D5C-B022-878CDC840E04-90x90-1.jpeg","width":90,"height":90,"caption":"Arturo Medina"},"logo":{"@id":"https:\/\/nitu.mx\/#\/schema\/person\/image\/"},"description":"Director NITU.mx, Egresado de la Escuela de Periodismo Carlos Septi\u00e9n Garc\u00eda. Periodista y analista especializado en turismo desde hace 35 a\u00f1os, radicado en Canc\u00fan Q.Roo. arturo@nitu.mx","sameAs":["https:\/\/nitu.mx","https:\/\/www.facebook.com\/NITUmx\/","medinacancun","https:\/\/twitter.com\/@Arturo_Medina_G"]},{"@type":"Person","@id":"https:\/\/nitu.mx\/#\/schema\/person\/2ecd887b19dfd3382d1f14fc5acf24a8","name":"Alejandra Moncisbays","image":{"@type":"ImageObject","inLanguage":"es-MX","@id":"https:\/\/nitu.mx\/#\/schema\/person\/image\/","url":"https:\/\/secure.gravatar.com\/avatar\/e74f7af0be172b7804dacfd0bfbef787?s=96&d=mm&r=g","contentUrl":"https:\/\/secure.gravatar.com\/avatar\/e74f7af0be172b7804dacfd0bfbef787?s=96&d=mm&r=g","caption":"Alejandra Moncisbays"},"description":"Curs\u00e9 la carrera de Periodismo y Comunicaci\u00f3n en la Facultad de Estudios Profesionales Acatl\u00e1n. Vivo en Canc\u00fan desde hace 24 a\u00f1os. Fui reportera de La Tarde de Canc\u00fan, y Novedades de Quintana Roo, colabor\u00e9 en TVCUN, edit\u00e9 Cancun\u00edssimo y colabor\u00e9 en las revistas Latitud21, entre otras, con principal enfoque en los sectores empresarial y tur\u00edstico. Desde hace varios a\u00f1os soy Agente de Seguros con c\u00e9dula de la Comisi\u00f3n Nacional de Seguros y Fianzas. Actualmente, me desarrollo en los \u00e1mbitos del periodismo y el sector asegurador.","sameAs":["https:\/\/nitu.mx"],"url":"https:\/\/nitu.mx\/index.php\/author\/alejandra\/"}]}},"views":636,"_links":{"self":[{"href":"https:\/\/nitu.mx\/index.php\/wp-json\/wp\/v2\/posts\/74658"}],"collection":[{"href":"https:\/\/nitu.mx\/index.php\/wp-json\/wp\/v2\/posts"}],"about":[{"href":"https:\/\/nitu.mx\/index.php\/wp-json\/wp\/v2\/types\/post"}],"author":[{"embeddable":true,"href":"https:\/\/nitu.mx\/index.php\/wp-json\/wp\/v2\/users\/3"}],"replies":[{"embeddable":true,"href":"https:\/\/nitu.mx\/index.php\/wp-json\/wp\/v2\/comments?post=74658"}],"version-history":[{"count":2,"href":"https:\/\/nitu.mx\/index.php\/wp-json\/wp\/v2\/posts\/74658\/revisions"}],"predecessor-version":[{"id":74694,"href":"https:\/\/nitu.mx\/index.php\/wp-json\/wp\/v2\/posts\/74658\/revisions\/74694"}],"wp:featuredmedia":[{"embeddable":true,"href":"https:\/\/nitu.mx\/index.php\/wp-json\/wp\/v2\/media\/60177"}],"wp:attachment":[{"href":"https:\/\/nitu.mx\/index.php\/wp-json\/wp\/v2\/media?parent=74658"}],"wp:term":[{"taxonomy":"category","embeddable":true,"href":"https:\/\/nitu.mx\/index.php\/wp-json\/wp\/v2\/categories?post=74658"},{"taxonomy":"post_tag","embeddable":true,"href":"https:\/\/nitu.mx\/index.php\/wp-json\/wp\/v2\/tags?post=74658"}],"curies":[{"name":"wp","href":"https:\/\/api.w.org\/{rel}","templated":true}]}}