{"id":74654,"date":"2024-09-06T00:26:38","date_gmt":"2024-09-06T06:26:38","guid":{"rendered":"https:\/\/nitu.mx\/?p=74654"},"modified":"2024-09-06T00:26:39","modified_gmt":"2024-09-06T06:26:39","slug":"nos-estamos-dando-un-tiro-en-el-pie-hoteleros-de-cancun","status":"publish","type":"post","link":"https:\/\/nitu.mx\/index.php\/2024\/09\/06\/nos-estamos-dando-un-tiro-en-el-pie-hoteleros-de-cancun\/","title":{"rendered":"\u201cNos estamos dando un tiro en el pie\u201d: Hoteleros de Canc\u00fan"},"content":{"rendered":"<p>Jes\u00fas Almaguer Salazar, presidente del Consejo Hotelero del Caribe Mexicano, expres\u00f3 su preocupaci\u00f3n por los frecuentes bloqueos de v\u00edas, principalmente por taxistas, como el reciente en Tulum, que afect\u00f3 la carretera al aeropuerto local.<\/p>\n<p>Se\u00f1al\u00f3 que estas protestas no solo interrumpen el tr\u00e1nsito de trabajadores y turistas, sino que tambi\u00e9n da\u00f1an la imagen tur\u00edstica de los destinos como Canc\u00fan, Isla Mujeres y Puerto Morelos, por lo que \u201cnos estamos dando un tiro en el pie\u201d, expres\u00f3.<\/p>\n<p>El l\u00edder hotelero destac\u00f3 que, aunque el gremio de taxistas merece respeto, sus m\u00e9todos de protesta no son los adecuados. Hizo un llamado a establecer mesas de di\u00e1logo con las autoridades en lugar de recurrir a acciones que perjudican la econom\u00eda de la regi\u00f3n. Seg\u00fan Almaguer, los bloqueos ya han impactado en las ocupaciones hoteleras, que han ca\u00eddo por debajo del 70%, lo que es preocupante en una temporada donde se esperaba mantener un flujo constante de turistas.<\/p>\n<p>La Fiscal\u00eda General del Estado inform\u00f3 que el l\u00edder del sindicato de taxistas de Tulum, detenido por cargos de homicidio y tentativa de homicidio, recibi\u00f3 arraigo domiciliario, lo que ha generado controversia. Almaguer subray\u00f3 que estas protestas no solo afectan a los turistas, quienes incluso pierden vuelos, sino tambi\u00e9n a los trabajadores que dependen del transporte para sus labores diarias.<\/p>\n<p>El Consejo Hotelero y otros actores del sector tur\u00edstico est\u00e1n planeando medidas ante el gobierno estatal para evitar que estas situaciones contin\u00faen da\u00f1ando la imagen y la econom\u00eda de Quintana Roo. <a href=\"https:\/\/nitu.mx\/index.php\/2024\/09\/06\/taxistas-de-tulum-paralizaron-la-carretera-federal-exigiendo-liberacion-de-su-lider-sindical\/\">(Taxistas de Tulum paralizaron la carretera federal exigiendo liberaci\u00f3n de su l\u00edder sindical<\/a>).<\/p>\n","protected":false},"excerpt":{"rendered":"<p>Jes\u00fas Almaguer Salazar, presidente del Consejo Hotelero del Caribe Mexicano, expres\u00f3 su preocupaci\u00f3n por los frecuentes bloqueos de v\u00edas, principalmente por taxistas, como el reciente en Tulum, que afect\u00f3 la carretera al aeropuerto local. Se\u00f1al\u00f3 que estas protestas no solo interrumpen el tr\u00e1nsito de trabajadores y turistas, sino que tambi\u00e9n da\u00f1an la imagen tur\u00edstica de [&hellip;]<\/p>\n","protected":false},"author":3,"featured_media":2347,"comment_status":"open","ping_status":"open","sticky":false,"template":"","format":"standard","meta":{"footnotes":""},"categories":[18475],"tags":[23671,23849,91,260,25272,713],"yoast_head":"<!-- This site is optimized with the Yoast SEO plugin v22.2 - https:\/\/yoast.com\/wordpress\/plugins\/seo\/ -->\n<title>\u201cNos estamos dando un tiro en el pie\u201d: Hoteleros de Canc\u00fan - Nitu - Noticias de la Industria Turistica<\/title>\n<meta name=\"robots\" content=\"index, follow, max-snippet:-1, max-image-preview:large, max-video-preview:-1\" \/>\n<link rel=\"canonical\" href=\"https:\/\/nitu.mx\/index.php\/2024\/09\/06\/nos-estamos-dando-un-tiro-en-el-pie-hoteleros-de-cancun\/\" \/>\n<meta name=\"twitter:card\" content=\"summary_large_image\" \/>\n<meta name=\"twitter:title\" content=\"\u201cNos estamos dando un tiro en el pie\u201d: Hoteleros de Canc\u00fan - Nitu - Noticias de la Industria Turistica\" \/>\n<meta name=\"twitter:description\" content=\"Jes\u00fas Almaguer Salazar, presidente del Consejo Hotelero del Caribe Mexicano, expres\u00f3 su preocupaci\u00f3n por los frecuentes bloqueos de v\u00edas, principalmente por taxistas, como el reciente en Tulum, que afect\u00f3 la carretera al aeropuerto local. Se\u00f1al\u00f3 que estas protestas no solo interrumpen el tr\u00e1nsito de trabajadores y turistas, sino que tambi\u00e9n da\u00f1an la imagen tur\u00edstica de [&hellip;]\" \/>\n<meta name=\"twitter:image\" content=\"https:\/\/nitu.mx\/wp-content\/uploads\/2016\/09\/150916be05c4596med.jpg\" \/>\n<meta name=\"twitter:creator\" content=\"@NITUmx\" \/>\n<meta name=\"twitter:site\" content=\"@Arturo_Medina_G\" \/>\n<meta name=\"twitter:label1\" content=\"Escrito por\" \/>\n\t<meta name=\"twitter:data1\" content=\"Alejandra Moncisbays\" \/>\n\t<meta name=\"twitter:label2\" content=\"Tiempo de lectura\" \/>\n\t<meta name=\"twitter:data2\" content=\"1 minuto\" \/>\n<script type=\"application\/ld+json\" class=\"yoast-schema-graph\">{\"@context\":\"https:\/\/schema.org\",\"@graph\":[{\"@type\":\"Article\",\"@id\":\"https:\/\/nitu.mx\/index.php\/2024\/09\/06\/nos-estamos-dando-un-tiro-en-el-pie-hoteleros-de-cancun\/#article\",\"isPartOf\":{\"@id\":\"https:\/\/nitu.mx\/index.php\/2024\/09\/06\/nos-estamos-dando-un-tiro-en-el-pie-hoteleros-de-cancun\/\"},\"author\":{\"name\":\"Alejandra Moncisbays\",\"@id\":\"https:\/\/nitu.mx\/#\/schema\/person\/2ecd887b19dfd3382d1f14fc5acf24a8\"},\"headline\":\"\u201cNos estamos dando un tiro en el pie\u201d: Hoteleros de Canc\u00fan\",\"datePublished\":\"2024-09-06T06:26:38+00:00\",\"dateModified\":\"2024-09-06T06:26:39+00:00\",\"mainEntityOfPage\":{\"@id\":\"https:\/\/nitu.mx\/index.php\/2024\/09\/06\/nos-estamos-dando-un-tiro-en-el-pie-hoteleros-de-cancun\/\"},\"wordCount\":295,\"commentCount\":0,\"publisher\":{\"@id\":\"https:\/\/nitu.mx\/#\/schema\/person\/ae7a53426417292d3dd07b45a33e01bc\"},\"image\":{\"@id\":\"https:\/\/nitu.mx\/index.php\/2024\/09\/06\/nos-estamos-dando-un-tiro-en-el-pie-hoteleros-de-cancun\/#primaryimage\"},\"thumbnailUrl\":\"https:\/\/nitu.mx\/wp-content\/uploads\/2016\/09\/150916be05c4596med.jpg\",\"keywords\":[\"bloqueos\",\"Consejo Hotelero del Caribe Mexicano\",\"Jes\u00fas Almaguer Salazar\",\"Quintana Roo\",\"sector\",\"taxistas\"],\"articleSection\":[\"Caribe Mexicano\"],\"inLanguage\":\"es-MX\",\"potentialAction\":[{\"@type\":\"CommentAction\",\"name\":\"Comment\",\"target\":[\"https:\/\/nitu.mx\/index.php\/2024\/09\/06\/nos-estamos-dando-un-tiro-en-el-pie-hoteleros-de-cancun\/#respond\"]}]},{\"@type\":\"WebPage\",\"@id\":\"https:\/\/nitu.mx\/index.php\/2024\/09\/06\/nos-estamos-dando-un-tiro-en-el-pie-hoteleros-de-cancun\/\",\"url\":\"https:\/\/nitu.mx\/index.php\/2024\/09\/06\/nos-estamos-dando-un-tiro-en-el-pie-hoteleros-de-cancun\/\",\"name\":\"\u201cNos estamos dando un tiro en el pie\u201d: Hoteleros de Canc\u00fan - Nitu - Noticias de la Industria Turistica\",\"isPartOf\":{\"@id\":\"https:\/\/nitu.mx\/#website\"},\"primaryImageOfPage\":{\"@id\":\"https:\/\/nitu.mx\/index.php\/2024\/09\/06\/nos-estamos-dando-un-tiro-en-el-pie-hoteleros-de-cancun\/#primaryimage\"},\"image\":{\"@id\":\"https:\/\/nitu.mx\/index.php\/2024\/09\/06\/nos-estamos-dando-un-tiro-en-el-pie-hoteleros-de-cancun\/#primaryimage\"},\"thumbnailUrl\":\"https:\/\/nitu.mx\/wp-content\/uploads\/2016\/09\/150916be05c4596med.jpg\",\"datePublished\":\"2024-09-06T06:26:38+00:00\",\"dateModified\":\"2024-09-06T06:26:39+00:00\",\"breadcrumb\":{\"@id\":\"https:\/\/nitu.mx\/index.php\/2024\/09\/06\/nos-estamos-dando-un-tiro-en-el-pie-hoteleros-de-cancun\/#breadcrumb\"},\"inLanguage\":\"es-MX\",\"potentialAction\":[{\"@type\":\"ReadAction\",\"target\":[\"https:\/\/nitu.mx\/index.php\/2024\/09\/06\/nos-estamos-dando-un-tiro-en-el-pie-hoteleros-de-cancun\/\"]}]},{\"@type\":\"ImageObject\",\"inLanguage\":\"es-MX\",\"@id\":\"https:\/\/nitu.mx\/index.php\/2024\/09\/06\/nos-estamos-dando-un-tiro-en-el-pie-hoteleros-de-cancun\/#primaryimage\",\"url\":\"https:\/\/nitu.mx\/wp-content\/uploads\/2016\/09\/150916be05c4596med.jpg\",\"contentUrl\":\"https:\/\/nitu.mx\/wp-content\/uploads\/2016\/09\/150916be05c4596med.jpg\",\"width\":700,\"height\":466,\"caption\":\"taxistas uber quintana roo\"},{\"@type\":\"BreadcrumbList\",\"@id\":\"https:\/\/nitu.mx\/index.php\/2024\/09\/06\/nos-estamos-dando-un-tiro-en-el-pie-hoteleros-de-cancun\/#breadcrumb\",\"itemListElement\":[{\"@type\":\"ListItem\",\"position\":1,\"name\":\"Inicio\",\"item\":\"https:\/\/nitu.mx\/\"},{\"@type\":\"ListItem\",\"position\":2,\"name\":\"\u201cNos estamos dando un tiro en el pie\u201d: Hoteleros de Canc\u00fan\"}]},{\"@type\":\"WebSite\",\"@id\":\"https:\/\/nitu.mx\/#website\",\"url\":\"https:\/\/nitu.mx\/\",\"name\":\"Nitu - Noticias de la Industria Turistica\",\"description\":\"Noticias de la Industria Turistica\",\"publisher\":{\"@id\":\"https:\/\/nitu.mx\/#\/schema\/person\/ae7a53426417292d3dd07b45a33e01bc\"},\"alternateName\":\"Noticias de la Industria Turistica\",\"potentialAction\":[{\"@type\":\"SearchAction\",\"target\":{\"@type\":\"EntryPoint\",\"urlTemplate\":\"https:\/\/nitu.mx\/?s={search_term_string}\"},\"query-input\":\"required name=search_term_string\"}],\"inLanguage\":\"es-MX\"},{\"@type\":[\"Person\",\"Organization\"],\"@id\":\"https:\/\/nitu.mx\/#\/schema\/person\/ae7a53426417292d3dd07b45a33e01bc\",\"name\":\"Arturo Medina\",\"image\":{\"@type\":\"ImageObject\",\"inLanguage\":\"es-MX\",\"@id\":\"https:\/\/nitu.mx\/#\/schema\/person\/image\/\",\"url\":\"https:\/\/nitu.mx\/wp-content\/uploads\/2024\/04\/4A315622-1904-4D5C-B022-878CDC840E04-90x90-1.jpeg\",\"contentUrl\":\"https:\/\/nitu.mx\/wp-content\/uploads\/2024\/04\/4A315622-1904-4D5C-B022-878CDC840E04-90x90-1.jpeg\",\"width\":90,\"height\":90,\"caption\":\"Arturo Medina\"},\"logo\":{\"@id\":\"https:\/\/nitu.mx\/#\/schema\/person\/image\/\"},\"description\":\"Director NITU.mx, Egresado de la Escuela de Periodismo Carlos Septi\u00e9n Garc\u00eda. Periodista y analista especializado en turismo desde hace 35 a\u00f1os, radicado en Canc\u00fan Q.Roo. arturo@nitu.mx\",\"sameAs\":[\"https:\/\/nitu.mx\",\"https:\/\/www.facebook.com\/NITUmx\/\",\"medinacancun\",\"https:\/\/twitter.com\/@Arturo_Medina_G\"]},{\"@type\":\"Person\",\"@id\":\"https:\/\/nitu.mx\/#\/schema\/person\/2ecd887b19dfd3382d1f14fc5acf24a8\",\"name\":\"Alejandra Moncisbays\",\"image\":{\"@type\":\"ImageObject\",\"inLanguage\":\"es-MX\",\"@id\":\"https:\/\/nitu.mx\/#\/schema\/person\/image\/\",\"url\":\"https:\/\/secure.gravatar.com\/avatar\/e74f7af0be172b7804dacfd0bfbef787?s=96&d=mm&r=g\",\"contentUrl\":\"https:\/\/secure.gravatar.com\/avatar\/e74f7af0be172b7804dacfd0bfbef787?s=96&d=mm&r=g\",\"caption\":\"Alejandra Moncisbays\"},\"description\":\"Curs\u00e9 la carrera de Periodismo y Comunicaci\u00f3n en la Facultad de Estudios Profesionales Acatl\u00e1n. Vivo en Canc\u00fan desde hace 24 a\u00f1os. Fui reportera de La Tarde de Canc\u00fan, y Novedades de Quintana Roo, colabor\u00e9 en TVCUN, edit\u00e9 Cancun\u00edssimo y colabor\u00e9 en las revistas Latitud21, entre otras, con principal enfoque en los sectores empresarial y tur\u00edstico. Desde hace varios a\u00f1os soy Agente de Seguros con c\u00e9dula de la Comisi\u00f3n Nacional de Seguros y Fianzas. Actualmente, me desarrollo en los \u00e1mbitos del periodismo y el sector asegurador.\",\"sameAs\":[\"https:\/\/nitu.mx\"],\"url\":\"https:\/\/nitu.mx\/index.php\/author\/alejandra\/\"}]}<\/script>\n<!-- \/ Yoast SEO plugin. -->","yoast_head_json":{"title":"\u201cNos estamos dando un tiro en el pie\u201d: Hoteleros de Canc\u00fan - Nitu - Noticias de la Industria Turistica","robots":{"index":"index","follow":"follow","max-snippet":"max-snippet:-1","max-image-preview":"max-image-preview:large","max-video-preview":"max-video-preview:-1"},"canonical":"https:\/\/nitu.mx\/index.php\/2024\/09\/06\/nos-estamos-dando-un-tiro-en-el-pie-hoteleros-de-cancun\/","twitter_card":"summary_large_image","twitter_title":"\u201cNos estamos dando un tiro en el pie\u201d: Hoteleros de Canc\u00fan - Nitu - Noticias de la Industria Turistica","twitter_description":"Jes\u00fas Almaguer Salazar, presidente del Consejo Hotelero del Caribe Mexicano, expres\u00f3 su preocupaci\u00f3n por los frecuentes bloqueos de v\u00edas, principalmente por taxistas, como el reciente en Tulum, que afect\u00f3 la carretera al aeropuerto local. Se\u00f1al\u00f3 que estas protestas no solo interrumpen el tr\u00e1nsito de trabajadores y turistas, sino que tambi\u00e9n da\u00f1an la imagen tur\u00edstica de [&hellip;]","twitter_image":"https:\/\/nitu.mx\/wp-content\/uploads\/2016\/09\/150916be05c4596med.jpg","twitter_creator":"@NITUmx","twitter_site":"@Arturo_Medina_G","twitter_misc":{"Escrito por":"Alejandra Moncisbays","Tiempo de lectura":"1 minuto"},"schema":{"@context":"https:\/\/schema.org","@graph":[{"@type":"Article","@id":"https:\/\/nitu.mx\/index.php\/2024\/09\/06\/nos-estamos-dando-un-tiro-en-el-pie-hoteleros-de-cancun\/#article","isPartOf":{"@id":"https:\/\/nitu.mx\/index.php\/2024\/09\/06\/nos-estamos-dando-un-tiro-en-el-pie-hoteleros-de-cancun\/"},"author":{"name":"Alejandra Moncisbays","@id":"https:\/\/nitu.mx\/#\/schema\/person\/2ecd887b19dfd3382d1f14fc5acf24a8"},"headline":"\u201cNos estamos dando un tiro en el pie\u201d: Hoteleros de Canc\u00fan","datePublished":"2024-09-06T06:26:38+00:00","dateModified":"2024-09-06T06:26:39+00:00","mainEntityOfPage":{"@id":"https:\/\/nitu.mx\/index.php\/2024\/09\/06\/nos-estamos-dando-un-tiro-en-el-pie-hoteleros-de-cancun\/"},"wordCount":295,"commentCount":0,"publisher":{"@id":"https:\/\/nitu.mx\/#\/schema\/person\/ae7a53426417292d3dd07b45a33e01bc"},"image":{"@id":"https:\/\/nitu.mx\/index.php\/2024\/09\/06\/nos-estamos-dando-un-tiro-en-el-pie-hoteleros-de-cancun\/#primaryimage"},"thumbnailUrl":"https:\/\/nitu.mx\/wp-content\/uploads\/2016\/09\/150916be05c4596med.jpg","keywords":["bloqueos","Consejo Hotelero del Caribe Mexicano","Jes\u00fas Almaguer Salazar","Quintana Roo","sector","taxistas"],"articleSection":["Caribe Mexicano"],"inLanguage":"es-MX","potentialAction":[{"@type":"CommentAction","name":"Comment","target":["https:\/\/nitu.mx\/index.php\/2024\/09\/06\/nos-estamos-dando-un-tiro-en-el-pie-hoteleros-de-cancun\/#respond"]}]},{"@type":"WebPage","@id":"https:\/\/nitu.mx\/index.php\/2024\/09\/06\/nos-estamos-dando-un-tiro-en-el-pie-hoteleros-de-cancun\/","url":"https:\/\/nitu.mx\/index.php\/2024\/09\/06\/nos-estamos-dando-un-tiro-en-el-pie-hoteleros-de-cancun\/","name":"\u201cNos estamos dando un tiro en el pie\u201d: Hoteleros de Canc\u00fan - Nitu - Noticias de la Industria Turistica","isPartOf":{"@id":"https:\/\/nitu.mx\/#website"},"primaryImageOfPage":{"@id":"https:\/\/nitu.mx\/index.php\/2024\/09\/06\/nos-estamos-dando-un-tiro-en-el-pie-hoteleros-de-cancun\/#primaryimage"},"image":{"@id":"https:\/\/nitu.mx\/index.php\/2024\/09\/06\/nos-estamos-dando-un-tiro-en-el-pie-hoteleros-de-cancun\/#primaryimage"},"thumbnailUrl":"https:\/\/nitu.mx\/wp-content\/uploads\/2016\/09\/150916be05c4596med.jpg","datePublished":"2024-09-06T06:26:38+00:00","dateModified":"2024-09-06T06:26:39+00:00","breadcrumb":{"@id":"https:\/\/nitu.mx\/index.php\/2024\/09\/06\/nos-estamos-dando-un-tiro-en-el-pie-hoteleros-de-cancun\/#breadcrumb"},"inLanguage":"es-MX","potentialAction":[{"@type":"ReadAction","target":["https:\/\/nitu.mx\/index.php\/2024\/09\/06\/nos-estamos-dando-un-tiro-en-el-pie-hoteleros-de-cancun\/"]}]},{"@type":"ImageObject","inLanguage":"es-MX","@id":"https:\/\/nitu.mx\/index.php\/2024\/09\/06\/nos-estamos-dando-un-tiro-en-el-pie-hoteleros-de-cancun\/#primaryimage","url":"https:\/\/nitu.mx\/wp-content\/uploads\/2016\/09\/150916be05c4596med.jpg","contentUrl":"https:\/\/nitu.mx\/wp-content\/uploads\/2016\/09\/150916be05c4596med.jpg","width":700,"height":466,"caption":"taxistas uber quintana roo"},{"@type":"BreadcrumbList","@id":"https:\/\/nitu.mx\/index.php\/2024\/09\/06\/nos-estamos-dando-un-tiro-en-el-pie-hoteleros-de-cancun\/#breadcrumb","itemListElement":[{"@type":"ListItem","position":1,"name":"Inicio","item":"https:\/\/nitu.mx\/"},{"@type":"ListItem","position":2,"name":"\u201cNos estamos dando un tiro en el pie\u201d: Hoteleros de Canc\u00fan"}]},{"@type":"WebSite","@id":"https:\/\/nitu.mx\/#website","url":"https:\/\/nitu.mx\/","name":"Nitu - Noticias de la Industria Turistica","description":"Noticias de la Industria Turistica","publisher":{"@id":"https:\/\/nitu.mx\/#\/schema\/person\/ae7a53426417292d3dd07b45a33e01bc"},"alternateName":"Noticias de la Industria Turistica","potentialAction":[{"@type":"SearchAction","target":{"@type":"EntryPoint","urlTemplate":"https:\/\/nitu.mx\/?s={search_term_string}"},"query-input":"required name=search_term_string"}],"inLanguage":"es-MX"},{"@type":["Person","Organization"],"@id":"https:\/\/nitu.mx\/#\/schema\/person\/ae7a53426417292d3dd07b45a33e01bc","name":"Arturo Medina","image":{"@type":"ImageObject","inLanguage":"es-MX","@id":"https:\/\/nitu.mx\/#\/schema\/person\/image\/","url":"https:\/\/nitu.mx\/wp-content\/uploads\/2024\/04\/4A315622-1904-4D5C-B022-878CDC840E04-90x90-1.jpeg","contentUrl":"https:\/\/nitu.mx\/wp-content\/uploads\/2024\/04\/4A315622-1904-4D5C-B022-878CDC840E04-90x90-1.jpeg","width":90,"height":90,"caption":"Arturo Medina"},"logo":{"@id":"https:\/\/nitu.mx\/#\/schema\/person\/image\/"},"description":"Director NITU.mx, Egresado de la Escuela de Periodismo Carlos Septi\u00e9n Garc\u00eda. Periodista y analista especializado en turismo desde hace 35 a\u00f1os, radicado en Canc\u00fan Q.Roo. arturo@nitu.mx","sameAs":["https:\/\/nitu.mx","https:\/\/www.facebook.com\/NITUmx\/","medinacancun","https:\/\/twitter.com\/@Arturo_Medina_G"]},{"@type":"Person","@id":"https:\/\/nitu.mx\/#\/schema\/person\/2ecd887b19dfd3382d1f14fc5acf24a8","name":"Alejandra Moncisbays","image":{"@type":"ImageObject","inLanguage":"es-MX","@id":"https:\/\/nitu.mx\/#\/schema\/person\/image\/","url":"https:\/\/secure.gravatar.com\/avatar\/e74f7af0be172b7804dacfd0bfbef787?s=96&d=mm&r=g","contentUrl":"https:\/\/secure.gravatar.com\/avatar\/e74f7af0be172b7804dacfd0bfbef787?s=96&d=mm&r=g","caption":"Alejandra Moncisbays"},"description":"Curs\u00e9 la carrera de Periodismo y Comunicaci\u00f3n en la Facultad de Estudios Profesionales Acatl\u00e1n. Vivo en Canc\u00fan desde hace 24 a\u00f1os. Fui reportera de La Tarde de Canc\u00fan, y Novedades de Quintana Roo, colabor\u00e9 en TVCUN, edit\u00e9 Cancun\u00edssimo y colabor\u00e9 en las revistas Latitud21, entre otras, con principal enfoque en los sectores empresarial y tur\u00edstico. Desde hace varios a\u00f1os soy Agente de Seguros con c\u00e9dula de la Comisi\u00f3n Nacional de Seguros y Fianzas. Actualmente, me desarrollo en los \u00e1mbitos del periodismo y el sector asegurador.","sameAs":["https:\/\/nitu.mx"],"url":"https:\/\/nitu.mx\/index.php\/author\/alejandra\/"}]}},"views":467,"_links":{"self":[{"href":"https:\/\/nitu.mx\/index.php\/wp-json\/wp\/v2\/posts\/74654"}],"collection":[{"href":"https:\/\/nitu.mx\/index.php\/wp-json\/wp\/v2\/posts"}],"about":[{"href":"https:\/\/nitu.mx\/index.php\/wp-json\/wp\/v2\/types\/post"}],"author":[{"embeddable":true,"href":"https:\/\/nitu.mx\/index.php\/wp-json\/wp\/v2\/users\/3"}],"replies":[{"embeddable":true,"href":"https:\/\/nitu.mx\/index.php\/wp-json\/wp\/v2\/comments?post=74654"}],"version-history":[{"count":2,"href":"https:\/\/nitu.mx\/index.php\/wp-json\/wp\/v2\/posts\/74654\/revisions"}],"predecessor-version":[{"id":74689,"href":"https:\/\/nitu.mx\/index.php\/wp-json\/wp\/v2\/posts\/74654\/revisions\/74689"}],"wp:featuredmedia":[{"embeddable":true,"href":"https:\/\/nitu.mx\/index.php\/wp-json\/wp\/v2\/media\/2347"}],"wp:attachment":[{"href":"https:\/\/nitu.mx\/index.php\/wp-json\/wp\/v2\/media?parent=74654"}],"wp:term":[{"taxonomy":"category","embeddable":true,"href":"https:\/\/nitu.mx\/index.php\/wp-json\/wp\/v2\/categories?post=74654"},{"taxonomy":"post_tag","embeddable":true,"href":"https:\/\/nitu.mx\/index.php\/wp-json\/wp\/v2\/tags?post=74654"}],"curies":[{"name":"wp","href":"https:\/\/api.w.org\/{rel}","templated":true}]}}