{"id":74635,"date":"2024-09-04T23:02:57","date_gmt":"2024-09-05T05:02:57","guid":{"rendered":"https:\/\/nitu.mx\/?p=74635"},"modified":"2024-09-04T23:02:58","modified_gmt":"2024-09-05T05:02:58","slug":"tren-maya-ultimos-avances-y-diferencias-en-su-fase-final","status":"publish","type":"post","link":"https:\/\/nitu.mx\/index.php\/2024\/09\/04\/tren-maya-ultimos-avances-y-diferencias-en-su-fase-final\/","title":{"rendered":"Tren Maya: \u00daltimos avances y diferencias en su fase final"},"content":{"rendered":"<p>El Tren Maya, uno de los proyectos de infraestructura m\u00e1s importantes del sureste de M\u00e9xico, ha llegado a su fase final de construcci\u00f3n con avances significativos, pero con discrepancias en los informes oficiales sobre su progreso.<\/p>\n<p>Seg\u00fan el Gobierno Federal, los tramos 6 y 7, que comprenden las rutas de Tulum a Chetumal y de Chetumal a Esc\u00e1rcega, han avanzado un 94.1% y 91.8% respectivamente. Sin embargo, la Secretar\u00eda de Turismo (Sectur) ha reportado cifras m\u00e1s conservadoras, indicando un avance del 69.8% y 61.4% en los mismos tramos, con corte al 30 de junio.<\/p>\n<p>Estos tramos, que suman poco m\u00e1s de 500 km, han sido ejecutados bajo la supervisi\u00f3n de ingenieros militares. A pesar de las diferencias en los informes, el presidente Andr\u00e9s Manuel L\u00f3pez Obrador ha anunciado que la inauguraci\u00f3n del proyecto se llevar\u00e1 a cabo en las pr\u00f3ximas semanas, comenzando con recorridos en etapas desde Canc\u00fan hasta Tulum y m\u00e1s adelante hacia Palenque y Chetumal.<\/p>\n<p>Las discrepancias entre los datos del Sexto Informe Presidencial y los proporcionados por la Sectur han generado cuestionamientos. Miguel Torruco, titular de Sectur, ha aclarado que las diferencias se deben a la actualizaci\u00f3n de los avances, pero ha minimizado la importancia de estas discrepancias, destacando que el proyecto est\u00e1 cerca de su finalizaci\u00f3n.<\/p>\n<p>Torruco ha enfatizado que, independientemente de las cifras, lo relevante es que el circuito completo estar\u00e1 operativo para el cierre de la actual administraci\u00f3n.<\/p>\n<p>El proyecto, que originalmente fue presupuestado en 156,000 millones de pesos, ha visto su costo incrementado a 515,000 millones de pesos. Las razones detr\u00e1s de este aumento incluyen diversos amparos legales que, seg\u00fan funcionarios, han retrasado y encarecido la obra. A pesar de estos desaf\u00edos, el gobierno ha defendido el Tren Maya como un motor clave para el desarrollo econ\u00f3mico de la regi\u00f3n sureste del pa\u00eds.<\/p>\n<p>El Tren Maya se perfila como una pieza fundamental en el desarrollo tur\u00edstico y econ\u00f3mico del sureste mexicano, aunque su construcci\u00f3n no ha estado exenta de controversias, tanto por los costos elevados como por la variaci\u00f3n en los informes de avance (<a href=\"https:\/\/nitu.mx\/index.php\/2024\/08\/26\/subutilizacion-de-recursos-y-preocupacion-por-la-transparencia-en-tren-maya\/\">Subutilizaci\u00f3n de recursos y preocupaci\u00f3n por la transparencia en Tren Maya<\/a>).<\/p>\n","protected":false},"excerpt":{"rendered":"<p>El Tren Maya, uno de los proyectos de infraestructura m\u00e1s importantes del sureste de M\u00e9xico, ha llegado a su fase final de construcci\u00f3n con avances significativos, pero con discrepancias en los informes oficiales sobre su progreso. Seg\u00fan el Gobierno Federal, los tramos 6 y 7, que comprenden las rutas de Tulum a Chetumal y de [&hellip;]<\/p>\n","protected":false},"author":3,"featured_media":72011,"comment_status":"open","ping_status":"open","sticky":false,"template":"","format":"standard","meta":{"footnotes":""},"categories":[22813],"tags":[10994,43,93,11427],"yoast_head":"<!-- This site is optimized with the Yoast SEO plugin v22.2 - https:\/\/yoast.com\/wordpress\/plugins\/seo\/ -->\n<title>Tren Maya: \u00daltimos avances y diferencias en su fase final - Nitu - Noticias de la Industria Turistica<\/title>\n<meta name=\"robots\" content=\"index, follow, max-snippet:-1, max-image-preview:large, max-video-preview:-1\" \/>\n<link rel=\"canonical\" href=\"https:\/\/nitu.mx\/index.php\/2024\/09\/04\/tren-maya-ultimos-avances-y-diferencias-en-su-fase-final\/\" \/>\n<meta name=\"twitter:card\" content=\"summary_large_image\" \/>\n<meta name=\"twitter:title\" content=\"Tren Maya: \u00daltimos avances y diferencias en su fase final - Nitu - Noticias de la Industria Turistica\" \/>\n<meta name=\"twitter:description\" content=\"El Tren Maya, uno de los proyectos de infraestructura m\u00e1s importantes del sureste de M\u00e9xico, ha llegado a su fase final de construcci\u00f3n con avances significativos, pero con discrepancias en los informes oficiales sobre su progreso. Seg\u00fan el Gobierno Federal, los tramos 6 y 7, que comprenden las rutas de Tulum a Chetumal y de [&hellip;]\" \/>\n<meta name=\"twitter:image\" content=\"https:\/\/nitu.mx\/wp-content\/uploads\/2024\/06\/Tren-Maya-AMLO.jpg\" \/>\n<meta name=\"twitter:creator\" content=\"@NITUmx\" \/>\n<meta name=\"twitter:site\" content=\"@Arturo_Medina_G\" \/>\n<meta name=\"twitter:label1\" content=\"Escrito por\" \/>\n\t<meta name=\"twitter:data1\" content=\"Alejandra Moncisbays\" \/>\n\t<meta name=\"twitter:label2\" content=\"Tiempo de lectura\" \/>\n\t<meta name=\"twitter:data2\" content=\"2 minutos\" \/>\n<script type=\"application\/ld+json\" class=\"yoast-schema-graph\">{\"@context\":\"https:\/\/schema.org\",\"@graph\":[{\"@type\":\"Article\",\"@id\":\"https:\/\/nitu.mx\/index.php\/2024\/09\/04\/tren-maya-ultimos-avances-y-diferencias-en-su-fase-final\/#article\",\"isPartOf\":{\"@id\":\"https:\/\/nitu.mx\/index.php\/2024\/09\/04\/tren-maya-ultimos-avances-y-diferencias-en-su-fase-final\/\"},\"author\":{\"name\":\"Alejandra Moncisbays\",\"@id\":\"https:\/\/nitu.mx\/#\/schema\/person\/2ecd887b19dfd3382d1f14fc5acf24a8\"},\"headline\":\"Tren Maya: \u00daltimos avances y diferencias en su fase final\",\"datePublished\":\"2024-09-05T05:02:57+00:00\",\"dateModified\":\"2024-09-05T05:02:58+00:00\",\"mainEntityOfPage\":{\"@id\":\"https:\/\/nitu.mx\/index.php\/2024\/09\/04\/tren-maya-ultimos-avances-y-diferencias-en-su-fase-final\/\"},\"wordCount\":382,\"commentCount\":0,\"publisher\":{\"@id\":\"https:\/\/nitu.mx\/#\/schema\/person\/ae7a53426417292d3dd07b45a33e01bc\"},\"image\":{\"@id\":\"https:\/\/nitu.mx\/index.php\/2024\/09\/04\/tren-maya-ultimos-avances-y-diferencias-en-su-fase-final\/#primaryimage\"},\"thumbnailUrl\":\"https:\/\/nitu.mx\/wp-content\/uploads\/2024\/06\/Tren-Maya-AMLO.jpg\",\"keywords\":[\"AMLO\",\"Canc\u00fan\",\"Sectur\",\"Tren Maya\"],\"articleSection\":[\"Tren Maya\"],\"inLanguage\":\"es-MX\",\"potentialAction\":[{\"@type\":\"CommentAction\",\"name\":\"Comment\",\"target\":[\"https:\/\/nitu.mx\/index.php\/2024\/09\/04\/tren-maya-ultimos-avances-y-diferencias-en-su-fase-final\/#respond\"]}]},{\"@type\":\"WebPage\",\"@id\":\"https:\/\/nitu.mx\/index.php\/2024\/09\/04\/tren-maya-ultimos-avances-y-diferencias-en-su-fase-final\/\",\"url\":\"https:\/\/nitu.mx\/index.php\/2024\/09\/04\/tren-maya-ultimos-avances-y-diferencias-en-su-fase-final\/\",\"name\":\"Tren Maya: \u00daltimos avances y diferencias en su fase final - Nitu - Noticias de la Industria Turistica\",\"isPartOf\":{\"@id\":\"https:\/\/nitu.mx\/#website\"},\"primaryImageOfPage\":{\"@id\":\"https:\/\/nitu.mx\/index.php\/2024\/09\/04\/tren-maya-ultimos-avances-y-diferencias-en-su-fase-final\/#primaryimage\"},\"image\":{\"@id\":\"https:\/\/nitu.mx\/index.php\/2024\/09\/04\/tren-maya-ultimos-avances-y-diferencias-en-su-fase-final\/#primaryimage\"},\"thumbnailUrl\":\"https:\/\/nitu.mx\/wp-content\/uploads\/2024\/06\/Tren-Maya-AMLO.jpg\",\"datePublished\":\"2024-09-05T05:02:57+00:00\",\"dateModified\":\"2024-09-05T05:02:58+00:00\",\"breadcrumb\":{\"@id\":\"https:\/\/nitu.mx\/index.php\/2024\/09\/04\/tren-maya-ultimos-avances-y-diferencias-en-su-fase-final\/#breadcrumb\"},\"inLanguage\":\"es-MX\",\"potentialAction\":[{\"@type\":\"ReadAction\",\"target\":[\"https:\/\/nitu.mx\/index.php\/2024\/09\/04\/tren-maya-ultimos-avances-y-diferencias-en-su-fase-final\/\"]}]},{\"@type\":\"ImageObject\",\"inLanguage\":\"es-MX\",\"@id\":\"https:\/\/nitu.mx\/index.php\/2024\/09\/04\/tren-maya-ultimos-avances-y-diferencias-en-su-fase-final\/#primaryimage\",\"url\":\"https:\/\/nitu.mx\/wp-content\/uploads\/2024\/06\/Tren-Maya-AMLO.jpg\",\"contentUrl\":\"https:\/\/nitu.mx\/wp-content\/uploads\/2024\/06\/Tren-Maya-AMLO.jpg\",\"width\":1200,\"height\":675,\"caption\":\"Tren Maya\"},{\"@type\":\"BreadcrumbList\",\"@id\":\"https:\/\/nitu.mx\/index.php\/2024\/09\/04\/tren-maya-ultimos-avances-y-diferencias-en-su-fase-final\/#breadcrumb\",\"itemListElement\":[{\"@type\":\"ListItem\",\"position\":1,\"name\":\"Inicio\",\"item\":\"https:\/\/nitu.mx\/\"},{\"@type\":\"ListItem\",\"position\":2,\"name\":\"Tren Maya: \u00daltimos avances y diferencias en su fase final\"}]},{\"@type\":\"WebSite\",\"@id\":\"https:\/\/nitu.mx\/#website\",\"url\":\"https:\/\/nitu.mx\/\",\"name\":\"Nitu - Noticias de la Industria Turistica\",\"description\":\"Noticias de la Industria Turistica\",\"publisher\":{\"@id\":\"https:\/\/nitu.mx\/#\/schema\/person\/ae7a53426417292d3dd07b45a33e01bc\"},\"alternateName\":\"Noticias de la Industria Turistica\",\"potentialAction\":[{\"@type\":\"SearchAction\",\"target\":{\"@type\":\"EntryPoint\",\"urlTemplate\":\"https:\/\/nitu.mx\/?s={search_term_string}\"},\"query-input\":\"required name=search_term_string\"}],\"inLanguage\":\"es-MX\"},{\"@type\":[\"Person\",\"Organization\"],\"@id\":\"https:\/\/nitu.mx\/#\/schema\/person\/ae7a53426417292d3dd07b45a33e01bc\",\"name\":\"Arturo Medina\",\"image\":{\"@type\":\"ImageObject\",\"inLanguage\":\"es-MX\",\"@id\":\"https:\/\/nitu.mx\/#\/schema\/person\/image\/\",\"url\":\"https:\/\/nitu.mx\/wp-content\/uploads\/2024\/04\/4A315622-1904-4D5C-B022-878CDC840E04-90x90-1.jpeg\",\"contentUrl\":\"https:\/\/nitu.mx\/wp-content\/uploads\/2024\/04\/4A315622-1904-4D5C-B022-878CDC840E04-90x90-1.jpeg\",\"width\":90,\"height\":90,\"caption\":\"Arturo Medina\"},\"logo\":{\"@id\":\"https:\/\/nitu.mx\/#\/schema\/person\/image\/\"},\"description\":\"Director NITU.mx, Egresado de la Escuela de Periodismo Carlos Septi\u00e9n Garc\u00eda. Periodista y analista especializado en turismo desde hace 35 a\u00f1os, radicado en Canc\u00fan Q.Roo. arturo@nitu.mx\",\"sameAs\":[\"https:\/\/nitu.mx\",\"https:\/\/www.facebook.com\/NITUmx\/\",\"medinacancun\",\"https:\/\/twitter.com\/@Arturo_Medina_G\"]},{\"@type\":\"Person\",\"@id\":\"https:\/\/nitu.mx\/#\/schema\/person\/2ecd887b19dfd3382d1f14fc5acf24a8\",\"name\":\"Alejandra Moncisbays\",\"image\":{\"@type\":\"ImageObject\",\"inLanguage\":\"es-MX\",\"@id\":\"https:\/\/nitu.mx\/#\/schema\/person\/image\/\",\"url\":\"https:\/\/secure.gravatar.com\/avatar\/e74f7af0be172b7804dacfd0bfbef787?s=96&d=mm&r=g\",\"contentUrl\":\"https:\/\/secure.gravatar.com\/avatar\/e74f7af0be172b7804dacfd0bfbef787?s=96&d=mm&r=g\",\"caption\":\"Alejandra Moncisbays\"},\"description\":\"Curs\u00e9 la carrera de Periodismo y Comunicaci\u00f3n en la Facultad de Estudios Profesionales Acatl\u00e1n. Vivo en Canc\u00fan desde hace 24 a\u00f1os. Fui reportera de La Tarde de Canc\u00fan, y Novedades de Quintana Roo, colabor\u00e9 en TVCUN, edit\u00e9 Cancun\u00edssimo y colabor\u00e9 en las revistas Latitud21, entre otras, con principal enfoque en los sectores empresarial y tur\u00edstico. Desde hace varios a\u00f1os soy Agente de Seguros con c\u00e9dula de la Comisi\u00f3n Nacional de Seguros y Fianzas. Actualmente, me desarrollo en los \u00e1mbitos del periodismo y el sector asegurador.\",\"sameAs\":[\"https:\/\/nitu.mx\"],\"url\":\"https:\/\/nitu.mx\/index.php\/author\/alejandra\/\"}]}<\/script>\n<!-- \/ Yoast SEO plugin. -->","yoast_head_json":{"title":"Tren Maya: \u00daltimos avances y diferencias en su fase final - Nitu - Noticias de la Industria Turistica","robots":{"index":"index","follow":"follow","max-snippet":"max-snippet:-1","max-image-preview":"max-image-preview:large","max-video-preview":"max-video-preview:-1"},"canonical":"https:\/\/nitu.mx\/index.php\/2024\/09\/04\/tren-maya-ultimos-avances-y-diferencias-en-su-fase-final\/","twitter_card":"summary_large_image","twitter_title":"Tren Maya: \u00daltimos avances y diferencias en su fase final - Nitu - Noticias de la Industria Turistica","twitter_description":"El Tren Maya, uno de los proyectos de infraestructura m\u00e1s importantes del sureste de M\u00e9xico, ha llegado a su fase final de construcci\u00f3n con avances significativos, pero con discrepancias en los informes oficiales sobre su progreso. Seg\u00fan el Gobierno Federal, los tramos 6 y 7, que comprenden las rutas de Tulum a Chetumal y de [&hellip;]","twitter_image":"https:\/\/nitu.mx\/wp-content\/uploads\/2024\/06\/Tren-Maya-AMLO.jpg","twitter_creator":"@NITUmx","twitter_site":"@Arturo_Medina_G","twitter_misc":{"Escrito por":"Alejandra Moncisbays","Tiempo de lectura":"2 minutos"},"schema":{"@context":"https:\/\/schema.org","@graph":[{"@type":"Article","@id":"https:\/\/nitu.mx\/index.php\/2024\/09\/04\/tren-maya-ultimos-avances-y-diferencias-en-su-fase-final\/#article","isPartOf":{"@id":"https:\/\/nitu.mx\/index.php\/2024\/09\/04\/tren-maya-ultimos-avances-y-diferencias-en-su-fase-final\/"},"author":{"name":"Alejandra Moncisbays","@id":"https:\/\/nitu.mx\/#\/schema\/person\/2ecd887b19dfd3382d1f14fc5acf24a8"},"headline":"Tren Maya: \u00daltimos avances y diferencias en su fase final","datePublished":"2024-09-05T05:02:57+00:00","dateModified":"2024-09-05T05:02:58+00:00","mainEntityOfPage":{"@id":"https:\/\/nitu.mx\/index.php\/2024\/09\/04\/tren-maya-ultimos-avances-y-diferencias-en-su-fase-final\/"},"wordCount":382,"commentCount":0,"publisher":{"@id":"https:\/\/nitu.mx\/#\/schema\/person\/ae7a53426417292d3dd07b45a33e01bc"},"image":{"@id":"https:\/\/nitu.mx\/index.php\/2024\/09\/04\/tren-maya-ultimos-avances-y-diferencias-en-su-fase-final\/#primaryimage"},"thumbnailUrl":"https:\/\/nitu.mx\/wp-content\/uploads\/2024\/06\/Tren-Maya-AMLO.jpg","keywords":["AMLO","Canc\u00fan","Sectur","Tren Maya"],"articleSection":["Tren Maya"],"inLanguage":"es-MX","potentialAction":[{"@type":"CommentAction","name":"Comment","target":["https:\/\/nitu.mx\/index.php\/2024\/09\/04\/tren-maya-ultimos-avances-y-diferencias-en-su-fase-final\/#respond"]}]},{"@type":"WebPage","@id":"https:\/\/nitu.mx\/index.php\/2024\/09\/04\/tren-maya-ultimos-avances-y-diferencias-en-su-fase-final\/","url":"https:\/\/nitu.mx\/index.php\/2024\/09\/04\/tren-maya-ultimos-avances-y-diferencias-en-su-fase-final\/","name":"Tren Maya: \u00daltimos avances y diferencias en su fase final - Nitu - Noticias de la Industria Turistica","isPartOf":{"@id":"https:\/\/nitu.mx\/#website"},"primaryImageOfPage":{"@id":"https:\/\/nitu.mx\/index.php\/2024\/09\/04\/tren-maya-ultimos-avances-y-diferencias-en-su-fase-final\/#primaryimage"},"image":{"@id":"https:\/\/nitu.mx\/index.php\/2024\/09\/04\/tren-maya-ultimos-avances-y-diferencias-en-su-fase-final\/#primaryimage"},"thumbnailUrl":"https:\/\/nitu.mx\/wp-content\/uploads\/2024\/06\/Tren-Maya-AMLO.jpg","datePublished":"2024-09-05T05:02:57+00:00","dateModified":"2024-09-05T05:02:58+00:00","breadcrumb":{"@id":"https:\/\/nitu.mx\/index.php\/2024\/09\/04\/tren-maya-ultimos-avances-y-diferencias-en-su-fase-final\/#breadcrumb"},"inLanguage":"es-MX","potentialAction":[{"@type":"ReadAction","target":["https:\/\/nitu.mx\/index.php\/2024\/09\/04\/tren-maya-ultimos-avances-y-diferencias-en-su-fase-final\/"]}]},{"@type":"ImageObject","inLanguage":"es-MX","@id":"https:\/\/nitu.mx\/index.php\/2024\/09\/04\/tren-maya-ultimos-avances-y-diferencias-en-su-fase-final\/#primaryimage","url":"https:\/\/nitu.mx\/wp-content\/uploads\/2024\/06\/Tren-Maya-AMLO.jpg","contentUrl":"https:\/\/nitu.mx\/wp-content\/uploads\/2024\/06\/Tren-Maya-AMLO.jpg","width":1200,"height":675,"caption":"Tren Maya"},{"@type":"BreadcrumbList","@id":"https:\/\/nitu.mx\/index.php\/2024\/09\/04\/tren-maya-ultimos-avances-y-diferencias-en-su-fase-final\/#breadcrumb","itemListElement":[{"@type":"ListItem","position":1,"name":"Inicio","item":"https:\/\/nitu.mx\/"},{"@type":"ListItem","position":2,"name":"Tren Maya: \u00daltimos avances y diferencias en su fase final"}]},{"@type":"WebSite","@id":"https:\/\/nitu.mx\/#website","url":"https:\/\/nitu.mx\/","name":"Nitu - Noticias de la Industria Turistica","description":"Noticias de la Industria Turistica","publisher":{"@id":"https:\/\/nitu.mx\/#\/schema\/person\/ae7a53426417292d3dd07b45a33e01bc"},"alternateName":"Noticias de la Industria Turistica","potentialAction":[{"@type":"SearchAction","target":{"@type":"EntryPoint","urlTemplate":"https:\/\/nitu.mx\/?s={search_term_string}"},"query-input":"required name=search_term_string"}],"inLanguage":"es-MX"},{"@type":["Person","Organization"],"@id":"https:\/\/nitu.mx\/#\/schema\/person\/ae7a53426417292d3dd07b45a33e01bc","name":"Arturo Medina","image":{"@type":"ImageObject","inLanguage":"es-MX","@id":"https:\/\/nitu.mx\/#\/schema\/person\/image\/","url":"https:\/\/nitu.mx\/wp-content\/uploads\/2024\/04\/4A315622-1904-4D5C-B022-878CDC840E04-90x90-1.jpeg","contentUrl":"https:\/\/nitu.mx\/wp-content\/uploads\/2024\/04\/4A315622-1904-4D5C-B022-878CDC840E04-90x90-1.jpeg","width":90,"height":90,"caption":"Arturo Medina"},"logo":{"@id":"https:\/\/nitu.mx\/#\/schema\/person\/image\/"},"description":"Director NITU.mx, Egresado de la Escuela de Periodismo Carlos Septi\u00e9n Garc\u00eda. Periodista y analista especializado en turismo desde hace 35 a\u00f1os, radicado en Canc\u00fan Q.Roo. arturo@nitu.mx","sameAs":["https:\/\/nitu.mx","https:\/\/www.facebook.com\/NITUmx\/","medinacancun","https:\/\/twitter.com\/@Arturo_Medina_G"]},{"@type":"Person","@id":"https:\/\/nitu.mx\/#\/schema\/person\/2ecd887b19dfd3382d1f14fc5acf24a8","name":"Alejandra Moncisbays","image":{"@type":"ImageObject","inLanguage":"es-MX","@id":"https:\/\/nitu.mx\/#\/schema\/person\/image\/","url":"https:\/\/secure.gravatar.com\/avatar\/e74f7af0be172b7804dacfd0bfbef787?s=96&d=mm&r=g","contentUrl":"https:\/\/secure.gravatar.com\/avatar\/e74f7af0be172b7804dacfd0bfbef787?s=96&d=mm&r=g","caption":"Alejandra Moncisbays"},"description":"Curs\u00e9 la carrera de Periodismo y Comunicaci\u00f3n en la Facultad de Estudios Profesionales Acatl\u00e1n. Vivo en Canc\u00fan desde hace 24 a\u00f1os. Fui reportera de La Tarde de Canc\u00fan, y Novedades de Quintana Roo, colabor\u00e9 en TVCUN, edit\u00e9 Cancun\u00edssimo y colabor\u00e9 en las revistas Latitud21, entre otras, con principal enfoque en los sectores empresarial y tur\u00edstico. Desde hace varios a\u00f1os soy Agente de Seguros con c\u00e9dula de la Comisi\u00f3n Nacional de Seguros y Fianzas. Actualmente, me desarrollo en los \u00e1mbitos del periodismo y el sector asegurador.","sameAs":["https:\/\/nitu.mx"],"url":"https:\/\/nitu.mx\/index.php\/author\/alejandra\/"}]}},"views":599,"_links":{"self":[{"href":"https:\/\/nitu.mx\/index.php\/wp-json\/wp\/v2\/posts\/74635"}],"collection":[{"href":"https:\/\/nitu.mx\/index.php\/wp-json\/wp\/v2\/posts"}],"about":[{"href":"https:\/\/nitu.mx\/index.php\/wp-json\/wp\/v2\/types\/post"}],"author":[{"embeddable":true,"href":"https:\/\/nitu.mx\/index.php\/wp-json\/wp\/v2\/users\/3"}],"replies":[{"embeddable":true,"href":"https:\/\/nitu.mx\/index.php\/wp-json\/wp\/v2\/comments?post=74635"}],"version-history":[{"count":2,"href":"https:\/\/nitu.mx\/index.php\/wp-json\/wp\/v2\/posts\/74635\/revisions"}],"predecessor-version":[{"id":74646,"href":"https:\/\/nitu.mx\/index.php\/wp-json\/wp\/v2\/posts\/74635\/revisions\/74646"}],"wp:featuredmedia":[{"embeddable":true,"href":"https:\/\/nitu.mx\/index.php\/wp-json\/wp\/v2\/media\/72011"}],"wp:attachment":[{"href":"https:\/\/nitu.mx\/index.php\/wp-json\/wp\/v2\/media?parent=74635"}],"wp:term":[{"taxonomy":"category","embeddable":true,"href":"https:\/\/nitu.mx\/index.php\/wp-json\/wp\/v2\/categories?post=74635"},{"taxonomy":"post_tag","embeddable":true,"href":"https:\/\/nitu.mx\/index.php\/wp-json\/wp\/v2\/tags?post=74635"}],"curies":[{"name":"wp","href":"https:\/\/api.w.org\/{rel}","templated":true}]}}