{"id":74625,"date":"2024-09-04T22:51:51","date_gmt":"2024-09-05T04:51:51","guid":{"rendered":"https:\/\/nitu.mx\/?p=74625"},"modified":"2024-09-04T22:51:52","modified_gmt":"2024-09-05T04:51:52","slug":"aerolineas-en-mexico-los-tres-principales-lugares","status":"publish","type":"post","link":"https:\/\/nitu.mx\/index.php\/2024\/09\/04\/aerolineas-en-mexico-los-tres-principales-lugares\/","title":{"rendered":"Aerol\u00edneas en M\u00e9xico, los tres principales lugares"},"content":{"rendered":"<p>Durante los primeros siete meses de 2024, Viva Aerobus ha superado a Volaris en tr\u00e1fico de pasajeros nacionales, con 13.18 millones frente a 11.62 millones de Volaris, lo que representa una diferencia del 13.5%.<\/p>\n<p>El a\u00f1o pasado, Volaris ten\u00eda una ventaja mayor sobre Viva Aerobus en vuelos nacionales, sin embargo, al considerar el total de pasajeros, incluyendo vuelos nacionales e internacionales, la aerol\u00ednea sigue liderando con 15.22 millones frente a los 14.64 millones de Viva Aerobus. A pesar de la brecha, esta ha disminuido significativamente en el \u00faltimo a\u00f1o, pasando de m\u00e1s de 4.8 millones a solo 585 mil 413 pasajeros.<\/p>\n<p>Por otro lado, Aerom\u00e9xico, que no es una aerol\u00ednea de bajo costo, acumula 14.66 millones de pasajeros entre sus dos filiales. Juntas, las tres aerol\u00edneas representan el 99% de los pasajeros transportados por empresas de bandera mexicana, seg\u00fan datos de la AFAC. (<a href=\"https:\/\/nitu.mx\/index.php\/2024\/09\/02\/viva-aerobus-acorta-distancias-con-volaris-en-trafico-de-pasajeros\/\">Viva Aerobus acorta distancias con Volaris en tr\u00e1fico de pasajeros<\/a>).<\/p>\n","protected":false},"excerpt":{"rendered":"<p>Durante los primeros siete meses de 2024, Viva Aerobus ha superado a Volaris en tr\u00e1fico de pasajeros nacionales, con 13.18 millones frente a 11.62 millones de Volaris, lo que representa una diferencia del 13.5%. El a\u00f1o pasado, Volaris ten\u00eda una ventaja mayor sobre Viva Aerobus en vuelos nacionales, sin embargo, al considerar el total de [&hellip;]<\/p>\n","protected":false},"author":3,"featured_media":45291,"comment_status":"open","ping_status":"open","sticky":false,"template":"","format":"standard","meta":{"footnotes":""},"categories":[29],"tags":[2259,30,68,5168,2102,131],"yoast_head":"<!-- This site is optimized with the Yoast SEO plugin v22.2 - https:\/\/yoast.com\/wordpress\/plugins\/seo\/ -->\n<title>Aerol\u00edneas en M\u00e9xico, los tres principales lugares - Nitu - Noticias de la Industria Turistica<\/title>\n<meta name=\"robots\" content=\"index, follow, max-snippet:-1, max-image-preview:large, max-video-preview:-1\" \/>\n<link rel=\"canonical\" href=\"https:\/\/nitu.mx\/index.php\/2024\/09\/04\/aerolineas-en-mexico-los-tres-principales-lugares\/\" \/>\n<meta name=\"twitter:card\" content=\"summary_large_image\" \/>\n<meta name=\"twitter:title\" content=\"Aerol\u00edneas en M\u00e9xico, los tres principales lugares - Nitu - Noticias de la Industria Turistica\" \/>\n<meta name=\"twitter:description\" content=\"Durante los primeros siete meses de 2024, Viva Aerobus ha superado a Volaris en tr\u00e1fico de pasajeros nacionales, con 13.18 millones frente a 11.62 millones de Volaris, lo que representa una diferencia del 13.5%. El a\u00f1o pasado, Volaris ten\u00eda una ventaja mayor sobre Viva Aerobus en vuelos nacionales, sin embargo, al considerar el total de [&hellip;]\" \/>\n<meta name=\"twitter:image\" content=\"https:\/\/nitu.mx\/wp-content\/uploads\/2020\/08\/Aeromexico-volaris-y-Viva-Aerobus.jpg\" \/>\n<meta name=\"twitter:creator\" content=\"@NITUmx\" \/>\n<meta name=\"twitter:site\" content=\"@Arturo_Medina_G\" \/>\n<meta name=\"twitter:label1\" content=\"Escrito por\" \/>\n\t<meta name=\"twitter:data1\" content=\"Alejandra Moncisbays\" \/>\n\t<meta name=\"twitter:label2\" content=\"Tiempo de lectura\" \/>\n\t<meta name=\"twitter:data2\" content=\"1 minuto\" \/>\n<script type=\"application\/ld+json\" class=\"yoast-schema-graph\">{\"@context\":\"https:\/\/schema.org\",\"@graph\":[{\"@type\":\"Article\",\"@id\":\"https:\/\/nitu.mx\/index.php\/2024\/09\/04\/aerolineas-en-mexico-los-tres-principales-lugares\/#article\",\"isPartOf\":{\"@id\":\"https:\/\/nitu.mx\/index.php\/2024\/09\/04\/aerolineas-en-mexico-los-tres-principales-lugares\/\"},\"author\":{\"name\":\"Alejandra Moncisbays\",\"@id\":\"https:\/\/nitu.mx\/#\/schema\/person\/2ecd887b19dfd3382d1f14fc5acf24a8\"},\"headline\":\"Aerol\u00edneas en M\u00e9xico, los tres principales lugares\",\"datePublished\":\"2024-09-05T04:51:51+00:00\",\"dateModified\":\"2024-09-05T04:51:52+00:00\",\"mainEntityOfPage\":{\"@id\":\"https:\/\/nitu.mx\/index.php\/2024\/09\/04\/aerolineas-en-mexico-los-tres-principales-lugares\/\"},\"wordCount\":162,\"commentCount\":0,\"publisher\":{\"@id\":\"https:\/\/nitu.mx\/#\/schema\/person\/ae7a53426417292d3dd07b45a33e01bc\"},\"image\":{\"@id\":\"https:\/\/nitu.mx\/index.php\/2024\/09\/04\/aerolineas-en-mexico-los-tres-principales-lugares\/#primaryimage\"},\"thumbnailUrl\":\"https:\/\/nitu.mx\/wp-content\/uploads\/2020\/08\/Aeromexico-volaris-y-Viva-Aerobus.jpg\",\"keywords\":[\"aerol\u00edneas\",\"Aerom\u00e9xico\",\"M\u00e9xico\",\"rutas\",\"Viva Aerobus\",\"Volaris\"],\"articleSection\":[\"Aerol\u00edneas\"],\"inLanguage\":\"es-MX\",\"potentialAction\":[{\"@type\":\"CommentAction\",\"name\":\"Comment\",\"target\":[\"https:\/\/nitu.mx\/index.php\/2024\/09\/04\/aerolineas-en-mexico-los-tres-principales-lugares\/#respond\"]}]},{\"@type\":\"WebPage\",\"@id\":\"https:\/\/nitu.mx\/index.php\/2024\/09\/04\/aerolineas-en-mexico-los-tres-principales-lugares\/\",\"url\":\"https:\/\/nitu.mx\/index.php\/2024\/09\/04\/aerolineas-en-mexico-los-tres-principales-lugares\/\",\"name\":\"Aerol\u00edneas en M\u00e9xico, los tres principales lugares - Nitu - Noticias de la Industria Turistica\",\"isPartOf\":{\"@id\":\"https:\/\/nitu.mx\/#website\"},\"primaryImageOfPage\":{\"@id\":\"https:\/\/nitu.mx\/index.php\/2024\/09\/04\/aerolineas-en-mexico-los-tres-principales-lugares\/#primaryimage\"},\"image\":{\"@id\":\"https:\/\/nitu.mx\/index.php\/2024\/09\/04\/aerolineas-en-mexico-los-tres-principales-lugares\/#primaryimage\"},\"thumbnailUrl\":\"https:\/\/nitu.mx\/wp-content\/uploads\/2020\/08\/Aeromexico-volaris-y-Viva-Aerobus.jpg\",\"datePublished\":\"2024-09-05T04:51:51+00:00\",\"dateModified\":\"2024-09-05T04:51:52+00:00\",\"breadcrumb\":{\"@id\":\"https:\/\/nitu.mx\/index.php\/2024\/09\/04\/aerolineas-en-mexico-los-tres-principales-lugares\/#breadcrumb\"},\"inLanguage\":\"es-MX\",\"potentialAction\":[{\"@type\":\"ReadAction\",\"target\":[\"https:\/\/nitu.mx\/index.php\/2024\/09\/04\/aerolineas-en-mexico-los-tres-principales-lugares\/\"]}]},{\"@type\":\"ImageObject\",\"inLanguage\":\"es-MX\",\"@id\":\"https:\/\/nitu.mx\/index.php\/2024\/09\/04\/aerolineas-en-mexico-los-tres-principales-lugares\/#primaryimage\",\"url\":\"https:\/\/nitu.mx\/wp-content\/uploads\/2020\/08\/Aeromexico-volaris-y-Viva-Aerobus.jpg\",\"contentUrl\":\"https:\/\/nitu.mx\/wp-content\/uploads\/2020\/08\/Aeromexico-volaris-y-Viva-Aerobus.jpg\",\"width\":1200,\"height\":675,\"caption\":\"Aeromexico, volaris y Viva Aerobus aerol\u00edneas\"},{\"@type\":\"BreadcrumbList\",\"@id\":\"https:\/\/nitu.mx\/index.php\/2024\/09\/04\/aerolineas-en-mexico-los-tres-principales-lugares\/#breadcrumb\",\"itemListElement\":[{\"@type\":\"ListItem\",\"position\":1,\"name\":\"Inicio\",\"item\":\"https:\/\/nitu.mx\/\"},{\"@type\":\"ListItem\",\"position\":2,\"name\":\"Aerol\u00edneas en M\u00e9xico, los tres principales lugares\"}]},{\"@type\":\"WebSite\",\"@id\":\"https:\/\/nitu.mx\/#website\",\"url\":\"https:\/\/nitu.mx\/\",\"name\":\"Nitu - Noticias de la Industria Turistica\",\"description\":\"Noticias de la Industria Turistica\",\"publisher\":{\"@id\":\"https:\/\/nitu.mx\/#\/schema\/person\/ae7a53426417292d3dd07b45a33e01bc\"},\"alternateName\":\"Noticias de la Industria Turistica\",\"potentialAction\":[{\"@type\":\"SearchAction\",\"target\":{\"@type\":\"EntryPoint\",\"urlTemplate\":\"https:\/\/nitu.mx\/?s={search_term_string}\"},\"query-input\":\"required name=search_term_string\"}],\"inLanguage\":\"es-MX\"},{\"@type\":[\"Person\",\"Organization\"],\"@id\":\"https:\/\/nitu.mx\/#\/schema\/person\/ae7a53426417292d3dd07b45a33e01bc\",\"name\":\"Arturo Medina\",\"image\":{\"@type\":\"ImageObject\",\"inLanguage\":\"es-MX\",\"@id\":\"https:\/\/nitu.mx\/#\/schema\/person\/image\/\",\"url\":\"https:\/\/nitu.mx\/wp-content\/uploads\/2024\/04\/4A315622-1904-4D5C-B022-878CDC840E04-90x90-1.jpeg\",\"contentUrl\":\"https:\/\/nitu.mx\/wp-content\/uploads\/2024\/04\/4A315622-1904-4D5C-B022-878CDC840E04-90x90-1.jpeg\",\"width\":90,\"height\":90,\"caption\":\"Arturo Medina\"},\"logo\":{\"@id\":\"https:\/\/nitu.mx\/#\/schema\/person\/image\/\"},\"description\":\"Director NITU.mx, Egresado de la Escuela de Periodismo Carlos Septi\u00e9n Garc\u00eda. Periodista y analista especializado en turismo desde hace 35 a\u00f1os, radicado en Canc\u00fan Q.Roo. arturo@nitu.mx\",\"sameAs\":[\"https:\/\/nitu.mx\",\"https:\/\/www.facebook.com\/NITUmx\/\",\"medinacancun\",\"https:\/\/twitter.com\/@Arturo_Medina_G\"]},{\"@type\":\"Person\",\"@id\":\"https:\/\/nitu.mx\/#\/schema\/person\/2ecd887b19dfd3382d1f14fc5acf24a8\",\"name\":\"Alejandra Moncisbays\",\"image\":{\"@type\":\"ImageObject\",\"inLanguage\":\"es-MX\",\"@id\":\"https:\/\/nitu.mx\/#\/schema\/person\/image\/\",\"url\":\"https:\/\/secure.gravatar.com\/avatar\/e74f7af0be172b7804dacfd0bfbef787?s=96&d=mm&r=g\",\"contentUrl\":\"https:\/\/secure.gravatar.com\/avatar\/e74f7af0be172b7804dacfd0bfbef787?s=96&d=mm&r=g\",\"caption\":\"Alejandra Moncisbays\"},\"description\":\"Curs\u00e9 la carrera de Periodismo y Comunicaci\u00f3n en la Facultad de Estudios Profesionales Acatl\u00e1n. Vivo en Canc\u00fan desde hace 24 a\u00f1os. Fui reportera de La Tarde de Canc\u00fan, y Novedades de Quintana Roo, colabor\u00e9 en TVCUN, edit\u00e9 Cancun\u00edssimo y colabor\u00e9 en las revistas Latitud21, entre otras, con principal enfoque en los sectores empresarial y tur\u00edstico. Desde hace varios a\u00f1os soy Agente de Seguros con c\u00e9dula de la Comisi\u00f3n Nacional de Seguros y Fianzas. Actualmente, me desarrollo en los \u00e1mbitos del periodismo y el sector asegurador.\",\"sameAs\":[\"https:\/\/nitu.mx\"],\"url\":\"https:\/\/nitu.mx\/index.php\/author\/alejandra\/\"}]}<\/script>\n<!-- \/ Yoast SEO plugin. -->","yoast_head_json":{"title":"Aerol\u00edneas en M\u00e9xico, los tres principales lugares - Nitu - Noticias de la Industria Turistica","robots":{"index":"index","follow":"follow","max-snippet":"max-snippet:-1","max-image-preview":"max-image-preview:large","max-video-preview":"max-video-preview:-1"},"canonical":"https:\/\/nitu.mx\/index.php\/2024\/09\/04\/aerolineas-en-mexico-los-tres-principales-lugares\/","twitter_card":"summary_large_image","twitter_title":"Aerol\u00edneas en M\u00e9xico, los tres principales lugares - Nitu - Noticias de la Industria Turistica","twitter_description":"Durante los primeros siete meses de 2024, Viva Aerobus ha superado a Volaris en tr\u00e1fico de pasajeros nacionales, con 13.18 millones frente a 11.62 millones de Volaris, lo que representa una diferencia del 13.5%. El a\u00f1o pasado, Volaris ten\u00eda una ventaja mayor sobre Viva Aerobus en vuelos nacionales, sin embargo, al considerar el total de [&hellip;]","twitter_image":"https:\/\/nitu.mx\/wp-content\/uploads\/2020\/08\/Aeromexico-volaris-y-Viva-Aerobus.jpg","twitter_creator":"@NITUmx","twitter_site":"@Arturo_Medina_G","twitter_misc":{"Escrito por":"Alejandra Moncisbays","Tiempo de lectura":"1 minuto"},"schema":{"@context":"https:\/\/schema.org","@graph":[{"@type":"Article","@id":"https:\/\/nitu.mx\/index.php\/2024\/09\/04\/aerolineas-en-mexico-los-tres-principales-lugares\/#article","isPartOf":{"@id":"https:\/\/nitu.mx\/index.php\/2024\/09\/04\/aerolineas-en-mexico-los-tres-principales-lugares\/"},"author":{"name":"Alejandra Moncisbays","@id":"https:\/\/nitu.mx\/#\/schema\/person\/2ecd887b19dfd3382d1f14fc5acf24a8"},"headline":"Aerol\u00edneas en M\u00e9xico, los tres principales lugares","datePublished":"2024-09-05T04:51:51+00:00","dateModified":"2024-09-05T04:51:52+00:00","mainEntityOfPage":{"@id":"https:\/\/nitu.mx\/index.php\/2024\/09\/04\/aerolineas-en-mexico-los-tres-principales-lugares\/"},"wordCount":162,"commentCount":0,"publisher":{"@id":"https:\/\/nitu.mx\/#\/schema\/person\/ae7a53426417292d3dd07b45a33e01bc"},"image":{"@id":"https:\/\/nitu.mx\/index.php\/2024\/09\/04\/aerolineas-en-mexico-los-tres-principales-lugares\/#primaryimage"},"thumbnailUrl":"https:\/\/nitu.mx\/wp-content\/uploads\/2020\/08\/Aeromexico-volaris-y-Viva-Aerobus.jpg","keywords":["aerol\u00edneas","Aerom\u00e9xico","M\u00e9xico","rutas","Viva Aerobus","Volaris"],"articleSection":["Aerol\u00edneas"],"inLanguage":"es-MX","potentialAction":[{"@type":"CommentAction","name":"Comment","target":["https:\/\/nitu.mx\/index.php\/2024\/09\/04\/aerolineas-en-mexico-los-tres-principales-lugares\/#respond"]}]},{"@type":"WebPage","@id":"https:\/\/nitu.mx\/index.php\/2024\/09\/04\/aerolineas-en-mexico-los-tres-principales-lugares\/","url":"https:\/\/nitu.mx\/index.php\/2024\/09\/04\/aerolineas-en-mexico-los-tres-principales-lugares\/","name":"Aerol\u00edneas en M\u00e9xico, los tres principales lugares - Nitu - Noticias de la Industria Turistica","isPartOf":{"@id":"https:\/\/nitu.mx\/#website"},"primaryImageOfPage":{"@id":"https:\/\/nitu.mx\/index.php\/2024\/09\/04\/aerolineas-en-mexico-los-tres-principales-lugares\/#primaryimage"},"image":{"@id":"https:\/\/nitu.mx\/index.php\/2024\/09\/04\/aerolineas-en-mexico-los-tres-principales-lugares\/#primaryimage"},"thumbnailUrl":"https:\/\/nitu.mx\/wp-content\/uploads\/2020\/08\/Aeromexico-volaris-y-Viva-Aerobus.jpg","datePublished":"2024-09-05T04:51:51+00:00","dateModified":"2024-09-05T04:51:52+00:00","breadcrumb":{"@id":"https:\/\/nitu.mx\/index.php\/2024\/09\/04\/aerolineas-en-mexico-los-tres-principales-lugares\/#breadcrumb"},"inLanguage":"es-MX","potentialAction":[{"@type":"ReadAction","target":["https:\/\/nitu.mx\/index.php\/2024\/09\/04\/aerolineas-en-mexico-los-tres-principales-lugares\/"]}]},{"@type":"ImageObject","inLanguage":"es-MX","@id":"https:\/\/nitu.mx\/index.php\/2024\/09\/04\/aerolineas-en-mexico-los-tres-principales-lugares\/#primaryimage","url":"https:\/\/nitu.mx\/wp-content\/uploads\/2020\/08\/Aeromexico-volaris-y-Viva-Aerobus.jpg","contentUrl":"https:\/\/nitu.mx\/wp-content\/uploads\/2020\/08\/Aeromexico-volaris-y-Viva-Aerobus.jpg","width":1200,"height":675,"caption":"Aeromexico, volaris y Viva Aerobus aerol\u00edneas"},{"@type":"BreadcrumbList","@id":"https:\/\/nitu.mx\/index.php\/2024\/09\/04\/aerolineas-en-mexico-los-tres-principales-lugares\/#breadcrumb","itemListElement":[{"@type":"ListItem","position":1,"name":"Inicio","item":"https:\/\/nitu.mx\/"},{"@type":"ListItem","position":2,"name":"Aerol\u00edneas en M\u00e9xico, los tres principales lugares"}]},{"@type":"WebSite","@id":"https:\/\/nitu.mx\/#website","url":"https:\/\/nitu.mx\/","name":"Nitu - Noticias de la Industria Turistica","description":"Noticias de la Industria Turistica","publisher":{"@id":"https:\/\/nitu.mx\/#\/schema\/person\/ae7a53426417292d3dd07b45a33e01bc"},"alternateName":"Noticias de la Industria Turistica","potentialAction":[{"@type":"SearchAction","target":{"@type":"EntryPoint","urlTemplate":"https:\/\/nitu.mx\/?s={search_term_string}"},"query-input":"required name=search_term_string"}],"inLanguage":"es-MX"},{"@type":["Person","Organization"],"@id":"https:\/\/nitu.mx\/#\/schema\/person\/ae7a53426417292d3dd07b45a33e01bc","name":"Arturo Medina","image":{"@type":"ImageObject","inLanguage":"es-MX","@id":"https:\/\/nitu.mx\/#\/schema\/person\/image\/","url":"https:\/\/nitu.mx\/wp-content\/uploads\/2024\/04\/4A315622-1904-4D5C-B022-878CDC840E04-90x90-1.jpeg","contentUrl":"https:\/\/nitu.mx\/wp-content\/uploads\/2024\/04\/4A315622-1904-4D5C-B022-878CDC840E04-90x90-1.jpeg","width":90,"height":90,"caption":"Arturo Medina"},"logo":{"@id":"https:\/\/nitu.mx\/#\/schema\/person\/image\/"},"description":"Director NITU.mx, Egresado de la Escuela de Periodismo Carlos Septi\u00e9n Garc\u00eda. Periodista y analista especializado en turismo desde hace 35 a\u00f1os, radicado en Canc\u00fan Q.Roo. arturo@nitu.mx","sameAs":["https:\/\/nitu.mx","https:\/\/www.facebook.com\/NITUmx\/","medinacancun","https:\/\/twitter.com\/@Arturo_Medina_G"]},{"@type":"Person","@id":"https:\/\/nitu.mx\/#\/schema\/person\/2ecd887b19dfd3382d1f14fc5acf24a8","name":"Alejandra Moncisbays","image":{"@type":"ImageObject","inLanguage":"es-MX","@id":"https:\/\/nitu.mx\/#\/schema\/person\/image\/","url":"https:\/\/secure.gravatar.com\/avatar\/e74f7af0be172b7804dacfd0bfbef787?s=96&d=mm&r=g","contentUrl":"https:\/\/secure.gravatar.com\/avatar\/e74f7af0be172b7804dacfd0bfbef787?s=96&d=mm&r=g","caption":"Alejandra Moncisbays"},"description":"Curs\u00e9 la carrera de Periodismo y Comunicaci\u00f3n en la Facultad de Estudios Profesionales Acatl\u00e1n. Vivo en Canc\u00fan desde hace 24 a\u00f1os. Fui reportera de La Tarde de Canc\u00fan, y Novedades de Quintana Roo, colabor\u00e9 en TVCUN, edit\u00e9 Cancun\u00edssimo y colabor\u00e9 en las revistas Latitud21, entre otras, con principal enfoque en los sectores empresarial y tur\u00edstico. Desde hace varios a\u00f1os soy Agente de Seguros con c\u00e9dula de la Comisi\u00f3n Nacional de Seguros y Fianzas. Actualmente, me desarrollo en los \u00e1mbitos del periodismo y el sector asegurador.","sameAs":["https:\/\/nitu.mx"],"url":"https:\/\/nitu.mx\/index.php\/author\/alejandra\/"}]}},"views":949,"_links":{"self":[{"href":"https:\/\/nitu.mx\/index.php\/wp-json\/wp\/v2\/posts\/74625"}],"collection":[{"href":"https:\/\/nitu.mx\/index.php\/wp-json\/wp\/v2\/posts"}],"about":[{"href":"https:\/\/nitu.mx\/index.php\/wp-json\/wp\/v2\/types\/post"}],"author":[{"embeddable":true,"href":"https:\/\/nitu.mx\/index.php\/wp-json\/wp\/v2\/users\/3"}],"replies":[{"embeddable":true,"href":"https:\/\/nitu.mx\/index.php\/wp-json\/wp\/v2\/comments?post=74625"}],"version-history":[{"count":2,"href":"https:\/\/nitu.mx\/index.php\/wp-json\/wp\/v2\/posts\/74625\/revisions"}],"predecessor-version":[{"id":74642,"href":"https:\/\/nitu.mx\/index.php\/wp-json\/wp\/v2\/posts\/74625\/revisions\/74642"}],"wp:featuredmedia":[{"embeddable":true,"href":"https:\/\/nitu.mx\/index.php\/wp-json\/wp\/v2\/media\/45291"}],"wp:attachment":[{"href":"https:\/\/nitu.mx\/index.php\/wp-json\/wp\/v2\/media?parent=74625"}],"wp:term":[{"taxonomy":"category","embeddable":true,"href":"https:\/\/nitu.mx\/index.php\/wp-json\/wp\/v2\/categories?post=74625"},{"taxonomy":"post_tag","embeddable":true,"href":"https:\/\/nitu.mx\/index.php\/wp-json\/wp\/v2\/tags?post=74625"}],"curies":[{"name":"wp","href":"https:\/\/api.w.org\/{rel}","templated":true}]}}