{"id":74616,"date":"2024-09-04T19:41:47","date_gmt":"2024-09-05T01:41:47","guid":{"rendered":"https:\/\/nitu.mx\/?p=74616"},"modified":"2024-09-04T19:41:47","modified_gmt":"2024-09-05T01:41:47","slug":"sectur-y-estados-impulsan-promocion-turistica-en-paises-bajos","status":"publish","type":"post","link":"https:\/\/nitu.mx\/index.php\/2024\/09\/04\/sectur-y-estados-impulsan-promocion-turistica-en-paises-bajos\/","title":{"rendered":"Sectur y estados impulsan promoci\u00f3n tur\u00edstica en Pa\u00edses Bajos"},"content":{"rendered":"\n<p>El secretario de Turismo \u00b4federal, Miguel Torruco Marqu\u00e9s, y la embajadora de M\u00e9xico en Pa\u00edses Bajos, Carmen Moreno Toscano, inici\u00f3 la gira de trabajo Operaci\u00f3n Toca Puertas en este pa\u00eds con el prop\u00f3sito de impulsar la llegada de turistas desde este mercado emisor, tambi\u00e9n la derrama econ\u00f3mica y el gasto per c\u00e1pita, as\u00ed como la conectividad a\u00e9rea.<\/p>\n\n\n\n<p>Junto con la comitiva que lo acompa\u00f1a, el titular de la Secretar\u00eda de Turismo (Sectur) sostuvo una reuni\u00f3n con el director general de la Oficina de Turismo y Convenciones de Pa\u00edses Bajos (NBTC), Jos Vranken, m\u00e1xima autoridad del turismo en esta naci\u00f3n europea, y con quien intercambi\u00f3 experiencias en materia de promoci\u00f3n internacional.<\/p>\n\n\n\n<p>Coincidieron plenamente en el enfoque de elevar y priorizar la captaci\u00f3n de divisas por turismo y el gasto per c\u00e1pita de los viajeros, por encima de la llegada masiva de turistas que ya genera problemas entre los habitantes locales de importantes destinos del mundo. <\/p>\n\n\n\n<p>En esta reuni\u00f3n se intercambiaron las mejores pr\u00e1cticas y el conocimiento que tienen las autoridades de ambos pa\u00edses, los cuales ven en el turismo una gran \u00e1rea de oportunidad para el desarrollo de la poblaci\u00f3n.<\/p>\n\n\n\n<p>Acompa\u00f1ado de autoridades estatales y empresarios del ramo, Torruco Marqu\u00e9s present\u00f3 ante m\u00e1s de 100 tour operadores de Pa\u00edses Bajos y la regi\u00f3n, el seminario \u201cAs\u00ed es M\u00e9xico\u201d, en donde mostr\u00f3 la amplia oferta tur\u00edstica de nuestro pa\u00eds ante los actores clave del sector.<\/p>\n\n\n\n<p>Resalt\u00f3 la importancia que tiene la industria tur\u00edstica para la econom\u00eda nacional, y expuso las novedades en productos tur\u00edsticos; los proyectos prioritarios como el Tren Maya, las Islas Mar\u00edas; as\u00ed como obras de infraestructura como el AIFA y el aeropuerto de Tulum, entre otras que facilitan el desplazamiento de los turistas entre las 279 plazas con vocaci\u00f3n tur\u00edstica de M\u00e9xico.<\/p>\n\n\n\n<p>Durante esta presentaci\u00f3n, destac\u00f3 los destinos tur\u00edsticos m\u00e1s conocidos de M\u00e9xico como las playas o las grandes urbes; adem\u00e1s de los 177 Pueblos M\u00e1gicos, los 34 Barrios M\u00e1gicos, los 35 sitios declarados Patrimonio de la Humanidad por la Unesco, zonas arqueol\u00f3gicas, entre otros, en donde sobresale el turismo de naturaleza y aventura, el cultural y el gastron\u00f3mico, por lo que los tour operadores mostraron gran inter\u00e9s para enviar a sus turistas.<\/p>\n\n\n\n<p>El secretario de Turismo resalt\u00f3 la importancia de realizar la Operaci\u00f3n Toca Puertas en esta regi\u00f3n del mundo, como parte de la estrategia de promoci\u00f3n con \u201ctiros de precisi\u00f3n\u201d en mercados relevantes, que antes no acostumbraban viajar a M\u00e9xico, pero a ra\u00edz de la pandemia, encontraron un mosaico de color, tradiciones y sabor para disfrutar, con productos acordes a las exigencias del turista actual.<\/p>\n\n\n\n<p>Inform\u00f3 que, en 2023 llegaron 96 mil 711 turistas v\u00eda a\u00e9rea de Pa\u00edses Bajos a M\u00e9xico, esto es 5.2% m\u00e1s que en 2019, a\u00f1o previo a la pandemia; y registraron un gasto de 108 millones 892 mil d\u00f3lares, un incremento de 18.2% respecto a lo captado en 2019. Esta naci\u00f3n pas\u00f3 del lugar 21 al 19 en el ranking de pa\u00edses que visitan M\u00e9xico.<\/p>\n\n\n\n<p>Se\u00f1al\u00f3 que, de enero a junio de este a\u00f1o, M\u00e9xico recibi\u00f3 40 mil 547 turistas v\u00eda a\u00e9rea de Pa\u00edses Bajos; con un gasto tur\u00edstico de 49 millones 358 mil d\u00f3lares, lo que representa un incremento de 14.2% m\u00e1s comparado con el mismo periodo de 2019.<\/p>\n\n\n\n<p>En el seminario As\u00ed es M\u00e9xico, participaron representantes de Chihuahua, Yucat\u00e1n, La Paz y Los Cabos, quienes expusieron la riqueza tur\u00edstica de sus destinos, as\u00ed como Mark Mooren, gerente Comercial para Benelux, Reino Unido e Irlanda de Aerom\u00e9xico, quien destac\u00f3 la conectividad que brinda con M\u00e9xico desde esta regi\u00f3n; Ren\u00e9 Luis Rodr\u00edguez, director general de Ketzaltour, present\u00f3 las opciones de paquetes de viaje pensados en este mercado, y David Figueroa Zurita, presidente de Bolt Media, mostr\u00f3 las atractivas opciones para invertir en diferentes destinos de nuestro pa\u00eds.&nbsp;<\/p>\n\n\n\n<p>Durante esta gira Operaci\u00f3n Toca Puertas, el titular de Sectur se reuni\u00f3 con el director de la Asociaci\u00f3n Sectorial de Agencias de Viaje de Pa\u00edses Bajos (ANVR) Frank Radstake; el director de Producto Long Haul de TUI, Rob Oostendorp, importantes organizaciones responsables de enviar un alto n\u00famero de turistas internacionales a M\u00e9xico.<\/p>\n\n\n\n<p>Con ellos, se estrecharon los lazos de cooperaci\u00f3n para impulsar la llegada de viajeros, motivados con los nuevos productos tur\u00edsticos de M\u00e9xico. TUI Nederland se encuentra entre las tres principales aerol\u00edneas con operaciones a M\u00e9xico desde Pa\u00edses Bajos.<\/p>\n\n\n\n<p>Como parte de las acciones para impulsar la conectividad a\u00e9rea, tambi\u00e9n sostuvo un encuentro con Mark Mooren, gerente Comercial de Aerom\u00e9xico para Benelux, Reino Unido e Irlanda. En 2023, la aerol\u00ednea oper\u00f3 34% de las rutas entre ambos pa\u00edses, y en el primer semestre del 2024 represent\u00f3 el 36.3%.<\/p>\n\n\n\n<p>La comitiva de M\u00e9xico en esta gira Operaci\u00f3n Toca Puertas visit\u00f3 las oficinas corporativas de SkyTeam, en donde conversaron con su CEO, Patrick Roux, entre otros directivos. Dialogaron sobre la relevancia de esta alianza, que, mediante sus aerol\u00edneas afiliadas, tiene presencia en m\u00e1s de mil destinos en el mundo, en m\u00e1s de 23 pa\u00edses con una capacidad superior a los 28.3 millones de asientos para este 2024.<\/p>\n\n\n\n<p>Acordaron estrechar la comunicaci\u00f3n y poner a disposici\u00f3n los nuevos materiales de fotograf\u00eda y video para fortalecer la promoci\u00f3n de M\u00e9xico a trav\u00e9s de las plataformas de esta alianza a\u00e9rea.<\/p>\n\n\n\n<p>As\u00ed mismo, sostuvieron una reuni\u00f3n con Egon Heini, director para Asuntos Gubernamentales y de Industria de Air France-KLM, y Hugo van Joolen, director de Desarrollo de Turismo y Alianzas Comerciales de Air France-KLM, quienes destacaron la importancia de la conectividad con M\u00e9xico, ya que esta compa\u00f1\u00eda signific\u00f3 en 2023, el 52.1% de las rutas entre ambos pa\u00edses, y mostraron su inter\u00e9s en operar en los nuevos aeropuertos de M\u00e9xico; y fortalecer las rutas que tiene actualmente.<\/p>\n\n\n\n<p>En 2024, est\u00e1n programados un total de 821 vuelos de Pa\u00edses Bajos a M\u00e9xico, con una oferta de 221 mil 465 asientos programados.<\/p>\n\n\n\n<p>Cabe destacar que los directivos de Air France-KLM, SkyTeam y TUI manifestaron su inter\u00e9s por participar en el Tianguis Tur\u00edstico M\u00e9xico 2025, a celebrarse en Baja California.<\/p>\n\n\n\n<p>Como parte del programa Reencuentro con Mis Ra\u00edces, el titular de Sectur y la embajadora de M\u00e9xico en Pa\u00edses Bajos encabezaron la entrega de reconocimientos a 21 destacados empresarios chefs y restaurantes mexicanos que promueven la gastronom\u00eda mexicana en esta naci\u00f3n y de esta manera contribuyen tambi\u00e9n con la promoci\u00f3n tur\u00edstica de M\u00e9xico.<\/p>\n\n\n\n<p>Entre los galardonados se encuentran los chefs y propietarios de Alfredo\u2019s Taquer\u00eda, Bacalar, La Catrina, Coba Taquer\u00eda, Colibr\u00ed, Colima, La Condesa, El Metate, Frida Mexican Food, K\u00faa, Lupe, MexGrocer, Mextiza, Oaxaca, Los Pilones, Rosario Cocina Mexicana, Sabor Sabor, Taco Lindo, Tacoteca, Taiyari y Yola&nbsp;Mexican&nbsp;Bakery.<\/p>\n\n\n\n<p>En el marco de la gira de trabajo por Pa\u00edses Bajos, Torruco Marqu\u00e9s tambi\u00e9n atendi\u00f3 entrevistas con diversos medios e influencers especializados en viajes como Michel de Lijster de la revista Travelution, especializada en el sector tur\u00edstico; as\u00ed como Annemarie Konijn, de Ik Wil Meer; y Nick Noordijk de Salt in our Hair, a quienes les present\u00f3 la situaci\u00f3n actual del turismo en M\u00e9xico, as\u00ed como los atractivos y la oferta tur\u00edstica de M\u00e9xico, con el prop\u00f3sito de motivar a sus audiencias a viajar a nuestro pa\u00eds. (<a href=\"https:\/\/nitu.mx\/index.php\/2024\/08\/20\/mexico-va-a-la-reconquista-del-turista-de-colombia-con-operacion-toca-puertas\/\">M\u00e9xico va a la reconquista del turista de Colombia con Operaci\u00f3n Toca Puertas<\/a>).<\/p>\n","protected":false},"excerpt":{"rendered":"<p>El secretario de Turismo \u00b4federal, Miguel Torruco Marqu\u00e9s, y la embajadora de M\u00e9xico en Pa\u00edses Bajos, Carmen Moreno Toscano, inici\u00f3 la gira de trabajo Operaci\u00f3n Toca Puertas en este pa\u00eds con el prop\u00f3sito de impulsar la llegada de turistas desde este mercado emisor, tambi\u00e9n la derrama econ\u00f3mica y el gasto per c\u00e1pita, as\u00ed como la [&hellip;]<\/p>\n","protected":false},"author":17,"featured_media":74619,"comment_status":"open","ping_status":"open","sticky":false,"template":"","format":"standard","meta":{"footnotes":""},"categories":[12],"tags":[910,389,93,22847],"yoast_head":"<!-- This site is optimized with the Yoast SEO plugin v22.2 - https:\/\/yoast.com\/wordpress\/plugins\/seo\/ -->\n<title>Sectur y estados impulsan promoci\u00f3n tur\u00edstica en Pa\u00edses Bajos - Nitu - Noticias de la Industria Turistica<\/title>\n<meta name=\"robots\" content=\"index, follow, max-snippet:-1, max-image-preview:large, max-video-preview:-1\" \/>\n<link rel=\"canonical\" href=\"https:\/\/nitu.mx\/index.php\/2024\/09\/04\/sectur-y-estados-impulsan-promocion-turistica-en-paises-bajos\/\" \/>\n<meta name=\"twitter:card\" content=\"summary_large_image\" \/>\n<meta name=\"twitter:title\" content=\"Sectur y estados impulsan promoci\u00f3n tur\u00edstica en Pa\u00edses Bajos - Nitu - Noticias de la Industria Turistica\" \/>\n<meta name=\"twitter:description\" content=\"El secretario de Turismo \u00b4federal, Miguel Torruco Marqu\u00e9s, y la embajadora de M\u00e9xico en Pa\u00edses Bajos, Carmen Moreno Toscano, inici\u00f3 la gira de trabajo Operaci\u00f3n Toca Puertas en este pa\u00eds con el prop\u00f3sito de impulsar la llegada de turistas desde este mercado emisor, tambi\u00e9n la derrama econ\u00f3mica y el gasto per c\u00e1pita, as\u00ed como la [&hellip;]\" \/>\n<meta name=\"twitter:image\" content=\"https:\/\/nitu.mx\/wp-content\/uploads\/2024\/09\/Toca-Puertas-Paises-Bajos.jpg\" \/>\n<meta name=\"twitter:creator\" content=\"@NITUmx\" \/>\n<meta name=\"twitter:site\" content=\"@Arturo_Medina_G\" \/>\n<meta name=\"twitter:label1\" content=\"Escrito por\" \/>\n\t<meta name=\"twitter:data1\" content=\"Redacci\u00f3n\" \/>\n\t<meta name=\"twitter:label2\" content=\"Tiempo de lectura\" \/>\n\t<meta name=\"twitter:data2\" content=\"6 minutos\" \/>\n<script type=\"application\/ld+json\" class=\"yoast-schema-graph\">{\"@context\":\"https:\/\/schema.org\",\"@graph\":[{\"@type\":\"Article\",\"@id\":\"https:\/\/nitu.mx\/index.php\/2024\/09\/04\/sectur-y-estados-impulsan-promocion-turistica-en-paises-bajos\/#article\",\"isPartOf\":{\"@id\":\"https:\/\/nitu.mx\/index.php\/2024\/09\/04\/sectur-y-estados-impulsan-promocion-turistica-en-paises-bajos\/\"},\"author\":{\"name\":\"Redacci\u00f3n\",\"@id\":\"https:\/\/nitu.mx\/#\/schema\/person\/4a28fe9bd65924f7c90623773daf1b0b\"},\"headline\":\"Sectur y estados impulsan promoci\u00f3n tur\u00edstica en Pa\u00edses Bajos\",\"datePublished\":\"2024-09-05T01:41:47+00:00\",\"dateModified\":\"2024-09-05T01:41:47+00:00\",\"mainEntityOfPage\":{\"@id\":\"https:\/\/nitu.mx\/index.php\/2024\/09\/04\/sectur-y-estados-impulsan-promocion-turistica-en-paises-bajos\/\"},\"wordCount\":1310,\"commentCount\":0,\"publisher\":{\"@id\":\"https:\/\/nitu.mx\/#\/schema\/person\/ae7a53426417292d3dd07b45a33e01bc\"},\"image\":{\"@id\":\"https:\/\/nitu.mx\/index.php\/2024\/09\/04\/sectur-y-estados-impulsan-promocion-turistica-en-paises-bajos\/#primaryimage\"},\"thumbnailUrl\":\"https:\/\/nitu.mx\/wp-content\/uploads\/2024\/09\/Toca-Puertas-Paises-Bajos.jpg\",\"keywords\":[\"Miguel Torruco\",\"Pa\u00edses Bajos\",\"Sectur\",\"Toca Puertas\"],\"articleSection\":[\"Marketing\"],\"inLanguage\":\"es-MX\",\"potentialAction\":[{\"@type\":\"CommentAction\",\"name\":\"Comment\",\"target\":[\"https:\/\/nitu.mx\/index.php\/2024\/09\/04\/sectur-y-estados-impulsan-promocion-turistica-en-paises-bajos\/#respond\"]}]},{\"@type\":\"WebPage\",\"@id\":\"https:\/\/nitu.mx\/index.php\/2024\/09\/04\/sectur-y-estados-impulsan-promocion-turistica-en-paises-bajos\/\",\"url\":\"https:\/\/nitu.mx\/index.php\/2024\/09\/04\/sectur-y-estados-impulsan-promocion-turistica-en-paises-bajos\/\",\"name\":\"Sectur y estados impulsan promoci\u00f3n tur\u00edstica en Pa\u00edses Bajos - Nitu - Noticias de la Industria Turistica\",\"isPartOf\":{\"@id\":\"https:\/\/nitu.mx\/#website\"},\"primaryImageOfPage\":{\"@id\":\"https:\/\/nitu.mx\/index.php\/2024\/09\/04\/sectur-y-estados-impulsan-promocion-turistica-en-paises-bajos\/#primaryimage\"},\"image\":{\"@id\":\"https:\/\/nitu.mx\/index.php\/2024\/09\/04\/sectur-y-estados-impulsan-promocion-turistica-en-paises-bajos\/#primaryimage\"},\"thumbnailUrl\":\"https:\/\/nitu.mx\/wp-content\/uploads\/2024\/09\/Toca-Puertas-Paises-Bajos.jpg\",\"datePublished\":\"2024-09-05T01:41:47+00:00\",\"dateModified\":\"2024-09-05T01:41:47+00:00\",\"breadcrumb\":{\"@id\":\"https:\/\/nitu.mx\/index.php\/2024\/09\/04\/sectur-y-estados-impulsan-promocion-turistica-en-paises-bajos\/#breadcrumb\"},\"inLanguage\":\"es-MX\",\"potentialAction\":[{\"@type\":\"ReadAction\",\"target\":[\"https:\/\/nitu.mx\/index.php\/2024\/09\/04\/sectur-y-estados-impulsan-promocion-turistica-en-paises-bajos\/\"]}]},{\"@type\":\"ImageObject\",\"inLanguage\":\"es-MX\",\"@id\":\"https:\/\/nitu.mx\/index.php\/2024\/09\/04\/sectur-y-estados-impulsan-promocion-turistica-en-paises-bajos\/#primaryimage\",\"url\":\"https:\/\/nitu.mx\/wp-content\/uploads\/2024\/09\/Toca-Puertas-Paises-Bajos.jpg\",\"contentUrl\":\"https:\/\/nitu.mx\/wp-content\/uploads\/2024\/09\/Toca-Puertas-Paises-Bajos.jpg\",\"width\":1200,\"height\":675,\"caption\":\"Toca Puertas Pa\u00edses Bajos\"},{\"@type\":\"BreadcrumbList\",\"@id\":\"https:\/\/nitu.mx\/index.php\/2024\/09\/04\/sectur-y-estados-impulsan-promocion-turistica-en-paises-bajos\/#breadcrumb\",\"itemListElement\":[{\"@type\":\"ListItem\",\"position\":1,\"name\":\"Inicio\",\"item\":\"https:\/\/nitu.mx\/\"},{\"@type\":\"ListItem\",\"position\":2,\"name\":\"Sectur y estados impulsan promoci\u00f3n tur\u00edstica en Pa\u00edses Bajos\"}]},{\"@type\":\"WebSite\",\"@id\":\"https:\/\/nitu.mx\/#website\",\"url\":\"https:\/\/nitu.mx\/\",\"name\":\"Nitu - Noticias de la Industria Turistica\",\"description\":\"Noticias de la Industria Turistica\",\"publisher\":{\"@id\":\"https:\/\/nitu.mx\/#\/schema\/person\/ae7a53426417292d3dd07b45a33e01bc\"},\"alternateName\":\"Noticias de la Industria Turistica\",\"potentialAction\":[{\"@type\":\"SearchAction\",\"target\":{\"@type\":\"EntryPoint\",\"urlTemplate\":\"https:\/\/nitu.mx\/?s={search_term_string}\"},\"query-input\":\"required name=search_term_string\"}],\"inLanguage\":\"es-MX\"},{\"@type\":[\"Person\",\"Organization\"],\"@id\":\"https:\/\/nitu.mx\/#\/schema\/person\/ae7a53426417292d3dd07b45a33e01bc\",\"name\":\"Arturo Medina\",\"image\":{\"@type\":\"ImageObject\",\"inLanguage\":\"es-MX\",\"@id\":\"https:\/\/nitu.mx\/#\/schema\/person\/image\/\",\"url\":\"https:\/\/nitu.mx\/wp-content\/uploads\/2024\/04\/4A315622-1904-4D5C-B022-878CDC840E04-90x90-1.jpeg\",\"contentUrl\":\"https:\/\/nitu.mx\/wp-content\/uploads\/2024\/04\/4A315622-1904-4D5C-B022-878CDC840E04-90x90-1.jpeg\",\"width\":90,\"height\":90,\"caption\":\"Arturo Medina\"},\"logo\":{\"@id\":\"https:\/\/nitu.mx\/#\/schema\/person\/image\/\"},\"description\":\"Director NITU.mx, Egresado de la Escuela de Periodismo Carlos Septi\u00e9n Garc\u00eda. Periodista y analista especializado en turismo desde hace 35 a\u00f1os, radicado en Canc\u00fan Q.Roo. arturo@nitu.mx\",\"sameAs\":[\"https:\/\/nitu.mx\",\"https:\/\/www.facebook.com\/NITUmx\/\",\"medinacancun\",\"https:\/\/twitter.com\/@Arturo_Medina_G\"]},{\"@type\":\"Person\",\"@id\":\"https:\/\/nitu.mx\/#\/schema\/person\/4a28fe9bd65924f7c90623773daf1b0b\",\"name\":\"Redacci\u00f3n\",\"image\":{\"@type\":\"ImageObject\",\"inLanguage\":\"es-MX\",\"@id\":\"https:\/\/nitu.mx\/#\/schema\/person\/image\/\",\"url\":\"https:\/\/secure.gravatar.com\/avatar\/5dd011c8ccfc5cd7e4c81e42252aab38?s=96&d=mm&r=g\",\"contentUrl\":\"https:\/\/secure.gravatar.com\/avatar\/5dd011c8ccfc5cd7e4c81e42252aab38?s=96&d=mm&r=g\",\"caption\":\"Redacci\u00f3n\"},\"url\":\"https:\/\/nitu.mx\/index.php\/author\/redaccion\/\"}]}<\/script>\n<!-- \/ Yoast SEO plugin. -->","yoast_head_json":{"title":"Sectur y estados impulsan promoci\u00f3n tur\u00edstica en Pa\u00edses Bajos - Nitu - Noticias de la Industria Turistica","robots":{"index":"index","follow":"follow","max-snippet":"max-snippet:-1","max-image-preview":"max-image-preview:large","max-video-preview":"max-video-preview:-1"},"canonical":"https:\/\/nitu.mx\/index.php\/2024\/09\/04\/sectur-y-estados-impulsan-promocion-turistica-en-paises-bajos\/","twitter_card":"summary_large_image","twitter_title":"Sectur y estados impulsan promoci\u00f3n tur\u00edstica en Pa\u00edses Bajos - Nitu - Noticias de la Industria Turistica","twitter_description":"El secretario de Turismo \u00b4federal, Miguel Torruco Marqu\u00e9s, y la embajadora de M\u00e9xico en Pa\u00edses Bajos, Carmen Moreno Toscano, inici\u00f3 la gira de trabajo Operaci\u00f3n Toca Puertas en este pa\u00eds con el prop\u00f3sito de impulsar la llegada de turistas desde este mercado emisor, tambi\u00e9n la derrama econ\u00f3mica y el gasto per c\u00e1pita, as\u00ed como la [&hellip;]","twitter_image":"https:\/\/nitu.mx\/wp-content\/uploads\/2024\/09\/Toca-Puertas-Paises-Bajos.jpg","twitter_creator":"@NITUmx","twitter_site":"@Arturo_Medina_G","twitter_misc":{"Escrito por":"Redacci\u00f3n","Tiempo de lectura":"6 minutos"},"schema":{"@context":"https:\/\/schema.org","@graph":[{"@type":"Article","@id":"https:\/\/nitu.mx\/index.php\/2024\/09\/04\/sectur-y-estados-impulsan-promocion-turistica-en-paises-bajos\/#article","isPartOf":{"@id":"https:\/\/nitu.mx\/index.php\/2024\/09\/04\/sectur-y-estados-impulsan-promocion-turistica-en-paises-bajos\/"},"author":{"name":"Redacci\u00f3n","@id":"https:\/\/nitu.mx\/#\/schema\/person\/4a28fe9bd65924f7c90623773daf1b0b"},"headline":"Sectur y estados impulsan promoci\u00f3n tur\u00edstica en Pa\u00edses Bajos","datePublished":"2024-09-05T01:41:47+00:00","dateModified":"2024-09-05T01:41:47+00:00","mainEntityOfPage":{"@id":"https:\/\/nitu.mx\/index.php\/2024\/09\/04\/sectur-y-estados-impulsan-promocion-turistica-en-paises-bajos\/"},"wordCount":1310,"commentCount":0,"publisher":{"@id":"https:\/\/nitu.mx\/#\/schema\/person\/ae7a53426417292d3dd07b45a33e01bc"},"image":{"@id":"https:\/\/nitu.mx\/index.php\/2024\/09\/04\/sectur-y-estados-impulsan-promocion-turistica-en-paises-bajos\/#primaryimage"},"thumbnailUrl":"https:\/\/nitu.mx\/wp-content\/uploads\/2024\/09\/Toca-Puertas-Paises-Bajos.jpg","keywords":["Miguel Torruco","Pa\u00edses Bajos","Sectur","Toca Puertas"],"articleSection":["Marketing"],"inLanguage":"es-MX","potentialAction":[{"@type":"CommentAction","name":"Comment","target":["https:\/\/nitu.mx\/index.php\/2024\/09\/04\/sectur-y-estados-impulsan-promocion-turistica-en-paises-bajos\/#respond"]}]},{"@type":"WebPage","@id":"https:\/\/nitu.mx\/index.php\/2024\/09\/04\/sectur-y-estados-impulsan-promocion-turistica-en-paises-bajos\/","url":"https:\/\/nitu.mx\/index.php\/2024\/09\/04\/sectur-y-estados-impulsan-promocion-turistica-en-paises-bajos\/","name":"Sectur y estados impulsan promoci\u00f3n tur\u00edstica en Pa\u00edses Bajos - Nitu - Noticias de la Industria Turistica","isPartOf":{"@id":"https:\/\/nitu.mx\/#website"},"primaryImageOfPage":{"@id":"https:\/\/nitu.mx\/index.php\/2024\/09\/04\/sectur-y-estados-impulsan-promocion-turistica-en-paises-bajos\/#primaryimage"},"image":{"@id":"https:\/\/nitu.mx\/index.php\/2024\/09\/04\/sectur-y-estados-impulsan-promocion-turistica-en-paises-bajos\/#primaryimage"},"thumbnailUrl":"https:\/\/nitu.mx\/wp-content\/uploads\/2024\/09\/Toca-Puertas-Paises-Bajos.jpg","datePublished":"2024-09-05T01:41:47+00:00","dateModified":"2024-09-05T01:41:47+00:00","breadcrumb":{"@id":"https:\/\/nitu.mx\/index.php\/2024\/09\/04\/sectur-y-estados-impulsan-promocion-turistica-en-paises-bajos\/#breadcrumb"},"inLanguage":"es-MX","potentialAction":[{"@type":"ReadAction","target":["https:\/\/nitu.mx\/index.php\/2024\/09\/04\/sectur-y-estados-impulsan-promocion-turistica-en-paises-bajos\/"]}]},{"@type":"ImageObject","inLanguage":"es-MX","@id":"https:\/\/nitu.mx\/index.php\/2024\/09\/04\/sectur-y-estados-impulsan-promocion-turistica-en-paises-bajos\/#primaryimage","url":"https:\/\/nitu.mx\/wp-content\/uploads\/2024\/09\/Toca-Puertas-Paises-Bajos.jpg","contentUrl":"https:\/\/nitu.mx\/wp-content\/uploads\/2024\/09\/Toca-Puertas-Paises-Bajos.jpg","width":1200,"height":675,"caption":"Toca Puertas Pa\u00edses Bajos"},{"@type":"BreadcrumbList","@id":"https:\/\/nitu.mx\/index.php\/2024\/09\/04\/sectur-y-estados-impulsan-promocion-turistica-en-paises-bajos\/#breadcrumb","itemListElement":[{"@type":"ListItem","position":1,"name":"Inicio","item":"https:\/\/nitu.mx\/"},{"@type":"ListItem","position":2,"name":"Sectur y estados impulsan promoci\u00f3n tur\u00edstica en Pa\u00edses Bajos"}]},{"@type":"WebSite","@id":"https:\/\/nitu.mx\/#website","url":"https:\/\/nitu.mx\/","name":"Nitu - Noticias de la Industria Turistica","description":"Noticias de la Industria Turistica","publisher":{"@id":"https:\/\/nitu.mx\/#\/schema\/person\/ae7a53426417292d3dd07b45a33e01bc"},"alternateName":"Noticias de la Industria Turistica","potentialAction":[{"@type":"SearchAction","target":{"@type":"EntryPoint","urlTemplate":"https:\/\/nitu.mx\/?s={search_term_string}"},"query-input":"required name=search_term_string"}],"inLanguage":"es-MX"},{"@type":["Person","Organization"],"@id":"https:\/\/nitu.mx\/#\/schema\/person\/ae7a53426417292d3dd07b45a33e01bc","name":"Arturo Medina","image":{"@type":"ImageObject","inLanguage":"es-MX","@id":"https:\/\/nitu.mx\/#\/schema\/person\/image\/","url":"https:\/\/nitu.mx\/wp-content\/uploads\/2024\/04\/4A315622-1904-4D5C-B022-878CDC840E04-90x90-1.jpeg","contentUrl":"https:\/\/nitu.mx\/wp-content\/uploads\/2024\/04\/4A315622-1904-4D5C-B022-878CDC840E04-90x90-1.jpeg","width":90,"height":90,"caption":"Arturo Medina"},"logo":{"@id":"https:\/\/nitu.mx\/#\/schema\/person\/image\/"},"description":"Director NITU.mx, Egresado de la Escuela de Periodismo Carlos Septi\u00e9n Garc\u00eda. Periodista y analista especializado en turismo desde hace 35 a\u00f1os, radicado en Canc\u00fan Q.Roo. arturo@nitu.mx","sameAs":["https:\/\/nitu.mx","https:\/\/www.facebook.com\/NITUmx\/","medinacancun","https:\/\/twitter.com\/@Arturo_Medina_G"]},{"@type":"Person","@id":"https:\/\/nitu.mx\/#\/schema\/person\/4a28fe9bd65924f7c90623773daf1b0b","name":"Redacci\u00f3n","image":{"@type":"ImageObject","inLanguage":"es-MX","@id":"https:\/\/nitu.mx\/#\/schema\/person\/image\/","url":"https:\/\/secure.gravatar.com\/avatar\/5dd011c8ccfc5cd7e4c81e42252aab38?s=96&d=mm&r=g","contentUrl":"https:\/\/secure.gravatar.com\/avatar\/5dd011c8ccfc5cd7e4c81e42252aab38?s=96&d=mm&r=g","caption":"Redacci\u00f3n"},"url":"https:\/\/nitu.mx\/index.php\/author\/redaccion\/"}]}},"views":740,"_links":{"self":[{"href":"https:\/\/nitu.mx\/index.php\/wp-json\/wp\/v2\/posts\/74616"}],"collection":[{"href":"https:\/\/nitu.mx\/index.php\/wp-json\/wp\/v2\/posts"}],"about":[{"href":"https:\/\/nitu.mx\/index.php\/wp-json\/wp\/v2\/types\/post"}],"author":[{"embeddable":true,"href":"https:\/\/nitu.mx\/index.php\/wp-json\/wp\/v2\/users\/17"}],"replies":[{"embeddable":true,"href":"https:\/\/nitu.mx\/index.php\/wp-json\/wp\/v2\/comments?post=74616"}],"version-history":[{"count":1,"href":"https:\/\/nitu.mx\/index.php\/wp-json\/wp\/v2\/posts\/74616\/revisions"}],"predecessor-version":[{"id":74620,"href":"https:\/\/nitu.mx\/index.php\/wp-json\/wp\/v2\/posts\/74616\/revisions\/74620"}],"wp:featuredmedia":[{"embeddable":true,"href":"https:\/\/nitu.mx\/index.php\/wp-json\/wp\/v2\/media\/74619"}],"wp:attachment":[{"href":"https:\/\/nitu.mx\/index.php\/wp-json\/wp\/v2\/media?parent=74616"}],"wp:term":[{"taxonomy":"category","embeddable":true,"href":"https:\/\/nitu.mx\/index.php\/wp-json\/wp\/v2\/categories?post=74616"},{"taxonomy":"post_tag","embeddable":true,"href":"https:\/\/nitu.mx\/index.php\/wp-json\/wp\/v2\/tags?post=74616"}],"curies":[{"name":"wp","href":"https:\/\/api.w.org\/{rel}","templated":true}]}}