{"id":74602,"date":"2024-09-03T21:16:42","date_gmt":"2024-09-04T03:16:42","guid":{"rendered":"https:\/\/nitu.mx\/?p=74602"},"modified":"2024-09-03T21:16:43","modified_gmt":"2024-09-04T03:16:43","slug":"mexico-fortalece-su-conectividad-aerea-con-56-convenios-bilaterales","status":"publish","type":"post","link":"https:\/\/nitu.mx\/index.php\/2024\/09\/03\/mexico-fortalece-su-conectividad-aerea-con-56-convenios-bilaterales\/","title":{"rendered":"M\u00e9xico fortalece su conectividad a\u00e9rea con 56 Convenios Bilaterales"},"content":{"rendered":"<p>M\u00e9xico ha consolidado su papel en la aviaci\u00f3n internacional al establecer 56 convenios bilaterales de aviaci\u00f3n, incluyendo un acuerdo horizontal con la Uni\u00f3n Europea. Estos acuerdos han fortalecido la conectividad a\u00e9rea del pa\u00eds, posicion\u00e1ndolo como la sexta potencia en recepci\u00f3n de turismo internacional, con casi 57 millones de pasajeros transportados por v\u00eda a\u00e9rea en lo que va del a\u00f1o.<\/p>\n<p>Rafael Garc\u00eda Gij\u00f3n, director ejecutivo de Transporte y Control Aeron\u00e1utico de la Agencia Federal de Aviaci\u00f3n Civil (AFAC), subray\u00f3 la relevancia de estos convenios en la expansi\u00f3n de operaciones a\u00e9reas entre aerol\u00edneas mexicanas y extranjeras en 32 pa\u00edses. Aunque no todas las aerol\u00edneas mexicanas operan en estos mercados, M\u00e9xico ha aprovechado el 58% de los acuerdos, permitiendo que aerol\u00edneas extranjeras cubran rutas sin operaciones mexicanas.<\/p>\n<p>Los convenios bilaterales, basados en el principio de &#8220;real y efectiva reciprocidad&#8221;, han garantizado beneficios mutuos y han promovido la expansi\u00f3n del mercado a\u00e9reo. Adem\u00e1s, estos acuerdos apoyan los tratados de libre comercio, destacando a la aviaci\u00f3n como el medio log\u00edstico m\u00e1s r\u00e1pido y eficiente.<\/p>\n<p>M\u00e9xico ha maximizado estos convenios principalmente en Norteam\u00e9rica y Am\u00e9rica Latina. Sin embargo, a\u00fan hay pa\u00edses como Uruguay, Honduras y Paraguay donde no se han desarrollado conexiones a\u00e9reas mexicanas. Nuevas rutas hacia Belice y otros destinos en Centroam\u00e9rica est\u00e1n en proceso de implementaci\u00f3n.<\/p>\n<p>En cuanto a carga a\u00e9rea, Estados Unidos sigue siendo el principal socio comercial de M\u00e9xico, aunque la mayor\u00eda de la carga se transporta por carretera. Este a\u00f1o se espera mover 240 mil toneladas de carga a\u00e9rea con Estados Unidos, acerc\u00e1ndose a los niveles previos a la pandemia.<\/p>\n<p>Estos convenios bilaterales han sido cruciales para la estrategia de conectividad de M\u00e9xico, impulsando el crecimiento del turismo internacional y fortaleciendo el sector a\u00e9reo en el pa\u00eds. (<a href=\"https:\/\/nitu.mx\/index.php\/2024\/09\/03\/mexico-supera-los-70-millones-de-pasajeros-aereos-de-enero-a-julio\/\">M\u00e9xico supera los 70 millones de pasajeros a\u00e9reos de enero a julio<\/a>).<\/p>\n","protected":false},"excerpt":{"rendered":"<p>M\u00e9xico ha consolidado su papel en la aviaci\u00f3n internacional al establecer 56 convenios bilaterales de aviaci\u00f3n, incluyendo un acuerdo horizontal con la Uni\u00f3n Europea. Estos acuerdos han fortalecido la conectividad a\u00e9rea del pa\u00eds, posicion\u00e1ndolo como la sexta potencia en recepci\u00f3n de turismo internacional, con casi 57 millones de pasajeros transportados por v\u00eda a\u00e9rea en lo [&hellip;]<\/p>\n","protected":false},"author":3,"featured_media":8136,"comment_status":"open","ping_status":"open","sticky":false,"template":"","format":"standard","meta":{"footnotes":""},"categories":[29],"tags":[14341,3953,9384,68,4592],"yoast_head":"<!-- This site is optimized with the Yoast SEO plugin v22.2 - https:\/\/yoast.com\/wordpress\/plugins\/seo\/ -->\n<title>M\u00e9xico fortalece su conectividad a\u00e9rea con 56 Convenios Bilaterales - Nitu - Noticias de la Industria Turistica<\/title>\n<meta name=\"robots\" content=\"index, follow, max-snippet:-1, max-image-preview:large, max-video-preview:-1\" \/>\n<link rel=\"canonical\" href=\"https:\/\/nitu.mx\/index.php\/2024\/09\/03\/mexico-fortalece-su-conectividad-aerea-con-56-convenios-bilaterales\/\" \/>\n<meta name=\"twitter:card\" content=\"summary_large_image\" \/>\n<meta name=\"twitter:title\" content=\"M\u00e9xico fortalece su conectividad a\u00e9rea con 56 Convenios Bilaterales - Nitu - Noticias de la Industria Turistica\" \/>\n<meta name=\"twitter:description\" content=\"M\u00e9xico ha consolidado su papel en la aviaci\u00f3n internacional al establecer 56 convenios bilaterales de aviaci\u00f3n, incluyendo un acuerdo horizontal con la Uni\u00f3n Europea. Estos acuerdos han fortalecido la conectividad a\u00e9rea del pa\u00eds, posicion\u00e1ndolo como la sexta potencia en recepci\u00f3n de turismo internacional, con casi 57 millones de pasajeros transportados por v\u00eda a\u00e9rea en lo [&hellip;]\" \/>\n<meta name=\"twitter:image\" content=\"https:\/\/nitu.mx\/wp-content\/uploads\/2017\/03\/avion-blanco.jpg\" \/>\n<meta name=\"twitter:creator\" content=\"@NITUmx\" \/>\n<meta name=\"twitter:site\" content=\"@Arturo_Medina_G\" \/>\n<meta name=\"twitter:label1\" content=\"Escrito por\" \/>\n\t<meta name=\"twitter:data1\" content=\"Alejandra Moncisbays\" \/>\n\t<meta name=\"twitter:label2\" content=\"Tiempo de lectura\" \/>\n\t<meta name=\"twitter:data2\" content=\"2 minutos\" \/>\n<script type=\"application\/ld+json\" class=\"yoast-schema-graph\">{\"@context\":\"https:\/\/schema.org\",\"@graph\":[{\"@type\":\"Article\",\"@id\":\"https:\/\/nitu.mx\/index.php\/2024\/09\/03\/mexico-fortalece-su-conectividad-aerea-con-56-convenios-bilaterales\/#article\",\"isPartOf\":{\"@id\":\"https:\/\/nitu.mx\/index.php\/2024\/09\/03\/mexico-fortalece-su-conectividad-aerea-con-56-convenios-bilaterales\/\"},\"author\":{\"name\":\"Alejandra Moncisbays\",\"@id\":\"https:\/\/nitu.mx\/#\/schema\/person\/2ecd887b19dfd3382d1f14fc5acf24a8\"},\"headline\":\"M\u00e9xico fortalece su conectividad a\u00e9rea con 56 Convenios Bilaterales\",\"datePublished\":\"2024-09-04T03:16:42+00:00\",\"dateModified\":\"2024-09-04T03:16:43+00:00\",\"mainEntityOfPage\":{\"@id\":\"https:\/\/nitu.mx\/index.php\/2024\/09\/03\/mexico-fortalece-su-conectividad-aerea-con-56-convenios-bilaterales\/\"},\"wordCount\":351,\"commentCount\":0,\"publisher\":{\"@id\":\"https:\/\/nitu.mx\/#\/schema\/person\/ae7a53426417292d3dd07b45a33e01bc\"},\"image\":{\"@id\":\"https:\/\/nitu.mx\/index.php\/2024\/09\/03\/mexico-fortalece-su-conectividad-aerea-con-56-convenios-bilaterales\/#primaryimage\"},\"thumbnailUrl\":\"https:\/\/nitu.mx\/wp-content\/uploads\/2017\/03\/avion-blanco.jpg\",\"keywords\":[\"AFAC\",\"conectividad\",\"convenios\",\"M\u00e9xico\",\"rutas a\u00e9reas\"],\"articleSection\":[\"Aerol\u00edneas\"],\"inLanguage\":\"es-MX\",\"potentialAction\":[{\"@type\":\"CommentAction\",\"name\":\"Comment\",\"target\":[\"https:\/\/nitu.mx\/index.php\/2024\/09\/03\/mexico-fortalece-su-conectividad-aerea-con-56-convenios-bilaterales\/#respond\"]}]},{\"@type\":\"WebPage\",\"@id\":\"https:\/\/nitu.mx\/index.php\/2024\/09\/03\/mexico-fortalece-su-conectividad-aerea-con-56-convenios-bilaterales\/\",\"url\":\"https:\/\/nitu.mx\/index.php\/2024\/09\/03\/mexico-fortalece-su-conectividad-aerea-con-56-convenios-bilaterales\/\",\"name\":\"M\u00e9xico fortalece su conectividad a\u00e9rea con 56 Convenios Bilaterales - Nitu - Noticias de la Industria Turistica\",\"isPartOf\":{\"@id\":\"https:\/\/nitu.mx\/#website\"},\"primaryImageOfPage\":{\"@id\":\"https:\/\/nitu.mx\/index.php\/2024\/09\/03\/mexico-fortalece-su-conectividad-aerea-con-56-convenios-bilaterales\/#primaryimage\"},\"image\":{\"@id\":\"https:\/\/nitu.mx\/index.php\/2024\/09\/03\/mexico-fortalece-su-conectividad-aerea-con-56-convenios-bilaterales\/#primaryimage\"},\"thumbnailUrl\":\"https:\/\/nitu.mx\/wp-content\/uploads\/2017\/03\/avion-blanco.jpg\",\"datePublished\":\"2024-09-04T03:16:42+00:00\",\"dateModified\":\"2024-09-04T03:16:43+00:00\",\"breadcrumb\":{\"@id\":\"https:\/\/nitu.mx\/index.php\/2024\/09\/03\/mexico-fortalece-su-conectividad-aerea-con-56-convenios-bilaterales\/#breadcrumb\"},\"inLanguage\":\"es-MX\",\"potentialAction\":[{\"@type\":\"ReadAction\",\"target\":[\"https:\/\/nitu.mx\/index.php\/2024\/09\/03\/mexico-fortalece-su-conectividad-aerea-con-56-convenios-bilaterales\/\"]}]},{\"@type\":\"ImageObject\",\"inLanguage\":\"es-MX\",\"@id\":\"https:\/\/nitu.mx\/index.php\/2024\/09\/03\/mexico-fortalece-su-conectividad-aerea-con-56-convenios-bilaterales\/#primaryimage\",\"url\":\"https:\/\/nitu.mx\/wp-content\/uploads\/2017\/03\/avion-blanco.jpg\",\"contentUrl\":\"https:\/\/nitu.mx\/wp-content\/uploads\/2017\/03\/avion-blanco.jpg\",\"width\":850,\"height\":480,\"caption\":\"avion\"},{\"@type\":\"BreadcrumbList\",\"@id\":\"https:\/\/nitu.mx\/index.php\/2024\/09\/03\/mexico-fortalece-su-conectividad-aerea-con-56-convenios-bilaterales\/#breadcrumb\",\"itemListElement\":[{\"@type\":\"ListItem\",\"position\":1,\"name\":\"Inicio\",\"item\":\"https:\/\/nitu.mx\/\"},{\"@type\":\"ListItem\",\"position\":2,\"name\":\"M\u00e9xico fortalece su conectividad a\u00e9rea con 56 Convenios Bilaterales\"}]},{\"@type\":\"WebSite\",\"@id\":\"https:\/\/nitu.mx\/#website\",\"url\":\"https:\/\/nitu.mx\/\",\"name\":\"Nitu - Noticias de la Industria Turistica\",\"description\":\"Noticias de la Industria Turistica\",\"publisher\":{\"@id\":\"https:\/\/nitu.mx\/#\/schema\/person\/ae7a53426417292d3dd07b45a33e01bc\"},\"alternateName\":\"Noticias de la Industria Turistica\",\"potentialAction\":[{\"@type\":\"SearchAction\",\"target\":{\"@type\":\"EntryPoint\",\"urlTemplate\":\"https:\/\/nitu.mx\/?s={search_term_string}\"},\"query-input\":\"required name=search_term_string\"}],\"inLanguage\":\"es-MX\"},{\"@type\":[\"Person\",\"Organization\"],\"@id\":\"https:\/\/nitu.mx\/#\/schema\/person\/ae7a53426417292d3dd07b45a33e01bc\",\"name\":\"Arturo Medina\",\"image\":{\"@type\":\"ImageObject\",\"inLanguage\":\"es-MX\",\"@id\":\"https:\/\/nitu.mx\/#\/schema\/person\/image\/\",\"url\":\"https:\/\/nitu.mx\/wp-content\/uploads\/2024\/04\/4A315622-1904-4D5C-B022-878CDC840E04-90x90-1.jpeg\",\"contentUrl\":\"https:\/\/nitu.mx\/wp-content\/uploads\/2024\/04\/4A315622-1904-4D5C-B022-878CDC840E04-90x90-1.jpeg\",\"width\":90,\"height\":90,\"caption\":\"Arturo Medina\"},\"logo\":{\"@id\":\"https:\/\/nitu.mx\/#\/schema\/person\/image\/\"},\"description\":\"Director NITU.mx, Egresado de la Escuela de Periodismo Carlos Septi\u00e9n Garc\u00eda. Periodista y analista especializado en turismo desde hace 35 a\u00f1os, radicado en Canc\u00fan Q.Roo. arturo@nitu.mx\",\"sameAs\":[\"https:\/\/nitu.mx\",\"https:\/\/www.facebook.com\/NITUmx\/\",\"medinacancun\",\"https:\/\/twitter.com\/@Arturo_Medina_G\"]},{\"@type\":\"Person\",\"@id\":\"https:\/\/nitu.mx\/#\/schema\/person\/2ecd887b19dfd3382d1f14fc5acf24a8\",\"name\":\"Alejandra Moncisbays\",\"image\":{\"@type\":\"ImageObject\",\"inLanguage\":\"es-MX\",\"@id\":\"https:\/\/nitu.mx\/#\/schema\/person\/image\/\",\"url\":\"https:\/\/secure.gravatar.com\/avatar\/e74f7af0be172b7804dacfd0bfbef787?s=96&d=mm&r=g\",\"contentUrl\":\"https:\/\/secure.gravatar.com\/avatar\/e74f7af0be172b7804dacfd0bfbef787?s=96&d=mm&r=g\",\"caption\":\"Alejandra Moncisbays\"},\"description\":\"Curs\u00e9 la carrera de Periodismo y Comunicaci\u00f3n en la Facultad de Estudios Profesionales Acatl\u00e1n. Vivo en Canc\u00fan desde hace 24 a\u00f1os. Fui reportera de La Tarde de Canc\u00fan, y Novedades de Quintana Roo, colabor\u00e9 en TVCUN, edit\u00e9 Cancun\u00edssimo y colabor\u00e9 en las revistas Latitud21, entre otras, con principal enfoque en los sectores empresarial y tur\u00edstico. Desde hace varios a\u00f1os soy Agente de Seguros con c\u00e9dula de la Comisi\u00f3n Nacional de Seguros y Fianzas. Actualmente, me desarrollo en los \u00e1mbitos del periodismo y el sector asegurador.\",\"sameAs\":[\"https:\/\/nitu.mx\"],\"url\":\"https:\/\/nitu.mx\/index.php\/author\/alejandra\/\"}]}<\/script>\n<!-- \/ Yoast SEO plugin. -->","yoast_head_json":{"title":"M\u00e9xico fortalece su conectividad a\u00e9rea con 56 Convenios Bilaterales - Nitu - Noticias de la Industria Turistica","robots":{"index":"index","follow":"follow","max-snippet":"max-snippet:-1","max-image-preview":"max-image-preview:large","max-video-preview":"max-video-preview:-1"},"canonical":"https:\/\/nitu.mx\/index.php\/2024\/09\/03\/mexico-fortalece-su-conectividad-aerea-con-56-convenios-bilaterales\/","twitter_card":"summary_large_image","twitter_title":"M\u00e9xico fortalece su conectividad a\u00e9rea con 56 Convenios Bilaterales - Nitu - Noticias de la Industria Turistica","twitter_description":"M\u00e9xico ha consolidado su papel en la aviaci\u00f3n internacional al establecer 56 convenios bilaterales de aviaci\u00f3n, incluyendo un acuerdo horizontal con la Uni\u00f3n Europea. Estos acuerdos han fortalecido la conectividad a\u00e9rea del pa\u00eds, posicion\u00e1ndolo como la sexta potencia en recepci\u00f3n de turismo internacional, con casi 57 millones de pasajeros transportados por v\u00eda a\u00e9rea en lo [&hellip;]","twitter_image":"https:\/\/nitu.mx\/wp-content\/uploads\/2017\/03\/avion-blanco.jpg","twitter_creator":"@NITUmx","twitter_site":"@Arturo_Medina_G","twitter_misc":{"Escrito por":"Alejandra Moncisbays","Tiempo de lectura":"2 minutos"},"schema":{"@context":"https:\/\/schema.org","@graph":[{"@type":"Article","@id":"https:\/\/nitu.mx\/index.php\/2024\/09\/03\/mexico-fortalece-su-conectividad-aerea-con-56-convenios-bilaterales\/#article","isPartOf":{"@id":"https:\/\/nitu.mx\/index.php\/2024\/09\/03\/mexico-fortalece-su-conectividad-aerea-con-56-convenios-bilaterales\/"},"author":{"name":"Alejandra Moncisbays","@id":"https:\/\/nitu.mx\/#\/schema\/person\/2ecd887b19dfd3382d1f14fc5acf24a8"},"headline":"M\u00e9xico fortalece su conectividad a\u00e9rea con 56 Convenios Bilaterales","datePublished":"2024-09-04T03:16:42+00:00","dateModified":"2024-09-04T03:16:43+00:00","mainEntityOfPage":{"@id":"https:\/\/nitu.mx\/index.php\/2024\/09\/03\/mexico-fortalece-su-conectividad-aerea-con-56-convenios-bilaterales\/"},"wordCount":351,"commentCount":0,"publisher":{"@id":"https:\/\/nitu.mx\/#\/schema\/person\/ae7a53426417292d3dd07b45a33e01bc"},"image":{"@id":"https:\/\/nitu.mx\/index.php\/2024\/09\/03\/mexico-fortalece-su-conectividad-aerea-con-56-convenios-bilaterales\/#primaryimage"},"thumbnailUrl":"https:\/\/nitu.mx\/wp-content\/uploads\/2017\/03\/avion-blanco.jpg","keywords":["AFAC","conectividad","convenios","M\u00e9xico","rutas a\u00e9reas"],"articleSection":["Aerol\u00edneas"],"inLanguage":"es-MX","potentialAction":[{"@type":"CommentAction","name":"Comment","target":["https:\/\/nitu.mx\/index.php\/2024\/09\/03\/mexico-fortalece-su-conectividad-aerea-con-56-convenios-bilaterales\/#respond"]}]},{"@type":"WebPage","@id":"https:\/\/nitu.mx\/index.php\/2024\/09\/03\/mexico-fortalece-su-conectividad-aerea-con-56-convenios-bilaterales\/","url":"https:\/\/nitu.mx\/index.php\/2024\/09\/03\/mexico-fortalece-su-conectividad-aerea-con-56-convenios-bilaterales\/","name":"M\u00e9xico fortalece su conectividad a\u00e9rea con 56 Convenios Bilaterales - Nitu - Noticias de la Industria Turistica","isPartOf":{"@id":"https:\/\/nitu.mx\/#website"},"primaryImageOfPage":{"@id":"https:\/\/nitu.mx\/index.php\/2024\/09\/03\/mexico-fortalece-su-conectividad-aerea-con-56-convenios-bilaterales\/#primaryimage"},"image":{"@id":"https:\/\/nitu.mx\/index.php\/2024\/09\/03\/mexico-fortalece-su-conectividad-aerea-con-56-convenios-bilaterales\/#primaryimage"},"thumbnailUrl":"https:\/\/nitu.mx\/wp-content\/uploads\/2017\/03\/avion-blanco.jpg","datePublished":"2024-09-04T03:16:42+00:00","dateModified":"2024-09-04T03:16:43+00:00","breadcrumb":{"@id":"https:\/\/nitu.mx\/index.php\/2024\/09\/03\/mexico-fortalece-su-conectividad-aerea-con-56-convenios-bilaterales\/#breadcrumb"},"inLanguage":"es-MX","potentialAction":[{"@type":"ReadAction","target":["https:\/\/nitu.mx\/index.php\/2024\/09\/03\/mexico-fortalece-su-conectividad-aerea-con-56-convenios-bilaterales\/"]}]},{"@type":"ImageObject","inLanguage":"es-MX","@id":"https:\/\/nitu.mx\/index.php\/2024\/09\/03\/mexico-fortalece-su-conectividad-aerea-con-56-convenios-bilaterales\/#primaryimage","url":"https:\/\/nitu.mx\/wp-content\/uploads\/2017\/03\/avion-blanco.jpg","contentUrl":"https:\/\/nitu.mx\/wp-content\/uploads\/2017\/03\/avion-blanco.jpg","width":850,"height":480,"caption":"avion"},{"@type":"BreadcrumbList","@id":"https:\/\/nitu.mx\/index.php\/2024\/09\/03\/mexico-fortalece-su-conectividad-aerea-con-56-convenios-bilaterales\/#breadcrumb","itemListElement":[{"@type":"ListItem","position":1,"name":"Inicio","item":"https:\/\/nitu.mx\/"},{"@type":"ListItem","position":2,"name":"M\u00e9xico fortalece su conectividad a\u00e9rea con 56 Convenios Bilaterales"}]},{"@type":"WebSite","@id":"https:\/\/nitu.mx\/#website","url":"https:\/\/nitu.mx\/","name":"Nitu - Noticias de la Industria Turistica","description":"Noticias de la Industria Turistica","publisher":{"@id":"https:\/\/nitu.mx\/#\/schema\/person\/ae7a53426417292d3dd07b45a33e01bc"},"alternateName":"Noticias de la Industria Turistica","potentialAction":[{"@type":"SearchAction","target":{"@type":"EntryPoint","urlTemplate":"https:\/\/nitu.mx\/?s={search_term_string}"},"query-input":"required name=search_term_string"}],"inLanguage":"es-MX"},{"@type":["Person","Organization"],"@id":"https:\/\/nitu.mx\/#\/schema\/person\/ae7a53426417292d3dd07b45a33e01bc","name":"Arturo Medina","image":{"@type":"ImageObject","inLanguage":"es-MX","@id":"https:\/\/nitu.mx\/#\/schema\/person\/image\/","url":"https:\/\/nitu.mx\/wp-content\/uploads\/2024\/04\/4A315622-1904-4D5C-B022-878CDC840E04-90x90-1.jpeg","contentUrl":"https:\/\/nitu.mx\/wp-content\/uploads\/2024\/04\/4A315622-1904-4D5C-B022-878CDC840E04-90x90-1.jpeg","width":90,"height":90,"caption":"Arturo Medina"},"logo":{"@id":"https:\/\/nitu.mx\/#\/schema\/person\/image\/"},"description":"Director NITU.mx, Egresado de la Escuela de Periodismo Carlos Septi\u00e9n Garc\u00eda. Periodista y analista especializado en turismo desde hace 35 a\u00f1os, radicado en Canc\u00fan Q.Roo. arturo@nitu.mx","sameAs":["https:\/\/nitu.mx","https:\/\/www.facebook.com\/NITUmx\/","medinacancun","https:\/\/twitter.com\/@Arturo_Medina_G"]},{"@type":"Person","@id":"https:\/\/nitu.mx\/#\/schema\/person\/2ecd887b19dfd3382d1f14fc5acf24a8","name":"Alejandra Moncisbays","image":{"@type":"ImageObject","inLanguage":"es-MX","@id":"https:\/\/nitu.mx\/#\/schema\/person\/image\/","url":"https:\/\/secure.gravatar.com\/avatar\/e74f7af0be172b7804dacfd0bfbef787?s=96&d=mm&r=g","contentUrl":"https:\/\/secure.gravatar.com\/avatar\/e74f7af0be172b7804dacfd0bfbef787?s=96&d=mm&r=g","caption":"Alejandra Moncisbays"},"description":"Curs\u00e9 la carrera de Periodismo y Comunicaci\u00f3n en la Facultad de Estudios Profesionales Acatl\u00e1n. Vivo en Canc\u00fan desde hace 24 a\u00f1os. Fui reportera de La Tarde de Canc\u00fan, y Novedades de Quintana Roo, colabor\u00e9 en TVCUN, edit\u00e9 Cancun\u00edssimo y colabor\u00e9 en las revistas Latitud21, entre otras, con principal enfoque en los sectores empresarial y tur\u00edstico. Desde hace varios a\u00f1os soy Agente de Seguros con c\u00e9dula de la Comisi\u00f3n Nacional de Seguros y Fianzas. Actualmente, me desarrollo en los \u00e1mbitos del periodismo y el sector asegurador.","sameAs":["https:\/\/nitu.mx"],"url":"https:\/\/nitu.mx\/index.php\/author\/alejandra\/"}]}},"views":698,"_links":{"self":[{"href":"https:\/\/nitu.mx\/index.php\/wp-json\/wp\/v2\/posts\/74602"}],"collection":[{"href":"https:\/\/nitu.mx\/index.php\/wp-json\/wp\/v2\/posts"}],"about":[{"href":"https:\/\/nitu.mx\/index.php\/wp-json\/wp\/v2\/types\/post"}],"author":[{"embeddable":true,"href":"https:\/\/nitu.mx\/index.php\/wp-json\/wp\/v2\/users\/3"}],"replies":[{"embeddable":true,"href":"https:\/\/nitu.mx\/index.php\/wp-json\/wp\/v2\/comments?post=74602"}],"version-history":[{"count":2,"href":"https:\/\/nitu.mx\/index.php\/wp-json\/wp\/v2\/posts\/74602\/revisions"}],"predecessor-version":[{"id":74613,"href":"https:\/\/nitu.mx\/index.php\/wp-json\/wp\/v2\/posts\/74602\/revisions\/74613"}],"wp:featuredmedia":[{"embeddable":true,"href":"https:\/\/nitu.mx\/index.php\/wp-json\/wp\/v2\/media\/8136"}],"wp:attachment":[{"href":"https:\/\/nitu.mx\/index.php\/wp-json\/wp\/v2\/media?parent=74602"}],"wp:term":[{"taxonomy":"category","embeddable":true,"href":"https:\/\/nitu.mx\/index.php\/wp-json\/wp\/v2\/categories?post=74602"},{"taxonomy":"post_tag","embeddable":true,"href":"https:\/\/nitu.mx\/index.php\/wp-json\/wp\/v2\/tags?post=74602"}],"curies":[{"name":"wp","href":"https:\/\/api.w.org\/{rel}","templated":true}]}}