{"id":74490,"date":"2024-09-01T23:41:01","date_gmt":"2024-09-02T05:41:01","guid":{"rendered":"https:\/\/nitu.mx\/?p=74490"},"modified":"2024-09-03T21:05:30","modified_gmt":"2024-09-04T03:05:30","slug":"el-turismo-sostenible-en-costa-rica-un-modelo-de-desarrollo-exitoso","status":"publish","type":"post","link":"https:\/\/nitu.mx\/index.php\/2024\/09\/01\/el-turismo-sostenible-en-costa-rica-un-modelo-de-desarrollo-exitoso\/","title":{"rendered":"El turismo sostenible en Costa Rica: Un modelo de desarrollo exitoso"},"content":{"rendered":"<p>El Instituto Costarricense de Turismo (ICT) ha destacado que su enfoque en la sostenibilidad ha sido clave para el \u00e9xito del turismo en el pa\u00eds. Seg\u00fan Rafael Soto Quir\u00f3s, gerente general del ICT, \u201cCosta Rica ha apostado por un modelo de desarrollo tur\u00edstico basado en la sostenibilidad, cuidando el recurso tur\u00edstico antes que todo\u201d.<\/p>\n<p>En platica con <em><strong>NITU.mx<\/strong><\/em>, Soto Quir\u00f3s remarc\u00f3 que este enfoque ha permitido que el 26% del territorio nacional est\u00e9 protegido, convirtiendo al pa\u00eds en un destino l\u00edder en ecoturismo.<\/p>\n<p>Precisamente, Costa Rica preside el Consejo de Sostenibilidad de la ONU TURISMO, un honor que recibieron en el 2023, por lo que han logrado como pa\u00eds en el tema de sostenibilidad en torno el turismo. Adem\u00e1s, de ser el primer pa\u00eds de Am\u00e9rica en tener la presidencia del Consejo, precisamente en octubre de este 2024, tendr\u00e1n un evento en donde se analizar\u00e1n temas ambientales con directivos de la ONU TURISMO.<\/p>\n<p>El ICT, una instituci\u00f3n semiaut\u00f3noma que se financia principalmente a trav\u00e9s de los impuestos de los turistas, ha centrado sus esfuerzos en la conservaci\u00f3n antes de pensar en el turismo. \u201cAntes de pensar en turismo, pensamos en conservaci\u00f3n\u201d, subray\u00f3 Soto Quir\u00f3s.<\/p>\n<p>Esta estrategia ha llevado al desarrollo de un turismo responsable, que no solo atrae visitantes, sino que tambi\u00e9n protege los recursos naturales y culturales del pa\u00eds.<\/p>\n<p>Costa Rica, con su tama\u00f1o relativamente peque\u00f1o y su gran biodiversidad, ofrece a los turistas una experiencia \u00fanica. Con solo dos estaciones al a\u00f1o, verano e invierno, el pa\u00eds se ha promocionado con campa\u00f1as como &#8220;Temporada Verde&#8221;, invitando a los visitantes a disfrutar de su exuberancia natural incluso durante la temporada de lluvias.<\/p>\n<p>Adem\u00e1s, el pa\u00eds ha invertido en la diversificaci\u00f3n de su oferta tur\u00edstica. Desde el turismo de aventura hasta el bienestar y los congresos, Costa Rica se ha adaptado a las necesidades de los turistas internacionales, especialmente de mercados clave como Estados Unidos, Canad\u00e1 y Europa. Soto Quir\u00f3s mencion\u00f3 que \u201cla estad\u00eda promedio en Costa Rica es de 12 a 13 noches\u201d, lo que refleja el atractivo del pa\u00eds como un destino para estancias prolongadas.<\/p>\n<p>Con una proyecci\u00f3n de recibir hasta 3 millones de turistas anuales, Costa Rica ha demostrado que es posible combinar el crecimiento tur\u00edstico con la protecci\u00f3n del medio ambiente, garantizando que las futuras generaciones puedan disfrutar de sus riquezas naturales.<\/p>\n<p>Asimismo, esta vocaci\u00f3n de Costa Rica, por la sustentabilidad, le permite ser sede de diversos eventos, pr\u00f3ximamente, tambi\u00e9n recibir\u00e1n el Congreso Mundial de Turismo Social, que ve todos los temas relacionados con el turismo, social. todas las personas tenemos derechos al ocio a viajar y lo que busca este turismo social es ver de qu\u00e9 manera se puede apoyar a ciertos sectores de los propios pa\u00edses para que puedan viajar dentro de sus propios pa\u00edses.<\/p>\n","protected":false},"excerpt":{"rendered":"<p>El Instituto Costarricense de Turismo (ICT) ha destacado que su enfoque en la sostenibilidad ha sido clave para el \u00e9xito del turismo en el pa\u00eds. Seg\u00fan Rafael Soto Quir\u00f3s, gerente general del ICT, \u201cCosta Rica ha apostado por un modelo de desarrollo tur\u00edstico basado en la sostenibilidad, cuidando el recurso tur\u00edstico antes que todo\u201d. En [&hellip;]<\/p>\n","protected":false},"author":3,"featured_media":74492,"comment_status":"open","ping_status":"open","sticky":false,"template":"","format":"standard","meta":{"footnotes":""},"categories":[11,374],"tags":[25979,25968,22043,421],"yoast_head":"<!-- This site is optimized with the Yoast SEO plugin v22.2 - https:\/\/yoast.com\/wordpress\/plugins\/seo\/ -->\n<title>El turismo sostenible en Costa Rica: Un modelo de desarrollo exitoso - Nitu - Noticias de la Industria Turistica<\/title>\n<meta name=\"robots\" content=\"index, follow, max-snippet:-1, max-image-preview:large, max-video-preview:-1\" \/>\n<link rel=\"canonical\" href=\"https:\/\/nitu.mx\/index.php\/2024\/09\/01\/el-turismo-sostenible-en-costa-rica-un-modelo-de-desarrollo-exitoso\/\" \/>\n<meta name=\"twitter:card\" content=\"summary_large_image\" \/>\n<meta name=\"twitter:title\" content=\"El turismo sostenible en Costa Rica: Un modelo de desarrollo exitoso - Nitu - Noticias de la Industria Turistica\" \/>\n<meta name=\"twitter:description\" content=\"El Instituto Costarricense de Turismo (ICT) ha destacado que su enfoque en la sostenibilidad ha sido clave para el \u00e9xito del turismo en el pa\u00eds. Seg\u00fan Rafael Soto Quir\u00f3s, gerente general del ICT, \u201cCosta Rica ha apostado por un modelo de desarrollo tur\u00edstico basado en la sostenibilidad, cuidando el recurso tur\u00edstico antes que todo\u201d. En [&hellip;]\" \/>\n<meta name=\"twitter:image\" content=\"https:\/\/nitu.mx\/wp-content\/uploads\/2024\/09\/COSTARICAGERENTE.jpeg\" \/>\n<meta name=\"twitter:creator\" content=\"@NITUmx\" \/>\n<meta name=\"twitter:site\" content=\"@Arturo_Medina_G\" \/>\n<meta name=\"twitter:label1\" content=\"Escrito por\" \/>\n\t<meta name=\"twitter:data1\" content=\"Alejandra Moncisbays\" \/>\n\t<meta name=\"twitter:label2\" content=\"Tiempo de lectura\" \/>\n\t<meta name=\"twitter:data2\" content=\"2 minutos\" \/>\n<script type=\"application\/ld+json\" class=\"yoast-schema-graph\">{\"@context\":\"https:\/\/schema.org\",\"@graph\":[{\"@type\":\"Article\",\"@id\":\"https:\/\/nitu.mx\/index.php\/2024\/09\/01\/el-turismo-sostenible-en-costa-rica-un-modelo-de-desarrollo-exitoso\/#article\",\"isPartOf\":{\"@id\":\"https:\/\/nitu.mx\/index.php\/2024\/09\/01\/el-turismo-sostenible-en-costa-rica-un-modelo-de-desarrollo-exitoso\/\"},\"author\":{\"name\":\"Alejandra Moncisbays\",\"@id\":\"https:\/\/nitu.mx\/#\/schema\/person\/2ecd887b19dfd3382d1f14fc5acf24a8\"},\"headline\":\"El turismo sostenible en Costa Rica: Un modelo de desarrollo exitoso\",\"datePublished\":\"2024-09-02T05:41:01+00:00\",\"dateModified\":\"2024-09-04T03:05:30+00:00\",\"mainEntityOfPage\":{\"@id\":\"https:\/\/nitu.mx\/index.php\/2024\/09\/01\/el-turismo-sostenible-en-costa-rica-un-modelo-de-desarrollo-exitoso\/\"},\"wordCount\":510,\"commentCount\":0,\"publisher\":{\"@id\":\"https:\/\/nitu.mx\/#\/schema\/person\/ae7a53426417292d3dd07b45a33e01bc\"},\"image\":{\"@id\":\"https:\/\/nitu.mx\/index.php\/2024\/09\/01\/el-turismo-sostenible-en-costa-rica-un-modelo-de-desarrollo-exitoso\/#primaryimage\"},\"thumbnailUrl\":\"https:\/\/nitu.mx\/wp-content\/uploads\/2024\/09\/COSTARICAGERENTE.jpeg\",\"keywords\":[\"Instituto Costarricense de Turismo (ICT).\",\"Rafael Soto Quir\u00f3s\",\"sostenible\",\"turismo\"],\"articleSection\":[\"Caribe\",\"Internacional\"],\"inLanguage\":\"es-MX\",\"potentialAction\":[{\"@type\":\"CommentAction\",\"name\":\"Comment\",\"target\":[\"https:\/\/nitu.mx\/index.php\/2024\/09\/01\/el-turismo-sostenible-en-costa-rica-un-modelo-de-desarrollo-exitoso\/#respond\"]}]},{\"@type\":\"WebPage\",\"@id\":\"https:\/\/nitu.mx\/index.php\/2024\/09\/01\/el-turismo-sostenible-en-costa-rica-un-modelo-de-desarrollo-exitoso\/\",\"url\":\"https:\/\/nitu.mx\/index.php\/2024\/09\/01\/el-turismo-sostenible-en-costa-rica-un-modelo-de-desarrollo-exitoso\/\",\"name\":\"El turismo sostenible en Costa Rica: Un modelo de desarrollo exitoso - Nitu - Noticias de la Industria Turistica\",\"isPartOf\":{\"@id\":\"https:\/\/nitu.mx\/#website\"},\"primaryImageOfPage\":{\"@id\":\"https:\/\/nitu.mx\/index.php\/2024\/09\/01\/el-turismo-sostenible-en-costa-rica-un-modelo-de-desarrollo-exitoso\/#primaryimage\"},\"image\":{\"@id\":\"https:\/\/nitu.mx\/index.php\/2024\/09\/01\/el-turismo-sostenible-en-costa-rica-un-modelo-de-desarrollo-exitoso\/#primaryimage\"},\"thumbnailUrl\":\"https:\/\/nitu.mx\/wp-content\/uploads\/2024\/09\/COSTARICAGERENTE.jpeg\",\"datePublished\":\"2024-09-02T05:41:01+00:00\",\"dateModified\":\"2024-09-04T03:05:30+00:00\",\"breadcrumb\":{\"@id\":\"https:\/\/nitu.mx\/index.php\/2024\/09\/01\/el-turismo-sostenible-en-costa-rica-un-modelo-de-desarrollo-exitoso\/#breadcrumb\"},\"inLanguage\":\"es-MX\",\"potentialAction\":[{\"@type\":\"ReadAction\",\"target\":[\"https:\/\/nitu.mx\/index.php\/2024\/09\/01\/el-turismo-sostenible-en-costa-rica-un-modelo-de-desarrollo-exitoso\/\"]}]},{\"@type\":\"ImageObject\",\"inLanguage\":\"es-MX\",\"@id\":\"https:\/\/nitu.mx\/index.php\/2024\/09\/01\/el-turismo-sostenible-en-costa-rica-un-modelo-de-desarrollo-exitoso\/#primaryimage\",\"url\":\"https:\/\/nitu.mx\/wp-content\/uploads\/2024\/09\/COSTARICAGERENTE.jpeg\",\"contentUrl\":\"https:\/\/nitu.mx\/wp-content\/uploads\/2024\/09\/COSTARICAGERENTE.jpeg\",\"width\":1088,\"height\":1600,\"caption\":\"COSTA RICA GERENTE\"},{\"@type\":\"BreadcrumbList\",\"@id\":\"https:\/\/nitu.mx\/index.php\/2024\/09\/01\/el-turismo-sostenible-en-costa-rica-un-modelo-de-desarrollo-exitoso\/#breadcrumb\",\"itemListElement\":[{\"@type\":\"ListItem\",\"position\":1,\"name\":\"Inicio\",\"item\":\"https:\/\/nitu.mx\/\"},{\"@type\":\"ListItem\",\"position\":2,\"name\":\"El turismo sostenible en Costa Rica: Un modelo de desarrollo exitoso\"}]},{\"@type\":\"WebSite\",\"@id\":\"https:\/\/nitu.mx\/#website\",\"url\":\"https:\/\/nitu.mx\/\",\"name\":\"Nitu - Noticias de la Industria Turistica\",\"description\":\"Noticias de la Industria Turistica\",\"publisher\":{\"@id\":\"https:\/\/nitu.mx\/#\/schema\/person\/ae7a53426417292d3dd07b45a33e01bc\"},\"alternateName\":\"Noticias de la Industria Turistica\",\"potentialAction\":[{\"@type\":\"SearchAction\",\"target\":{\"@type\":\"EntryPoint\",\"urlTemplate\":\"https:\/\/nitu.mx\/?s={search_term_string}\"},\"query-input\":\"required name=search_term_string\"}],\"inLanguage\":\"es-MX\"},{\"@type\":[\"Person\",\"Organization\"],\"@id\":\"https:\/\/nitu.mx\/#\/schema\/person\/ae7a53426417292d3dd07b45a33e01bc\",\"name\":\"Arturo Medina\",\"image\":{\"@type\":\"ImageObject\",\"inLanguage\":\"es-MX\",\"@id\":\"https:\/\/nitu.mx\/#\/schema\/person\/image\/\",\"url\":\"https:\/\/nitu.mx\/wp-content\/uploads\/2024\/04\/4A315622-1904-4D5C-B022-878CDC840E04-90x90-1.jpeg\",\"contentUrl\":\"https:\/\/nitu.mx\/wp-content\/uploads\/2024\/04\/4A315622-1904-4D5C-B022-878CDC840E04-90x90-1.jpeg\",\"width\":90,\"height\":90,\"caption\":\"Arturo Medina\"},\"logo\":{\"@id\":\"https:\/\/nitu.mx\/#\/schema\/person\/image\/\"},\"description\":\"Director NITU.mx, Egresado de la Escuela de Periodismo Carlos Septi\u00e9n Garc\u00eda. Periodista y analista especializado en turismo desde hace 35 a\u00f1os, radicado en Canc\u00fan Q.Roo. arturo@nitu.mx\",\"sameAs\":[\"https:\/\/nitu.mx\",\"https:\/\/www.facebook.com\/NITUmx\/\",\"medinacancun\",\"https:\/\/twitter.com\/@Arturo_Medina_G\"]},{\"@type\":\"Person\",\"@id\":\"https:\/\/nitu.mx\/#\/schema\/person\/2ecd887b19dfd3382d1f14fc5acf24a8\",\"name\":\"Alejandra Moncisbays\",\"image\":{\"@type\":\"ImageObject\",\"inLanguage\":\"es-MX\",\"@id\":\"https:\/\/nitu.mx\/#\/schema\/person\/image\/\",\"url\":\"https:\/\/secure.gravatar.com\/avatar\/e74f7af0be172b7804dacfd0bfbef787?s=96&d=mm&r=g\",\"contentUrl\":\"https:\/\/secure.gravatar.com\/avatar\/e74f7af0be172b7804dacfd0bfbef787?s=96&d=mm&r=g\",\"caption\":\"Alejandra Moncisbays\"},\"description\":\"Curs\u00e9 la carrera de Periodismo y Comunicaci\u00f3n en la Facultad de Estudios Profesionales Acatl\u00e1n. Vivo en Canc\u00fan desde hace 24 a\u00f1os. Fui reportera de La Tarde de Canc\u00fan, y Novedades de Quintana Roo, colabor\u00e9 en TVCUN, edit\u00e9 Cancun\u00edssimo y colabor\u00e9 en las revistas Latitud21, entre otras, con principal enfoque en los sectores empresarial y tur\u00edstico. Desde hace varios a\u00f1os soy Agente de Seguros con c\u00e9dula de la Comisi\u00f3n Nacional de Seguros y Fianzas. Actualmente, me desarrollo en los \u00e1mbitos del periodismo y el sector asegurador.\",\"sameAs\":[\"https:\/\/nitu.mx\"],\"url\":\"https:\/\/nitu.mx\/index.php\/author\/alejandra\/\"}]}<\/script>\n<!-- \/ Yoast SEO plugin. -->","yoast_head_json":{"title":"El turismo sostenible en Costa Rica: Un modelo de desarrollo exitoso - Nitu - Noticias de la Industria Turistica","robots":{"index":"index","follow":"follow","max-snippet":"max-snippet:-1","max-image-preview":"max-image-preview:large","max-video-preview":"max-video-preview:-1"},"canonical":"https:\/\/nitu.mx\/index.php\/2024\/09\/01\/el-turismo-sostenible-en-costa-rica-un-modelo-de-desarrollo-exitoso\/","twitter_card":"summary_large_image","twitter_title":"El turismo sostenible en Costa Rica: Un modelo de desarrollo exitoso - Nitu - Noticias de la Industria Turistica","twitter_description":"El Instituto Costarricense de Turismo (ICT) ha destacado que su enfoque en la sostenibilidad ha sido clave para el \u00e9xito del turismo en el pa\u00eds. Seg\u00fan Rafael Soto Quir\u00f3s, gerente general del ICT, \u201cCosta Rica ha apostado por un modelo de desarrollo tur\u00edstico basado en la sostenibilidad, cuidando el recurso tur\u00edstico antes que todo\u201d. En [&hellip;]","twitter_image":"https:\/\/nitu.mx\/wp-content\/uploads\/2024\/09\/COSTARICAGERENTE.jpeg","twitter_creator":"@NITUmx","twitter_site":"@Arturo_Medina_G","twitter_misc":{"Escrito por":"Alejandra Moncisbays","Tiempo de lectura":"2 minutos"},"schema":{"@context":"https:\/\/schema.org","@graph":[{"@type":"Article","@id":"https:\/\/nitu.mx\/index.php\/2024\/09\/01\/el-turismo-sostenible-en-costa-rica-un-modelo-de-desarrollo-exitoso\/#article","isPartOf":{"@id":"https:\/\/nitu.mx\/index.php\/2024\/09\/01\/el-turismo-sostenible-en-costa-rica-un-modelo-de-desarrollo-exitoso\/"},"author":{"name":"Alejandra Moncisbays","@id":"https:\/\/nitu.mx\/#\/schema\/person\/2ecd887b19dfd3382d1f14fc5acf24a8"},"headline":"El turismo sostenible en Costa Rica: Un modelo de desarrollo exitoso","datePublished":"2024-09-02T05:41:01+00:00","dateModified":"2024-09-04T03:05:30+00:00","mainEntityOfPage":{"@id":"https:\/\/nitu.mx\/index.php\/2024\/09\/01\/el-turismo-sostenible-en-costa-rica-un-modelo-de-desarrollo-exitoso\/"},"wordCount":510,"commentCount":0,"publisher":{"@id":"https:\/\/nitu.mx\/#\/schema\/person\/ae7a53426417292d3dd07b45a33e01bc"},"image":{"@id":"https:\/\/nitu.mx\/index.php\/2024\/09\/01\/el-turismo-sostenible-en-costa-rica-un-modelo-de-desarrollo-exitoso\/#primaryimage"},"thumbnailUrl":"https:\/\/nitu.mx\/wp-content\/uploads\/2024\/09\/COSTARICAGERENTE.jpeg","keywords":["Instituto Costarricense de Turismo (ICT).","Rafael Soto Quir\u00f3s","sostenible","turismo"],"articleSection":["Caribe","Internacional"],"inLanguage":"es-MX","potentialAction":[{"@type":"CommentAction","name":"Comment","target":["https:\/\/nitu.mx\/index.php\/2024\/09\/01\/el-turismo-sostenible-en-costa-rica-un-modelo-de-desarrollo-exitoso\/#respond"]}]},{"@type":"WebPage","@id":"https:\/\/nitu.mx\/index.php\/2024\/09\/01\/el-turismo-sostenible-en-costa-rica-un-modelo-de-desarrollo-exitoso\/","url":"https:\/\/nitu.mx\/index.php\/2024\/09\/01\/el-turismo-sostenible-en-costa-rica-un-modelo-de-desarrollo-exitoso\/","name":"El turismo sostenible en Costa Rica: Un modelo de desarrollo exitoso - Nitu - Noticias de la Industria Turistica","isPartOf":{"@id":"https:\/\/nitu.mx\/#website"},"primaryImageOfPage":{"@id":"https:\/\/nitu.mx\/index.php\/2024\/09\/01\/el-turismo-sostenible-en-costa-rica-un-modelo-de-desarrollo-exitoso\/#primaryimage"},"image":{"@id":"https:\/\/nitu.mx\/index.php\/2024\/09\/01\/el-turismo-sostenible-en-costa-rica-un-modelo-de-desarrollo-exitoso\/#primaryimage"},"thumbnailUrl":"https:\/\/nitu.mx\/wp-content\/uploads\/2024\/09\/COSTARICAGERENTE.jpeg","datePublished":"2024-09-02T05:41:01+00:00","dateModified":"2024-09-04T03:05:30+00:00","breadcrumb":{"@id":"https:\/\/nitu.mx\/index.php\/2024\/09\/01\/el-turismo-sostenible-en-costa-rica-un-modelo-de-desarrollo-exitoso\/#breadcrumb"},"inLanguage":"es-MX","potentialAction":[{"@type":"ReadAction","target":["https:\/\/nitu.mx\/index.php\/2024\/09\/01\/el-turismo-sostenible-en-costa-rica-un-modelo-de-desarrollo-exitoso\/"]}]},{"@type":"ImageObject","inLanguage":"es-MX","@id":"https:\/\/nitu.mx\/index.php\/2024\/09\/01\/el-turismo-sostenible-en-costa-rica-un-modelo-de-desarrollo-exitoso\/#primaryimage","url":"https:\/\/nitu.mx\/wp-content\/uploads\/2024\/09\/COSTARICAGERENTE.jpeg","contentUrl":"https:\/\/nitu.mx\/wp-content\/uploads\/2024\/09\/COSTARICAGERENTE.jpeg","width":1088,"height":1600,"caption":"COSTA RICA GERENTE"},{"@type":"BreadcrumbList","@id":"https:\/\/nitu.mx\/index.php\/2024\/09\/01\/el-turismo-sostenible-en-costa-rica-un-modelo-de-desarrollo-exitoso\/#breadcrumb","itemListElement":[{"@type":"ListItem","position":1,"name":"Inicio","item":"https:\/\/nitu.mx\/"},{"@type":"ListItem","position":2,"name":"El turismo sostenible en Costa Rica: Un modelo de desarrollo exitoso"}]},{"@type":"WebSite","@id":"https:\/\/nitu.mx\/#website","url":"https:\/\/nitu.mx\/","name":"Nitu - Noticias de la Industria Turistica","description":"Noticias de la Industria Turistica","publisher":{"@id":"https:\/\/nitu.mx\/#\/schema\/person\/ae7a53426417292d3dd07b45a33e01bc"},"alternateName":"Noticias de la Industria Turistica","potentialAction":[{"@type":"SearchAction","target":{"@type":"EntryPoint","urlTemplate":"https:\/\/nitu.mx\/?s={search_term_string}"},"query-input":"required name=search_term_string"}],"inLanguage":"es-MX"},{"@type":["Person","Organization"],"@id":"https:\/\/nitu.mx\/#\/schema\/person\/ae7a53426417292d3dd07b45a33e01bc","name":"Arturo Medina","image":{"@type":"ImageObject","inLanguage":"es-MX","@id":"https:\/\/nitu.mx\/#\/schema\/person\/image\/","url":"https:\/\/nitu.mx\/wp-content\/uploads\/2024\/04\/4A315622-1904-4D5C-B022-878CDC840E04-90x90-1.jpeg","contentUrl":"https:\/\/nitu.mx\/wp-content\/uploads\/2024\/04\/4A315622-1904-4D5C-B022-878CDC840E04-90x90-1.jpeg","width":90,"height":90,"caption":"Arturo Medina"},"logo":{"@id":"https:\/\/nitu.mx\/#\/schema\/person\/image\/"},"description":"Director NITU.mx, Egresado de la Escuela de Periodismo Carlos Septi\u00e9n Garc\u00eda. Periodista y analista especializado en turismo desde hace 35 a\u00f1os, radicado en Canc\u00fan Q.Roo. arturo@nitu.mx","sameAs":["https:\/\/nitu.mx","https:\/\/www.facebook.com\/NITUmx\/","medinacancun","https:\/\/twitter.com\/@Arturo_Medina_G"]},{"@type":"Person","@id":"https:\/\/nitu.mx\/#\/schema\/person\/2ecd887b19dfd3382d1f14fc5acf24a8","name":"Alejandra Moncisbays","image":{"@type":"ImageObject","inLanguage":"es-MX","@id":"https:\/\/nitu.mx\/#\/schema\/person\/image\/","url":"https:\/\/secure.gravatar.com\/avatar\/e74f7af0be172b7804dacfd0bfbef787?s=96&d=mm&r=g","contentUrl":"https:\/\/secure.gravatar.com\/avatar\/e74f7af0be172b7804dacfd0bfbef787?s=96&d=mm&r=g","caption":"Alejandra Moncisbays"},"description":"Curs\u00e9 la carrera de Periodismo y Comunicaci\u00f3n en la Facultad de Estudios Profesionales Acatl\u00e1n. Vivo en Canc\u00fan desde hace 24 a\u00f1os. Fui reportera de La Tarde de Canc\u00fan, y Novedades de Quintana Roo, colabor\u00e9 en TVCUN, edit\u00e9 Cancun\u00edssimo y colabor\u00e9 en las revistas Latitud21, entre otras, con principal enfoque en los sectores empresarial y tur\u00edstico. Desde hace varios a\u00f1os soy Agente de Seguros con c\u00e9dula de la Comisi\u00f3n Nacional de Seguros y Fianzas. Actualmente, me desarrollo en los \u00e1mbitos del periodismo y el sector asegurador.","sameAs":["https:\/\/nitu.mx"],"url":"https:\/\/nitu.mx\/index.php\/author\/alejandra\/"}]}},"views":902,"_links":{"self":[{"href":"https:\/\/nitu.mx\/index.php\/wp-json\/wp\/v2\/posts\/74490"}],"collection":[{"href":"https:\/\/nitu.mx\/index.php\/wp-json\/wp\/v2\/posts"}],"about":[{"href":"https:\/\/nitu.mx\/index.php\/wp-json\/wp\/v2\/types\/post"}],"author":[{"embeddable":true,"href":"https:\/\/nitu.mx\/index.php\/wp-json\/wp\/v2\/users\/3"}],"replies":[{"embeddable":true,"href":"https:\/\/nitu.mx\/index.php\/wp-json\/wp\/v2\/comments?post=74490"}],"version-history":[{"count":6,"href":"https:\/\/nitu.mx\/index.php\/wp-json\/wp\/v2\/posts\/74490\/revisions"}],"predecessor-version":[{"id":74611,"href":"https:\/\/nitu.mx\/index.php\/wp-json\/wp\/v2\/posts\/74490\/revisions\/74611"}],"wp:featuredmedia":[{"embeddable":true,"href":"https:\/\/nitu.mx\/index.php\/wp-json\/wp\/v2\/media\/74492"}],"wp:attachment":[{"href":"https:\/\/nitu.mx\/index.php\/wp-json\/wp\/v2\/media?parent=74490"}],"wp:term":[{"taxonomy":"category","embeddable":true,"href":"https:\/\/nitu.mx\/index.php\/wp-json\/wp\/v2\/categories?post=74490"},{"taxonomy":"post_tag","embeddable":true,"href":"https:\/\/nitu.mx\/index.php\/wp-json\/wp\/v2\/tags?post=74490"}],"curies":[{"name":"wp","href":"https:\/\/api.w.org\/{rel}","templated":true}]}}