{"id":74456,"date":"2024-08-30T00:53:18","date_gmt":"2024-08-30T06:53:18","guid":{"rendered":"https:\/\/nitu.mx\/?p=74456"},"modified":"2024-08-30T06:59:53","modified_gmt":"2024-08-30T12:59:53","slug":"volaris-anuncia-nuevas-rutas-aereas-de-sonora-a-monterrey","status":"publish","type":"post","link":"https:\/\/nitu.mx\/index.php\/2024\/08\/30\/volaris-anuncia-nuevas-rutas-aereas-de-sonora-a-monterrey\/","title":{"rendered":"Volaris anuncia nuevas rutas a\u00e9reas de Sonora a Monterrey"},"content":{"rendered":"<p>Volaris ha anunciado la apertura de dos nuevas rutas a\u00e9reas que conectar\u00e1n Sonora con Monterrey, inform\u00f3 Omar Carrera, director comercial de la aerol\u00ednea. Las rutas partir\u00e1n desde Hermosillo y Ciudad Obreg\u00f3n hacia la capital de Nuevo Le\u00f3n, consolidando a Volaris como la aerol\u00ednea l\u00edder en vuelos comerciales en la regi\u00f3n.<\/p>\n<p>\u201cEl d\u00eda de hoy les queremos anunciar que vamos a abrir dos nuevas rutas desde Ciudad Obreg\u00f3n y desde Hermosillo hacia Monterrey, estas rutas iniciar\u00e1n operaci\u00f3n a partir del 3 y 4 de noviembre y evidentemente abrir\u00e1n nuevas oportunidades para Sonora y su gente\u201d, destac\u00f3 Carrera.<\/p>\n<p>Estas nuevas rutas ofrecen a los sonorenses una mayor conectividad con Monterrey, facilitando tanto el turismo como las oportunidades de negocio entre ambas regiones. La apertura de estas rutas refuerza el compromiso de Volaris de expandir su presencia y ofrecer m\u00e1s opciones de vuelo a sus clientes.<\/p>\n","protected":false},"excerpt":{"rendered":"<p>Volaris ha anunciado la apertura de dos nuevas rutas a\u00e9reas que conectar\u00e1n Sonora con Monterrey, inform\u00f3 Omar Carrera, director comercial de la aerol\u00ednea. Las rutas partir\u00e1n desde Hermosillo y Ciudad Obreg\u00f3n hacia la capital de Nuevo Le\u00f3n, consolidando a Volaris como la aerol\u00ednea l\u00edder en vuelos comerciales en la regi\u00f3n. \u201cEl d\u00eda de hoy les [&hellip;]<\/p>\n","protected":false},"author":3,"featured_media":65344,"comment_status":"open","ping_status":"open","sticky":false,"template":"","format":"standard","meta":{"footnotes":""},"categories":[29],"tags":[2259,491,2179,131],"yoast_head":"<!-- This site is optimized with the Yoast SEO plugin v22.2 - https:\/\/yoast.com\/wordpress\/plugins\/seo\/ -->\n<title>Volaris anuncia nuevas rutas a\u00e9reas de Sonora a Monterrey - Nitu - Noticias de la Industria Turistica<\/title>\n<meta name=\"robots\" content=\"index, follow, max-snippet:-1, max-image-preview:large, max-video-preview:-1\" \/>\n<link rel=\"canonical\" href=\"https:\/\/nitu.mx\/index.php\/2024\/08\/30\/volaris-anuncia-nuevas-rutas-aereas-de-sonora-a-monterrey\/\" \/>\n<meta name=\"twitter:card\" content=\"summary_large_image\" \/>\n<meta name=\"twitter:title\" content=\"Volaris anuncia nuevas rutas a\u00e9reas de Sonora a Monterrey - Nitu - Noticias de la Industria Turistica\" \/>\n<meta name=\"twitter:description\" content=\"Volaris ha anunciado la apertura de dos nuevas rutas a\u00e9reas que conectar\u00e1n Sonora con Monterrey, inform\u00f3 Omar Carrera, director comercial de la aerol\u00ednea. Las rutas partir\u00e1n desde Hermosillo y Ciudad Obreg\u00f3n hacia la capital de Nuevo Le\u00f3n, consolidando a Volaris como la aerol\u00ednea l\u00edder en vuelos comerciales en la regi\u00f3n. \u201cEl d\u00eda de hoy les [&hellip;]\" \/>\n<meta name=\"twitter:image\" content=\"https:\/\/nitu.mx\/wp-content\/uploads\/2023\/07\/Volaris-avi\u00f3n-124.jpg\" \/>\n<meta name=\"twitter:creator\" content=\"@NITUmx\" \/>\n<meta name=\"twitter:site\" content=\"@Arturo_Medina_G\" \/>\n<meta name=\"twitter:label1\" content=\"Escrito por\" \/>\n\t<meta name=\"twitter:data1\" content=\"Alejandra Moncisbays\" \/>\n\t<meta name=\"twitter:label2\" content=\"Tiempo de lectura\" \/>\n\t<meta name=\"twitter:data2\" content=\"1 minuto\" \/>\n<script type=\"application\/ld+json\" class=\"yoast-schema-graph\">{\"@context\":\"https:\/\/schema.org\",\"@graph\":[{\"@type\":\"Article\",\"@id\":\"https:\/\/nitu.mx\/index.php\/2024\/08\/30\/volaris-anuncia-nuevas-rutas-aereas-de-sonora-a-monterrey\/#article\",\"isPartOf\":{\"@id\":\"https:\/\/nitu.mx\/index.php\/2024\/08\/30\/volaris-anuncia-nuevas-rutas-aereas-de-sonora-a-monterrey\/\"},\"author\":{\"name\":\"Alejandra Moncisbays\",\"@id\":\"https:\/\/nitu.mx\/#\/schema\/person\/2ecd887b19dfd3382d1f14fc5acf24a8\"},\"headline\":\"Volaris anuncia nuevas rutas a\u00e9reas de Sonora a Monterrey\",\"datePublished\":\"2024-08-30T06:53:18+00:00\",\"dateModified\":\"2024-08-30T12:59:53+00:00\",\"mainEntityOfPage\":{\"@id\":\"https:\/\/nitu.mx\/index.php\/2024\/08\/30\/volaris-anuncia-nuevas-rutas-aereas-de-sonora-a-monterrey\/\"},\"wordCount\":166,\"commentCount\":0,\"publisher\":{\"@id\":\"https:\/\/nitu.mx\/#\/schema\/person\/ae7a53426417292d3dd07b45a33e01bc\"},\"image\":{\"@id\":\"https:\/\/nitu.mx\/index.php\/2024\/08\/30\/volaris-anuncia-nuevas-rutas-aereas-de-sonora-a-monterrey\/#primaryimage\"},\"thumbnailUrl\":\"https:\/\/nitu.mx\/wp-content\/uploads\/2023\/07\/Volaris-avi\u00f3n-124.jpg\",\"keywords\":[\"aerol\u00edneas\",\"Monterrey\",\"Sonora\",\"Volaris\"],\"articleSection\":[\"Aerol\u00edneas\"],\"inLanguage\":\"es-MX\",\"potentialAction\":[{\"@type\":\"CommentAction\",\"name\":\"Comment\",\"target\":[\"https:\/\/nitu.mx\/index.php\/2024\/08\/30\/volaris-anuncia-nuevas-rutas-aereas-de-sonora-a-monterrey\/#respond\"]}]},{\"@type\":\"WebPage\",\"@id\":\"https:\/\/nitu.mx\/index.php\/2024\/08\/30\/volaris-anuncia-nuevas-rutas-aereas-de-sonora-a-monterrey\/\",\"url\":\"https:\/\/nitu.mx\/index.php\/2024\/08\/30\/volaris-anuncia-nuevas-rutas-aereas-de-sonora-a-monterrey\/\",\"name\":\"Volaris anuncia nuevas rutas a\u00e9reas de Sonora a Monterrey - Nitu - Noticias de la Industria Turistica\",\"isPartOf\":{\"@id\":\"https:\/\/nitu.mx\/#website\"},\"primaryImageOfPage\":{\"@id\":\"https:\/\/nitu.mx\/index.php\/2024\/08\/30\/volaris-anuncia-nuevas-rutas-aereas-de-sonora-a-monterrey\/#primaryimage\"},\"image\":{\"@id\":\"https:\/\/nitu.mx\/index.php\/2024\/08\/30\/volaris-anuncia-nuevas-rutas-aereas-de-sonora-a-monterrey\/#primaryimage\"},\"thumbnailUrl\":\"https:\/\/nitu.mx\/wp-content\/uploads\/2023\/07\/Volaris-avi\u00f3n-124.jpg\",\"datePublished\":\"2024-08-30T06:53:18+00:00\",\"dateModified\":\"2024-08-30T12:59:53+00:00\",\"breadcrumb\":{\"@id\":\"https:\/\/nitu.mx\/index.php\/2024\/08\/30\/volaris-anuncia-nuevas-rutas-aereas-de-sonora-a-monterrey\/#breadcrumb\"},\"inLanguage\":\"es-MX\",\"potentialAction\":[{\"@type\":\"ReadAction\",\"target\":[\"https:\/\/nitu.mx\/index.php\/2024\/08\/30\/volaris-anuncia-nuevas-rutas-aereas-de-sonora-a-monterrey\/\"]}]},{\"@type\":\"ImageObject\",\"inLanguage\":\"es-MX\",\"@id\":\"https:\/\/nitu.mx\/index.php\/2024\/08\/30\/volaris-anuncia-nuevas-rutas-aereas-de-sonora-a-monterrey\/#primaryimage\",\"url\":\"https:\/\/nitu.mx\/wp-content\/uploads\/2023\/07\/Volaris-avi\u00f3n-124.jpg\",\"contentUrl\":\"https:\/\/nitu.mx\/wp-content\/uploads\/2023\/07\/Volaris-avi\u00f3n-124.jpg\",\"width\":1200,\"height\":675,\"caption\":\"Volaris\"},{\"@type\":\"BreadcrumbList\",\"@id\":\"https:\/\/nitu.mx\/index.php\/2024\/08\/30\/volaris-anuncia-nuevas-rutas-aereas-de-sonora-a-monterrey\/#breadcrumb\",\"itemListElement\":[{\"@type\":\"ListItem\",\"position\":1,\"name\":\"Inicio\",\"item\":\"https:\/\/nitu.mx\/\"},{\"@type\":\"ListItem\",\"position\":2,\"name\":\"Volaris anuncia nuevas rutas a\u00e9reas de Sonora a Monterrey\"}]},{\"@type\":\"WebSite\",\"@id\":\"https:\/\/nitu.mx\/#website\",\"url\":\"https:\/\/nitu.mx\/\",\"name\":\"Nitu - Noticias de la Industria Turistica\",\"description\":\"Noticias de la Industria Turistica\",\"publisher\":{\"@id\":\"https:\/\/nitu.mx\/#\/schema\/person\/ae7a53426417292d3dd07b45a33e01bc\"},\"alternateName\":\"Noticias de la Industria Turistica\",\"potentialAction\":[{\"@type\":\"SearchAction\",\"target\":{\"@type\":\"EntryPoint\",\"urlTemplate\":\"https:\/\/nitu.mx\/?s={search_term_string}\"},\"query-input\":\"required name=search_term_string\"}],\"inLanguage\":\"es-MX\"},{\"@type\":[\"Person\",\"Organization\"],\"@id\":\"https:\/\/nitu.mx\/#\/schema\/person\/ae7a53426417292d3dd07b45a33e01bc\",\"name\":\"Arturo Medina\",\"image\":{\"@type\":\"ImageObject\",\"inLanguage\":\"es-MX\",\"@id\":\"https:\/\/nitu.mx\/#\/schema\/person\/image\/\",\"url\":\"https:\/\/nitu.mx\/wp-content\/uploads\/2024\/04\/4A315622-1904-4D5C-B022-878CDC840E04-90x90-1.jpeg\",\"contentUrl\":\"https:\/\/nitu.mx\/wp-content\/uploads\/2024\/04\/4A315622-1904-4D5C-B022-878CDC840E04-90x90-1.jpeg\",\"width\":90,\"height\":90,\"caption\":\"Arturo Medina\"},\"logo\":{\"@id\":\"https:\/\/nitu.mx\/#\/schema\/person\/image\/\"},\"description\":\"Director NITU.mx, Egresado de la Escuela de Periodismo Carlos Septi\u00e9n Garc\u00eda. Periodista y analista especializado en turismo desde hace 35 a\u00f1os, radicado en Canc\u00fan Q.Roo. arturo@nitu.mx\",\"sameAs\":[\"https:\/\/nitu.mx\",\"https:\/\/www.facebook.com\/NITUmx\/\",\"medinacancun\",\"https:\/\/twitter.com\/@Arturo_Medina_G\"]},{\"@type\":\"Person\",\"@id\":\"https:\/\/nitu.mx\/#\/schema\/person\/2ecd887b19dfd3382d1f14fc5acf24a8\",\"name\":\"Alejandra Moncisbays\",\"image\":{\"@type\":\"ImageObject\",\"inLanguage\":\"es-MX\",\"@id\":\"https:\/\/nitu.mx\/#\/schema\/person\/image\/\",\"url\":\"https:\/\/secure.gravatar.com\/avatar\/e74f7af0be172b7804dacfd0bfbef787?s=96&d=mm&r=g\",\"contentUrl\":\"https:\/\/secure.gravatar.com\/avatar\/e74f7af0be172b7804dacfd0bfbef787?s=96&d=mm&r=g\",\"caption\":\"Alejandra Moncisbays\"},\"description\":\"Curs\u00e9 la carrera de Periodismo y Comunicaci\u00f3n en la Facultad de Estudios Profesionales Acatl\u00e1n. Vivo en Canc\u00fan desde hace 24 a\u00f1os. Fui reportera de La Tarde de Canc\u00fan, y Novedades de Quintana Roo, colabor\u00e9 en TVCUN, edit\u00e9 Cancun\u00edssimo y colabor\u00e9 en las revistas Latitud21, entre otras, con principal enfoque en los sectores empresarial y tur\u00edstico. Desde hace varios a\u00f1os soy Agente de Seguros con c\u00e9dula de la Comisi\u00f3n Nacional de Seguros y Fianzas. Actualmente, me desarrollo en los \u00e1mbitos del periodismo y el sector asegurador.\",\"sameAs\":[\"https:\/\/nitu.mx\"],\"url\":\"https:\/\/nitu.mx\/index.php\/author\/alejandra\/\"}]}<\/script>\n<!-- \/ Yoast SEO plugin. -->","yoast_head_json":{"title":"Volaris anuncia nuevas rutas a\u00e9reas de Sonora a Monterrey - Nitu - Noticias de la Industria Turistica","robots":{"index":"index","follow":"follow","max-snippet":"max-snippet:-1","max-image-preview":"max-image-preview:large","max-video-preview":"max-video-preview:-1"},"canonical":"https:\/\/nitu.mx\/index.php\/2024\/08\/30\/volaris-anuncia-nuevas-rutas-aereas-de-sonora-a-monterrey\/","twitter_card":"summary_large_image","twitter_title":"Volaris anuncia nuevas rutas a\u00e9reas de Sonora a Monterrey - Nitu - Noticias de la Industria Turistica","twitter_description":"Volaris ha anunciado la apertura de dos nuevas rutas a\u00e9reas que conectar\u00e1n Sonora con Monterrey, inform\u00f3 Omar Carrera, director comercial de la aerol\u00ednea. Las rutas partir\u00e1n desde Hermosillo y Ciudad Obreg\u00f3n hacia la capital de Nuevo Le\u00f3n, consolidando a Volaris como la aerol\u00ednea l\u00edder en vuelos comerciales en la regi\u00f3n. \u201cEl d\u00eda de hoy les [&hellip;]","twitter_image":"https:\/\/nitu.mx\/wp-content\/uploads\/2023\/07\/Volaris-avi\u00f3n-124.jpg","twitter_creator":"@NITUmx","twitter_site":"@Arturo_Medina_G","twitter_misc":{"Escrito por":"Alejandra Moncisbays","Tiempo de lectura":"1 minuto"},"schema":{"@context":"https:\/\/schema.org","@graph":[{"@type":"Article","@id":"https:\/\/nitu.mx\/index.php\/2024\/08\/30\/volaris-anuncia-nuevas-rutas-aereas-de-sonora-a-monterrey\/#article","isPartOf":{"@id":"https:\/\/nitu.mx\/index.php\/2024\/08\/30\/volaris-anuncia-nuevas-rutas-aereas-de-sonora-a-monterrey\/"},"author":{"name":"Alejandra Moncisbays","@id":"https:\/\/nitu.mx\/#\/schema\/person\/2ecd887b19dfd3382d1f14fc5acf24a8"},"headline":"Volaris anuncia nuevas rutas a\u00e9reas de Sonora a Monterrey","datePublished":"2024-08-30T06:53:18+00:00","dateModified":"2024-08-30T12:59:53+00:00","mainEntityOfPage":{"@id":"https:\/\/nitu.mx\/index.php\/2024\/08\/30\/volaris-anuncia-nuevas-rutas-aereas-de-sonora-a-monterrey\/"},"wordCount":166,"commentCount":0,"publisher":{"@id":"https:\/\/nitu.mx\/#\/schema\/person\/ae7a53426417292d3dd07b45a33e01bc"},"image":{"@id":"https:\/\/nitu.mx\/index.php\/2024\/08\/30\/volaris-anuncia-nuevas-rutas-aereas-de-sonora-a-monterrey\/#primaryimage"},"thumbnailUrl":"https:\/\/nitu.mx\/wp-content\/uploads\/2023\/07\/Volaris-avi\u00f3n-124.jpg","keywords":["aerol\u00edneas","Monterrey","Sonora","Volaris"],"articleSection":["Aerol\u00edneas"],"inLanguage":"es-MX","potentialAction":[{"@type":"CommentAction","name":"Comment","target":["https:\/\/nitu.mx\/index.php\/2024\/08\/30\/volaris-anuncia-nuevas-rutas-aereas-de-sonora-a-monterrey\/#respond"]}]},{"@type":"WebPage","@id":"https:\/\/nitu.mx\/index.php\/2024\/08\/30\/volaris-anuncia-nuevas-rutas-aereas-de-sonora-a-monterrey\/","url":"https:\/\/nitu.mx\/index.php\/2024\/08\/30\/volaris-anuncia-nuevas-rutas-aereas-de-sonora-a-monterrey\/","name":"Volaris anuncia nuevas rutas a\u00e9reas de Sonora a Monterrey - Nitu - Noticias de la Industria Turistica","isPartOf":{"@id":"https:\/\/nitu.mx\/#website"},"primaryImageOfPage":{"@id":"https:\/\/nitu.mx\/index.php\/2024\/08\/30\/volaris-anuncia-nuevas-rutas-aereas-de-sonora-a-monterrey\/#primaryimage"},"image":{"@id":"https:\/\/nitu.mx\/index.php\/2024\/08\/30\/volaris-anuncia-nuevas-rutas-aereas-de-sonora-a-monterrey\/#primaryimage"},"thumbnailUrl":"https:\/\/nitu.mx\/wp-content\/uploads\/2023\/07\/Volaris-avi\u00f3n-124.jpg","datePublished":"2024-08-30T06:53:18+00:00","dateModified":"2024-08-30T12:59:53+00:00","breadcrumb":{"@id":"https:\/\/nitu.mx\/index.php\/2024\/08\/30\/volaris-anuncia-nuevas-rutas-aereas-de-sonora-a-monterrey\/#breadcrumb"},"inLanguage":"es-MX","potentialAction":[{"@type":"ReadAction","target":["https:\/\/nitu.mx\/index.php\/2024\/08\/30\/volaris-anuncia-nuevas-rutas-aereas-de-sonora-a-monterrey\/"]}]},{"@type":"ImageObject","inLanguage":"es-MX","@id":"https:\/\/nitu.mx\/index.php\/2024\/08\/30\/volaris-anuncia-nuevas-rutas-aereas-de-sonora-a-monterrey\/#primaryimage","url":"https:\/\/nitu.mx\/wp-content\/uploads\/2023\/07\/Volaris-avi\u00f3n-124.jpg","contentUrl":"https:\/\/nitu.mx\/wp-content\/uploads\/2023\/07\/Volaris-avi\u00f3n-124.jpg","width":1200,"height":675,"caption":"Volaris"},{"@type":"BreadcrumbList","@id":"https:\/\/nitu.mx\/index.php\/2024\/08\/30\/volaris-anuncia-nuevas-rutas-aereas-de-sonora-a-monterrey\/#breadcrumb","itemListElement":[{"@type":"ListItem","position":1,"name":"Inicio","item":"https:\/\/nitu.mx\/"},{"@type":"ListItem","position":2,"name":"Volaris anuncia nuevas rutas a\u00e9reas de Sonora a Monterrey"}]},{"@type":"WebSite","@id":"https:\/\/nitu.mx\/#website","url":"https:\/\/nitu.mx\/","name":"Nitu - Noticias de la Industria Turistica","description":"Noticias de la Industria Turistica","publisher":{"@id":"https:\/\/nitu.mx\/#\/schema\/person\/ae7a53426417292d3dd07b45a33e01bc"},"alternateName":"Noticias de la Industria Turistica","potentialAction":[{"@type":"SearchAction","target":{"@type":"EntryPoint","urlTemplate":"https:\/\/nitu.mx\/?s={search_term_string}"},"query-input":"required name=search_term_string"}],"inLanguage":"es-MX"},{"@type":["Person","Organization"],"@id":"https:\/\/nitu.mx\/#\/schema\/person\/ae7a53426417292d3dd07b45a33e01bc","name":"Arturo Medina","image":{"@type":"ImageObject","inLanguage":"es-MX","@id":"https:\/\/nitu.mx\/#\/schema\/person\/image\/","url":"https:\/\/nitu.mx\/wp-content\/uploads\/2024\/04\/4A315622-1904-4D5C-B022-878CDC840E04-90x90-1.jpeg","contentUrl":"https:\/\/nitu.mx\/wp-content\/uploads\/2024\/04\/4A315622-1904-4D5C-B022-878CDC840E04-90x90-1.jpeg","width":90,"height":90,"caption":"Arturo Medina"},"logo":{"@id":"https:\/\/nitu.mx\/#\/schema\/person\/image\/"},"description":"Director NITU.mx, Egresado de la Escuela de Periodismo Carlos Septi\u00e9n Garc\u00eda. Periodista y analista especializado en turismo desde hace 35 a\u00f1os, radicado en Canc\u00fan Q.Roo. arturo@nitu.mx","sameAs":["https:\/\/nitu.mx","https:\/\/www.facebook.com\/NITUmx\/","medinacancun","https:\/\/twitter.com\/@Arturo_Medina_G"]},{"@type":"Person","@id":"https:\/\/nitu.mx\/#\/schema\/person\/2ecd887b19dfd3382d1f14fc5acf24a8","name":"Alejandra Moncisbays","image":{"@type":"ImageObject","inLanguage":"es-MX","@id":"https:\/\/nitu.mx\/#\/schema\/person\/image\/","url":"https:\/\/secure.gravatar.com\/avatar\/e74f7af0be172b7804dacfd0bfbef787?s=96&d=mm&r=g","contentUrl":"https:\/\/secure.gravatar.com\/avatar\/e74f7af0be172b7804dacfd0bfbef787?s=96&d=mm&r=g","caption":"Alejandra Moncisbays"},"description":"Curs\u00e9 la carrera de Periodismo y Comunicaci\u00f3n en la Facultad de Estudios Profesionales Acatl\u00e1n. Vivo en Canc\u00fan desde hace 24 a\u00f1os. Fui reportera de La Tarde de Canc\u00fan, y Novedades de Quintana Roo, colabor\u00e9 en TVCUN, edit\u00e9 Cancun\u00edssimo y colabor\u00e9 en las revistas Latitud21, entre otras, con principal enfoque en los sectores empresarial y tur\u00edstico. Desde hace varios a\u00f1os soy Agente de Seguros con c\u00e9dula de la Comisi\u00f3n Nacional de Seguros y Fianzas. Actualmente, me desarrollo en los \u00e1mbitos del periodismo y el sector asegurador.","sameAs":["https:\/\/nitu.mx"],"url":"https:\/\/nitu.mx\/index.php\/author\/alejandra\/"}]}},"views":773,"_links":{"self":[{"href":"https:\/\/nitu.mx\/index.php\/wp-json\/wp\/v2\/posts\/74456"}],"collection":[{"href":"https:\/\/nitu.mx\/index.php\/wp-json\/wp\/v2\/posts"}],"about":[{"href":"https:\/\/nitu.mx\/index.php\/wp-json\/wp\/v2\/types\/post"}],"author":[{"embeddable":true,"href":"https:\/\/nitu.mx\/index.php\/wp-json\/wp\/v2\/users\/3"}],"replies":[{"embeddable":true,"href":"https:\/\/nitu.mx\/index.php\/wp-json\/wp\/v2\/comments?post=74456"}],"version-history":[{"count":2,"href":"https:\/\/nitu.mx\/index.php\/wp-json\/wp\/v2\/posts\/74456\/revisions"}],"predecessor-version":[{"id":74477,"href":"https:\/\/nitu.mx\/index.php\/wp-json\/wp\/v2\/posts\/74456\/revisions\/74477"}],"wp:featuredmedia":[{"embeddable":true,"href":"https:\/\/nitu.mx\/index.php\/wp-json\/wp\/v2\/media\/65344"}],"wp:attachment":[{"href":"https:\/\/nitu.mx\/index.php\/wp-json\/wp\/v2\/media?parent=74456"}],"wp:term":[{"taxonomy":"category","embeddable":true,"href":"https:\/\/nitu.mx\/index.php\/wp-json\/wp\/v2\/categories?post=74456"},{"taxonomy":"post_tag","embeddable":true,"href":"https:\/\/nitu.mx\/index.php\/wp-json\/wp\/v2\/tags?post=74456"}],"curies":[{"name":"wp","href":"https:\/\/api.w.org\/{rel}","templated":true}]}}