{"id":74401,"date":"2024-08-27T21:45:10","date_gmt":"2024-08-28T03:45:10","guid":{"rendered":"https:\/\/nitu.mx\/?p=74401"},"modified":"2024-08-27T21:45:10","modified_gmt":"2024-08-28T03:45:10","slug":"guerrero-cierra-temporada-de-verano-con-mas-de-6-mil-mdp-de-derrama-por-turistas","status":"publish","type":"post","link":"https:\/\/nitu.mx\/index.php\/2024\/08\/27\/guerrero-cierra-temporada-de-verano-con-mas-de-6-mil-mdp-de-derrama-por-turistas\/","title":{"rendered":"Guerrero cierra temporada de verano con m\u00e1s de 6 mil MDP de derrama por turistas"},"content":{"rendered":"\n<p>Con una afluencia de m\u00e1s de 943 mil turistas extranjeros y nacionales y una derrama econ\u00f3mica de m\u00e1s de 6 mil millones de pesos, Guerrero logra una exitosa temporada vacacional de verano 2024, informaron integrantes del sector tur\u00edstico de la entidad en conjunto con la Secretar\u00eda de Turismo estatal.<\/p>\n\n\n\n<p>El secretario de Turismo de Guerrero, Sim\u00f3n Qui\u00f1ones Orozco, reconoci\u00f3 que la obtenci\u00f3n positiva de los resultados se debe al trabajo, compromiso y pasi\u00f3n que el sector tur\u00edstico de la entidad impulsa todos los d\u00edas desde sus espacios.<\/p>\n\n\n\n<p>\u201cHoy el sector tur\u00edstico del estado est\u00e1 unido y fuerte, trabajando de la mano del gobierno del estado que encabeza Evelyn Salgado Pineda\u201d, remarc\u00f3 el funcionario estatal, al informar la agenda tur\u00edstica que se tendr\u00e1 durante los pr\u00f3ximos meses y hasta el fin de a\u00f1o que se prev\u00e9, ser\u00e1 todo un \u00e9xito para los destinos guerrerenses.<\/p>\n\n\n\n<p>Tambi\u00e9n detall\u00f3 que Guerrero obtuvo una ocupaci\u00f3n en promedio general de 67.52 por ciento, una derrama de 6 mil 738 mil millones y una afluencia de 943 mil 759 visitantes. Lo cual cumple la expectativa de la gobernadora Evelyn Salgado Pineda, en el arranque del Operativo de Temporada de Verano 2024.<\/p>\n\n\n\n<p>En Acapulco, destino en proceso de relanzamiento luego del hurac\u00e1n Otis, logr\u00f3 excelentes resultados detallados por el tesorero de la Asociaci\u00f3n de Hoteles y Empresas Tur\u00edsticas de Acapulco, Engelberth Zapata Badillo y la directora operativa del Fideicomiso de Promoci\u00f3n Tur\u00edstica de Acapulco, A\u00edda Patricia P\u00e9rez P\u00e9rez, quienes informaron que se tuvo la afluencia de 644 mil 561 visitantes, una derrama econ\u00f3mica de 4, 448 mil millones de pesos y una hospeder\u00eda de 64.08 por ciento.<\/p>\n\n\n\n<p>Dichos resultados muestran un Acapulco en desarrollo y crecimiento para el regreso de los turistas nacionales e internacionales. (<a href=\"https:\/\/nitu.mx\/index.php\/2024\/08\/04\/acapulco-tiene-2-barrios-magicos-por-instruccion-de-amlo\/\">Acapulco tiene 2 Barrios M\u00e1gicos por instrucci\u00f3n de AMLO<\/a>).<\/p>\n\n\n\n<p>En Taxco de Alarc\u00f3n, la presidenta de la Asociaci\u00f3n de Hoteles y Empresas Tur\u00edsticas de Taxco, Martha Beatriz Mej\u00eda Dom\u00ednguez, junto al presidente del Fideicomiso de Promoci\u00f3n Tur\u00edstica y de la Oficina de Convenciones y Visitantes de Taxco, Mart\u00edn Kendrick Berger Trauwitz, informaron que el Pueblo M\u00e1gico, obtuvo una afluencia de 36 mil 304 visitantes, que dejaron una derrama econ\u00f3mica de 116 millones 836 mil pesos, con una ocupaci\u00f3n 35.33 por ciento.<\/p>\n\n\n\n<p>Por su parte, en representaci\u00f3n de la Asociaci\u00f3n de Hoteles de Ixtapa \u2013 Zihuatanejo, Jes\u00fas Garc\u00eda Mendoza, y el director ejecutivo de la Oficina de Convenciones y Visitantes de Ixtapa \u2013 Zihuatanejo, Pedro Castel\u00e1n Reyna, dieron a conocer que el binomio logr\u00f3 262 mil 893 visitantes, que arrojaron una derrama econ\u00f3mica de 2 mil 173 millones de pesos y un \u00edndice de 74.95 por ciento.<\/p>\n\n\n\n<p>Por su parte, la Secretar\u00eda de Turismo Estatal en conjunto con el sector tur\u00edstico de Guerrero, adelant\u00f3 la agenda tur\u00edstica que incluye Premier Major P\u00e1del en Acapulco, Urban Trail Taxco, la apertura del Centro Cultural y Tur\u00edstico l El Parten\u00f3n en Zihuatanejo, entre otros.<\/p>\n\n\n\n<p>Con ello, Guerrero demuestra que est\u00e1 listo para recibir cada d\u00eda a m\u00e1s turistas a vivir la experiencia que ofrece \u201cEl Hogar del Sol\u201d como el mejor destino para unos d\u00edas de descanso. <\/p>\n","protected":false},"excerpt":{"rendered":"<p>Con una afluencia de m\u00e1s de 943 mil turistas extranjeros y nacionales y una derrama econ\u00f3mica de m\u00e1s de 6 mil millones de pesos, Guerrero logra una exitosa temporada vacacional de verano 2024, informaron integrantes del sector tur\u00edstico de la entidad en conjunto con la Secretar\u00eda de Turismo estatal. El secretario de Turismo de Guerrero, [&hellip;]<\/p>\n","protected":false},"author":17,"featured_media":74403,"comment_status":"open","ping_status":"open","sticky":false,"template":"","format":"standard","meta":{"footnotes":""},"categories":[5],"tags":[40,233,214,25819,3017],"yoast_head":"<!-- This site is optimized with the Yoast SEO plugin v22.2 - https:\/\/yoast.com\/wordpress\/plugins\/seo\/ -->\n<title>Guerrero cierra temporada de verano con m\u00e1s de 6 mil MDP de derrama por turistas - Nitu - Noticias de la Industria Turistica<\/title>\n<meta name=\"robots\" content=\"index, follow, max-snippet:-1, max-image-preview:large, max-video-preview:-1\" \/>\n<link rel=\"canonical\" href=\"https:\/\/nitu.mx\/index.php\/2024\/08\/27\/guerrero-cierra-temporada-de-verano-con-mas-de-6-mil-mdp-de-derrama-por-turistas\/\" \/>\n<meta name=\"twitter:card\" content=\"summary_large_image\" \/>\n<meta name=\"twitter:title\" content=\"Guerrero cierra temporada de verano con m\u00e1s de 6 mil MDP de derrama por turistas - Nitu - Noticias de la Industria Turistica\" \/>\n<meta name=\"twitter:description\" content=\"Con una afluencia de m\u00e1s de 943 mil turistas extranjeros y nacionales y una derrama econ\u00f3mica de m\u00e1s de 6 mil millones de pesos, Guerrero logra una exitosa temporada vacacional de verano 2024, informaron integrantes del sector tur\u00edstico de la entidad en conjunto con la Secretar\u00eda de Turismo estatal. El secretario de Turismo de Guerrero, [&hellip;]\" \/>\n<meta name=\"twitter:image\" content=\"https:\/\/nitu.mx\/wp-content\/uploads\/2024\/08\/Guerrero-resultados-verano.jpg\" \/>\n<meta name=\"twitter:creator\" content=\"@NITUmx\" \/>\n<meta name=\"twitter:site\" content=\"@Arturo_Medina_G\" \/>\n<meta name=\"twitter:label1\" content=\"Escrito por\" \/>\n\t<meta name=\"twitter:data1\" content=\"Redacci\u00f3n\" \/>\n\t<meta name=\"twitter:label2\" content=\"Tiempo de lectura\" \/>\n\t<meta name=\"twitter:data2\" content=\"3 minutos\" \/>\n<script type=\"application\/ld+json\" class=\"yoast-schema-graph\">{\"@context\":\"https:\/\/schema.org\",\"@graph\":[{\"@type\":\"Article\",\"@id\":\"https:\/\/nitu.mx\/index.php\/2024\/08\/27\/guerrero-cierra-temporada-de-verano-con-mas-de-6-mil-mdp-de-derrama-por-turistas\/#article\",\"isPartOf\":{\"@id\":\"https:\/\/nitu.mx\/index.php\/2024\/08\/27\/guerrero-cierra-temporada-de-verano-con-mas-de-6-mil-mdp-de-derrama-por-turistas\/\"},\"author\":{\"name\":\"Redacci\u00f3n\",\"@id\":\"https:\/\/nitu.mx\/#\/schema\/person\/4a28fe9bd65924f7c90623773daf1b0b\"},\"headline\":\"Guerrero cierra temporada de verano con m\u00e1s de 6 mil MDP de derrama por turistas\",\"datePublished\":\"2024-08-28T03:45:10+00:00\",\"dateModified\":\"2024-08-28T03:45:10+00:00\",\"mainEntityOfPage\":{\"@id\":\"https:\/\/nitu.mx\/index.php\/2024\/08\/27\/guerrero-cierra-temporada-de-verano-con-mas-de-6-mil-mdp-de-derrama-por-turistas\/\"},\"wordCount\":553,\"commentCount\":0,\"publisher\":{\"@id\":\"https:\/\/nitu.mx\/#\/schema\/person\/ae7a53426417292d3dd07b45a33e01bc\"},\"image\":{\"@id\":\"https:\/\/nitu.mx\/index.php\/2024\/08\/27\/guerrero-cierra-temporada-de-verano-con-mas-de-6-mil-mdp-de-derrama-por-turistas\/#primaryimage\"},\"thumbnailUrl\":\"https:\/\/nitu.mx\/wp-content\/uploads\/2024\/08\/Guerrero-resultados-verano.jpg\",\"keywords\":[\"Acapulco\",\"Guerrero\",\"Ixtapa Zihuatanejo\",\"Sim\u00f3n Qui\u00f1ones\",\"Taxco\"],\"articleSection\":[\"Destinos\"],\"inLanguage\":\"es-MX\",\"potentialAction\":[{\"@type\":\"CommentAction\",\"name\":\"Comment\",\"target\":[\"https:\/\/nitu.mx\/index.php\/2024\/08\/27\/guerrero-cierra-temporada-de-verano-con-mas-de-6-mil-mdp-de-derrama-por-turistas\/#respond\"]}]},{\"@type\":\"WebPage\",\"@id\":\"https:\/\/nitu.mx\/index.php\/2024\/08\/27\/guerrero-cierra-temporada-de-verano-con-mas-de-6-mil-mdp-de-derrama-por-turistas\/\",\"url\":\"https:\/\/nitu.mx\/index.php\/2024\/08\/27\/guerrero-cierra-temporada-de-verano-con-mas-de-6-mil-mdp-de-derrama-por-turistas\/\",\"name\":\"Guerrero cierra temporada de verano con m\u00e1s de 6 mil MDP de derrama por turistas - Nitu - Noticias de la Industria Turistica\",\"isPartOf\":{\"@id\":\"https:\/\/nitu.mx\/#website\"},\"primaryImageOfPage\":{\"@id\":\"https:\/\/nitu.mx\/index.php\/2024\/08\/27\/guerrero-cierra-temporada-de-verano-con-mas-de-6-mil-mdp-de-derrama-por-turistas\/#primaryimage\"},\"image\":{\"@id\":\"https:\/\/nitu.mx\/index.php\/2024\/08\/27\/guerrero-cierra-temporada-de-verano-con-mas-de-6-mil-mdp-de-derrama-por-turistas\/#primaryimage\"},\"thumbnailUrl\":\"https:\/\/nitu.mx\/wp-content\/uploads\/2024\/08\/Guerrero-resultados-verano.jpg\",\"datePublished\":\"2024-08-28T03:45:10+00:00\",\"dateModified\":\"2024-08-28T03:45:10+00:00\",\"breadcrumb\":{\"@id\":\"https:\/\/nitu.mx\/index.php\/2024\/08\/27\/guerrero-cierra-temporada-de-verano-con-mas-de-6-mil-mdp-de-derrama-por-turistas\/#breadcrumb\"},\"inLanguage\":\"es-MX\",\"potentialAction\":[{\"@type\":\"ReadAction\",\"target\":[\"https:\/\/nitu.mx\/index.php\/2024\/08\/27\/guerrero-cierra-temporada-de-verano-con-mas-de-6-mil-mdp-de-derrama-por-turistas\/\"]}]},{\"@type\":\"ImageObject\",\"inLanguage\":\"es-MX\",\"@id\":\"https:\/\/nitu.mx\/index.php\/2024\/08\/27\/guerrero-cierra-temporada-de-verano-con-mas-de-6-mil-mdp-de-derrama-por-turistas\/#primaryimage\",\"url\":\"https:\/\/nitu.mx\/wp-content\/uploads\/2024\/08\/Guerrero-resultados-verano.jpg\",\"contentUrl\":\"https:\/\/nitu.mx\/wp-content\/uploads\/2024\/08\/Guerrero-resultados-verano.jpg\",\"width\":1200,\"height\":675,\"caption\":\"Guerrero resultados verano\"},{\"@type\":\"BreadcrumbList\",\"@id\":\"https:\/\/nitu.mx\/index.php\/2024\/08\/27\/guerrero-cierra-temporada-de-verano-con-mas-de-6-mil-mdp-de-derrama-por-turistas\/#breadcrumb\",\"itemListElement\":[{\"@type\":\"ListItem\",\"position\":1,\"name\":\"Inicio\",\"item\":\"https:\/\/nitu.mx\/\"},{\"@type\":\"ListItem\",\"position\":2,\"name\":\"Guerrero cierra temporada de verano con m\u00e1s de 6 mil MDP de derrama por turistas\"}]},{\"@type\":\"WebSite\",\"@id\":\"https:\/\/nitu.mx\/#website\",\"url\":\"https:\/\/nitu.mx\/\",\"name\":\"Nitu - Noticias de la Industria Turistica\",\"description\":\"Noticias de la Industria Turistica\",\"publisher\":{\"@id\":\"https:\/\/nitu.mx\/#\/schema\/person\/ae7a53426417292d3dd07b45a33e01bc\"},\"alternateName\":\"Noticias de la Industria Turistica\",\"potentialAction\":[{\"@type\":\"SearchAction\",\"target\":{\"@type\":\"EntryPoint\",\"urlTemplate\":\"https:\/\/nitu.mx\/?s={search_term_string}\"},\"query-input\":\"required name=search_term_string\"}],\"inLanguage\":\"es-MX\"},{\"@type\":[\"Person\",\"Organization\"],\"@id\":\"https:\/\/nitu.mx\/#\/schema\/person\/ae7a53426417292d3dd07b45a33e01bc\",\"name\":\"Arturo Medina\",\"image\":{\"@type\":\"ImageObject\",\"inLanguage\":\"es-MX\",\"@id\":\"https:\/\/nitu.mx\/#\/schema\/person\/image\/\",\"url\":\"https:\/\/nitu.mx\/wp-content\/uploads\/2024\/04\/4A315622-1904-4D5C-B022-878CDC840E04-90x90-1.jpeg\",\"contentUrl\":\"https:\/\/nitu.mx\/wp-content\/uploads\/2024\/04\/4A315622-1904-4D5C-B022-878CDC840E04-90x90-1.jpeg\",\"width\":90,\"height\":90,\"caption\":\"Arturo Medina\"},\"logo\":{\"@id\":\"https:\/\/nitu.mx\/#\/schema\/person\/image\/\"},\"description\":\"Director NITU.mx, Egresado de la Escuela de Periodismo Carlos Septi\u00e9n Garc\u00eda. Periodista y analista especializado en turismo desde hace 35 a\u00f1os, radicado en Canc\u00fan Q.Roo. arturo@nitu.mx\",\"sameAs\":[\"https:\/\/nitu.mx\",\"https:\/\/www.facebook.com\/NITUmx\/\",\"medinacancun\",\"https:\/\/twitter.com\/@Arturo_Medina_G\"]},{\"@type\":\"Person\",\"@id\":\"https:\/\/nitu.mx\/#\/schema\/person\/4a28fe9bd65924f7c90623773daf1b0b\",\"name\":\"Redacci\u00f3n\",\"image\":{\"@type\":\"ImageObject\",\"inLanguage\":\"es-MX\",\"@id\":\"https:\/\/nitu.mx\/#\/schema\/person\/image\/\",\"url\":\"https:\/\/secure.gravatar.com\/avatar\/5dd011c8ccfc5cd7e4c81e42252aab38?s=96&d=mm&r=g\",\"contentUrl\":\"https:\/\/secure.gravatar.com\/avatar\/5dd011c8ccfc5cd7e4c81e42252aab38?s=96&d=mm&r=g\",\"caption\":\"Redacci\u00f3n\"},\"url\":\"https:\/\/nitu.mx\/index.php\/author\/redaccion\/\"}]}<\/script>\n<!-- \/ Yoast SEO plugin. -->","yoast_head_json":{"title":"Guerrero cierra temporada de verano con m\u00e1s de 6 mil MDP de derrama por turistas - Nitu - Noticias de la Industria Turistica","robots":{"index":"index","follow":"follow","max-snippet":"max-snippet:-1","max-image-preview":"max-image-preview:large","max-video-preview":"max-video-preview:-1"},"canonical":"https:\/\/nitu.mx\/index.php\/2024\/08\/27\/guerrero-cierra-temporada-de-verano-con-mas-de-6-mil-mdp-de-derrama-por-turistas\/","twitter_card":"summary_large_image","twitter_title":"Guerrero cierra temporada de verano con m\u00e1s de 6 mil MDP de derrama por turistas - Nitu - Noticias de la Industria Turistica","twitter_description":"Con una afluencia de m\u00e1s de 943 mil turistas extranjeros y nacionales y una derrama econ\u00f3mica de m\u00e1s de 6 mil millones de pesos, Guerrero logra una exitosa temporada vacacional de verano 2024, informaron integrantes del sector tur\u00edstico de la entidad en conjunto con la Secretar\u00eda de Turismo estatal. El secretario de Turismo de Guerrero, [&hellip;]","twitter_image":"https:\/\/nitu.mx\/wp-content\/uploads\/2024\/08\/Guerrero-resultados-verano.jpg","twitter_creator":"@NITUmx","twitter_site":"@Arturo_Medina_G","twitter_misc":{"Escrito por":"Redacci\u00f3n","Tiempo de lectura":"3 minutos"},"schema":{"@context":"https:\/\/schema.org","@graph":[{"@type":"Article","@id":"https:\/\/nitu.mx\/index.php\/2024\/08\/27\/guerrero-cierra-temporada-de-verano-con-mas-de-6-mil-mdp-de-derrama-por-turistas\/#article","isPartOf":{"@id":"https:\/\/nitu.mx\/index.php\/2024\/08\/27\/guerrero-cierra-temporada-de-verano-con-mas-de-6-mil-mdp-de-derrama-por-turistas\/"},"author":{"name":"Redacci\u00f3n","@id":"https:\/\/nitu.mx\/#\/schema\/person\/4a28fe9bd65924f7c90623773daf1b0b"},"headline":"Guerrero cierra temporada de verano con m\u00e1s de 6 mil MDP de derrama por turistas","datePublished":"2024-08-28T03:45:10+00:00","dateModified":"2024-08-28T03:45:10+00:00","mainEntityOfPage":{"@id":"https:\/\/nitu.mx\/index.php\/2024\/08\/27\/guerrero-cierra-temporada-de-verano-con-mas-de-6-mil-mdp-de-derrama-por-turistas\/"},"wordCount":553,"commentCount":0,"publisher":{"@id":"https:\/\/nitu.mx\/#\/schema\/person\/ae7a53426417292d3dd07b45a33e01bc"},"image":{"@id":"https:\/\/nitu.mx\/index.php\/2024\/08\/27\/guerrero-cierra-temporada-de-verano-con-mas-de-6-mil-mdp-de-derrama-por-turistas\/#primaryimage"},"thumbnailUrl":"https:\/\/nitu.mx\/wp-content\/uploads\/2024\/08\/Guerrero-resultados-verano.jpg","keywords":["Acapulco","Guerrero","Ixtapa Zihuatanejo","Sim\u00f3n Qui\u00f1ones","Taxco"],"articleSection":["Destinos"],"inLanguage":"es-MX","potentialAction":[{"@type":"CommentAction","name":"Comment","target":["https:\/\/nitu.mx\/index.php\/2024\/08\/27\/guerrero-cierra-temporada-de-verano-con-mas-de-6-mil-mdp-de-derrama-por-turistas\/#respond"]}]},{"@type":"WebPage","@id":"https:\/\/nitu.mx\/index.php\/2024\/08\/27\/guerrero-cierra-temporada-de-verano-con-mas-de-6-mil-mdp-de-derrama-por-turistas\/","url":"https:\/\/nitu.mx\/index.php\/2024\/08\/27\/guerrero-cierra-temporada-de-verano-con-mas-de-6-mil-mdp-de-derrama-por-turistas\/","name":"Guerrero cierra temporada de verano con m\u00e1s de 6 mil MDP de derrama por turistas - Nitu - Noticias de la Industria Turistica","isPartOf":{"@id":"https:\/\/nitu.mx\/#website"},"primaryImageOfPage":{"@id":"https:\/\/nitu.mx\/index.php\/2024\/08\/27\/guerrero-cierra-temporada-de-verano-con-mas-de-6-mil-mdp-de-derrama-por-turistas\/#primaryimage"},"image":{"@id":"https:\/\/nitu.mx\/index.php\/2024\/08\/27\/guerrero-cierra-temporada-de-verano-con-mas-de-6-mil-mdp-de-derrama-por-turistas\/#primaryimage"},"thumbnailUrl":"https:\/\/nitu.mx\/wp-content\/uploads\/2024\/08\/Guerrero-resultados-verano.jpg","datePublished":"2024-08-28T03:45:10+00:00","dateModified":"2024-08-28T03:45:10+00:00","breadcrumb":{"@id":"https:\/\/nitu.mx\/index.php\/2024\/08\/27\/guerrero-cierra-temporada-de-verano-con-mas-de-6-mil-mdp-de-derrama-por-turistas\/#breadcrumb"},"inLanguage":"es-MX","potentialAction":[{"@type":"ReadAction","target":["https:\/\/nitu.mx\/index.php\/2024\/08\/27\/guerrero-cierra-temporada-de-verano-con-mas-de-6-mil-mdp-de-derrama-por-turistas\/"]}]},{"@type":"ImageObject","inLanguage":"es-MX","@id":"https:\/\/nitu.mx\/index.php\/2024\/08\/27\/guerrero-cierra-temporada-de-verano-con-mas-de-6-mil-mdp-de-derrama-por-turistas\/#primaryimage","url":"https:\/\/nitu.mx\/wp-content\/uploads\/2024\/08\/Guerrero-resultados-verano.jpg","contentUrl":"https:\/\/nitu.mx\/wp-content\/uploads\/2024\/08\/Guerrero-resultados-verano.jpg","width":1200,"height":675,"caption":"Guerrero resultados verano"},{"@type":"BreadcrumbList","@id":"https:\/\/nitu.mx\/index.php\/2024\/08\/27\/guerrero-cierra-temporada-de-verano-con-mas-de-6-mil-mdp-de-derrama-por-turistas\/#breadcrumb","itemListElement":[{"@type":"ListItem","position":1,"name":"Inicio","item":"https:\/\/nitu.mx\/"},{"@type":"ListItem","position":2,"name":"Guerrero cierra temporada de verano con m\u00e1s de 6 mil MDP de derrama por turistas"}]},{"@type":"WebSite","@id":"https:\/\/nitu.mx\/#website","url":"https:\/\/nitu.mx\/","name":"Nitu - Noticias de la Industria Turistica","description":"Noticias de la Industria Turistica","publisher":{"@id":"https:\/\/nitu.mx\/#\/schema\/person\/ae7a53426417292d3dd07b45a33e01bc"},"alternateName":"Noticias de la Industria Turistica","potentialAction":[{"@type":"SearchAction","target":{"@type":"EntryPoint","urlTemplate":"https:\/\/nitu.mx\/?s={search_term_string}"},"query-input":"required name=search_term_string"}],"inLanguage":"es-MX"},{"@type":["Person","Organization"],"@id":"https:\/\/nitu.mx\/#\/schema\/person\/ae7a53426417292d3dd07b45a33e01bc","name":"Arturo Medina","image":{"@type":"ImageObject","inLanguage":"es-MX","@id":"https:\/\/nitu.mx\/#\/schema\/person\/image\/","url":"https:\/\/nitu.mx\/wp-content\/uploads\/2024\/04\/4A315622-1904-4D5C-B022-878CDC840E04-90x90-1.jpeg","contentUrl":"https:\/\/nitu.mx\/wp-content\/uploads\/2024\/04\/4A315622-1904-4D5C-B022-878CDC840E04-90x90-1.jpeg","width":90,"height":90,"caption":"Arturo Medina"},"logo":{"@id":"https:\/\/nitu.mx\/#\/schema\/person\/image\/"},"description":"Director NITU.mx, Egresado de la Escuela de Periodismo Carlos Septi\u00e9n Garc\u00eda. Periodista y analista especializado en turismo desde hace 35 a\u00f1os, radicado en Canc\u00fan Q.Roo. arturo@nitu.mx","sameAs":["https:\/\/nitu.mx","https:\/\/www.facebook.com\/NITUmx\/","medinacancun","https:\/\/twitter.com\/@Arturo_Medina_G"]},{"@type":"Person","@id":"https:\/\/nitu.mx\/#\/schema\/person\/4a28fe9bd65924f7c90623773daf1b0b","name":"Redacci\u00f3n","image":{"@type":"ImageObject","inLanguage":"es-MX","@id":"https:\/\/nitu.mx\/#\/schema\/person\/image\/","url":"https:\/\/secure.gravatar.com\/avatar\/5dd011c8ccfc5cd7e4c81e42252aab38?s=96&d=mm&r=g","contentUrl":"https:\/\/secure.gravatar.com\/avatar\/5dd011c8ccfc5cd7e4c81e42252aab38?s=96&d=mm&r=g","caption":"Redacci\u00f3n"},"url":"https:\/\/nitu.mx\/index.php\/author\/redaccion\/"}]}},"views":788,"_links":{"self":[{"href":"https:\/\/nitu.mx\/index.php\/wp-json\/wp\/v2\/posts\/74401"}],"collection":[{"href":"https:\/\/nitu.mx\/index.php\/wp-json\/wp\/v2\/posts"}],"about":[{"href":"https:\/\/nitu.mx\/index.php\/wp-json\/wp\/v2\/types\/post"}],"author":[{"embeddable":true,"href":"https:\/\/nitu.mx\/index.php\/wp-json\/wp\/v2\/users\/17"}],"replies":[{"embeddable":true,"href":"https:\/\/nitu.mx\/index.php\/wp-json\/wp\/v2\/comments?post=74401"}],"version-history":[{"count":1,"href":"https:\/\/nitu.mx\/index.php\/wp-json\/wp\/v2\/posts\/74401\/revisions"}],"predecessor-version":[{"id":74404,"href":"https:\/\/nitu.mx\/index.php\/wp-json\/wp\/v2\/posts\/74401\/revisions\/74404"}],"wp:featuredmedia":[{"embeddable":true,"href":"https:\/\/nitu.mx\/index.php\/wp-json\/wp\/v2\/media\/74403"}],"wp:attachment":[{"href":"https:\/\/nitu.mx\/index.php\/wp-json\/wp\/v2\/media?parent=74401"}],"wp:term":[{"taxonomy":"category","embeddable":true,"href":"https:\/\/nitu.mx\/index.php\/wp-json\/wp\/v2\/categories?post=74401"},{"taxonomy":"post_tag","embeddable":true,"href":"https:\/\/nitu.mx\/index.php\/wp-json\/wp\/v2\/tags?post=74401"}],"curies":[{"name":"wp","href":"https:\/\/api.w.org\/{rel}","templated":true}]}}