{"id":74391,"date":"2024-08-27T22:05:18","date_gmt":"2024-08-28T04:05:18","guid":{"rendered":"https:\/\/nitu.mx\/?p=74391"},"modified":"2024-08-27T22:05:22","modified_gmt":"2024-08-28T04:05:22","slug":"volaris-reporte-anual-2023-expansion-de-rutas-y-modelo-de-bajo-costo","status":"publish","type":"post","link":"https:\/\/nitu.mx\/index.php\/2024\/08\/27\/volaris-reporte-anual-2023-expansion-de-rutas-y-modelo-de-bajo-costo\/","title":{"rendered":"Volaris reporte anual 2023: Expansi\u00f3n de rutas y modelo de bajo costo"},"content":{"rendered":"<p>Volaris present\u00f3 su Reporte Anual Integrado 2023, en el que detalla todas las acciones internas, en cuesti\u00f3n ambiental, de personal, relaciones con proveedores, sus clientes y dem\u00e1s que realiz\u00f3 durante el a\u00f1o pasado.<br \/>\nEl documento detalla que ha continuado expandiendo su red de rutas durante 2023, operando un total de 231 rutas, de las cuales 149 son dom\u00e9sticas y 82 internacionales.<\/p>\n<p>La aerol\u00ednea ha conectado a 71 destinos en total, con 43 ubicados en M\u00e9xico y 28 en el extranjero, consolid\u00e1ndose como una opci\u00f3n clave en el transporte a\u00e9reo de bajo costo.<\/p>\n<p>El modelo de negocio de Volaris se ha centrado en mantener costos operativos bajos para ofrecer tarifas accesibles, lo que ha atra\u00eddo a un amplio p\u00fablico, especialmente a aquellos viajeros que normalmente elegir\u00edan el autob\u00fas como medio de transporte.<\/p>\n<p>La compa\u00f1\u00eda tambi\u00e9n ha fomentado las ventas directas a trav\u00e9s de canales digitales, optimizando su relaci\u00f3n con los clientes y reduciendo costos adicionales.<\/p>\n<p>En t\u00e9rminos de ingresos, Volaris ha implementado una estrategia denominada &#8220;T\u00fa Decides&#8221;, que permite a los pasajeros pagar solo por los servicios que necesitan, generando ingresos adicionales fuera de la venta de boletos.<br \/>\nAdem\u00e1s, Volaris ha puesto un fuerte \u00e9nfasis en la seguridad y la sostenibilidad, priorizando la responsabilidad social corporativa con iniciativas que incluyen la lucha contra la trata de personas y el apoyo a comunidades afectadas por desastres naturales.<\/p>\n<p>Este enfoque integral de Volaris ha fortalecido su posici\u00f3n en el mercado, combinando expansi\u00f3n de rutas, sostenibilidad y un modelo de negocio accesible para una amplia base de clientes. (<a href=\"https:\/\/nitu.mx\/index.php\/2024\/08\/26\/volaris-retoma-la-ruta-monterrey-oaxaca-despues-de-4-anos\/\">Volaris retoma la ruta Monterrey-Oaxaca despu\u00e9s de 4 a\u00f1os<\/a>).<\/p>\n","protected":false},"excerpt":{"rendered":"<p>Volaris present\u00f3 su Reporte Anual Integrado 2023, en el que detalla todas las acciones internas, en cuesti\u00f3n ambiental, de personal, relaciones con proveedores, sus clientes y dem\u00e1s que realiz\u00f3 durante el a\u00f1o pasado. El documento detalla que ha continuado expandiendo su red de rutas durante 2023, operando un total de 231 rutas, de las cuales [&hellip;]<\/p>\n","protected":false},"author":3,"featured_media":27038,"comment_status":"open","ping_status":"open","sticky":false,"template":"","format":"standard","meta":{"footnotes":""},"categories":[29],"tags":[4349,5015,5168,131],"yoast_head":"<!-- This site is optimized with the Yoast SEO plugin v22.2 - https:\/\/yoast.com\/wordpress\/plugins\/seo\/ -->\n<title>Volaris reporte anual 2023: Expansi\u00f3n de rutas y modelo de bajo costo - Nitu - Noticias de la Industria Turistica<\/title>\n<meta name=\"robots\" content=\"index, follow, max-snippet:-1, max-image-preview:large, max-video-preview:-1\" \/>\n<link rel=\"canonical\" href=\"https:\/\/nitu.mx\/index.php\/2024\/08\/27\/volaris-reporte-anual-2023-expansion-de-rutas-y-modelo-de-bajo-costo\/\" \/>\n<meta name=\"twitter:card\" content=\"summary_large_image\" \/>\n<meta name=\"twitter:title\" content=\"Volaris reporte anual 2023: Expansi\u00f3n de rutas y modelo de bajo costo - Nitu - Noticias de la Industria Turistica\" \/>\n<meta name=\"twitter:description\" content=\"Volaris present\u00f3 su Reporte Anual Integrado 2023, en el que detalla todas las acciones internas, en cuesti\u00f3n ambiental, de personal, relaciones con proveedores, sus clientes y dem\u00e1s que realiz\u00f3 durante el a\u00f1o pasado. El documento detalla que ha continuado expandiendo su red de rutas durante 2023, operando un total de 231 rutas, de las cuales [&hellip;]\" \/>\n<meta name=\"twitter:image\" content=\"https:\/\/nitu.mx\/wp-content\/uploads\/2018\/11\/Avi\u00f3n-A320neo-Volaris.jpg\" \/>\n<meta name=\"twitter:creator\" content=\"@NITUmx\" \/>\n<meta name=\"twitter:site\" content=\"@Arturo_Medina_G\" \/>\n<meta name=\"twitter:label1\" content=\"Escrito por\" \/>\n\t<meta name=\"twitter:data1\" content=\"Alejandra Moncisbays\" \/>\n\t<meta name=\"twitter:label2\" content=\"Tiempo de lectura\" \/>\n\t<meta name=\"twitter:data2\" content=\"1 minuto\" \/>\n<script type=\"application\/ld+json\" class=\"yoast-schema-graph\">{\"@context\":\"https:\/\/schema.org\",\"@graph\":[{\"@type\":\"Article\",\"@id\":\"https:\/\/nitu.mx\/index.php\/2024\/08\/27\/volaris-reporte-anual-2023-expansion-de-rutas-y-modelo-de-bajo-costo\/#article\",\"isPartOf\":{\"@id\":\"https:\/\/nitu.mx\/index.php\/2024\/08\/27\/volaris-reporte-anual-2023-expansion-de-rutas-y-modelo-de-bajo-costo\/\"},\"author\":{\"name\":\"Alejandra Moncisbays\",\"@id\":\"https:\/\/nitu.mx\/#\/schema\/person\/2ecd887b19dfd3382d1f14fc5acf24a8\"},\"headline\":\"Volaris reporte anual 2023: Expansi\u00f3n de rutas y modelo de bajo costo\",\"datePublished\":\"2024-08-28T04:05:18+00:00\",\"dateModified\":\"2024-08-28T04:05:22+00:00\",\"mainEntityOfPage\":{\"@id\":\"https:\/\/nitu.mx\/index.php\/2024\/08\/27\/volaris-reporte-anual-2023-expansion-de-rutas-y-modelo-de-bajo-costo\/\"},\"wordCount\":289,\"commentCount\":0,\"publisher\":{\"@id\":\"https:\/\/nitu.mx\/#\/schema\/person\/ae7a53426417292d3dd07b45a33e01bc\"},\"image\":{\"@id\":\"https:\/\/nitu.mx\/index.php\/2024\/08\/27\/volaris-reporte-anual-2023-expansion-de-rutas-y-modelo-de-bajo-costo\/#primaryimage\"},\"thumbnailUrl\":\"https:\/\/nitu.mx\/wp-content\/uploads\/2018\/11\/Avi\u00f3n-A320neo-Volaris.jpg\",\"keywords\":[\"Expansi\u00f3n\",\"low cost\",\"rutas\",\"Volaris\"],\"articleSection\":[\"Aerol\u00edneas\"],\"inLanguage\":\"es-MX\",\"potentialAction\":[{\"@type\":\"CommentAction\",\"name\":\"Comment\",\"target\":[\"https:\/\/nitu.mx\/index.php\/2024\/08\/27\/volaris-reporte-anual-2023-expansion-de-rutas-y-modelo-de-bajo-costo\/#respond\"]}]},{\"@type\":\"WebPage\",\"@id\":\"https:\/\/nitu.mx\/index.php\/2024\/08\/27\/volaris-reporte-anual-2023-expansion-de-rutas-y-modelo-de-bajo-costo\/\",\"url\":\"https:\/\/nitu.mx\/index.php\/2024\/08\/27\/volaris-reporte-anual-2023-expansion-de-rutas-y-modelo-de-bajo-costo\/\",\"name\":\"Volaris reporte anual 2023: Expansi\u00f3n de rutas y modelo de bajo costo - Nitu - Noticias de la Industria Turistica\",\"isPartOf\":{\"@id\":\"https:\/\/nitu.mx\/#website\"},\"primaryImageOfPage\":{\"@id\":\"https:\/\/nitu.mx\/index.php\/2024\/08\/27\/volaris-reporte-anual-2023-expansion-de-rutas-y-modelo-de-bajo-costo\/#primaryimage\"},\"image\":{\"@id\":\"https:\/\/nitu.mx\/index.php\/2024\/08\/27\/volaris-reporte-anual-2023-expansion-de-rutas-y-modelo-de-bajo-costo\/#primaryimage\"},\"thumbnailUrl\":\"https:\/\/nitu.mx\/wp-content\/uploads\/2018\/11\/Avi\u00f3n-A320neo-Volaris.jpg\",\"datePublished\":\"2024-08-28T04:05:18+00:00\",\"dateModified\":\"2024-08-28T04:05:22+00:00\",\"breadcrumb\":{\"@id\":\"https:\/\/nitu.mx\/index.php\/2024\/08\/27\/volaris-reporte-anual-2023-expansion-de-rutas-y-modelo-de-bajo-costo\/#breadcrumb\"},\"inLanguage\":\"es-MX\",\"potentialAction\":[{\"@type\":\"ReadAction\",\"target\":[\"https:\/\/nitu.mx\/index.php\/2024\/08\/27\/volaris-reporte-anual-2023-expansion-de-rutas-y-modelo-de-bajo-costo\/\"]}]},{\"@type\":\"ImageObject\",\"inLanguage\":\"es-MX\",\"@id\":\"https:\/\/nitu.mx\/index.php\/2024\/08\/27\/volaris-reporte-anual-2023-expansion-de-rutas-y-modelo-de-bajo-costo\/#primaryimage\",\"url\":\"https:\/\/nitu.mx\/wp-content\/uploads\/2018\/11\/Avi\u00f3n-A320neo-Volaris.jpg\",\"contentUrl\":\"https:\/\/nitu.mx\/wp-content\/uploads\/2018\/11\/Avi\u00f3n-A320neo-Volaris.jpg\",\"width\":850,\"height\":480,\"caption\":\"Volaris BMV v.business Baja California Sur\"},{\"@type\":\"BreadcrumbList\",\"@id\":\"https:\/\/nitu.mx\/index.php\/2024\/08\/27\/volaris-reporte-anual-2023-expansion-de-rutas-y-modelo-de-bajo-costo\/#breadcrumb\",\"itemListElement\":[{\"@type\":\"ListItem\",\"position\":1,\"name\":\"Inicio\",\"item\":\"https:\/\/nitu.mx\/\"},{\"@type\":\"ListItem\",\"position\":2,\"name\":\"Volaris reporte anual 2023: Expansi\u00f3n de rutas y modelo de bajo costo\"}]},{\"@type\":\"WebSite\",\"@id\":\"https:\/\/nitu.mx\/#website\",\"url\":\"https:\/\/nitu.mx\/\",\"name\":\"Nitu - Noticias de la Industria Turistica\",\"description\":\"Noticias de la Industria Turistica\",\"publisher\":{\"@id\":\"https:\/\/nitu.mx\/#\/schema\/person\/ae7a53426417292d3dd07b45a33e01bc\"},\"alternateName\":\"Noticias de la Industria Turistica\",\"potentialAction\":[{\"@type\":\"SearchAction\",\"target\":{\"@type\":\"EntryPoint\",\"urlTemplate\":\"https:\/\/nitu.mx\/?s={search_term_string}\"},\"query-input\":\"required name=search_term_string\"}],\"inLanguage\":\"es-MX\"},{\"@type\":[\"Person\",\"Organization\"],\"@id\":\"https:\/\/nitu.mx\/#\/schema\/person\/ae7a53426417292d3dd07b45a33e01bc\",\"name\":\"Arturo Medina\",\"image\":{\"@type\":\"ImageObject\",\"inLanguage\":\"es-MX\",\"@id\":\"https:\/\/nitu.mx\/#\/schema\/person\/image\/\",\"url\":\"https:\/\/nitu.mx\/wp-content\/uploads\/2024\/04\/4A315622-1904-4D5C-B022-878CDC840E04-90x90-1.jpeg\",\"contentUrl\":\"https:\/\/nitu.mx\/wp-content\/uploads\/2024\/04\/4A315622-1904-4D5C-B022-878CDC840E04-90x90-1.jpeg\",\"width\":90,\"height\":90,\"caption\":\"Arturo Medina\"},\"logo\":{\"@id\":\"https:\/\/nitu.mx\/#\/schema\/person\/image\/\"},\"description\":\"Director NITU.mx, Egresado de la Escuela de Periodismo Carlos Septi\u00e9n Garc\u00eda. Periodista y analista especializado en turismo desde hace 35 a\u00f1os, radicado en Canc\u00fan Q.Roo. arturo@nitu.mx\",\"sameAs\":[\"https:\/\/nitu.mx\",\"https:\/\/www.facebook.com\/NITUmx\/\",\"medinacancun\",\"https:\/\/twitter.com\/@Arturo_Medina_G\"]},{\"@type\":\"Person\",\"@id\":\"https:\/\/nitu.mx\/#\/schema\/person\/2ecd887b19dfd3382d1f14fc5acf24a8\",\"name\":\"Alejandra Moncisbays\",\"image\":{\"@type\":\"ImageObject\",\"inLanguage\":\"es-MX\",\"@id\":\"https:\/\/nitu.mx\/#\/schema\/person\/image\/\",\"url\":\"https:\/\/secure.gravatar.com\/avatar\/e74f7af0be172b7804dacfd0bfbef787?s=96&d=mm&r=g\",\"contentUrl\":\"https:\/\/secure.gravatar.com\/avatar\/e74f7af0be172b7804dacfd0bfbef787?s=96&d=mm&r=g\",\"caption\":\"Alejandra Moncisbays\"},\"description\":\"Curs\u00e9 la carrera de Periodismo y Comunicaci\u00f3n en la Facultad de Estudios Profesionales Acatl\u00e1n. Vivo en Canc\u00fan desde hace 24 a\u00f1os. Fui reportera de La Tarde de Canc\u00fan, y Novedades de Quintana Roo, colabor\u00e9 en TVCUN, edit\u00e9 Cancun\u00edssimo y colabor\u00e9 en las revistas Latitud21, entre otras, con principal enfoque en los sectores empresarial y tur\u00edstico. Desde hace varios a\u00f1os soy Agente de Seguros con c\u00e9dula de la Comisi\u00f3n Nacional de Seguros y Fianzas. Actualmente, me desarrollo en los \u00e1mbitos del periodismo y el sector asegurador.\",\"sameAs\":[\"https:\/\/nitu.mx\"],\"url\":\"https:\/\/nitu.mx\/index.php\/author\/alejandra\/\"}]}<\/script>\n<!-- \/ Yoast SEO plugin. -->","yoast_head_json":{"title":"Volaris reporte anual 2023: Expansi\u00f3n de rutas y modelo de bajo costo - Nitu - Noticias de la Industria Turistica","robots":{"index":"index","follow":"follow","max-snippet":"max-snippet:-1","max-image-preview":"max-image-preview:large","max-video-preview":"max-video-preview:-1"},"canonical":"https:\/\/nitu.mx\/index.php\/2024\/08\/27\/volaris-reporte-anual-2023-expansion-de-rutas-y-modelo-de-bajo-costo\/","twitter_card":"summary_large_image","twitter_title":"Volaris reporte anual 2023: Expansi\u00f3n de rutas y modelo de bajo costo - Nitu - Noticias de la Industria Turistica","twitter_description":"Volaris present\u00f3 su Reporte Anual Integrado 2023, en el que detalla todas las acciones internas, en cuesti\u00f3n ambiental, de personal, relaciones con proveedores, sus clientes y dem\u00e1s que realiz\u00f3 durante el a\u00f1o pasado. El documento detalla que ha continuado expandiendo su red de rutas durante 2023, operando un total de 231 rutas, de las cuales [&hellip;]","twitter_image":"https:\/\/nitu.mx\/wp-content\/uploads\/2018\/11\/Avi\u00f3n-A320neo-Volaris.jpg","twitter_creator":"@NITUmx","twitter_site":"@Arturo_Medina_G","twitter_misc":{"Escrito por":"Alejandra Moncisbays","Tiempo de lectura":"1 minuto"},"schema":{"@context":"https:\/\/schema.org","@graph":[{"@type":"Article","@id":"https:\/\/nitu.mx\/index.php\/2024\/08\/27\/volaris-reporte-anual-2023-expansion-de-rutas-y-modelo-de-bajo-costo\/#article","isPartOf":{"@id":"https:\/\/nitu.mx\/index.php\/2024\/08\/27\/volaris-reporte-anual-2023-expansion-de-rutas-y-modelo-de-bajo-costo\/"},"author":{"name":"Alejandra Moncisbays","@id":"https:\/\/nitu.mx\/#\/schema\/person\/2ecd887b19dfd3382d1f14fc5acf24a8"},"headline":"Volaris reporte anual 2023: Expansi\u00f3n de rutas y modelo de bajo costo","datePublished":"2024-08-28T04:05:18+00:00","dateModified":"2024-08-28T04:05:22+00:00","mainEntityOfPage":{"@id":"https:\/\/nitu.mx\/index.php\/2024\/08\/27\/volaris-reporte-anual-2023-expansion-de-rutas-y-modelo-de-bajo-costo\/"},"wordCount":289,"commentCount":0,"publisher":{"@id":"https:\/\/nitu.mx\/#\/schema\/person\/ae7a53426417292d3dd07b45a33e01bc"},"image":{"@id":"https:\/\/nitu.mx\/index.php\/2024\/08\/27\/volaris-reporte-anual-2023-expansion-de-rutas-y-modelo-de-bajo-costo\/#primaryimage"},"thumbnailUrl":"https:\/\/nitu.mx\/wp-content\/uploads\/2018\/11\/Avi\u00f3n-A320neo-Volaris.jpg","keywords":["Expansi\u00f3n","low cost","rutas","Volaris"],"articleSection":["Aerol\u00edneas"],"inLanguage":"es-MX","potentialAction":[{"@type":"CommentAction","name":"Comment","target":["https:\/\/nitu.mx\/index.php\/2024\/08\/27\/volaris-reporte-anual-2023-expansion-de-rutas-y-modelo-de-bajo-costo\/#respond"]}]},{"@type":"WebPage","@id":"https:\/\/nitu.mx\/index.php\/2024\/08\/27\/volaris-reporte-anual-2023-expansion-de-rutas-y-modelo-de-bajo-costo\/","url":"https:\/\/nitu.mx\/index.php\/2024\/08\/27\/volaris-reporte-anual-2023-expansion-de-rutas-y-modelo-de-bajo-costo\/","name":"Volaris reporte anual 2023: Expansi\u00f3n de rutas y modelo de bajo costo - Nitu - Noticias de la Industria Turistica","isPartOf":{"@id":"https:\/\/nitu.mx\/#website"},"primaryImageOfPage":{"@id":"https:\/\/nitu.mx\/index.php\/2024\/08\/27\/volaris-reporte-anual-2023-expansion-de-rutas-y-modelo-de-bajo-costo\/#primaryimage"},"image":{"@id":"https:\/\/nitu.mx\/index.php\/2024\/08\/27\/volaris-reporte-anual-2023-expansion-de-rutas-y-modelo-de-bajo-costo\/#primaryimage"},"thumbnailUrl":"https:\/\/nitu.mx\/wp-content\/uploads\/2018\/11\/Avi\u00f3n-A320neo-Volaris.jpg","datePublished":"2024-08-28T04:05:18+00:00","dateModified":"2024-08-28T04:05:22+00:00","breadcrumb":{"@id":"https:\/\/nitu.mx\/index.php\/2024\/08\/27\/volaris-reporte-anual-2023-expansion-de-rutas-y-modelo-de-bajo-costo\/#breadcrumb"},"inLanguage":"es-MX","potentialAction":[{"@type":"ReadAction","target":["https:\/\/nitu.mx\/index.php\/2024\/08\/27\/volaris-reporte-anual-2023-expansion-de-rutas-y-modelo-de-bajo-costo\/"]}]},{"@type":"ImageObject","inLanguage":"es-MX","@id":"https:\/\/nitu.mx\/index.php\/2024\/08\/27\/volaris-reporte-anual-2023-expansion-de-rutas-y-modelo-de-bajo-costo\/#primaryimage","url":"https:\/\/nitu.mx\/wp-content\/uploads\/2018\/11\/Avi\u00f3n-A320neo-Volaris.jpg","contentUrl":"https:\/\/nitu.mx\/wp-content\/uploads\/2018\/11\/Avi\u00f3n-A320neo-Volaris.jpg","width":850,"height":480,"caption":"Volaris BMV v.business Baja California Sur"},{"@type":"BreadcrumbList","@id":"https:\/\/nitu.mx\/index.php\/2024\/08\/27\/volaris-reporte-anual-2023-expansion-de-rutas-y-modelo-de-bajo-costo\/#breadcrumb","itemListElement":[{"@type":"ListItem","position":1,"name":"Inicio","item":"https:\/\/nitu.mx\/"},{"@type":"ListItem","position":2,"name":"Volaris reporte anual 2023: Expansi\u00f3n de rutas y modelo de bajo costo"}]},{"@type":"WebSite","@id":"https:\/\/nitu.mx\/#website","url":"https:\/\/nitu.mx\/","name":"Nitu - Noticias de la Industria Turistica","description":"Noticias de la Industria Turistica","publisher":{"@id":"https:\/\/nitu.mx\/#\/schema\/person\/ae7a53426417292d3dd07b45a33e01bc"},"alternateName":"Noticias de la Industria Turistica","potentialAction":[{"@type":"SearchAction","target":{"@type":"EntryPoint","urlTemplate":"https:\/\/nitu.mx\/?s={search_term_string}"},"query-input":"required name=search_term_string"}],"inLanguage":"es-MX"},{"@type":["Person","Organization"],"@id":"https:\/\/nitu.mx\/#\/schema\/person\/ae7a53426417292d3dd07b45a33e01bc","name":"Arturo Medina","image":{"@type":"ImageObject","inLanguage":"es-MX","@id":"https:\/\/nitu.mx\/#\/schema\/person\/image\/","url":"https:\/\/nitu.mx\/wp-content\/uploads\/2024\/04\/4A315622-1904-4D5C-B022-878CDC840E04-90x90-1.jpeg","contentUrl":"https:\/\/nitu.mx\/wp-content\/uploads\/2024\/04\/4A315622-1904-4D5C-B022-878CDC840E04-90x90-1.jpeg","width":90,"height":90,"caption":"Arturo Medina"},"logo":{"@id":"https:\/\/nitu.mx\/#\/schema\/person\/image\/"},"description":"Director NITU.mx, Egresado de la Escuela de Periodismo Carlos Septi\u00e9n Garc\u00eda. Periodista y analista especializado en turismo desde hace 35 a\u00f1os, radicado en Canc\u00fan Q.Roo. arturo@nitu.mx","sameAs":["https:\/\/nitu.mx","https:\/\/www.facebook.com\/NITUmx\/","medinacancun","https:\/\/twitter.com\/@Arturo_Medina_G"]},{"@type":"Person","@id":"https:\/\/nitu.mx\/#\/schema\/person\/2ecd887b19dfd3382d1f14fc5acf24a8","name":"Alejandra Moncisbays","image":{"@type":"ImageObject","inLanguage":"es-MX","@id":"https:\/\/nitu.mx\/#\/schema\/person\/image\/","url":"https:\/\/secure.gravatar.com\/avatar\/e74f7af0be172b7804dacfd0bfbef787?s=96&d=mm&r=g","contentUrl":"https:\/\/secure.gravatar.com\/avatar\/e74f7af0be172b7804dacfd0bfbef787?s=96&d=mm&r=g","caption":"Alejandra Moncisbays"},"description":"Curs\u00e9 la carrera de Periodismo y Comunicaci\u00f3n en la Facultad de Estudios Profesionales Acatl\u00e1n. Vivo en Canc\u00fan desde hace 24 a\u00f1os. Fui reportera de La Tarde de Canc\u00fan, y Novedades de Quintana Roo, colabor\u00e9 en TVCUN, edit\u00e9 Cancun\u00edssimo y colabor\u00e9 en las revistas Latitud21, entre otras, con principal enfoque en los sectores empresarial y tur\u00edstico. Desde hace varios a\u00f1os soy Agente de Seguros con c\u00e9dula de la Comisi\u00f3n Nacional de Seguros y Fianzas. Actualmente, me desarrollo en los \u00e1mbitos del periodismo y el sector asegurador.","sameAs":["https:\/\/nitu.mx"],"url":"https:\/\/nitu.mx\/index.php\/author\/alejandra\/"}]}},"views":908,"_links":{"self":[{"href":"https:\/\/nitu.mx\/index.php\/wp-json\/wp\/v2\/posts\/74391"}],"collection":[{"href":"https:\/\/nitu.mx\/index.php\/wp-json\/wp\/v2\/posts"}],"about":[{"href":"https:\/\/nitu.mx\/index.php\/wp-json\/wp\/v2\/types\/post"}],"author":[{"embeddable":true,"href":"https:\/\/nitu.mx\/index.php\/wp-json\/wp\/v2\/users\/3"}],"replies":[{"embeddable":true,"href":"https:\/\/nitu.mx\/index.php\/wp-json\/wp\/v2\/comments?post=74391"}],"version-history":[{"count":2,"href":"https:\/\/nitu.mx\/index.php\/wp-json\/wp\/v2\/posts\/74391\/revisions"}],"predecessor-version":[{"id":74414,"href":"https:\/\/nitu.mx\/index.php\/wp-json\/wp\/v2\/posts\/74391\/revisions\/74414"}],"wp:featuredmedia":[{"embeddable":true,"href":"https:\/\/nitu.mx\/index.php\/wp-json\/wp\/v2\/media\/27038"}],"wp:attachment":[{"href":"https:\/\/nitu.mx\/index.php\/wp-json\/wp\/v2\/media?parent=74391"}],"wp:term":[{"taxonomy":"category","embeddable":true,"href":"https:\/\/nitu.mx\/index.php\/wp-json\/wp\/v2\/categories?post=74391"},{"taxonomy":"post_tag","embeddable":true,"href":"https:\/\/nitu.mx\/index.php\/wp-json\/wp\/v2\/tags?post=74391"}],"curies":[{"name":"wp","href":"https:\/\/api.w.org\/{rel}","templated":true}]}}