{"id":74376,"date":"2024-08-26T23:28:28","date_gmt":"2024-08-27T05:28:28","guid":{"rendered":"https:\/\/nitu.mx\/?p=74376"},"modified":"2024-08-26T23:28:29","modified_gmt":"2024-08-27T05:28:29","slug":"subutilizacion-de-recursos-y-preocupacion-por-la-transparencia-en-tren-maya","status":"publish","type":"post","link":"https:\/\/nitu.mx\/index.php\/2024\/08\/26\/subutilizacion-de-recursos-y-preocupacion-por-la-transparencia-en-tren-maya\/","title":{"rendered":"Subutilizaci\u00f3n de recursos y preocupaci\u00f3n por la transparencia en Tren Maya"},"content":{"rendered":"<p>En la primera mitad de este a\u00f1o, la Secretar\u00eda de la Defensa Nacional (Sedena) ha gastado 4,555 millones de pesos en el proyecto del Tren Maya, un monto significativamente menor al aprobado para este per\u00edodo. Este subejercicio representa un 51% menos de lo presupuestado por el gobierno de L\u00f3pez Obrador.<\/p>\n<p>Aunque la Sedena ten\u00eda la responsabilidad de ejecutar estos recursos, la Secretar\u00eda de Turismo (Sectur), a trav\u00e9s del Fonatur, ha continuado con gran parte del gasto.<\/p>\n<p>Entre enero y julio, Sectur destin\u00f3 90,275 millones de pesos al proyecto, a pesar de que el programa &#8220;Proyectos de Transporte Masivo para Pasajeros&#8221; no recibi\u00f3 asignaci\u00f3n presupuestaria este a\u00f1o. Sumando los recursos de la Sedena y Sectur, el gasto total en el Tren Maya ascendi\u00f3 a 94,830 millones de pesos, utilizado tanto para inversi\u00f3n f\u00edsica como para gastos operativos.<\/p>\n<p>Sin embargo, expertos como Jorge Cano,de M\u00e9xico Eval\u00faa, han se\u00f1alado una preocupante falta de transparencia en el manejo de estos recursos. Aunque la Sedena muestra un subejercicio, Sectur sigue erogando fondos sin la claridad prevista originalmente.<\/p>\n<p>Esta situaci\u00f3n podr\u00eda complicar la consolidaci\u00f3n fiscal prometida para el pr\u00f3ximo sexenio, especialmente considerando las presiones financieras actuales y las dudas sobre la finalizaci\u00f3n de las obras prioritarias, se\u00f1ala El Economista ()<a href=\"https:\/\/nitu.mx\/index.php\/2024\/08\/21\/consulta-publica-para-proyectos-del-tren-maya-en-cancun-lo-que-debes-saber\/\">Consulta p\u00fablica para proyectos del Tren Maya en Canc\u00fan: Lo que debes saber).<\/a><\/p>\n","protected":false},"excerpt":{"rendered":"<p>En la primera mitad de este a\u00f1o, la Secretar\u00eda de la Defensa Nacional (Sedena) ha gastado 4,555 millones de pesos en el proyecto del Tren Maya, un monto significativamente menor al aprobado para este per\u00edodo. Este subejercicio representa un 51% menos de lo presupuestado por el gobierno de L\u00f3pez Obrador. Aunque la Sedena ten\u00eda la [&hellip;]<\/p>\n","protected":false},"author":3,"featured_media":66032,"comment_status":"open","ping_status":"open","sticky":false,"template":"","format":"standard","meta":{"footnotes":""},"categories":[22813],"tags":[13219,5578,22716,11427],"yoast_head":"<!-- This site is optimized with the Yoast SEO plugin v22.2 - https:\/\/yoast.com\/wordpress\/plugins\/seo\/ -->\n<title>Subutilizaci\u00f3n de recursos y preocupaci\u00f3n por la transparencia en Tren Maya - Nitu - Noticias de la Industria Turistica<\/title>\n<meta name=\"robots\" content=\"index, follow, max-snippet:-1, max-image-preview:large, max-video-preview:-1\" \/>\n<link rel=\"canonical\" href=\"https:\/\/nitu.mx\/index.php\/2024\/08\/26\/subutilizacion-de-recursos-y-preocupacion-por-la-transparencia-en-tren-maya\/\" \/>\n<meta name=\"twitter:card\" content=\"summary_large_image\" \/>\n<meta name=\"twitter:title\" content=\"Subutilizaci\u00f3n de recursos y preocupaci\u00f3n por la transparencia en Tren Maya - Nitu - Noticias de la Industria Turistica\" \/>\n<meta name=\"twitter:description\" content=\"En la primera mitad de este a\u00f1o, la Secretar\u00eda de la Defensa Nacional (Sedena) ha gastado 4,555 millones de pesos en el proyecto del Tren Maya, un monto significativamente menor al aprobado para este per\u00edodo. Este subejercicio representa un 51% menos de lo presupuestado por el gobierno de L\u00f3pez Obrador. Aunque la Sedena ten\u00eda la [&hellip;]\" \/>\n<meta name=\"twitter:image\" content=\"https:\/\/nitu.mx\/wp-content\/uploads\/2023\/09\/Tren-Maya-Tramo-4.jpeg\" \/>\n<meta name=\"twitter:creator\" content=\"@NITUmx\" \/>\n<meta name=\"twitter:site\" content=\"@Arturo_Medina_G\" \/>\n<meta name=\"twitter:label1\" content=\"Escrito por\" \/>\n\t<meta name=\"twitter:data1\" content=\"Alejandra Moncisbays\" \/>\n\t<meta name=\"twitter:label2\" content=\"Tiempo de lectura\" \/>\n\t<meta name=\"twitter:data2\" content=\"1 minuto\" \/>\n<script type=\"application\/ld+json\" class=\"yoast-schema-graph\">{\"@context\":\"https:\/\/schema.org\",\"@graph\":[{\"@type\":\"Article\",\"@id\":\"https:\/\/nitu.mx\/index.php\/2024\/08\/26\/subutilizacion-de-recursos-y-preocupacion-por-la-transparencia-en-tren-maya\/#article\",\"isPartOf\":{\"@id\":\"https:\/\/nitu.mx\/index.php\/2024\/08\/26\/subutilizacion-de-recursos-y-preocupacion-por-la-transparencia-en-tren-maya\/\"},\"author\":{\"name\":\"Alejandra Moncisbays\",\"@id\":\"https:\/\/nitu.mx\/#\/schema\/person\/2ecd887b19dfd3382d1f14fc5acf24a8\"},\"headline\":\"Subutilizaci\u00f3n de recursos y preocupaci\u00f3n por la transparencia en Tren Maya\",\"datePublished\":\"2024-08-27T05:28:28+00:00\",\"dateModified\":\"2024-08-27T05:28:29+00:00\",\"mainEntityOfPage\":{\"@id\":\"https:\/\/nitu.mx\/index.php\/2024\/08\/26\/subutilizacion-de-recursos-y-preocupacion-por-la-transparencia-en-tren-maya\/\"},\"wordCount\":248,\"commentCount\":0,\"publisher\":{\"@id\":\"https:\/\/nitu.mx\/#\/schema\/person\/ae7a53426417292d3dd07b45a33e01bc\"},\"image\":{\"@id\":\"https:\/\/nitu.mx\/index.php\/2024\/08\/26\/subutilizacion-de-recursos-y-preocupacion-por-la-transparencia-en-tren-maya\/#primaryimage\"},\"thumbnailUrl\":\"https:\/\/nitu.mx\/wp-content\/uploads\/2023\/09\/Tren-Maya-Tramo-4.jpeg\",\"keywords\":[\"recursos\",\"SEDENA\",\"transparencia\",\"Tren Maya\"],\"articleSection\":[\"Tren Maya\"],\"inLanguage\":\"es-MX\",\"potentialAction\":[{\"@type\":\"CommentAction\",\"name\":\"Comment\",\"target\":[\"https:\/\/nitu.mx\/index.php\/2024\/08\/26\/subutilizacion-de-recursos-y-preocupacion-por-la-transparencia-en-tren-maya\/#respond\"]}]},{\"@type\":\"WebPage\",\"@id\":\"https:\/\/nitu.mx\/index.php\/2024\/08\/26\/subutilizacion-de-recursos-y-preocupacion-por-la-transparencia-en-tren-maya\/\",\"url\":\"https:\/\/nitu.mx\/index.php\/2024\/08\/26\/subutilizacion-de-recursos-y-preocupacion-por-la-transparencia-en-tren-maya\/\",\"name\":\"Subutilizaci\u00f3n de recursos y preocupaci\u00f3n por la transparencia en Tren Maya - Nitu - Noticias de la Industria Turistica\",\"isPartOf\":{\"@id\":\"https:\/\/nitu.mx\/#website\"},\"primaryImageOfPage\":{\"@id\":\"https:\/\/nitu.mx\/index.php\/2024\/08\/26\/subutilizacion-de-recursos-y-preocupacion-por-la-transparencia-en-tren-maya\/#primaryimage\"},\"image\":{\"@id\":\"https:\/\/nitu.mx\/index.php\/2024\/08\/26\/subutilizacion-de-recursos-y-preocupacion-por-la-transparencia-en-tren-maya\/#primaryimage\"},\"thumbnailUrl\":\"https:\/\/nitu.mx\/wp-content\/uploads\/2023\/09\/Tren-Maya-Tramo-4.jpeg\",\"datePublished\":\"2024-08-27T05:28:28+00:00\",\"dateModified\":\"2024-08-27T05:28:29+00:00\",\"breadcrumb\":{\"@id\":\"https:\/\/nitu.mx\/index.php\/2024\/08\/26\/subutilizacion-de-recursos-y-preocupacion-por-la-transparencia-en-tren-maya\/#breadcrumb\"},\"inLanguage\":\"es-MX\",\"potentialAction\":[{\"@type\":\"ReadAction\",\"target\":[\"https:\/\/nitu.mx\/index.php\/2024\/08\/26\/subutilizacion-de-recursos-y-preocupacion-por-la-transparencia-en-tren-maya\/\"]}]},{\"@type\":\"ImageObject\",\"inLanguage\":\"es-MX\",\"@id\":\"https:\/\/nitu.mx\/index.php\/2024\/08\/26\/subutilizacion-de-recursos-y-preocupacion-por-la-transparencia-en-tren-maya\/#primaryimage\",\"url\":\"https:\/\/nitu.mx\/wp-content\/uploads\/2023\/09\/Tren-Maya-Tramo-4.jpeg\",\"contentUrl\":\"https:\/\/nitu.mx\/wp-content\/uploads\/2023\/09\/Tren-Maya-Tramo-4.jpeg\",\"width\":1200,\"height\":675,\"caption\":\"Tren Maya\"},{\"@type\":\"BreadcrumbList\",\"@id\":\"https:\/\/nitu.mx\/index.php\/2024\/08\/26\/subutilizacion-de-recursos-y-preocupacion-por-la-transparencia-en-tren-maya\/#breadcrumb\",\"itemListElement\":[{\"@type\":\"ListItem\",\"position\":1,\"name\":\"Inicio\",\"item\":\"https:\/\/nitu.mx\/\"},{\"@type\":\"ListItem\",\"position\":2,\"name\":\"Subutilizaci\u00f3n de recursos y preocupaci\u00f3n por la transparencia en Tren Maya\"}]},{\"@type\":\"WebSite\",\"@id\":\"https:\/\/nitu.mx\/#website\",\"url\":\"https:\/\/nitu.mx\/\",\"name\":\"Nitu - Noticias de la Industria Turistica\",\"description\":\"Noticias de la Industria Turistica\",\"publisher\":{\"@id\":\"https:\/\/nitu.mx\/#\/schema\/person\/ae7a53426417292d3dd07b45a33e01bc\"},\"alternateName\":\"Noticias de la Industria Turistica\",\"potentialAction\":[{\"@type\":\"SearchAction\",\"target\":{\"@type\":\"EntryPoint\",\"urlTemplate\":\"https:\/\/nitu.mx\/?s={search_term_string}\"},\"query-input\":\"required name=search_term_string\"}],\"inLanguage\":\"es-MX\"},{\"@type\":[\"Person\",\"Organization\"],\"@id\":\"https:\/\/nitu.mx\/#\/schema\/person\/ae7a53426417292d3dd07b45a33e01bc\",\"name\":\"Arturo Medina\",\"image\":{\"@type\":\"ImageObject\",\"inLanguage\":\"es-MX\",\"@id\":\"https:\/\/nitu.mx\/#\/schema\/person\/image\/\",\"url\":\"https:\/\/nitu.mx\/wp-content\/uploads\/2024\/04\/4A315622-1904-4D5C-B022-878CDC840E04-90x90-1.jpeg\",\"contentUrl\":\"https:\/\/nitu.mx\/wp-content\/uploads\/2024\/04\/4A315622-1904-4D5C-B022-878CDC840E04-90x90-1.jpeg\",\"width\":90,\"height\":90,\"caption\":\"Arturo Medina\"},\"logo\":{\"@id\":\"https:\/\/nitu.mx\/#\/schema\/person\/image\/\"},\"description\":\"Director NITU.mx, Egresado de la Escuela de Periodismo Carlos Septi\u00e9n Garc\u00eda. Periodista y analista especializado en turismo desde hace 35 a\u00f1os, radicado en Canc\u00fan Q.Roo. arturo@nitu.mx\",\"sameAs\":[\"https:\/\/nitu.mx\",\"https:\/\/www.facebook.com\/NITUmx\/\",\"medinacancun\",\"https:\/\/twitter.com\/@Arturo_Medina_G\"]},{\"@type\":\"Person\",\"@id\":\"https:\/\/nitu.mx\/#\/schema\/person\/2ecd887b19dfd3382d1f14fc5acf24a8\",\"name\":\"Alejandra Moncisbays\",\"image\":{\"@type\":\"ImageObject\",\"inLanguage\":\"es-MX\",\"@id\":\"https:\/\/nitu.mx\/#\/schema\/person\/image\/\",\"url\":\"https:\/\/secure.gravatar.com\/avatar\/e74f7af0be172b7804dacfd0bfbef787?s=96&d=mm&r=g\",\"contentUrl\":\"https:\/\/secure.gravatar.com\/avatar\/e74f7af0be172b7804dacfd0bfbef787?s=96&d=mm&r=g\",\"caption\":\"Alejandra Moncisbays\"},\"description\":\"Curs\u00e9 la carrera de Periodismo y Comunicaci\u00f3n en la Facultad de Estudios Profesionales Acatl\u00e1n. Vivo en Canc\u00fan desde hace 24 a\u00f1os. Fui reportera de La Tarde de Canc\u00fan, y Novedades de Quintana Roo, colabor\u00e9 en TVCUN, edit\u00e9 Cancun\u00edssimo y colabor\u00e9 en las revistas Latitud21, entre otras, con principal enfoque en los sectores empresarial y tur\u00edstico. Desde hace varios a\u00f1os soy Agente de Seguros con c\u00e9dula de la Comisi\u00f3n Nacional de Seguros y Fianzas. Actualmente, me desarrollo en los \u00e1mbitos del periodismo y el sector asegurador.\",\"sameAs\":[\"https:\/\/nitu.mx\"],\"url\":\"https:\/\/nitu.mx\/index.php\/author\/alejandra\/\"}]}<\/script>\n<!-- \/ Yoast SEO plugin. -->","yoast_head_json":{"title":"Subutilizaci\u00f3n de recursos y preocupaci\u00f3n por la transparencia en Tren Maya - Nitu - Noticias de la Industria Turistica","robots":{"index":"index","follow":"follow","max-snippet":"max-snippet:-1","max-image-preview":"max-image-preview:large","max-video-preview":"max-video-preview:-1"},"canonical":"https:\/\/nitu.mx\/index.php\/2024\/08\/26\/subutilizacion-de-recursos-y-preocupacion-por-la-transparencia-en-tren-maya\/","twitter_card":"summary_large_image","twitter_title":"Subutilizaci\u00f3n de recursos y preocupaci\u00f3n por la transparencia en Tren Maya - Nitu - Noticias de la Industria Turistica","twitter_description":"En la primera mitad de este a\u00f1o, la Secretar\u00eda de la Defensa Nacional (Sedena) ha gastado 4,555 millones de pesos en el proyecto del Tren Maya, un monto significativamente menor al aprobado para este per\u00edodo. Este subejercicio representa un 51% menos de lo presupuestado por el gobierno de L\u00f3pez Obrador. Aunque la Sedena ten\u00eda la [&hellip;]","twitter_image":"https:\/\/nitu.mx\/wp-content\/uploads\/2023\/09\/Tren-Maya-Tramo-4.jpeg","twitter_creator":"@NITUmx","twitter_site":"@Arturo_Medina_G","twitter_misc":{"Escrito por":"Alejandra Moncisbays","Tiempo de lectura":"1 minuto"},"schema":{"@context":"https:\/\/schema.org","@graph":[{"@type":"Article","@id":"https:\/\/nitu.mx\/index.php\/2024\/08\/26\/subutilizacion-de-recursos-y-preocupacion-por-la-transparencia-en-tren-maya\/#article","isPartOf":{"@id":"https:\/\/nitu.mx\/index.php\/2024\/08\/26\/subutilizacion-de-recursos-y-preocupacion-por-la-transparencia-en-tren-maya\/"},"author":{"name":"Alejandra Moncisbays","@id":"https:\/\/nitu.mx\/#\/schema\/person\/2ecd887b19dfd3382d1f14fc5acf24a8"},"headline":"Subutilizaci\u00f3n de recursos y preocupaci\u00f3n por la transparencia en Tren Maya","datePublished":"2024-08-27T05:28:28+00:00","dateModified":"2024-08-27T05:28:29+00:00","mainEntityOfPage":{"@id":"https:\/\/nitu.mx\/index.php\/2024\/08\/26\/subutilizacion-de-recursos-y-preocupacion-por-la-transparencia-en-tren-maya\/"},"wordCount":248,"commentCount":0,"publisher":{"@id":"https:\/\/nitu.mx\/#\/schema\/person\/ae7a53426417292d3dd07b45a33e01bc"},"image":{"@id":"https:\/\/nitu.mx\/index.php\/2024\/08\/26\/subutilizacion-de-recursos-y-preocupacion-por-la-transparencia-en-tren-maya\/#primaryimage"},"thumbnailUrl":"https:\/\/nitu.mx\/wp-content\/uploads\/2023\/09\/Tren-Maya-Tramo-4.jpeg","keywords":["recursos","SEDENA","transparencia","Tren Maya"],"articleSection":["Tren Maya"],"inLanguage":"es-MX","potentialAction":[{"@type":"CommentAction","name":"Comment","target":["https:\/\/nitu.mx\/index.php\/2024\/08\/26\/subutilizacion-de-recursos-y-preocupacion-por-la-transparencia-en-tren-maya\/#respond"]}]},{"@type":"WebPage","@id":"https:\/\/nitu.mx\/index.php\/2024\/08\/26\/subutilizacion-de-recursos-y-preocupacion-por-la-transparencia-en-tren-maya\/","url":"https:\/\/nitu.mx\/index.php\/2024\/08\/26\/subutilizacion-de-recursos-y-preocupacion-por-la-transparencia-en-tren-maya\/","name":"Subutilizaci\u00f3n de recursos y preocupaci\u00f3n por la transparencia en Tren Maya - Nitu - Noticias de la Industria Turistica","isPartOf":{"@id":"https:\/\/nitu.mx\/#website"},"primaryImageOfPage":{"@id":"https:\/\/nitu.mx\/index.php\/2024\/08\/26\/subutilizacion-de-recursos-y-preocupacion-por-la-transparencia-en-tren-maya\/#primaryimage"},"image":{"@id":"https:\/\/nitu.mx\/index.php\/2024\/08\/26\/subutilizacion-de-recursos-y-preocupacion-por-la-transparencia-en-tren-maya\/#primaryimage"},"thumbnailUrl":"https:\/\/nitu.mx\/wp-content\/uploads\/2023\/09\/Tren-Maya-Tramo-4.jpeg","datePublished":"2024-08-27T05:28:28+00:00","dateModified":"2024-08-27T05:28:29+00:00","breadcrumb":{"@id":"https:\/\/nitu.mx\/index.php\/2024\/08\/26\/subutilizacion-de-recursos-y-preocupacion-por-la-transparencia-en-tren-maya\/#breadcrumb"},"inLanguage":"es-MX","potentialAction":[{"@type":"ReadAction","target":["https:\/\/nitu.mx\/index.php\/2024\/08\/26\/subutilizacion-de-recursos-y-preocupacion-por-la-transparencia-en-tren-maya\/"]}]},{"@type":"ImageObject","inLanguage":"es-MX","@id":"https:\/\/nitu.mx\/index.php\/2024\/08\/26\/subutilizacion-de-recursos-y-preocupacion-por-la-transparencia-en-tren-maya\/#primaryimage","url":"https:\/\/nitu.mx\/wp-content\/uploads\/2023\/09\/Tren-Maya-Tramo-4.jpeg","contentUrl":"https:\/\/nitu.mx\/wp-content\/uploads\/2023\/09\/Tren-Maya-Tramo-4.jpeg","width":1200,"height":675,"caption":"Tren Maya"},{"@type":"BreadcrumbList","@id":"https:\/\/nitu.mx\/index.php\/2024\/08\/26\/subutilizacion-de-recursos-y-preocupacion-por-la-transparencia-en-tren-maya\/#breadcrumb","itemListElement":[{"@type":"ListItem","position":1,"name":"Inicio","item":"https:\/\/nitu.mx\/"},{"@type":"ListItem","position":2,"name":"Subutilizaci\u00f3n de recursos y preocupaci\u00f3n por la transparencia en Tren Maya"}]},{"@type":"WebSite","@id":"https:\/\/nitu.mx\/#website","url":"https:\/\/nitu.mx\/","name":"Nitu - Noticias de la Industria Turistica","description":"Noticias de la Industria Turistica","publisher":{"@id":"https:\/\/nitu.mx\/#\/schema\/person\/ae7a53426417292d3dd07b45a33e01bc"},"alternateName":"Noticias de la Industria Turistica","potentialAction":[{"@type":"SearchAction","target":{"@type":"EntryPoint","urlTemplate":"https:\/\/nitu.mx\/?s={search_term_string}"},"query-input":"required name=search_term_string"}],"inLanguage":"es-MX"},{"@type":["Person","Organization"],"@id":"https:\/\/nitu.mx\/#\/schema\/person\/ae7a53426417292d3dd07b45a33e01bc","name":"Arturo Medina","image":{"@type":"ImageObject","inLanguage":"es-MX","@id":"https:\/\/nitu.mx\/#\/schema\/person\/image\/","url":"https:\/\/nitu.mx\/wp-content\/uploads\/2024\/04\/4A315622-1904-4D5C-B022-878CDC840E04-90x90-1.jpeg","contentUrl":"https:\/\/nitu.mx\/wp-content\/uploads\/2024\/04\/4A315622-1904-4D5C-B022-878CDC840E04-90x90-1.jpeg","width":90,"height":90,"caption":"Arturo Medina"},"logo":{"@id":"https:\/\/nitu.mx\/#\/schema\/person\/image\/"},"description":"Director NITU.mx, Egresado de la Escuela de Periodismo Carlos Septi\u00e9n Garc\u00eda. Periodista y analista especializado en turismo desde hace 35 a\u00f1os, radicado en Canc\u00fan Q.Roo. arturo@nitu.mx","sameAs":["https:\/\/nitu.mx","https:\/\/www.facebook.com\/NITUmx\/","medinacancun","https:\/\/twitter.com\/@Arturo_Medina_G"]},{"@type":"Person","@id":"https:\/\/nitu.mx\/#\/schema\/person\/2ecd887b19dfd3382d1f14fc5acf24a8","name":"Alejandra Moncisbays","image":{"@type":"ImageObject","inLanguage":"es-MX","@id":"https:\/\/nitu.mx\/#\/schema\/person\/image\/","url":"https:\/\/secure.gravatar.com\/avatar\/e74f7af0be172b7804dacfd0bfbef787?s=96&d=mm&r=g","contentUrl":"https:\/\/secure.gravatar.com\/avatar\/e74f7af0be172b7804dacfd0bfbef787?s=96&d=mm&r=g","caption":"Alejandra Moncisbays"},"description":"Curs\u00e9 la carrera de Periodismo y Comunicaci\u00f3n en la Facultad de Estudios Profesionales Acatl\u00e1n. Vivo en Canc\u00fan desde hace 24 a\u00f1os. Fui reportera de La Tarde de Canc\u00fan, y Novedades de Quintana Roo, colabor\u00e9 en TVCUN, edit\u00e9 Cancun\u00edssimo y colabor\u00e9 en las revistas Latitud21, entre otras, con principal enfoque en los sectores empresarial y tur\u00edstico. Desde hace varios a\u00f1os soy Agente de Seguros con c\u00e9dula de la Comisi\u00f3n Nacional de Seguros y Fianzas. Actualmente, me desarrollo en los \u00e1mbitos del periodismo y el sector asegurador.","sameAs":["https:\/\/nitu.mx"],"url":"https:\/\/nitu.mx\/index.php\/author\/alejandra\/"}]}},"views":607,"_links":{"self":[{"href":"https:\/\/nitu.mx\/index.php\/wp-json\/wp\/v2\/posts\/74376"}],"collection":[{"href":"https:\/\/nitu.mx\/index.php\/wp-json\/wp\/v2\/posts"}],"about":[{"href":"https:\/\/nitu.mx\/index.php\/wp-json\/wp\/v2\/types\/post"}],"author":[{"embeddable":true,"href":"https:\/\/nitu.mx\/index.php\/wp-json\/wp\/v2\/users\/3"}],"replies":[{"embeddable":true,"href":"https:\/\/nitu.mx\/index.php\/wp-json\/wp\/v2\/comments?post=74376"}],"version-history":[{"count":2,"href":"https:\/\/nitu.mx\/index.php\/wp-json\/wp\/v2\/posts\/74376\/revisions"}],"predecessor-version":[{"id":74385,"href":"https:\/\/nitu.mx\/index.php\/wp-json\/wp\/v2\/posts\/74376\/revisions\/74385"}],"wp:featuredmedia":[{"embeddable":true,"href":"https:\/\/nitu.mx\/index.php\/wp-json\/wp\/v2\/media\/66032"}],"wp:attachment":[{"href":"https:\/\/nitu.mx\/index.php\/wp-json\/wp\/v2\/media?parent=74376"}],"wp:term":[{"taxonomy":"category","embeddable":true,"href":"https:\/\/nitu.mx\/index.php\/wp-json\/wp\/v2\/categories?post=74376"},{"taxonomy":"post_tag","embeddable":true,"href":"https:\/\/nitu.mx\/index.php\/wp-json\/wp\/v2\/tags?post=74376"}],"curies":[{"name":"wp","href":"https:\/\/api.w.org\/{rel}","templated":true}]}}