{"id":74353,"date":"2024-08-26T18:13:05","date_gmt":"2024-08-27T00:13:05","guid":{"rendered":"https:\/\/nitu.mx\/?p=74353"},"modified":"2024-08-26T23:36:53","modified_gmt":"2024-08-27T05:36:53","slug":"aeromexico-anuncia-ruta-directa-cancu-miami","status":"publish","type":"post","link":"https:\/\/nitu.mx\/index.php\/2024\/08\/26\/aeromexico-anuncia-ruta-directa-cancu-miami\/","title":{"rendered":"Aerom\u00e9xico anuncia ruta directa Canc\u00fan-Miami"},"content":{"rendered":"\n<p>En alianza con Delta Air Lines, a partir del pr\u00f3ximo 19 de diciembre, Aerom\u00e9xico comenzar\u00e1 operaciones directas entre el Aeropuerto Internacional de Canc\u00fan (CUN) y el Aeropuerto Internacional de Miami (MIA).<\/p>\n\n\n\n<p>Este nuevo servicio complementar\u00e1 la oferta actual de Aerom\u00e9xico en Miami, donde ya ofrece cinco frecuencias diarias desde la Ciudad de M\u00e9xico, y ser\u00e1 la cuarta ruta de la aerol\u00ednea en el estado de Florida, sum\u00e1ndose al servicio en Orlando y Tampa desde la capital de M\u00e9xico. En total, la aerol\u00ednea estar\u00e1 operando alrededor de 140 llegadas y salidas semanales en Florida, lo que significa una oferta de hasta 24,500 asientos a la semana.<\/p>\n\n\n\n<p>La salida de Canc\u00fan est\u00e1 programada a las 11:10 am para llegar a la 1:50 pm; mientras que el vuelo de Miami despegar\u00e1 a las 7:55 am, con aterrizaje en Canc\u00fan a las 9:55 am. <\/p>\n\n\n\n<p>Los vuelos ser\u00e1n operados con aviones 737 MAX 8 con capacidad para 166 pasajeros: 16 en Cabina Premier, 18 en AM Plus y 132 en Cabina Turista. Este modelo de aeronave de \u00faltima generaci\u00f3n, cuenta con winglets de tecnolog\u00eda avanzada que reducen el consumo de combustible, as\u00ed como una eficiencia aerodin\u00e1mica que disminuye la emisi\u00f3n de contaminantes. Incluye un amplio sistema de entretenimiento a bordo y ofrece conectividad WiFi de alta velocidad que brinda una experiencia de viaje \u00fanica para los clientes.<\/p>\n\n\n\n<p>Este nuevo vuelo a Estados Unidos tambi\u00e9n es posible gracias al Acuerdo de Colaboraci\u00f3n Conjunta (JCA) con Delta, cuyo objetivo es ofrecer m\u00e1s y mejor conectividad entre ambos pa\u00edses. <\/p>\n\n\n\n<p>Con el inicio de la ruta entre Canc\u00fan y Miami, la alianza Aerom\u00e9xico-Delta servir\u00e1 de manera conjunta m\u00e1s de 65 rutas entre M\u00e9xico y Estados Unidos, operando diariamente m\u00e1s de 180 salidas y llegadas, lo que representa una oferta promedio de 31 mil asientos al d\u00eda.\u00a0<a href=\"https:\/\/nitu.mx\/index.php\/2024\/08\/22\/aeromexico-plasma-al-dios-maya-kukulcan-en-un-boeing-737-max\/\">(Aerom\u00e9xico plasma al Dios Maya Kukulc\u00e1n en un Boeing 737 MAX<\/a>).\u00a0 \u00a0\u00a0\u00a0<\/p>\n","protected":false},"excerpt":{"rendered":"<p>En alianza con Delta Air Lines, a partir del pr\u00f3ximo 19 de diciembre, Aerom\u00e9xico comenzar\u00e1 operaciones directas entre el Aeropuerto Internacional de Canc\u00fan (CUN) y el Aeropuerto Internacional de Miami (MIA). Este nuevo servicio complementar\u00e1 la oferta actual de Aerom\u00e9xico en Miami, donde ya ofrece cinco frecuencias diarias desde la Ciudad de M\u00e9xico, y ser\u00e1 [&hellip;]<\/p>\n","protected":false},"author":17,"featured_media":49134,"comment_status":"open","ping_status":"open","sticky":false,"template":"","format":"standard","meta":{"footnotes":""},"categories":[29],"tags":[30,43,154],"yoast_head":"<!-- This site is optimized with the Yoast SEO plugin v22.2 - https:\/\/yoast.com\/wordpress\/plugins\/seo\/ -->\n<title>Aerom\u00e9xico anuncia ruta directa Canc\u00fan-Miami - Nitu - Noticias de la Industria Turistica<\/title>\n<meta name=\"robots\" content=\"index, follow, max-snippet:-1, max-image-preview:large, max-video-preview:-1\" \/>\n<link rel=\"canonical\" href=\"https:\/\/nitu.mx\/index.php\/2024\/08\/26\/aeromexico-anuncia-ruta-directa-cancu-miami\/\" \/>\n<meta name=\"twitter:card\" content=\"summary_large_image\" \/>\n<meta name=\"twitter:title\" content=\"Aerom\u00e9xico anuncia ruta directa Canc\u00fan-Miami - Nitu - Noticias de la Industria Turistica\" \/>\n<meta name=\"twitter:description\" content=\"En alianza con Delta Air Lines, a partir del pr\u00f3ximo 19 de diciembre, Aerom\u00e9xico comenzar\u00e1 operaciones directas entre el Aeropuerto Internacional de Canc\u00fan (CUN) y el Aeropuerto Internacional de Miami (MIA). Este nuevo servicio complementar\u00e1 la oferta actual de Aerom\u00e9xico en Miami, donde ya ofrece cinco frecuencias diarias desde la Ciudad de M\u00e9xico, y ser\u00e1 [&hellip;]\" \/>\n<meta name=\"twitter:image\" content=\"https:\/\/nitu.mx\/wp-content\/uploads\/2020\/12\/Aerom\u00e9xico-Boeing-737-MAX.jpg\" \/>\n<meta name=\"twitter:creator\" content=\"@NITUmx\" \/>\n<meta name=\"twitter:site\" content=\"@Arturo_Medina_G\" \/>\n<meta name=\"twitter:label1\" content=\"Escrito por\" \/>\n\t<meta name=\"twitter:data1\" content=\"Redacci\u00f3n\" \/>\n\t<meta name=\"twitter:label2\" content=\"Tiempo de lectura\" \/>\n\t<meta name=\"twitter:data2\" content=\"2 minutos\" \/>\n<script type=\"application\/ld+json\" class=\"yoast-schema-graph\">{\"@context\":\"https:\/\/schema.org\",\"@graph\":[{\"@type\":\"Article\",\"@id\":\"https:\/\/nitu.mx\/index.php\/2024\/08\/26\/aeromexico-anuncia-ruta-directa-cancu-miami\/#article\",\"isPartOf\":{\"@id\":\"https:\/\/nitu.mx\/index.php\/2024\/08\/26\/aeromexico-anuncia-ruta-directa-cancu-miami\/\"},\"author\":{\"name\":\"Redacci\u00f3n\",\"@id\":\"https:\/\/nitu.mx\/#\/schema\/person\/4a28fe9bd65924f7c90623773daf1b0b\"},\"headline\":\"Aerom\u00e9xico anuncia ruta directa Canc\u00fan-Miami\",\"datePublished\":\"2024-08-27T00:13:05+00:00\",\"dateModified\":\"2024-08-27T05:36:53+00:00\",\"mainEntityOfPage\":{\"@id\":\"https:\/\/nitu.mx\/index.php\/2024\/08\/26\/aeromexico-anuncia-ruta-directa-cancu-miami\/\"},\"wordCount\":326,\"commentCount\":0,\"publisher\":{\"@id\":\"https:\/\/nitu.mx\/#\/schema\/person\/ae7a53426417292d3dd07b45a33e01bc\"},\"image\":{\"@id\":\"https:\/\/nitu.mx\/index.php\/2024\/08\/26\/aeromexico-anuncia-ruta-directa-cancu-miami\/#primaryimage\"},\"thumbnailUrl\":\"https:\/\/nitu.mx\/wp-content\/uploads\/2020\/12\/Aerom\u00e9xico-Boeing-737-MAX.jpg\",\"keywords\":[\"Aerom\u00e9xico\",\"Canc\u00fan\",\"Miami\"],\"articleSection\":[\"Aerol\u00edneas\"],\"inLanguage\":\"es-MX\",\"potentialAction\":[{\"@type\":\"CommentAction\",\"name\":\"Comment\",\"target\":[\"https:\/\/nitu.mx\/index.php\/2024\/08\/26\/aeromexico-anuncia-ruta-directa-cancu-miami\/#respond\"]}]},{\"@type\":\"WebPage\",\"@id\":\"https:\/\/nitu.mx\/index.php\/2024\/08\/26\/aeromexico-anuncia-ruta-directa-cancu-miami\/\",\"url\":\"https:\/\/nitu.mx\/index.php\/2024\/08\/26\/aeromexico-anuncia-ruta-directa-cancu-miami\/\",\"name\":\"Aerom\u00e9xico anuncia ruta directa Canc\u00fan-Miami - Nitu - Noticias de la Industria Turistica\",\"isPartOf\":{\"@id\":\"https:\/\/nitu.mx\/#website\"},\"primaryImageOfPage\":{\"@id\":\"https:\/\/nitu.mx\/index.php\/2024\/08\/26\/aeromexico-anuncia-ruta-directa-cancu-miami\/#primaryimage\"},\"image\":{\"@id\":\"https:\/\/nitu.mx\/index.php\/2024\/08\/26\/aeromexico-anuncia-ruta-directa-cancu-miami\/#primaryimage\"},\"thumbnailUrl\":\"https:\/\/nitu.mx\/wp-content\/uploads\/2020\/12\/Aerom\u00e9xico-Boeing-737-MAX.jpg\",\"datePublished\":\"2024-08-27T00:13:05+00:00\",\"dateModified\":\"2024-08-27T05:36:53+00:00\",\"breadcrumb\":{\"@id\":\"https:\/\/nitu.mx\/index.php\/2024\/08\/26\/aeromexico-anuncia-ruta-directa-cancu-miami\/#breadcrumb\"},\"inLanguage\":\"es-MX\",\"potentialAction\":[{\"@type\":\"ReadAction\",\"target\":[\"https:\/\/nitu.mx\/index.php\/2024\/08\/26\/aeromexico-anuncia-ruta-directa-cancu-miami\/\"]}]},{\"@type\":\"ImageObject\",\"inLanguage\":\"es-MX\",\"@id\":\"https:\/\/nitu.mx\/index.php\/2024\/08\/26\/aeromexico-anuncia-ruta-directa-cancu-miami\/#primaryimage\",\"url\":\"https:\/\/nitu.mx\/wp-content\/uploads\/2020\/12\/Aerom\u00e9xico-Boeing-737-MAX.jpg\",\"contentUrl\":\"https:\/\/nitu.mx\/wp-content\/uploads\/2020\/12\/Aerom\u00e9xico-Boeing-737-MAX.jpg\",\"width\":1200,\"height\":675,\"caption\":\"Aerom\u00e9xico\"},{\"@type\":\"BreadcrumbList\",\"@id\":\"https:\/\/nitu.mx\/index.php\/2024\/08\/26\/aeromexico-anuncia-ruta-directa-cancu-miami\/#breadcrumb\",\"itemListElement\":[{\"@type\":\"ListItem\",\"position\":1,\"name\":\"Inicio\",\"item\":\"https:\/\/nitu.mx\/\"},{\"@type\":\"ListItem\",\"position\":2,\"name\":\"Aerom\u00e9xico anuncia ruta directa Canc\u00fan-Miami\"}]},{\"@type\":\"WebSite\",\"@id\":\"https:\/\/nitu.mx\/#website\",\"url\":\"https:\/\/nitu.mx\/\",\"name\":\"Nitu - Noticias de la Industria Turistica\",\"description\":\"Noticias de la Industria Turistica\",\"publisher\":{\"@id\":\"https:\/\/nitu.mx\/#\/schema\/person\/ae7a53426417292d3dd07b45a33e01bc\"},\"alternateName\":\"Noticias de la Industria Turistica\",\"potentialAction\":[{\"@type\":\"SearchAction\",\"target\":{\"@type\":\"EntryPoint\",\"urlTemplate\":\"https:\/\/nitu.mx\/?s={search_term_string}\"},\"query-input\":\"required name=search_term_string\"}],\"inLanguage\":\"es-MX\"},{\"@type\":[\"Person\",\"Organization\"],\"@id\":\"https:\/\/nitu.mx\/#\/schema\/person\/ae7a53426417292d3dd07b45a33e01bc\",\"name\":\"Arturo Medina\",\"image\":{\"@type\":\"ImageObject\",\"inLanguage\":\"es-MX\",\"@id\":\"https:\/\/nitu.mx\/#\/schema\/person\/image\/\",\"url\":\"https:\/\/nitu.mx\/wp-content\/uploads\/2024\/04\/4A315622-1904-4D5C-B022-878CDC840E04-90x90-1.jpeg\",\"contentUrl\":\"https:\/\/nitu.mx\/wp-content\/uploads\/2024\/04\/4A315622-1904-4D5C-B022-878CDC840E04-90x90-1.jpeg\",\"width\":90,\"height\":90,\"caption\":\"Arturo Medina\"},\"logo\":{\"@id\":\"https:\/\/nitu.mx\/#\/schema\/person\/image\/\"},\"description\":\"Director NITU.mx, Egresado de la Escuela de Periodismo Carlos Septi\u00e9n Garc\u00eda. Periodista y analista especializado en turismo desde hace 35 a\u00f1os, radicado en Canc\u00fan Q.Roo. arturo@nitu.mx\",\"sameAs\":[\"https:\/\/nitu.mx\",\"https:\/\/www.facebook.com\/NITUmx\/\",\"medinacancun\",\"https:\/\/twitter.com\/@Arturo_Medina_G\"]},{\"@type\":\"Person\",\"@id\":\"https:\/\/nitu.mx\/#\/schema\/person\/4a28fe9bd65924f7c90623773daf1b0b\",\"name\":\"Redacci\u00f3n\",\"image\":{\"@type\":\"ImageObject\",\"inLanguage\":\"es-MX\",\"@id\":\"https:\/\/nitu.mx\/#\/schema\/person\/image\/\",\"url\":\"https:\/\/secure.gravatar.com\/avatar\/5dd011c8ccfc5cd7e4c81e42252aab38?s=96&d=mm&r=g\",\"contentUrl\":\"https:\/\/secure.gravatar.com\/avatar\/5dd011c8ccfc5cd7e4c81e42252aab38?s=96&d=mm&r=g\",\"caption\":\"Redacci\u00f3n\"},\"url\":\"https:\/\/nitu.mx\/index.php\/author\/redaccion\/\"}]}<\/script>\n<!-- \/ Yoast SEO plugin. -->","yoast_head_json":{"title":"Aerom\u00e9xico anuncia ruta directa Canc\u00fan-Miami - Nitu - Noticias de la Industria Turistica","robots":{"index":"index","follow":"follow","max-snippet":"max-snippet:-1","max-image-preview":"max-image-preview:large","max-video-preview":"max-video-preview:-1"},"canonical":"https:\/\/nitu.mx\/index.php\/2024\/08\/26\/aeromexico-anuncia-ruta-directa-cancu-miami\/","twitter_card":"summary_large_image","twitter_title":"Aerom\u00e9xico anuncia ruta directa Canc\u00fan-Miami - Nitu - Noticias de la Industria Turistica","twitter_description":"En alianza con Delta Air Lines, a partir del pr\u00f3ximo 19 de diciembre, Aerom\u00e9xico comenzar\u00e1 operaciones directas entre el Aeropuerto Internacional de Canc\u00fan (CUN) y el Aeropuerto Internacional de Miami (MIA). Este nuevo servicio complementar\u00e1 la oferta actual de Aerom\u00e9xico en Miami, donde ya ofrece cinco frecuencias diarias desde la Ciudad de M\u00e9xico, y ser\u00e1 [&hellip;]","twitter_image":"https:\/\/nitu.mx\/wp-content\/uploads\/2020\/12\/Aerom\u00e9xico-Boeing-737-MAX.jpg","twitter_creator":"@NITUmx","twitter_site":"@Arturo_Medina_G","twitter_misc":{"Escrito por":"Redacci\u00f3n","Tiempo de lectura":"2 minutos"},"schema":{"@context":"https:\/\/schema.org","@graph":[{"@type":"Article","@id":"https:\/\/nitu.mx\/index.php\/2024\/08\/26\/aeromexico-anuncia-ruta-directa-cancu-miami\/#article","isPartOf":{"@id":"https:\/\/nitu.mx\/index.php\/2024\/08\/26\/aeromexico-anuncia-ruta-directa-cancu-miami\/"},"author":{"name":"Redacci\u00f3n","@id":"https:\/\/nitu.mx\/#\/schema\/person\/4a28fe9bd65924f7c90623773daf1b0b"},"headline":"Aerom\u00e9xico anuncia ruta directa Canc\u00fan-Miami","datePublished":"2024-08-27T00:13:05+00:00","dateModified":"2024-08-27T05:36:53+00:00","mainEntityOfPage":{"@id":"https:\/\/nitu.mx\/index.php\/2024\/08\/26\/aeromexico-anuncia-ruta-directa-cancu-miami\/"},"wordCount":326,"commentCount":0,"publisher":{"@id":"https:\/\/nitu.mx\/#\/schema\/person\/ae7a53426417292d3dd07b45a33e01bc"},"image":{"@id":"https:\/\/nitu.mx\/index.php\/2024\/08\/26\/aeromexico-anuncia-ruta-directa-cancu-miami\/#primaryimage"},"thumbnailUrl":"https:\/\/nitu.mx\/wp-content\/uploads\/2020\/12\/Aerom\u00e9xico-Boeing-737-MAX.jpg","keywords":["Aerom\u00e9xico","Canc\u00fan","Miami"],"articleSection":["Aerol\u00edneas"],"inLanguage":"es-MX","potentialAction":[{"@type":"CommentAction","name":"Comment","target":["https:\/\/nitu.mx\/index.php\/2024\/08\/26\/aeromexico-anuncia-ruta-directa-cancu-miami\/#respond"]}]},{"@type":"WebPage","@id":"https:\/\/nitu.mx\/index.php\/2024\/08\/26\/aeromexico-anuncia-ruta-directa-cancu-miami\/","url":"https:\/\/nitu.mx\/index.php\/2024\/08\/26\/aeromexico-anuncia-ruta-directa-cancu-miami\/","name":"Aerom\u00e9xico anuncia ruta directa Canc\u00fan-Miami - Nitu - Noticias de la Industria Turistica","isPartOf":{"@id":"https:\/\/nitu.mx\/#website"},"primaryImageOfPage":{"@id":"https:\/\/nitu.mx\/index.php\/2024\/08\/26\/aeromexico-anuncia-ruta-directa-cancu-miami\/#primaryimage"},"image":{"@id":"https:\/\/nitu.mx\/index.php\/2024\/08\/26\/aeromexico-anuncia-ruta-directa-cancu-miami\/#primaryimage"},"thumbnailUrl":"https:\/\/nitu.mx\/wp-content\/uploads\/2020\/12\/Aerom\u00e9xico-Boeing-737-MAX.jpg","datePublished":"2024-08-27T00:13:05+00:00","dateModified":"2024-08-27T05:36:53+00:00","breadcrumb":{"@id":"https:\/\/nitu.mx\/index.php\/2024\/08\/26\/aeromexico-anuncia-ruta-directa-cancu-miami\/#breadcrumb"},"inLanguage":"es-MX","potentialAction":[{"@type":"ReadAction","target":["https:\/\/nitu.mx\/index.php\/2024\/08\/26\/aeromexico-anuncia-ruta-directa-cancu-miami\/"]}]},{"@type":"ImageObject","inLanguage":"es-MX","@id":"https:\/\/nitu.mx\/index.php\/2024\/08\/26\/aeromexico-anuncia-ruta-directa-cancu-miami\/#primaryimage","url":"https:\/\/nitu.mx\/wp-content\/uploads\/2020\/12\/Aerom\u00e9xico-Boeing-737-MAX.jpg","contentUrl":"https:\/\/nitu.mx\/wp-content\/uploads\/2020\/12\/Aerom\u00e9xico-Boeing-737-MAX.jpg","width":1200,"height":675,"caption":"Aerom\u00e9xico"},{"@type":"BreadcrumbList","@id":"https:\/\/nitu.mx\/index.php\/2024\/08\/26\/aeromexico-anuncia-ruta-directa-cancu-miami\/#breadcrumb","itemListElement":[{"@type":"ListItem","position":1,"name":"Inicio","item":"https:\/\/nitu.mx\/"},{"@type":"ListItem","position":2,"name":"Aerom\u00e9xico anuncia ruta directa Canc\u00fan-Miami"}]},{"@type":"WebSite","@id":"https:\/\/nitu.mx\/#website","url":"https:\/\/nitu.mx\/","name":"Nitu - Noticias de la Industria Turistica","description":"Noticias de la Industria Turistica","publisher":{"@id":"https:\/\/nitu.mx\/#\/schema\/person\/ae7a53426417292d3dd07b45a33e01bc"},"alternateName":"Noticias de la Industria Turistica","potentialAction":[{"@type":"SearchAction","target":{"@type":"EntryPoint","urlTemplate":"https:\/\/nitu.mx\/?s={search_term_string}"},"query-input":"required name=search_term_string"}],"inLanguage":"es-MX"},{"@type":["Person","Organization"],"@id":"https:\/\/nitu.mx\/#\/schema\/person\/ae7a53426417292d3dd07b45a33e01bc","name":"Arturo Medina","image":{"@type":"ImageObject","inLanguage":"es-MX","@id":"https:\/\/nitu.mx\/#\/schema\/person\/image\/","url":"https:\/\/nitu.mx\/wp-content\/uploads\/2024\/04\/4A315622-1904-4D5C-B022-878CDC840E04-90x90-1.jpeg","contentUrl":"https:\/\/nitu.mx\/wp-content\/uploads\/2024\/04\/4A315622-1904-4D5C-B022-878CDC840E04-90x90-1.jpeg","width":90,"height":90,"caption":"Arturo Medina"},"logo":{"@id":"https:\/\/nitu.mx\/#\/schema\/person\/image\/"},"description":"Director NITU.mx, Egresado de la Escuela de Periodismo Carlos Septi\u00e9n Garc\u00eda. Periodista y analista especializado en turismo desde hace 35 a\u00f1os, radicado en Canc\u00fan Q.Roo. arturo@nitu.mx","sameAs":["https:\/\/nitu.mx","https:\/\/www.facebook.com\/NITUmx\/","medinacancun","https:\/\/twitter.com\/@Arturo_Medina_G"]},{"@type":"Person","@id":"https:\/\/nitu.mx\/#\/schema\/person\/4a28fe9bd65924f7c90623773daf1b0b","name":"Redacci\u00f3n","image":{"@type":"ImageObject","inLanguage":"es-MX","@id":"https:\/\/nitu.mx\/#\/schema\/person\/image\/","url":"https:\/\/secure.gravatar.com\/avatar\/5dd011c8ccfc5cd7e4c81e42252aab38?s=96&d=mm&r=g","contentUrl":"https:\/\/secure.gravatar.com\/avatar\/5dd011c8ccfc5cd7e4c81e42252aab38?s=96&d=mm&r=g","caption":"Redacci\u00f3n"},"url":"https:\/\/nitu.mx\/index.php\/author\/redaccion\/"}]}},"views":1038,"_links":{"self":[{"href":"https:\/\/nitu.mx\/index.php\/wp-json\/wp\/v2\/posts\/74353"}],"collection":[{"href":"https:\/\/nitu.mx\/index.php\/wp-json\/wp\/v2\/posts"}],"about":[{"href":"https:\/\/nitu.mx\/index.php\/wp-json\/wp\/v2\/types\/post"}],"author":[{"embeddable":true,"href":"https:\/\/nitu.mx\/index.php\/wp-json\/wp\/v2\/users\/17"}],"replies":[{"embeddable":true,"href":"https:\/\/nitu.mx\/index.php\/wp-json\/wp\/v2\/comments?post=74353"}],"version-history":[{"count":2,"href":"https:\/\/nitu.mx\/index.php\/wp-json\/wp\/v2\/posts\/74353\/revisions"}],"predecessor-version":[{"id":74388,"href":"https:\/\/nitu.mx\/index.php\/wp-json\/wp\/v2\/posts\/74353\/revisions\/74388"}],"wp:featuredmedia":[{"embeddable":true,"href":"https:\/\/nitu.mx\/index.php\/wp-json\/wp\/v2\/media\/49134"}],"wp:attachment":[{"href":"https:\/\/nitu.mx\/index.php\/wp-json\/wp\/v2\/media?parent=74353"}],"wp:term":[{"taxonomy":"category","embeddable":true,"href":"https:\/\/nitu.mx\/index.php\/wp-json\/wp\/v2\/categories?post=74353"},{"taxonomy":"post_tag","embeddable":true,"href":"https:\/\/nitu.mx\/index.php\/wp-json\/wp\/v2\/tags?post=74353"}],"curies":[{"name":"wp","href":"https:\/\/api.w.org\/{rel}","templated":true}]}}