{"id":74332,"date":"2024-08-26T00:09:10","date_gmt":"2024-08-26T06:09:10","guid":{"rendered":"https:\/\/nitu.mx\/?p=74332"},"modified":"2024-08-26T00:09:10","modified_gmt":"2024-08-26T06:09:10","slug":"protesta-de-taxistas-bloquea-el-acceso-al-aeropuerto-de-cozumel","status":"publish","type":"post","link":"https:\/\/nitu.mx\/index.php\/2024\/08\/26\/protesta-de-taxistas-bloquea-el-acceso-al-aeropuerto-de-cozumel\/","title":{"rendered":"Protesta de taxistas bloquea el acceso al Aeropuerto de Cozumel"},"content":{"rendered":"<p>Un grupo de aproximadamente 150 taxistas del sindicato &#8220;Adolfo L\u00f3pez Mateos&#8221; ha bloqueado la entrada al aeropuerto de Cozumel en protesta contra la entrada de unidades de transporte con placas federales.<\/p>\n<p>Los manifestantes se concentraron en el cruce del bulevar Aeropuerto con la 65 avenida, colocando barreras y mantas para impedir el paso de estos veh\u00edculos, que ofrecen servicios desde el aeropuerto hacia los hoteles de la isla.<\/p>\n<p>El bloqueo, que se extendi\u00f3 hasta el Malec\u00f3n, ha provocado una significativa congesti\u00f3n vehicular, afectando tanto a turistas como a residentes.<\/p>\n<p>Los taxistas, liderados por Arturo Payan, secretario general del sindicato, han expresado su preocupaci\u00f3n por la competencia que representan estos veh\u00edculos, a los que acusan de operar de manera ilegal. Seg\u00fan Payan, han solicitado di\u00e1logo con las autoridades estatales y federales sin recibir respuesta, lo que ha llevado a esta manifestaci\u00f3n.<\/p>\n<p>En la protesta, los taxistas han portado mantas con mensajes dirigidos a las autoridades, reflejando su descontento y preocupaci\u00f3n por la posible p\u00e9rdida de sus fuentes de empleo. Elementos de la polic\u00eda municipal, estatal, la Guardia Nacional y la Marina han acudido al lugar para mantener el orden y evitar que la situaci\u00f3n se agrave.<\/p>\n<p>Los taxistas han reiterado su disposici\u00f3n para dialogar, pero exigen que se atiendan sus demandas y se regularice la operaci\u00f3n de los veh\u00edculos con placas federales. Esta protesta en Cozumel sigue a otra manifestaci\u00f3n pac\u00edfica realizada en Canc\u00fan por el sindicato de taxistas &#8220;Andr\u00e9s Quintana Roo&#8221; en rechazo a la operaci\u00f3n de servicios como Uber y DiDi. (<a href=\"https:\/\/nitu.mx\/index.php\/2024\/08\/19\/si-uber-tiene-los-permisos-bienvenida-la-comptencia-de-transporte-en-el-aeropuerto-amatur\/\">Si UBER tiene los permisos, bienvenida la competencia de transporte en el aeropuerto: AMATUR<\/a>).<\/p>\n","protected":false},"excerpt":{"rendered":"<p>Un grupo de aproximadamente 150 taxistas del sindicato &#8220;Adolfo L\u00f3pez Mateos&#8221; ha bloqueado la entrada al aeropuerto de Cozumel en protesta contra la entrada de unidades de transporte con placas federales. Los manifestantes se concentraron en el cruce del bulevar Aeropuerto con la 65 avenida, colocando barreras y mantas para impedir el paso de estos [&hellip;]<\/p>\n","protected":false},"author":3,"featured_media":74346,"comment_status":"open","ping_status":"open","sticky":false,"template":"","format":"standard","meta":{"footnotes":""},"categories":[19462,18475],"tags":[110,6828,713,288],"yoast_head":"<!-- This site is optimized with the Yoast SEO plugin v22.2 - https:\/\/yoast.com\/wordpress\/plugins\/seo\/ -->\n<title>Protesta de taxistas bloquea el acceso al Aeropuerto de Cozumel - Nitu - Noticias de la Industria Turistica<\/title>\n<meta name=\"robots\" content=\"index, follow, max-snippet:-1, max-image-preview:large, max-video-preview:-1\" \/>\n<link rel=\"canonical\" href=\"https:\/\/nitu.mx\/index.php\/2024\/08\/26\/protesta-de-taxistas-bloquea-el-acceso-al-aeropuerto-de-cozumel\/\" \/>\n<meta name=\"twitter:card\" content=\"summary_large_image\" \/>\n<meta name=\"twitter:title\" content=\"Protesta de taxistas bloquea el acceso al Aeropuerto de Cozumel - Nitu - Noticias de la Industria Turistica\" \/>\n<meta name=\"twitter:description\" content=\"Un grupo de aproximadamente 150 taxistas del sindicato &#8220;Adolfo L\u00f3pez Mateos&#8221; ha bloqueado la entrada al aeropuerto de Cozumel en protesta contra la entrada de unidades de transporte con placas federales. Los manifestantes se concentraron en el cruce del bulevar Aeropuerto con la 65 avenida, colocando barreras y mantas para impedir el paso de estos [&hellip;]\" \/>\n<meta name=\"twitter:image\" content=\"https:\/\/nitu.mx\/wp-content\/uploads\/2024\/08\/Protesta-taxistas-Cozumel.jpg\" \/>\n<meta name=\"twitter:creator\" content=\"@NITUmx\" \/>\n<meta name=\"twitter:site\" content=\"@Arturo_Medina_G\" \/>\n<meta name=\"twitter:label1\" content=\"Escrito por\" \/>\n\t<meta name=\"twitter:data1\" content=\"Alejandra Moncisbays\" \/>\n\t<meta name=\"twitter:label2\" content=\"Tiempo de lectura\" \/>\n\t<meta name=\"twitter:data2\" content=\"1 minuto\" \/>\n<script type=\"application\/ld+json\" class=\"yoast-schema-graph\">{\"@context\":\"https:\/\/schema.org\",\"@graph\":[{\"@type\":\"Article\",\"@id\":\"https:\/\/nitu.mx\/index.php\/2024\/08\/26\/protesta-de-taxistas-bloquea-el-acceso-al-aeropuerto-de-cozumel\/#article\",\"isPartOf\":{\"@id\":\"https:\/\/nitu.mx\/index.php\/2024\/08\/26\/protesta-de-taxistas-bloquea-el-acceso-al-aeropuerto-de-cozumel\/\"},\"author\":{\"name\":\"Alejandra Moncisbays\",\"@id\":\"https:\/\/nitu.mx\/#\/schema\/person\/2ecd887b19dfd3382d1f14fc5acf24a8\"},\"headline\":\"Protesta de taxistas bloquea el acceso al Aeropuerto de Cozumel\",\"datePublished\":\"2024-08-26T06:09:10+00:00\",\"dateModified\":\"2024-08-26T06:09:10+00:00\",\"mainEntityOfPage\":{\"@id\":\"https:\/\/nitu.mx\/index.php\/2024\/08\/26\/protesta-de-taxistas-bloquea-el-acceso-al-aeropuerto-de-cozumel\/\"},\"wordCount\":295,\"commentCount\":0,\"publisher\":{\"@id\":\"https:\/\/nitu.mx\/#\/schema\/person\/ae7a53426417292d3dd07b45a33e01bc\"},\"image\":{\"@id\":\"https:\/\/nitu.mx\/index.php\/2024\/08\/26\/protesta-de-taxistas-bloquea-el-acceso-al-aeropuerto-de-cozumel\/#primaryimage\"},\"thumbnailUrl\":\"https:\/\/nitu.mx\/wp-content\/uploads\/2024\/08\/Protesta-taxistas-Cozumel.jpg\",\"keywords\":[\"Cozumel\",\"Protesta\",\"taxistas\",\"Uber\"],\"articleSection\":[\"Aeropuertos\",\"Caribe Mexicano\"],\"inLanguage\":\"es-MX\",\"potentialAction\":[{\"@type\":\"CommentAction\",\"name\":\"Comment\",\"target\":[\"https:\/\/nitu.mx\/index.php\/2024\/08\/26\/protesta-de-taxistas-bloquea-el-acceso-al-aeropuerto-de-cozumel\/#respond\"]}]},{\"@type\":\"WebPage\",\"@id\":\"https:\/\/nitu.mx\/index.php\/2024\/08\/26\/protesta-de-taxistas-bloquea-el-acceso-al-aeropuerto-de-cozumel\/\",\"url\":\"https:\/\/nitu.mx\/index.php\/2024\/08\/26\/protesta-de-taxistas-bloquea-el-acceso-al-aeropuerto-de-cozumel\/\",\"name\":\"Protesta de taxistas bloquea el acceso al Aeropuerto de Cozumel - Nitu - Noticias de la Industria Turistica\",\"isPartOf\":{\"@id\":\"https:\/\/nitu.mx\/#website\"},\"primaryImageOfPage\":{\"@id\":\"https:\/\/nitu.mx\/index.php\/2024\/08\/26\/protesta-de-taxistas-bloquea-el-acceso-al-aeropuerto-de-cozumel\/#primaryimage\"},\"image\":{\"@id\":\"https:\/\/nitu.mx\/index.php\/2024\/08\/26\/protesta-de-taxistas-bloquea-el-acceso-al-aeropuerto-de-cozumel\/#primaryimage\"},\"thumbnailUrl\":\"https:\/\/nitu.mx\/wp-content\/uploads\/2024\/08\/Protesta-taxistas-Cozumel.jpg\",\"datePublished\":\"2024-08-26T06:09:10+00:00\",\"dateModified\":\"2024-08-26T06:09:10+00:00\",\"breadcrumb\":{\"@id\":\"https:\/\/nitu.mx\/index.php\/2024\/08\/26\/protesta-de-taxistas-bloquea-el-acceso-al-aeropuerto-de-cozumel\/#breadcrumb\"},\"inLanguage\":\"es-MX\",\"potentialAction\":[{\"@type\":\"ReadAction\",\"target\":[\"https:\/\/nitu.mx\/index.php\/2024\/08\/26\/protesta-de-taxistas-bloquea-el-acceso-al-aeropuerto-de-cozumel\/\"]}]},{\"@type\":\"ImageObject\",\"inLanguage\":\"es-MX\",\"@id\":\"https:\/\/nitu.mx\/index.php\/2024\/08\/26\/protesta-de-taxistas-bloquea-el-acceso-al-aeropuerto-de-cozumel\/#primaryimage\",\"url\":\"https:\/\/nitu.mx\/wp-content\/uploads\/2024\/08\/Protesta-taxistas-Cozumel.jpg\",\"contentUrl\":\"https:\/\/nitu.mx\/wp-content\/uploads\/2024\/08\/Protesta-taxistas-Cozumel.jpg\",\"width\":1200,\"height\":675,\"caption\":\"Protesta taxistas Cozumel\"},{\"@type\":\"BreadcrumbList\",\"@id\":\"https:\/\/nitu.mx\/index.php\/2024\/08\/26\/protesta-de-taxistas-bloquea-el-acceso-al-aeropuerto-de-cozumel\/#breadcrumb\",\"itemListElement\":[{\"@type\":\"ListItem\",\"position\":1,\"name\":\"Inicio\",\"item\":\"https:\/\/nitu.mx\/\"},{\"@type\":\"ListItem\",\"position\":2,\"name\":\"Protesta de taxistas bloquea el acceso al Aeropuerto de Cozumel\"}]},{\"@type\":\"WebSite\",\"@id\":\"https:\/\/nitu.mx\/#website\",\"url\":\"https:\/\/nitu.mx\/\",\"name\":\"Nitu - Noticias de la Industria Turistica\",\"description\":\"Noticias de la Industria Turistica\",\"publisher\":{\"@id\":\"https:\/\/nitu.mx\/#\/schema\/person\/ae7a53426417292d3dd07b45a33e01bc\"},\"alternateName\":\"Noticias de la Industria Turistica\",\"potentialAction\":[{\"@type\":\"SearchAction\",\"target\":{\"@type\":\"EntryPoint\",\"urlTemplate\":\"https:\/\/nitu.mx\/?s={search_term_string}\"},\"query-input\":\"required name=search_term_string\"}],\"inLanguage\":\"es-MX\"},{\"@type\":[\"Person\",\"Organization\"],\"@id\":\"https:\/\/nitu.mx\/#\/schema\/person\/ae7a53426417292d3dd07b45a33e01bc\",\"name\":\"Arturo Medina\",\"image\":{\"@type\":\"ImageObject\",\"inLanguage\":\"es-MX\",\"@id\":\"https:\/\/nitu.mx\/#\/schema\/person\/image\/\",\"url\":\"https:\/\/nitu.mx\/wp-content\/uploads\/2024\/04\/4A315622-1904-4D5C-B022-878CDC840E04-90x90-1.jpeg\",\"contentUrl\":\"https:\/\/nitu.mx\/wp-content\/uploads\/2024\/04\/4A315622-1904-4D5C-B022-878CDC840E04-90x90-1.jpeg\",\"width\":90,\"height\":90,\"caption\":\"Arturo Medina\"},\"logo\":{\"@id\":\"https:\/\/nitu.mx\/#\/schema\/person\/image\/\"},\"description\":\"Director NITU.mx, Egresado de la Escuela de Periodismo Carlos Septi\u00e9n Garc\u00eda. Periodista y analista especializado en turismo desde hace 35 a\u00f1os, radicado en Canc\u00fan Q.Roo. arturo@nitu.mx\",\"sameAs\":[\"https:\/\/nitu.mx\",\"https:\/\/www.facebook.com\/NITUmx\/\",\"medinacancun\",\"https:\/\/twitter.com\/@Arturo_Medina_G\"]},{\"@type\":\"Person\",\"@id\":\"https:\/\/nitu.mx\/#\/schema\/person\/2ecd887b19dfd3382d1f14fc5acf24a8\",\"name\":\"Alejandra Moncisbays\",\"image\":{\"@type\":\"ImageObject\",\"inLanguage\":\"es-MX\",\"@id\":\"https:\/\/nitu.mx\/#\/schema\/person\/image\/\",\"url\":\"https:\/\/secure.gravatar.com\/avatar\/e74f7af0be172b7804dacfd0bfbef787?s=96&d=mm&r=g\",\"contentUrl\":\"https:\/\/secure.gravatar.com\/avatar\/e74f7af0be172b7804dacfd0bfbef787?s=96&d=mm&r=g\",\"caption\":\"Alejandra Moncisbays\"},\"description\":\"Curs\u00e9 la carrera de Periodismo y Comunicaci\u00f3n en la Facultad de Estudios Profesionales Acatl\u00e1n. Vivo en Canc\u00fan desde hace 24 a\u00f1os. Fui reportera de La Tarde de Canc\u00fan, y Novedades de Quintana Roo, colabor\u00e9 en TVCUN, edit\u00e9 Cancun\u00edssimo y colabor\u00e9 en las revistas Latitud21, entre otras, con principal enfoque en los sectores empresarial y tur\u00edstico. Desde hace varios a\u00f1os soy Agente de Seguros con c\u00e9dula de la Comisi\u00f3n Nacional de Seguros y Fianzas. Actualmente, me desarrollo en los \u00e1mbitos del periodismo y el sector asegurador.\",\"sameAs\":[\"https:\/\/nitu.mx\"],\"url\":\"https:\/\/nitu.mx\/index.php\/author\/alejandra\/\"}]}<\/script>\n<!-- \/ Yoast SEO plugin. -->","yoast_head_json":{"title":"Protesta de taxistas bloquea el acceso al Aeropuerto de Cozumel - Nitu - Noticias de la Industria Turistica","robots":{"index":"index","follow":"follow","max-snippet":"max-snippet:-1","max-image-preview":"max-image-preview:large","max-video-preview":"max-video-preview:-1"},"canonical":"https:\/\/nitu.mx\/index.php\/2024\/08\/26\/protesta-de-taxistas-bloquea-el-acceso-al-aeropuerto-de-cozumel\/","twitter_card":"summary_large_image","twitter_title":"Protesta de taxistas bloquea el acceso al Aeropuerto de Cozumel - Nitu - Noticias de la Industria Turistica","twitter_description":"Un grupo de aproximadamente 150 taxistas del sindicato &#8220;Adolfo L\u00f3pez Mateos&#8221; ha bloqueado la entrada al aeropuerto de Cozumel en protesta contra la entrada de unidades de transporte con placas federales. Los manifestantes se concentraron en el cruce del bulevar Aeropuerto con la 65 avenida, colocando barreras y mantas para impedir el paso de estos [&hellip;]","twitter_image":"https:\/\/nitu.mx\/wp-content\/uploads\/2024\/08\/Protesta-taxistas-Cozumel.jpg","twitter_creator":"@NITUmx","twitter_site":"@Arturo_Medina_G","twitter_misc":{"Escrito por":"Alejandra Moncisbays","Tiempo de lectura":"1 minuto"},"schema":{"@context":"https:\/\/schema.org","@graph":[{"@type":"Article","@id":"https:\/\/nitu.mx\/index.php\/2024\/08\/26\/protesta-de-taxistas-bloquea-el-acceso-al-aeropuerto-de-cozumel\/#article","isPartOf":{"@id":"https:\/\/nitu.mx\/index.php\/2024\/08\/26\/protesta-de-taxistas-bloquea-el-acceso-al-aeropuerto-de-cozumel\/"},"author":{"name":"Alejandra Moncisbays","@id":"https:\/\/nitu.mx\/#\/schema\/person\/2ecd887b19dfd3382d1f14fc5acf24a8"},"headline":"Protesta de taxistas bloquea el acceso al Aeropuerto de Cozumel","datePublished":"2024-08-26T06:09:10+00:00","dateModified":"2024-08-26T06:09:10+00:00","mainEntityOfPage":{"@id":"https:\/\/nitu.mx\/index.php\/2024\/08\/26\/protesta-de-taxistas-bloquea-el-acceso-al-aeropuerto-de-cozumel\/"},"wordCount":295,"commentCount":0,"publisher":{"@id":"https:\/\/nitu.mx\/#\/schema\/person\/ae7a53426417292d3dd07b45a33e01bc"},"image":{"@id":"https:\/\/nitu.mx\/index.php\/2024\/08\/26\/protesta-de-taxistas-bloquea-el-acceso-al-aeropuerto-de-cozumel\/#primaryimage"},"thumbnailUrl":"https:\/\/nitu.mx\/wp-content\/uploads\/2024\/08\/Protesta-taxistas-Cozumel.jpg","keywords":["Cozumel","Protesta","taxistas","Uber"],"articleSection":["Aeropuertos","Caribe Mexicano"],"inLanguage":"es-MX","potentialAction":[{"@type":"CommentAction","name":"Comment","target":["https:\/\/nitu.mx\/index.php\/2024\/08\/26\/protesta-de-taxistas-bloquea-el-acceso-al-aeropuerto-de-cozumel\/#respond"]}]},{"@type":"WebPage","@id":"https:\/\/nitu.mx\/index.php\/2024\/08\/26\/protesta-de-taxistas-bloquea-el-acceso-al-aeropuerto-de-cozumel\/","url":"https:\/\/nitu.mx\/index.php\/2024\/08\/26\/protesta-de-taxistas-bloquea-el-acceso-al-aeropuerto-de-cozumel\/","name":"Protesta de taxistas bloquea el acceso al Aeropuerto de Cozumel - Nitu - Noticias de la Industria Turistica","isPartOf":{"@id":"https:\/\/nitu.mx\/#website"},"primaryImageOfPage":{"@id":"https:\/\/nitu.mx\/index.php\/2024\/08\/26\/protesta-de-taxistas-bloquea-el-acceso-al-aeropuerto-de-cozumel\/#primaryimage"},"image":{"@id":"https:\/\/nitu.mx\/index.php\/2024\/08\/26\/protesta-de-taxistas-bloquea-el-acceso-al-aeropuerto-de-cozumel\/#primaryimage"},"thumbnailUrl":"https:\/\/nitu.mx\/wp-content\/uploads\/2024\/08\/Protesta-taxistas-Cozumel.jpg","datePublished":"2024-08-26T06:09:10+00:00","dateModified":"2024-08-26T06:09:10+00:00","breadcrumb":{"@id":"https:\/\/nitu.mx\/index.php\/2024\/08\/26\/protesta-de-taxistas-bloquea-el-acceso-al-aeropuerto-de-cozumel\/#breadcrumb"},"inLanguage":"es-MX","potentialAction":[{"@type":"ReadAction","target":["https:\/\/nitu.mx\/index.php\/2024\/08\/26\/protesta-de-taxistas-bloquea-el-acceso-al-aeropuerto-de-cozumel\/"]}]},{"@type":"ImageObject","inLanguage":"es-MX","@id":"https:\/\/nitu.mx\/index.php\/2024\/08\/26\/protesta-de-taxistas-bloquea-el-acceso-al-aeropuerto-de-cozumel\/#primaryimage","url":"https:\/\/nitu.mx\/wp-content\/uploads\/2024\/08\/Protesta-taxistas-Cozumel.jpg","contentUrl":"https:\/\/nitu.mx\/wp-content\/uploads\/2024\/08\/Protesta-taxistas-Cozumel.jpg","width":1200,"height":675,"caption":"Protesta taxistas Cozumel"},{"@type":"BreadcrumbList","@id":"https:\/\/nitu.mx\/index.php\/2024\/08\/26\/protesta-de-taxistas-bloquea-el-acceso-al-aeropuerto-de-cozumel\/#breadcrumb","itemListElement":[{"@type":"ListItem","position":1,"name":"Inicio","item":"https:\/\/nitu.mx\/"},{"@type":"ListItem","position":2,"name":"Protesta de taxistas bloquea el acceso al Aeropuerto de Cozumel"}]},{"@type":"WebSite","@id":"https:\/\/nitu.mx\/#website","url":"https:\/\/nitu.mx\/","name":"Nitu - Noticias de la Industria Turistica","description":"Noticias de la Industria Turistica","publisher":{"@id":"https:\/\/nitu.mx\/#\/schema\/person\/ae7a53426417292d3dd07b45a33e01bc"},"alternateName":"Noticias de la Industria Turistica","potentialAction":[{"@type":"SearchAction","target":{"@type":"EntryPoint","urlTemplate":"https:\/\/nitu.mx\/?s={search_term_string}"},"query-input":"required name=search_term_string"}],"inLanguage":"es-MX"},{"@type":["Person","Organization"],"@id":"https:\/\/nitu.mx\/#\/schema\/person\/ae7a53426417292d3dd07b45a33e01bc","name":"Arturo Medina","image":{"@type":"ImageObject","inLanguage":"es-MX","@id":"https:\/\/nitu.mx\/#\/schema\/person\/image\/","url":"https:\/\/nitu.mx\/wp-content\/uploads\/2024\/04\/4A315622-1904-4D5C-B022-878CDC840E04-90x90-1.jpeg","contentUrl":"https:\/\/nitu.mx\/wp-content\/uploads\/2024\/04\/4A315622-1904-4D5C-B022-878CDC840E04-90x90-1.jpeg","width":90,"height":90,"caption":"Arturo Medina"},"logo":{"@id":"https:\/\/nitu.mx\/#\/schema\/person\/image\/"},"description":"Director NITU.mx, Egresado de la Escuela de Periodismo Carlos Septi\u00e9n Garc\u00eda. Periodista y analista especializado en turismo desde hace 35 a\u00f1os, radicado en Canc\u00fan Q.Roo. arturo@nitu.mx","sameAs":["https:\/\/nitu.mx","https:\/\/www.facebook.com\/NITUmx\/","medinacancun","https:\/\/twitter.com\/@Arturo_Medina_G"]},{"@type":"Person","@id":"https:\/\/nitu.mx\/#\/schema\/person\/2ecd887b19dfd3382d1f14fc5acf24a8","name":"Alejandra Moncisbays","image":{"@type":"ImageObject","inLanguage":"es-MX","@id":"https:\/\/nitu.mx\/#\/schema\/person\/image\/","url":"https:\/\/secure.gravatar.com\/avatar\/e74f7af0be172b7804dacfd0bfbef787?s=96&d=mm&r=g","contentUrl":"https:\/\/secure.gravatar.com\/avatar\/e74f7af0be172b7804dacfd0bfbef787?s=96&d=mm&r=g","caption":"Alejandra Moncisbays"},"description":"Curs\u00e9 la carrera de Periodismo y Comunicaci\u00f3n en la Facultad de Estudios Profesionales Acatl\u00e1n. Vivo en Canc\u00fan desde hace 24 a\u00f1os. Fui reportera de La Tarde de Canc\u00fan, y Novedades de Quintana Roo, colabor\u00e9 en TVCUN, edit\u00e9 Cancun\u00edssimo y colabor\u00e9 en las revistas Latitud21, entre otras, con principal enfoque en los sectores empresarial y tur\u00edstico. Desde hace varios a\u00f1os soy Agente de Seguros con c\u00e9dula de la Comisi\u00f3n Nacional de Seguros y Fianzas. Actualmente, me desarrollo en los \u00e1mbitos del periodismo y el sector asegurador.","sameAs":["https:\/\/nitu.mx"],"url":"https:\/\/nitu.mx\/index.php\/author\/alejandra\/"}]}},"views":777,"_links":{"self":[{"href":"https:\/\/nitu.mx\/index.php\/wp-json\/wp\/v2\/posts\/74332"}],"collection":[{"href":"https:\/\/nitu.mx\/index.php\/wp-json\/wp\/v2\/posts"}],"about":[{"href":"https:\/\/nitu.mx\/index.php\/wp-json\/wp\/v2\/types\/post"}],"author":[{"embeddable":true,"href":"https:\/\/nitu.mx\/index.php\/wp-json\/wp\/v2\/users\/3"}],"replies":[{"embeddable":true,"href":"https:\/\/nitu.mx\/index.php\/wp-json\/wp\/v2\/comments?post=74332"}],"version-history":[{"count":2,"href":"https:\/\/nitu.mx\/index.php\/wp-json\/wp\/v2\/posts\/74332\/revisions"}],"predecessor-version":[{"id":74347,"href":"https:\/\/nitu.mx\/index.php\/wp-json\/wp\/v2\/posts\/74332\/revisions\/74347"}],"wp:featuredmedia":[{"embeddable":true,"href":"https:\/\/nitu.mx\/index.php\/wp-json\/wp\/v2\/media\/74346"}],"wp:attachment":[{"href":"https:\/\/nitu.mx\/index.php\/wp-json\/wp\/v2\/media?parent=74332"}],"wp:term":[{"taxonomy":"category","embeddable":true,"href":"https:\/\/nitu.mx\/index.php\/wp-json\/wp\/v2\/categories?post=74332"},{"taxonomy":"post_tag","embeddable":true,"href":"https:\/\/nitu.mx\/index.php\/wp-json\/wp\/v2\/tags?post=74332"}],"curies":[{"name":"wp","href":"https:\/\/api.w.org\/{rel}","templated":true}]}}