{"id":74193,"date":"2024-08-21T05:16:49","date_gmt":"2024-08-21T11:16:49","guid":{"rendered":"https:\/\/nitu.mx\/?p=74193"},"modified":"2024-08-21T05:16:51","modified_gmt":"2024-08-21T11:16:51","slug":"fundacion-brisas-reafirma-su-compromiso-con-la-educacion-con-apoyos-escolares","status":"publish","type":"post","link":"https:\/\/nitu.mx\/index.php\/2024\/08\/21\/fundacion-brisas-reafirma-su-compromiso-con-la-educacion-con-apoyos-escolares\/","title":{"rendered":"Fundaci\u00f3n Brisas reafirma su compromiso con la educaci\u00f3n con apoyos escolares"},"content":{"rendered":"<p>Como parte de su compromiso por fomentar la educaci\u00f3n y la sana convivencia familiar, Fundaci\u00f3n Brisas A.C. entreg\u00f3 m\u00e1s de 200 mochilas con \u00fatiles escolares a hijos de colaboradores del NIZUC Resort &amp; Spa.<\/p>\n<p>En este regreso a clases, la fundaci\u00f3n de Grupo Brisas, corporativo tur\u00edstico con presencia en las principales ciudades y destinos de playa del pa\u00eds con sus marcas NIZUC Resort &amp; Spa, Galer\u00eda Plaza y Las Brisas, apoy\u00f3 como cada a\u00f1o a sus colaboradores de su exclusivo resort ubicado en el Caribe Mexicano.<\/p>\n<p>Para esta ocasi\u00f3n especial, el resort convoc\u00f3 a su personal y a sus familias en el Circo Forever para disfrutar de una funci\u00f3n en exclusiva con lo mejor de su espect\u00e1culo que incluy\u00f3 payasos, acr\u00f3batas y princesas, mientras los presentes de todas las edades disfrutaban de refrescos y palomitas.<\/p>\n<p>El Comit\u00e9 Ejecutivo y Operativo del NIZUC Resort &amp; Spa  se encarg\u00f3 de entregar, en el trascurso de la funci\u00f3n, los apoyos escolares a los hijos de los colaboradores que cursan diferentes niveles educativos, como preescolar, primaria y secundaria.<\/p>\n<p>El Director General del resort, Alfonso Mart\u00ednez destac\u00f3 que el evento cumpli\u00f3 con \u00e9xito su objetivo al reunir a m\u00e1s de 250 personas, entre familiares, amigos e hijos de sus colaboradores, quienes pasaron un rato de esparcimiento y recibieron en agradecimiento a su excelente labor este apoyo educativo que consisti\u00f3 en 22 mochilas para ni\u00f1os de preescolar, 144 mochilas para estudiantes de primaria y 48 de nivel secundaria.<\/p>\n","protected":false},"excerpt":{"rendered":"<p>Como parte de su compromiso por fomentar la educaci\u00f3n y la sana convivencia familiar, Fundaci\u00f3n Brisas A.C. entreg\u00f3 m\u00e1s de 200 mochilas con \u00fatiles escolares a hijos de colaboradores del NIZUC Resort &amp; Spa. En este regreso a clases, la fundaci\u00f3n de Grupo Brisas, corporativo tur\u00edstico con presencia en las principales ciudades y destinos de [&hellip;]<\/p>\n","protected":false},"author":3,"featured_media":74195,"comment_status":"open","ping_status":"open","sticky":false,"template":"","format":"standard","meta":{"footnotes":""},"categories":[21403],"tags":[43,25913,25914],"yoast_head":"<!-- This site is optimized with the Yoast SEO plugin v22.2 - https:\/\/yoast.com\/wordpress\/plugins\/seo\/ -->\n<title>Fundaci\u00f3n Brisas reafirma su compromiso con la educaci\u00f3n con apoyos escolares - Nitu - Noticias de la Industria Turistica<\/title>\n<meta name=\"robots\" content=\"index, follow, max-snippet:-1, max-image-preview:large, max-video-preview:-1\" \/>\n<link rel=\"canonical\" href=\"https:\/\/nitu.mx\/index.php\/2024\/08\/21\/fundacion-brisas-reafirma-su-compromiso-con-la-educacion-con-apoyos-escolares\/\" \/>\n<meta name=\"twitter:card\" content=\"summary_large_image\" \/>\n<meta name=\"twitter:title\" content=\"Fundaci\u00f3n Brisas reafirma su compromiso con la educaci\u00f3n con apoyos escolares - Nitu - Noticias de la Industria Turistica\" \/>\n<meta name=\"twitter:description\" content=\"Como parte de su compromiso por fomentar la educaci\u00f3n y la sana convivencia familiar, Fundaci\u00f3n Brisas A.C. entreg\u00f3 m\u00e1s de 200 mochilas con \u00fatiles escolares a hijos de colaboradores del NIZUC Resort &amp; Spa. En este regreso a clases, la fundaci\u00f3n de Grupo Brisas, corporativo tur\u00edstico con presencia en las principales ciudades y destinos de [&hellip;]\" \/>\n<meta name=\"twitter:image\" content=\"https:\/\/nitu.mx\/wp-content\/uploads\/2024\/08\/FUNDACIONBRISASMOCHILAS.jpeg\" \/>\n<meta name=\"twitter:creator\" content=\"@NITUmx\" \/>\n<meta name=\"twitter:site\" content=\"@Arturo_Medina_G\" \/>\n<meta name=\"twitter:label1\" content=\"Escrito por\" \/>\n\t<meta name=\"twitter:data1\" content=\"Alejandra Moncisbays\" \/>\n\t<meta name=\"twitter:label2\" content=\"Tiempo de lectura\" \/>\n\t<meta name=\"twitter:data2\" content=\"1 minuto\" \/>\n<script type=\"application\/ld+json\" class=\"yoast-schema-graph\">{\"@context\":\"https:\/\/schema.org\",\"@graph\":[{\"@type\":\"Article\",\"@id\":\"https:\/\/nitu.mx\/index.php\/2024\/08\/21\/fundacion-brisas-reafirma-su-compromiso-con-la-educacion-con-apoyos-escolares\/#article\",\"isPartOf\":{\"@id\":\"https:\/\/nitu.mx\/index.php\/2024\/08\/21\/fundacion-brisas-reafirma-su-compromiso-con-la-educacion-con-apoyos-escolares\/\"},\"author\":{\"name\":\"Alejandra Moncisbays\",\"@id\":\"https:\/\/nitu.mx\/#\/schema\/person\/2ecd887b19dfd3382d1f14fc5acf24a8\"},\"headline\":\"Fundaci\u00f3n Brisas reafirma su compromiso con la educaci\u00f3n con apoyos escolares\",\"datePublished\":\"2024-08-21T11:16:49+00:00\",\"dateModified\":\"2024-08-21T11:16:51+00:00\",\"mainEntityOfPage\":{\"@id\":\"https:\/\/nitu.mx\/index.php\/2024\/08\/21\/fundacion-brisas-reafirma-su-compromiso-con-la-educacion-con-apoyos-escolares\/\"},\"wordCount\":267,\"commentCount\":0,\"publisher\":{\"@id\":\"https:\/\/nitu.mx\/#\/schema\/person\/ae7a53426417292d3dd07b45a33e01bc\"},\"image\":{\"@id\":\"https:\/\/nitu.mx\/index.php\/2024\/08\/21\/fundacion-brisas-reafirma-su-compromiso-con-la-educacion-con-apoyos-escolares\/#primaryimage\"},\"thumbnailUrl\":\"https:\/\/nitu.mx\/wp-content\/uploads\/2024\/08\/FUNDACIONBRISASMOCHILAS.jpeg\",\"keywords\":[\"Canc\u00fan\",\"Fundaci\u00f3n Brisas\",\"Hotel Nizuc Resort &amp; Spa\"],\"articleSection\":[\"Canc\u00fan\"],\"inLanguage\":\"es-MX\",\"potentialAction\":[{\"@type\":\"CommentAction\",\"name\":\"Comment\",\"target\":[\"https:\/\/nitu.mx\/index.php\/2024\/08\/21\/fundacion-brisas-reafirma-su-compromiso-con-la-educacion-con-apoyos-escolares\/#respond\"]}]},{\"@type\":\"WebPage\",\"@id\":\"https:\/\/nitu.mx\/index.php\/2024\/08\/21\/fundacion-brisas-reafirma-su-compromiso-con-la-educacion-con-apoyos-escolares\/\",\"url\":\"https:\/\/nitu.mx\/index.php\/2024\/08\/21\/fundacion-brisas-reafirma-su-compromiso-con-la-educacion-con-apoyos-escolares\/\",\"name\":\"Fundaci\u00f3n Brisas reafirma su compromiso con la educaci\u00f3n con apoyos escolares - Nitu - Noticias de la Industria Turistica\",\"isPartOf\":{\"@id\":\"https:\/\/nitu.mx\/#website\"},\"primaryImageOfPage\":{\"@id\":\"https:\/\/nitu.mx\/index.php\/2024\/08\/21\/fundacion-brisas-reafirma-su-compromiso-con-la-educacion-con-apoyos-escolares\/#primaryimage\"},\"image\":{\"@id\":\"https:\/\/nitu.mx\/index.php\/2024\/08\/21\/fundacion-brisas-reafirma-su-compromiso-con-la-educacion-con-apoyos-escolares\/#primaryimage\"},\"thumbnailUrl\":\"https:\/\/nitu.mx\/wp-content\/uploads\/2024\/08\/FUNDACIONBRISASMOCHILAS.jpeg\",\"datePublished\":\"2024-08-21T11:16:49+00:00\",\"dateModified\":\"2024-08-21T11:16:51+00:00\",\"breadcrumb\":{\"@id\":\"https:\/\/nitu.mx\/index.php\/2024\/08\/21\/fundacion-brisas-reafirma-su-compromiso-con-la-educacion-con-apoyos-escolares\/#breadcrumb\"},\"inLanguage\":\"es-MX\",\"potentialAction\":[{\"@type\":\"ReadAction\",\"target\":[\"https:\/\/nitu.mx\/index.php\/2024\/08\/21\/fundacion-brisas-reafirma-su-compromiso-con-la-educacion-con-apoyos-escolares\/\"]}]},{\"@type\":\"ImageObject\",\"inLanguage\":\"es-MX\",\"@id\":\"https:\/\/nitu.mx\/index.php\/2024\/08\/21\/fundacion-brisas-reafirma-su-compromiso-con-la-educacion-con-apoyos-escolares\/#primaryimage\",\"url\":\"https:\/\/nitu.mx\/wp-content\/uploads\/2024\/08\/FUNDACIONBRISASMOCHILAS.jpeg\",\"contentUrl\":\"https:\/\/nitu.mx\/wp-content\/uploads\/2024\/08\/FUNDACIONBRISASMOCHILAS.jpeg\",\"width\":1600,\"height\":1055},{\"@type\":\"BreadcrumbList\",\"@id\":\"https:\/\/nitu.mx\/index.php\/2024\/08\/21\/fundacion-brisas-reafirma-su-compromiso-con-la-educacion-con-apoyos-escolares\/#breadcrumb\",\"itemListElement\":[{\"@type\":\"ListItem\",\"position\":1,\"name\":\"Inicio\",\"item\":\"https:\/\/nitu.mx\/\"},{\"@type\":\"ListItem\",\"position\":2,\"name\":\"Fundaci\u00f3n Brisas reafirma su compromiso con la educaci\u00f3n con apoyos escolares\"}]},{\"@type\":\"WebSite\",\"@id\":\"https:\/\/nitu.mx\/#website\",\"url\":\"https:\/\/nitu.mx\/\",\"name\":\"Nitu - Noticias de la Industria Turistica\",\"description\":\"Noticias de la Industria Turistica\",\"publisher\":{\"@id\":\"https:\/\/nitu.mx\/#\/schema\/person\/ae7a53426417292d3dd07b45a33e01bc\"},\"alternateName\":\"Noticias de la Industria Turistica\",\"potentialAction\":[{\"@type\":\"SearchAction\",\"target\":{\"@type\":\"EntryPoint\",\"urlTemplate\":\"https:\/\/nitu.mx\/?s={search_term_string}\"},\"query-input\":\"required name=search_term_string\"}],\"inLanguage\":\"es-MX\"},{\"@type\":[\"Person\",\"Organization\"],\"@id\":\"https:\/\/nitu.mx\/#\/schema\/person\/ae7a53426417292d3dd07b45a33e01bc\",\"name\":\"Arturo Medina\",\"image\":{\"@type\":\"ImageObject\",\"inLanguage\":\"es-MX\",\"@id\":\"https:\/\/nitu.mx\/#\/schema\/person\/image\/\",\"url\":\"https:\/\/nitu.mx\/wp-content\/uploads\/2024\/04\/4A315622-1904-4D5C-B022-878CDC840E04-90x90-1.jpeg\",\"contentUrl\":\"https:\/\/nitu.mx\/wp-content\/uploads\/2024\/04\/4A315622-1904-4D5C-B022-878CDC840E04-90x90-1.jpeg\",\"width\":90,\"height\":90,\"caption\":\"Arturo Medina\"},\"logo\":{\"@id\":\"https:\/\/nitu.mx\/#\/schema\/person\/image\/\"},\"description\":\"Director NITU.mx, Egresado de la Escuela de Periodismo Carlos Septi\u00e9n Garc\u00eda. Periodista y analista especializado en turismo desde hace 35 a\u00f1os, radicado en Canc\u00fan Q.Roo. arturo@nitu.mx\",\"sameAs\":[\"https:\/\/nitu.mx\",\"https:\/\/www.facebook.com\/NITUmx\/\",\"medinacancun\",\"https:\/\/twitter.com\/@Arturo_Medina_G\"]},{\"@type\":\"Person\",\"@id\":\"https:\/\/nitu.mx\/#\/schema\/person\/2ecd887b19dfd3382d1f14fc5acf24a8\",\"name\":\"Alejandra Moncisbays\",\"image\":{\"@type\":\"ImageObject\",\"inLanguage\":\"es-MX\",\"@id\":\"https:\/\/nitu.mx\/#\/schema\/person\/image\/\",\"url\":\"https:\/\/secure.gravatar.com\/avatar\/e74f7af0be172b7804dacfd0bfbef787?s=96&d=mm&r=g\",\"contentUrl\":\"https:\/\/secure.gravatar.com\/avatar\/e74f7af0be172b7804dacfd0bfbef787?s=96&d=mm&r=g\",\"caption\":\"Alejandra Moncisbays\"},\"description\":\"Curs\u00e9 la carrera de Periodismo y Comunicaci\u00f3n en la Facultad de Estudios Profesionales Acatl\u00e1n. Vivo en Canc\u00fan desde hace 24 a\u00f1os. Fui reportera de La Tarde de Canc\u00fan, y Novedades de Quintana Roo, colabor\u00e9 en TVCUN, edit\u00e9 Cancun\u00edssimo y colabor\u00e9 en las revistas Latitud21, entre otras, con principal enfoque en los sectores empresarial y tur\u00edstico. Desde hace varios a\u00f1os soy Agente de Seguros con c\u00e9dula de la Comisi\u00f3n Nacional de Seguros y Fianzas. Actualmente, me desarrollo en los \u00e1mbitos del periodismo y el sector asegurador.\",\"sameAs\":[\"https:\/\/nitu.mx\"],\"url\":\"https:\/\/nitu.mx\/index.php\/author\/alejandra\/\"}]}<\/script>\n<!-- \/ Yoast SEO plugin. -->","yoast_head_json":{"title":"Fundaci\u00f3n Brisas reafirma su compromiso con la educaci\u00f3n con apoyos escolares - Nitu - Noticias de la Industria Turistica","robots":{"index":"index","follow":"follow","max-snippet":"max-snippet:-1","max-image-preview":"max-image-preview:large","max-video-preview":"max-video-preview:-1"},"canonical":"https:\/\/nitu.mx\/index.php\/2024\/08\/21\/fundacion-brisas-reafirma-su-compromiso-con-la-educacion-con-apoyos-escolares\/","twitter_card":"summary_large_image","twitter_title":"Fundaci\u00f3n Brisas reafirma su compromiso con la educaci\u00f3n con apoyos escolares - Nitu - Noticias de la Industria Turistica","twitter_description":"Como parte de su compromiso por fomentar la educaci\u00f3n y la sana convivencia familiar, Fundaci\u00f3n Brisas A.C. entreg\u00f3 m\u00e1s de 200 mochilas con \u00fatiles escolares a hijos de colaboradores del NIZUC Resort &amp; Spa. En este regreso a clases, la fundaci\u00f3n de Grupo Brisas, corporativo tur\u00edstico con presencia en las principales ciudades y destinos de [&hellip;]","twitter_image":"https:\/\/nitu.mx\/wp-content\/uploads\/2024\/08\/FUNDACIONBRISASMOCHILAS.jpeg","twitter_creator":"@NITUmx","twitter_site":"@Arturo_Medina_G","twitter_misc":{"Escrito por":"Alejandra Moncisbays","Tiempo de lectura":"1 minuto"},"schema":{"@context":"https:\/\/schema.org","@graph":[{"@type":"Article","@id":"https:\/\/nitu.mx\/index.php\/2024\/08\/21\/fundacion-brisas-reafirma-su-compromiso-con-la-educacion-con-apoyos-escolares\/#article","isPartOf":{"@id":"https:\/\/nitu.mx\/index.php\/2024\/08\/21\/fundacion-brisas-reafirma-su-compromiso-con-la-educacion-con-apoyos-escolares\/"},"author":{"name":"Alejandra Moncisbays","@id":"https:\/\/nitu.mx\/#\/schema\/person\/2ecd887b19dfd3382d1f14fc5acf24a8"},"headline":"Fundaci\u00f3n Brisas reafirma su compromiso con la educaci\u00f3n con apoyos escolares","datePublished":"2024-08-21T11:16:49+00:00","dateModified":"2024-08-21T11:16:51+00:00","mainEntityOfPage":{"@id":"https:\/\/nitu.mx\/index.php\/2024\/08\/21\/fundacion-brisas-reafirma-su-compromiso-con-la-educacion-con-apoyos-escolares\/"},"wordCount":267,"commentCount":0,"publisher":{"@id":"https:\/\/nitu.mx\/#\/schema\/person\/ae7a53426417292d3dd07b45a33e01bc"},"image":{"@id":"https:\/\/nitu.mx\/index.php\/2024\/08\/21\/fundacion-brisas-reafirma-su-compromiso-con-la-educacion-con-apoyos-escolares\/#primaryimage"},"thumbnailUrl":"https:\/\/nitu.mx\/wp-content\/uploads\/2024\/08\/FUNDACIONBRISASMOCHILAS.jpeg","keywords":["Canc\u00fan","Fundaci\u00f3n Brisas","Hotel Nizuc Resort &amp; Spa"],"articleSection":["Canc\u00fan"],"inLanguage":"es-MX","potentialAction":[{"@type":"CommentAction","name":"Comment","target":["https:\/\/nitu.mx\/index.php\/2024\/08\/21\/fundacion-brisas-reafirma-su-compromiso-con-la-educacion-con-apoyos-escolares\/#respond"]}]},{"@type":"WebPage","@id":"https:\/\/nitu.mx\/index.php\/2024\/08\/21\/fundacion-brisas-reafirma-su-compromiso-con-la-educacion-con-apoyos-escolares\/","url":"https:\/\/nitu.mx\/index.php\/2024\/08\/21\/fundacion-brisas-reafirma-su-compromiso-con-la-educacion-con-apoyos-escolares\/","name":"Fundaci\u00f3n Brisas reafirma su compromiso con la educaci\u00f3n con apoyos escolares - Nitu - Noticias de la Industria Turistica","isPartOf":{"@id":"https:\/\/nitu.mx\/#website"},"primaryImageOfPage":{"@id":"https:\/\/nitu.mx\/index.php\/2024\/08\/21\/fundacion-brisas-reafirma-su-compromiso-con-la-educacion-con-apoyos-escolares\/#primaryimage"},"image":{"@id":"https:\/\/nitu.mx\/index.php\/2024\/08\/21\/fundacion-brisas-reafirma-su-compromiso-con-la-educacion-con-apoyos-escolares\/#primaryimage"},"thumbnailUrl":"https:\/\/nitu.mx\/wp-content\/uploads\/2024\/08\/FUNDACIONBRISASMOCHILAS.jpeg","datePublished":"2024-08-21T11:16:49+00:00","dateModified":"2024-08-21T11:16:51+00:00","breadcrumb":{"@id":"https:\/\/nitu.mx\/index.php\/2024\/08\/21\/fundacion-brisas-reafirma-su-compromiso-con-la-educacion-con-apoyos-escolares\/#breadcrumb"},"inLanguage":"es-MX","potentialAction":[{"@type":"ReadAction","target":["https:\/\/nitu.mx\/index.php\/2024\/08\/21\/fundacion-brisas-reafirma-su-compromiso-con-la-educacion-con-apoyos-escolares\/"]}]},{"@type":"ImageObject","inLanguage":"es-MX","@id":"https:\/\/nitu.mx\/index.php\/2024\/08\/21\/fundacion-brisas-reafirma-su-compromiso-con-la-educacion-con-apoyos-escolares\/#primaryimage","url":"https:\/\/nitu.mx\/wp-content\/uploads\/2024\/08\/FUNDACIONBRISASMOCHILAS.jpeg","contentUrl":"https:\/\/nitu.mx\/wp-content\/uploads\/2024\/08\/FUNDACIONBRISASMOCHILAS.jpeg","width":1600,"height":1055},{"@type":"BreadcrumbList","@id":"https:\/\/nitu.mx\/index.php\/2024\/08\/21\/fundacion-brisas-reafirma-su-compromiso-con-la-educacion-con-apoyos-escolares\/#breadcrumb","itemListElement":[{"@type":"ListItem","position":1,"name":"Inicio","item":"https:\/\/nitu.mx\/"},{"@type":"ListItem","position":2,"name":"Fundaci\u00f3n Brisas reafirma su compromiso con la educaci\u00f3n con apoyos escolares"}]},{"@type":"WebSite","@id":"https:\/\/nitu.mx\/#website","url":"https:\/\/nitu.mx\/","name":"Nitu - Noticias de la Industria Turistica","description":"Noticias de la Industria Turistica","publisher":{"@id":"https:\/\/nitu.mx\/#\/schema\/person\/ae7a53426417292d3dd07b45a33e01bc"},"alternateName":"Noticias de la Industria Turistica","potentialAction":[{"@type":"SearchAction","target":{"@type":"EntryPoint","urlTemplate":"https:\/\/nitu.mx\/?s={search_term_string}"},"query-input":"required name=search_term_string"}],"inLanguage":"es-MX"},{"@type":["Person","Organization"],"@id":"https:\/\/nitu.mx\/#\/schema\/person\/ae7a53426417292d3dd07b45a33e01bc","name":"Arturo Medina","image":{"@type":"ImageObject","inLanguage":"es-MX","@id":"https:\/\/nitu.mx\/#\/schema\/person\/image\/","url":"https:\/\/nitu.mx\/wp-content\/uploads\/2024\/04\/4A315622-1904-4D5C-B022-878CDC840E04-90x90-1.jpeg","contentUrl":"https:\/\/nitu.mx\/wp-content\/uploads\/2024\/04\/4A315622-1904-4D5C-B022-878CDC840E04-90x90-1.jpeg","width":90,"height":90,"caption":"Arturo Medina"},"logo":{"@id":"https:\/\/nitu.mx\/#\/schema\/person\/image\/"},"description":"Director NITU.mx, Egresado de la Escuela de Periodismo Carlos Septi\u00e9n Garc\u00eda. Periodista y analista especializado en turismo desde hace 35 a\u00f1os, radicado en Canc\u00fan Q.Roo. arturo@nitu.mx","sameAs":["https:\/\/nitu.mx","https:\/\/www.facebook.com\/NITUmx\/","medinacancun","https:\/\/twitter.com\/@Arturo_Medina_G"]},{"@type":"Person","@id":"https:\/\/nitu.mx\/#\/schema\/person\/2ecd887b19dfd3382d1f14fc5acf24a8","name":"Alejandra Moncisbays","image":{"@type":"ImageObject","inLanguage":"es-MX","@id":"https:\/\/nitu.mx\/#\/schema\/person\/image\/","url":"https:\/\/secure.gravatar.com\/avatar\/e74f7af0be172b7804dacfd0bfbef787?s=96&d=mm&r=g","contentUrl":"https:\/\/secure.gravatar.com\/avatar\/e74f7af0be172b7804dacfd0bfbef787?s=96&d=mm&r=g","caption":"Alejandra Moncisbays"},"description":"Curs\u00e9 la carrera de Periodismo y Comunicaci\u00f3n en la Facultad de Estudios Profesionales Acatl\u00e1n. Vivo en Canc\u00fan desde hace 24 a\u00f1os. Fui reportera de La Tarde de Canc\u00fan, y Novedades de Quintana Roo, colabor\u00e9 en TVCUN, edit\u00e9 Cancun\u00edssimo y colabor\u00e9 en las revistas Latitud21, entre otras, con principal enfoque en los sectores empresarial y tur\u00edstico. Desde hace varios a\u00f1os soy Agente de Seguros con c\u00e9dula de la Comisi\u00f3n Nacional de Seguros y Fianzas. Actualmente, me desarrollo en los \u00e1mbitos del periodismo y el sector asegurador.","sameAs":["https:\/\/nitu.mx"],"url":"https:\/\/nitu.mx\/index.php\/author\/alejandra\/"}]}},"views":690,"_links":{"self":[{"href":"https:\/\/nitu.mx\/index.php\/wp-json\/wp\/v2\/posts\/74193"}],"collection":[{"href":"https:\/\/nitu.mx\/index.php\/wp-json\/wp\/v2\/posts"}],"about":[{"href":"https:\/\/nitu.mx\/index.php\/wp-json\/wp\/v2\/types\/post"}],"author":[{"embeddable":true,"href":"https:\/\/nitu.mx\/index.php\/wp-json\/wp\/v2\/users\/3"}],"replies":[{"embeddable":true,"href":"https:\/\/nitu.mx\/index.php\/wp-json\/wp\/v2\/comments?post=74193"}],"version-history":[{"count":2,"href":"https:\/\/nitu.mx\/index.php\/wp-json\/wp\/v2\/posts\/74193\/revisions"}],"predecessor-version":[{"id":74196,"href":"https:\/\/nitu.mx\/index.php\/wp-json\/wp\/v2\/posts\/74193\/revisions\/74196"}],"wp:featuredmedia":[{"embeddable":true,"href":"https:\/\/nitu.mx\/index.php\/wp-json\/wp\/v2\/media\/74195"}],"wp:attachment":[{"href":"https:\/\/nitu.mx\/index.php\/wp-json\/wp\/v2\/media?parent=74193"}],"wp:term":[{"taxonomy":"category","embeddable":true,"href":"https:\/\/nitu.mx\/index.php\/wp-json\/wp\/v2\/categories?post=74193"},{"taxonomy":"post_tag","embeddable":true,"href":"https:\/\/nitu.mx\/index.php\/wp-json\/wp\/v2\/tags?post=74193"}],"curies":[{"name":"wp","href":"https:\/\/api.w.org\/{rel}","templated":true}]}}