{"id":74174,"date":"2024-08-20T20:31:56","date_gmt":"2024-08-21T02:31:56","guid":{"rendered":"https:\/\/nitu.mx\/?p=74174"},"modified":"2024-08-20T20:32:03","modified_gmt":"2024-08-21T02:32:03","slug":"mexico-va-a-la-reconquista-del-turista-de-colombia-con-operacion-toca-puertas","status":"publish","type":"post","link":"https:\/\/nitu.mx\/index.php\/2024\/08\/20\/mexico-va-a-la-reconquista-del-turista-de-colombia-con-operacion-toca-puertas\/","title":{"rendered":"M\u00e9xico va a la reconquista del turista de Colombia con Operaci\u00f3n Toca Puertas"},"content":{"rendered":"\n<p>El secretario de Turismo de M\u00e9xico, Miguel Torruco Marqu\u00e9s, acompa\u00f1ado de la embajadora de M\u00e9xico en Colombia, Martha Patricia Ruiz Anchondo, inici\u00f3 la gira de trabajo Operaci\u00f3n Toca Puertas en este pa\u00eds sudamericano, con el prop\u00f3sito de impulsar el arribo de turistas desde este pa\u00eds hacia M\u00e9xico, as\u00ed como incentivar la conectividad a\u00e9rea y las inversiones entre ambas naciones, al ser el tercer mercado emisor de turistas a nuestro pa\u00eds, despu\u00e9s de Estados Unidos y Canad\u00e1.<\/p>\n\n\n\n<p>El titular de Sectur destac\u00f3 que M\u00e9xico y Colombia son socios estrat\u00e9gicos, con una relaci\u00f3n ligada por fuertes lazos culturales y comerciales, en donde el turismo no es la excepci\u00f3n, pues miles de turistas viajan anualmente entre ambos pa\u00edses.<\/p>\n\n\n\n<p>Inform\u00f3 que, en 2023, llegaron a M\u00e9xico 735 mil 175 turistas colombianos v\u00eda a\u00e9rea, lo que representa un 22% m\u00e1s que en 2019, a\u00f1o previo a la pandemia; mientras que, el gasto tur\u00edstico de ciudadanos colombianos en M\u00e9xico el a\u00f1o pasado fue de 827 millones 771 mil d\u00f3lares, es decir, 37.1% m\u00e1s que en 2019.<\/p>\n\n\n\n<p>Acompa\u00f1ado de funcionarios de Secretar\u00edas de Turismo estatales y empresarios del ramo, Torruco Marqu\u00e9s present\u00f3 ante m\u00e1s de 100 tour operadores de Colombia el seminario \u201cAs\u00ed es M\u00e9xico\u201d, en donde mostr\u00f3 la amplia oferta tur\u00edstica de nuestro pa\u00eds ante los actores clave del ramo en la naci\u00f3n sudamericana.<\/p>\n\n\n\n<p>Se\u00f1al\u00f3 la importancia que tiene la industria tur\u00edstica para la econom\u00eda nacional, as\u00ed mismo, habl\u00f3 sobre las novedades en productos tur\u00edsticos; los proyectos prioritarios como el Tren Maya, Islas Mar\u00edas, los aeropuertos como el AIFA y el de Tulum; y otras obras de infraestructura que facilitan el desplazamiento de los turistas entre las 270 plazas con vocaci\u00f3n tur\u00edstica de M\u00e9xico.<\/p>\n\n\n\n<p>Cabe resaltar que, durante el seminario, se destacaron los destinos m\u00e1s frecuentados por los turistas en M\u00e9xico, como Canc\u00fan, Los Cabos, Puerto Vallarta y la Ciudad de M\u00e9xico, por mencionar algunos, as\u00ed como destinos donde sobresale el turismo de naturaleza y aventura, el cultural y el gastron\u00f3mico, por lo que los tour operadores mostraron gran inter\u00e9s, entre ellos los 177 Pueblos M\u00e1gicos, 32 Barrios M\u00e1gicos, los 35 sitios declarados Patrimonio de la Humanidad por la Unesco, zonas arqueol\u00f3gicas, por mencionar algunos.<\/p>\n\n\n\n<p>Mencion\u00f3 que los lazos entre Colombia y M\u00e9xico son fuertes y estrechos, gracias a la cooperaci\u00f3n entre las autoridades y el sector privado, que trabajan en conjunto para impulsar el flujo de viajeros entre ambos pa\u00edses.<\/p>\n\n\n\n<p>Asimismo, abord\u00f3 temas relacionados con la migraci\u00f3n, en donde subray\u00f3 que de acuerdo con el Instituto Nacional de Migraci\u00f3n (INM), de 2019 a julio de 2024 han ingresado a M\u00e9xico un mill\u00f3n 659 mil 670 ciudadanos de Colombia, y solamente poco menos del 4% no ha sido admitido.<\/p>\n\n\n\n<p>Como parte de la gira Operaci\u00f3n Toca Puertas en Colombia, el secretario de Turismo tuvo una reuni\u00f3n de trabajo con Carlos Andr\u00e9s Arias, director de la Vitrina Tur\u00edstica de ANATO, que es la Asociaci\u00f3n Colombiana de Agencias de Viajes y Turismo. La Vitrina Tur\u00edstica, es el evento que desde 1982 se ha ido consolidando como el evento m\u00e1s importante del turismo en Colombia y uno de los m\u00e1s importantes de Am\u00e9rica Latina.<\/p>\n\n\n\n<p>Tambi\u00e9n sostuvo un encuentro con Pablo Jaitman, country manager de la plataforma Despegar en Colombia, uno de los corporativos tur\u00edsticos m\u00e1s importantes de Am\u00e9rica Latina, quien destac\u00f3 el incremento de turistas colombianos a M\u00e9xico, al informar que en lo que va del a\u00f1o se han registrado alrededor de 40 mil operaciones, de los cuales, asever\u00f3, solo 500 han manifestado problemas para ingresar, de los cuales muchos se han podido resolver con la documentaci\u00f3n del viaje, que la propia agencia proporciona al viajero. (<a href=\"https:\/\/nitu.mx\/index.php\/2024\/07\/15\/pablo-jaitman-nuevo-lider-de-despegar-en-colombia\/\">Pablo Jaitman, nuevo l\u00edder de Despegar en Colombia<\/a>).<\/p>\n\n\n\n<p>Torruco Marqu\u00e9s, acompa\u00f1ado de la comitiva de M\u00e9xico en la Operaci\u00f3n Toca Puertas, tambi\u00e9n convers\u00f3 con Carlos Sanmart\u00edn, gerente general de Orientur, agencia de viajes mayorista especializada en el mercado hispanoparlante hacia diferentes destinos del mundo, quien resalt\u00f3 el inter\u00e9s de los colombianos por los atractivos culturales de M\u00e9xico.<\/p>\n\n\n\n<p>Con Freda Due\u00f1as, vicepresidenta comercial de Aviatur, uno de los principales tour operadores colombianos, expuso los nuevos productos tur\u00edsticos que se han desarrollado en nuestro pa\u00eds, en coordinaci\u00f3n con los tres \u00f3rdenes de gobierno y la iniciativa privada. La ejecutiva manifest\u00f3 el gran inter\u00e9s de los colombianos en conocer los diferentes atractivos de M\u00e9xico.<\/p>\n\n\n\n<p>Adem\u00e1s, se llev\u00f3 a cabo una reuni\u00f3n de trabajo con Ricardo Estupi\u00f1an, director general de Travel Depot, agencia mayorista que env\u00eda un importante n\u00famero de colombianos a destinos del exterior.<\/p>\n\n\n\n<p>En la gira Operaci\u00f3n Toca Puertas en Colombia participan tambi\u00e9n, el director general de Promoci\u00f3n y Asuntos Internacionales de Sectur, Emmanuel Rey; as\u00ed como autoridades de Secretar\u00edas de Turismo estatales, y representantes de Viva Aerobus, Ketzaltour, Omextur Berlo M\u00e9xico DMC, Bolt Media, entre otros funcionarios y empresarios.<\/p>\n","protected":false},"excerpt":{"rendered":"<p>El secretario de Turismo de M\u00e9xico, Miguel Torruco Marqu\u00e9s, acompa\u00f1ado de la embajadora de M\u00e9xico en Colombia, Martha Patricia Ruiz Anchondo, inici\u00f3 la gira de trabajo Operaci\u00f3n Toca Puertas en este pa\u00eds sudamericano, con el prop\u00f3sito de impulsar el arribo de turistas desde este pa\u00eds hacia M\u00e9xico, as\u00ed como incentivar la conectividad a\u00e9rea y las [&hellip;]<\/p>\n","protected":false},"author":17,"featured_media":74176,"comment_status":"open","ping_status":"open","sticky":false,"template":"","format":"standard","meta":{"footnotes":""},"categories":[12],"tags":[224,910,93,22847,11427],"yoast_head":"<!-- This site is optimized with the Yoast SEO plugin v22.2 - https:\/\/yoast.com\/wordpress\/plugins\/seo\/ -->\n<title>M\u00e9xico va a la reconquista del turista de Colombia con Operaci\u00f3n Toca Puertas - Nitu - Noticias de la Industria Turistica<\/title>\n<meta name=\"robots\" content=\"index, follow, max-snippet:-1, max-image-preview:large, max-video-preview:-1\" \/>\n<link rel=\"canonical\" href=\"https:\/\/nitu.mx\/index.php\/2024\/08\/20\/mexico-va-a-la-reconquista-del-turista-de-colombia-con-operacion-toca-puertas\/\" \/>\n<meta name=\"twitter:card\" content=\"summary_large_image\" \/>\n<meta name=\"twitter:title\" content=\"M\u00e9xico va a la reconquista del turista de Colombia con Operaci\u00f3n Toca Puertas - Nitu - Noticias de la Industria Turistica\" \/>\n<meta name=\"twitter:description\" content=\"El secretario de Turismo de M\u00e9xico, Miguel Torruco Marqu\u00e9s, acompa\u00f1ado de la embajadora de M\u00e9xico en Colombia, Martha Patricia Ruiz Anchondo, inici\u00f3 la gira de trabajo Operaci\u00f3n Toca Puertas en este pa\u00eds sudamericano, con el prop\u00f3sito de impulsar el arribo de turistas desde este pa\u00eds hacia M\u00e9xico, as\u00ed como incentivar la conectividad a\u00e9rea y las [&hellip;]\" \/>\n<meta name=\"twitter:image\" content=\"https:\/\/nitu.mx\/wp-content\/uploads\/2024\/08\/Toca-Puertas-Colombia.jpg\" \/>\n<meta name=\"twitter:creator\" content=\"@NITUmx\" \/>\n<meta name=\"twitter:site\" content=\"@Arturo_Medina_G\" \/>\n<meta name=\"twitter:label1\" content=\"Escrito por\" \/>\n\t<meta name=\"twitter:data1\" content=\"Redacci\u00f3n\" \/>\n\t<meta name=\"twitter:label2\" content=\"Tiempo de lectura\" \/>\n\t<meta name=\"twitter:data2\" content=\"4 minutos\" \/>\n<script type=\"application\/ld+json\" class=\"yoast-schema-graph\">{\"@context\":\"https:\/\/schema.org\",\"@graph\":[{\"@type\":\"Article\",\"@id\":\"https:\/\/nitu.mx\/index.php\/2024\/08\/20\/mexico-va-a-la-reconquista-del-turista-de-colombia-con-operacion-toca-puertas\/#article\",\"isPartOf\":{\"@id\":\"https:\/\/nitu.mx\/index.php\/2024\/08\/20\/mexico-va-a-la-reconquista-del-turista-de-colombia-con-operacion-toca-puertas\/\"},\"author\":{\"name\":\"Redacci\u00f3n\",\"@id\":\"https:\/\/nitu.mx\/#\/schema\/person\/4a28fe9bd65924f7c90623773daf1b0b\"},\"headline\":\"M\u00e9xico va a la reconquista del turista de Colombia con Operaci\u00f3n Toca Puertas\",\"datePublished\":\"2024-08-21T02:31:56+00:00\",\"dateModified\":\"2024-08-21T02:32:03+00:00\",\"mainEntityOfPage\":{\"@id\":\"https:\/\/nitu.mx\/index.php\/2024\/08\/20\/mexico-va-a-la-reconquista-del-turista-de-colombia-con-operacion-toca-puertas\/\"},\"wordCount\":878,\"commentCount\":0,\"publisher\":{\"@id\":\"https:\/\/nitu.mx\/#\/schema\/person\/ae7a53426417292d3dd07b45a33e01bc\"},\"image\":{\"@id\":\"https:\/\/nitu.mx\/index.php\/2024\/08\/20\/mexico-va-a-la-reconquista-del-turista-de-colombia-con-operacion-toca-puertas\/#primaryimage\"},\"thumbnailUrl\":\"https:\/\/nitu.mx\/wp-content\/uploads\/2024\/08\/Toca-Puertas-Colombia.jpg\",\"keywords\":[\"Colombia\",\"Miguel Torruco\",\"Sectur\",\"Toca Puertas\",\"Tren Maya\"],\"articleSection\":[\"Marketing\"],\"inLanguage\":\"es-MX\",\"potentialAction\":[{\"@type\":\"CommentAction\",\"name\":\"Comment\",\"target\":[\"https:\/\/nitu.mx\/index.php\/2024\/08\/20\/mexico-va-a-la-reconquista-del-turista-de-colombia-con-operacion-toca-puertas\/#respond\"]}]},{\"@type\":\"WebPage\",\"@id\":\"https:\/\/nitu.mx\/index.php\/2024\/08\/20\/mexico-va-a-la-reconquista-del-turista-de-colombia-con-operacion-toca-puertas\/\",\"url\":\"https:\/\/nitu.mx\/index.php\/2024\/08\/20\/mexico-va-a-la-reconquista-del-turista-de-colombia-con-operacion-toca-puertas\/\",\"name\":\"M\u00e9xico va a la reconquista del turista de Colombia con Operaci\u00f3n Toca Puertas - Nitu - Noticias de la Industria Turistica\",\"isPartOf\":{\"@id\":\"https:\/\/nitu.mx\/#website\"},\"primaryImageOfPage\":{\"@id\":\"https:\/\/nitu.mx\/index.php\/2024\/08\/20\/mexico-va-a-la-reconquista-del-turista-de-colombia-con-operacion-toca-puertas\/#primaryimage\"},\"image\":{\"@id\":\"https:\/\/nitu.mx\/index.php\/2024\/08\/20\/mexico-va-a-la-reconquista-del-turista-de-colombia-con-operacion-toca-puertas\/#primaryimage\"},\"thumbnailUrl\":\"https:\/\/nitu.mx\/wp-content\/uploads\/2024\/08\/Toca-Puertas-Colombia.jpg\",\"datePublished\":\"2024-08-21T02:31:56+00:00\",\"dateModified\":\"2024-08-21T02:32:03+00:00\",\"breadcrumb\":{\"@id\":\"https:\/\/nitu.mx\/index.php\/2024\/08\/20\/mexico-va-a-la-reconquista-del-turista-de-colombia-con-operacion-toca-puertas\/#breadcrumb\"},\"inLanguage\":\"es-MX\",\"potentialAction\":[{\"@type\":\"ReadAction\",\"target\":[\"https:\/\/nitu.mx\/index.php\/2024\/08\/20\/mexico-va-a-la-reconquista-del-turista-de-colombia-con-operacion-toca-puertas\/\"]}]},{\"@type\":\"ImageObject\",\"inLanguage\":\"es-MX\",\"@id\":\"https:\/\/nitu.mx\/index.php\/2024\/08\/20\/mexico-va-a-la-reconquista-del-turista-de-colombia-con-operacion-toca-puertas\/#primaryimage\",\"url\":\"https:\/\/nitu.mx\/wp-content\/uploads\/2024\/08\/Toca-Puertas-Colombia.jpg\",\"contentUrl\":\"https:\/\/nitu.mx\/wp-content\/uploads\/2024\/08\/Toca-Puertas-Colombia.jpg\",\"width\":1200,\"height\":675,\"caption\":\"Toca Puertas Colombia\"},{\"@type\":\"BreadcrumbList\",\"@id\":\"https:\/\/nitu.mx\/index.php\/2024\/08\/20\/mexico-va-a-la-reconquista-del-turista-de-colombia-con-operacion-toca-puertas\/#breadcrumb\",\"itemListElement\":[{\"@type\":\"ListItem\",\"position\":1,\"name\":\"Inicio\",\"item\":\"https:\/\/nitu.mx\/\"},{\"@type\":\"ListItem\",\"position\":2,\"name\":\"M\u00e9xico va a la reconquista del turista de Colombia con Operaci\u00f3n Toca Puertas\"}]},{\"@type\":\"WebSite\",\"@id\":\"https:\/\/nitu.mx\/#website\",\"url\":\"https:\/\/nitu.mx\/\",\"name\":\"Nitu - Noticias de la Industria Turistica\",\"description\":\"Noticias de la Industria Turistica\",\"publisher\":{\"@id\":\"https:\/\/nitu.mx\/#\/schema\/person\/ae7a53426417292d3dd07b45a33e01bc\"},\"alternateName\":\"Noticias de la Industria Turistica\",\"potentialAction\":[{\"@type\":\"SearchAction\",\"target\":{\"@type\":\"EntryPoint\",\"urlTemplate\":\"https:\/\/nitu.mx\/?s={search_term_string}\"},\"query-input\":\"required name=search_term_string\"}],\"inLanguage\":\"es-MX\"},{\"@type\":[\"Person\",\"Organization\"],\"@id\":\"https:\/\/nitu.mx\/#\/schema\/person\/ae7a53426417292d3dd07b45a33e01bc\",\"name\":\"Arturo Medina\",\"image\":{\"@type\":\"ImageObject\",\"inLanguage\":\"es-MX\",\"@id\":\"https:\/\/nitu.mx\/#\/schema\/person\/image\/\",\"url\":\"https:\/\/nitu.mx\/wp-content\/uploads\/2024\/04\/4A315622-1904-4D5C-B022-878CDC840E04-90x90-1.jpeg\",\"contentUrl\":\"https:\/\/nitu.mx\/wp-content\/uploads\/2024\/04\/4A315622-1904-4D5C-B022-878CDC840E04-90x90-1.jpeg\",\"width\":90,\"height\":90,\"caption\":\"Arturo Medina\"},\"logo\":{\"@id\":\"https:\/\/nitu.mx\/#\/schema\/person\/image\/\"},\"description\":\"Director NITU.mx, Egresado de la Escuela de Periodismo Carlos Septi\u00e9n Garc\u00eda. Periodista y analista especializado en turismo desde hace 35 a\u00f1os, radicado en Canc\u00fan Q.Roo. arturo@nitu.mx\",\"sameAs\":[\"https:\/\/nitu.mx\",\"https:\/\/www.facebook.com\/NITUmx\/\",\"medinacancun\",\"https:\/\/twitter.com\/@Arturo_Medina_G\"]},{\"@type\":\"Person\",\"@id\":\"https:\/\/nitu.mx\/#\/schema\/person\/4a28fe9bd65924f7c90623773daf1b0b\",\"name\":\"Redacci\u00f3n\",\"image\":{\"@type\":\"ImageObject\",\"inLanguage\":\"es-MX\",\"@id\":\"https:\/\/nitu.mx\/#\/schema\/person\/image\/\",\"url\":\"https:\/\/secure.gravatar.com\/avatar\/5dd011c8ccfc5cd7e4c81e42252aab38?s=96&d=mm&r=g\",\"contentUrl\":\"https:\/\/secure.gravatar.com\/avatar\/5dd011c8ccfc5cd7e4c81e42252aab38?s=96&d=mm&r=g\",\"caption\":\"Redacci\u00f3n\"},\"url\":\"https:\/\/nitu.mx\/index.php\/author\/redaccion\/\"}]}<\/script>\n<!-- \/ Yoast SEO plugin. -->","yoast_head_json":{"title":"M\u00e9xico va a la reconquista del turista de Colombia con Operaci\u00f3n Toca Puertas - Nitu - Noticias de la Industria Turistica","robots":{"index":"index","follow":"follow","max-snippet":"max-snippet:-1","max-image-preview":"max-image-preview:large","max-video-preview":"max-video-preview:-1"},"canonical":"https:\/\/nitu.mx\/index.php\/2024\/08\/20\/mexico-va-a-la-reconquista-del-turista-de-colombia-con-operacion-toca-puertas\/","twitter_card":"summary_large_image","twitter_title":"M\u00e9xico va a la reconquista del turista de Colombia con Operaci\u00f3n Toca Puertas - Nitu - Noticias de la Industria Turistica","twitter_description":"El secretario de Turismo de M\u00e9xico, Miguel Torruco Marqu\u00e9s, acompa\u00f1ado de la embajadora de M\u00e9xico en Colombia, Martha Patricia Ruiz Anchondo, inici\u00f3 la gira de trabajo Operaci\u00f3n Toca Puertas en este pa\u00eds sudamericano, con el prop\u00f3sito de impulsar el arribo de turistas desde este pa\u00eds hacia M\u00e9xico, as\u00ed como incentivar la conectividad a\u00e9rea y las [&hellip;]","twitter_image":"https:\/\/nitu.mx\/wp-content\/uploads\/2024\/08\/Toca-Puertas-Colombia.jpg","twitter_creator":"@NITUmx","twitter_site":"@Arturo_Medina_G","twitter_misc":{"Escrito por":"Redacci\u00f3n","Tiempo de lectura":"4 minutos"},"schema":{"@context":"https:\/\/schema.org","@graph":[{"@type":"Article","@id":"https:\/\/nitu.mx\/index.php\/2024\/08\/20\/mexico-va-a-la-reconquista-del-turista-de-colombia-con-operacion-toca-puertas\/#article","isPartOf":{"@id":"https:\/\/nitu.mx\/index.php\/2024\/08\/20\/mexico-va-a-la-reconquista-del-turista-de-colombia-con-operacion-toca-puertas\/"},"author":{"name":"Redacci\u00f3n","@id":"https:\/\/nitu.mx\/#\/schema\/person\/4a28fe9bd65924f7c90623773daf1b0b"},"headline":"M\u00e9xico va a la reconquista del turista de Colombia con Operaci\u00f3n Toca Puertas","datePublished":"2024-08-21T02:31:56+00:00","dateModified":"2024-08-21T02:32:03+00:00","mainEntityOfPage":{"@id":"https:\/\/nitu.mx\/index.php\/2024\/08\/20\/mexico-va-a-la-reconquista-del-turista-de-colombia-con-operacion-toca-puertas\/"},"wordCount":878,"commentCount":0,"publisher":{"@id":"https:\/\/nitu.mx\/#\/schema\/person\/ae7a53426417292d3dd07b45a33e01bc"},"image":{"@id":"https:\/\/nitu.mx\/index.php\/2024\/08\/20\/mexico-va-a-la-reconquista-del-turista-de-colombia-con-operacion-toca-puertas\/#primaryimage"},"thumbnailUrl":"https:\/\/nitu.mx\/wp-content\/uploads\/2024\/08\/Toca-Puertas-Colombia.jpg","keywords":["Colombia","Miguel Torruco","Sectur","Toca Puertas","Tren Maya"],"articleSection":["Marketing"],"inLanguage":"es-MX","potentialAction":[{"@type":"CommentAction","name":"Comment","target":["https:\/\/nitu.mx\/index.php\/2024\/08\/20\/mexico-va-a-la-reconquista-del-turista-de-colombia-con-operacion-toca-puertas\/#respond"]}]},{"@type":"WebPage","@id":"https:\/\/nitu.mx\/index.php\/2024\/08\/20\/mexico-va-a-la-reconquista-del-turista-de-colombia-con-operacion-toca-puertas\/","url":"https:\/\/nitu.mx\/index.php\/2024\/08\/20\/mexico-va-a-la-reconquista-del-turista-de-colombia-con-operacion-toca-puertas\/","name":"M\u00e9xico va a la reconquista del turista de Colombia con Operaci\u00f3n Toca Puertas - Nitu - Noticias de la Industria Turistica","isPartOf":{"@id":"https:\/\/nitu.mx\/#website"},"primaryImageOfPage":{"@id":"https:\/\/nitu.mx\/index.php\/2024\/08\/20\/mexico-va-a-la-reconquista-del-turista-de-colombia-con-operacion-toca-puertas\/#primaryimage"},"image":{"@id":"https:\/\/nitu.mx\/index.php\/2024\/08\/20\/mexico-va-a-la-reconquista-del-turista-de-colombia-con-operacion-toca-puertas\/#primaryimage"},"thumbnailUrl":"https:\/\/nitu.mx\/wp-content\/uploads\/2024\/08\/Toca-Puertas-Colombia.jpg","datePublished":"2024-08-21T02:31:56+00:00","dateModified":"2024-08-21T02:32:03+00:00","breadcrumb":{"@id":"https:\/\/nitu.mx\/index.php\/2024\/08\/20\/mexico-va-a-la-reconquista-del-turista-de-colombia-con-operacion-toca-puertas\/#breadcrumb"},"inLanguage":"es-MX","potentialAction":[{"@type":"ReadAction","target":["https:\/\/nitu.mx\/index.php\/2024\/08\/20\/mexico-va-a-la-reconquista-del-turista-de-colombia-con-operacion-toca-puertas\/"]}]},{"@type":"ImageObject","inLanguage":"es-MX","@id":"https:\/\/nitu.mx\/index.php\/2024\/08\/20\/mexico-va-a-la-reconquista-del-turista-de-colombia-con-operacion-toca-puertas\/#primaryimage","url":"https:\/\/nitu.mx\/wp-content\/uploads\/2024\/08\/Toca-Puertas-Colombia.jpg","contentUrl":"https:\/\/nitu.mx\/wp-content\/uploads\/2024\/08\/Toca-Puertas-Colombia.jpg","width":1200,"height":675,"caption":"Toca Puertas Colombia"},{"@type":"BreadcrumbList","@id":"https:\/\/nitu.mx\/index.php\/2024\/08\/20\/mexico-va-a-la-reconquista-del-turista-de-colombia-con-operacion-toca-puertas\/#breadcrumb","itemListElement":[{"@type":"ListItem","position":1,"name":"Inicio","item":"https:\/\/nitu.mx\/"},{"@type":"ListItem","position":2,"name":"M\u00e9xico va a la reconquista del turista de Colombia con Operaci\u00f3n Toca Puertas"}]},{"@type":"WebSite","@id":"https:\/\/nitu.mx\/#website","url":"https:\/\/nitu.mx\/","name":"Nitu - Noticias de la Industria Turistica","description":"Noticias de la Industria Turistica","publisher":{"@id":"https:\/\/nitu.mx\/#\/schema\/person\/ae7a53426417292d3dd07b45a33e01bc"},"alternateName":"Noticias de la Industria Turistica","potentialAction":[{"@type":"SearchAction","target":{"@type":"EntryPoint","urlTemplate":"https:\/\/nitu.mx\/?s={search_term_string}"},"query-input":"required name=search_term_string"}],"inLanguage":"es-MX"},{"@type":["Person","Organization"],"@id":"https:\/\/nitu.mx\/#\/schema\/person\/ae7a53426417292d3dd07b45a33e01bc","name":"Arturo Medina","image":{"@type":"ImageObject","inLanguage":"es-MX","@id":"https:\/\/nitu.mx\/#\/schema\/person\/image\/","url":"https:\/\/nitu.mx\/wp-content\/uploads\/2024\/04\/4A315622-1904-4D5C-B022-878CDC840E04-90x90-1.jpeg","contentUrl":"https:\/\/nitu.mx\/wp-content\/uploads\/2024\/04\/4A315622-1904-4D5C-B022-878CDC840E04-90x90-1.jpeg","width":90,"height":90,"caption":"Arturo Medina"},"logo":{"@id":"https:\/\/nitu.mx\/#\/schema\/person\/image\/"},"description":"Director NITU.mx, Egresado de la Escuela de Periodismo Carlos Septi\u00e9n Garc\u00eda. Periodista y analista especializado en turismo desde hace 35 a\u00f1os, radicado en Canc\u00fan Q.Roo. arturo@nitu.mx","sameAs":["https:\/\/nitu.mx","https:\/\/www.facebook.com\/NITUmx\/","medinacancun","https:\/\/twitter.com\/@Arturo_Medina_G"]},{"@type":"Person","@id":"https:\/\/nitu.mx\/#\/schema\/person\/4a28fe9bd65924f7c90623773daf1b0b","name":"Redacci\u00f3n","image":{"@type":"ImageObject","inLanguage":"es-MX","@id":"https:\/\/nitu.mx\/#\/schema\/person\/image\/","url":"https:\/\/secure.gravatar.com\/avatar\/5dd011c8ccfc5cd7e4c81e42252aab38?s=96&d=mm&r=g","contentUrl":"https:\/\/secure.gravatar.com\/avatar\/5dd011c8ccfc5cd7e4c81e42252aab38?s=96&d=mm&r=g","caption":"Redacci\u00f3n"},"url":"https:\/\/nitu.mx\/index.php\/author\/redaccion\/"}]}},"views":643,"_links":{"self":[{"href":"https:\/\/nitu.mx\/index.php\/wp-json\/wp\/v2\/posts\/74174"}],"collection":[{"href":"https:\/\/nitu.mx\/index.php\/wp-json\/wp\/v2\/posts"}],"about":[{"href":"https:\/\/nitu.mx\/index.php\/wp-json\/wp\/v2\/types\/post"}],"author":[{"embeddable":true,"href":"https:\/\/nitu.mx\/index.php\/wp-json\/wp\/v2\/users\/17"}],"replies":[{"embeddable":true,"href":"https:\/\/nitu.mx\/index.php\/wp-json\/wp\/v2\/comments?post=74174"}],"version-history":[{"count":1,"href":"https:\/\/nitu.mx\/index.php\/wp-json\/wp\/v2\/posts\/74174\/revisions"}],"predecessor-version":[{"id":74177,"href":"https:\/\/nitu.mx\/index.php\/wp-json\/wp\/v2\/posts\/74174\/revisions\/74177"}],"wp:featuredmedia":[{"embeddable":true,"href":"https:\/\/nitu.mx\/index.php\/wp-json\/wp\/v2\/media\/74176"}],"wp:attachment":[{"href":"https:\/\/nitu.mx\/index.php\/wp-json\/wp\/v2\/media?parent=74174"}],"wp:term":[{"taxonomy":"category","embeddable":true,"href":"https:\/\/nitu.mx\/index.php\/wp-json\/wp\/v2\/categories?post=74174"},{"taxonomy":"post_tag","embeddable":true,"href":"https:\/\/nitu.mx\/index.php\/wp-json\/wp\/v2\/tags?post=74174"}],"curies":[{"name":"wp","href":"https:\/\/api.w.org\/{rel}","templated":true}]}}