{"id":74071,"date":"2024-08-18T14:23:08","date_gmt":"2024-08-18T20:23:08","guid":{"rendered":"https:\/\/nitu.mx\/?p=74071"},"modified":"2024-08-18T14:23:09","modified_gmt":"2024-08-18T20:23:09","slug":"aprovecha-telchac-fama-de-poseidon-y-contrarrestan-con-el-chaac","status":"publish","type":"post","link":"https:\/\/nitu.mx\/index.php\/2024\/08\/18\/aprovecha-telchac-fama-de-poseidon-y-contrarrestan-con-el-chaac\/","title":{"rendered":"Aprovecha Telchac fama de &#8220;Poseidon&#8221; y contrarrestan con el Chaac"},"content":{"rendered":"\n<p>La\u00a0escultura de la deidad maya Chaac\u00a0inaugurada apunta a ser el foco de atracci\u00f3n en lo que resta de la actual temporada vacacional de verano, en la develaci\u00f3n de la placa que informa de la donaci\u00f3n de la escultura, el\u00a0alcalde Alfredo Marrufo D\u00edaz\u00a0inform\u00f3 que\u00a0no se busca competir con nadie\u00a0(en referencia a Progreso, con su\u00a0Poseid\u00f3n\u00a0en el mar) y se mostr\u00f3 agradecido con el patrocinador por el donativo.<\/p>\n\n\n\n<p>La escultura ha sido por iniciativa e inversion de Grupo L\u00f3pez Rosa, bajo la direcci\u00f3n de Gianni Rosa que realiz\u00f3 la donaci\u00f3n de la imponente escultura del Dios Maya Chaac al puerto de Telchac, Yucat\u00e1n.<\/p>\n\n\n<div class=\"wp-block-image\">\n<figure class=\"aligncenter size-full is-resized\"><img decoding=\"async\" loading=\"lazy\" width=\"960\" height=\"540\" src=\"https:\/\/nitu.mx\/wp-content\/uploads\/2024\/08\/3279885d-4882-476c-928b-8253ef216b1b.jpeg\" alt=\"\" class=\"wp-image-74076\" style=\"aspect-ratio:1.7777777777777777;width:835px;height:auto\" srcset=\"https:\/\/nitu.mx\/wp-content\/uploads\/2024\/08\/3279885d-4882-476c-928b-8253ef216b1b.jpeg 960w, https:\/\/nitu.mx\/wp-content\/uploads\/2024\/08\/3279885d-4882-476c-928b-8253ef216b1b-300x168.jpeg 300w, https:\/\/nitu.mx\/wp-content\/uploads\/2024\/08\/3279885d-4882-476c-928b-8253ef216b1b-768x432.jpeg 768w, https:\/\/nitu.mx\/wp-content\/uploads\/2024\/08\/3279885d-4882-476c-928b-8253ef216b1b-470x264.jpeg 470w, https:\/\/nitu.mx\/wp-content\/uploads\/2024\/08\/3279885d-4882-476c-928b-8253ef216b1b-640x360.jpeg 640w, https:\/\/nitu.mx\/wp-content\/uploads\/2024\/08\/3279885d-4882-476c-928b-8253ef216b1b-215x120.jpeg 215w, https:\/\/nitu.mx\/wp-content\/uploads\/2024\/08\/3279885d-4882-476c-928b-8253ef216b1b-414x232.jpeg 414w\" sizes=\"(max-width: 960px) 100vw, 960px\" \/><\/figure><\/div>\n\n\n<p>La escultura tallada y modelada por Arte Creativo, con altura de 6 metros totales y un peso de aproximadamente 800 kgs. es una interpretaci\u00f3n art\u00edstica del escultor visualizando el poder de Chaac, representada en esta pieza.<\/p>\n\n\n\n<p>El costo de la escultura  fue de 400 mil pesos mexicanos, fue tallada y modelada en polietileno con fibra de vidrio, con un esqueleto de herrer\u00eda en su interior.<\/p>\n\n\n\n<p>La estatua tiene\u00a0un peso de 800 kilos\u00a0y se dijo que tiene la fortaleza para\u00a0soportar un hurac\u00e1n de categor\u00eda 5.<\/p>\n\n\n\n<p>En cuanto a la imagen y el dise\u00f1o, se dijo ante los\u00a0cuestionamientos acerca de la falta de caracter\u00edsticas mayas y el cambio del hacha por una lanza, que todo esto fue una libre interpretaci\u00f3n del artista, por lo que habr\u00eda que respetar las caracter\u00edsticas del dise\u00f1o.<\/p>\n\n\n<div class=\"wp-block-image\">\n<figure class=\"aligncenter size-large is-resized\"><img decoding=\"async\" loading=\"lazy\" width=\"1024\" height=\"576\" src=\"https:\/\/nitu.mx\/wp-content\/uploads\/2024\/08\/snapshot-1024x576.jpg\" alt=\"\" class=\"wp-image-74077\" style=\"aspect-ratio:1.7777777777777777;width:805px;height:auto\" srcset=\"https:\/\/nitu.mx\/wp-content\/uploads\/2024\/08\/snapshot-1024x576.jpg 1024w, https:\/\/nitu.mx\/wp-content\/uploads\/2024\/08\/snapshot-300x168.jpg 300w, https:\/\/nitu.mx\/wp-content\/uploads\/2024\/08\/snapshot-768x432.jpg 768w, https:\/\/nitu.mx\/wp-content\/uploads\/2024\/08\/snapshot-1536x864.jpg 1536w, https:\/\/nitu.mx\/wp-content\/uploads\/2024\/08\/snapshot-990x557.jpg 990w, https:\/\/nitu.mx\/wp-content\/uploads\/2024\/08\/snapshot-1320x743.jpg 1320w, https:\/\/nitu.mx\/wp-content\/uploads\/2024\/08\/snapshot-470x264.jpg 470w, https:\/\/nitu.mx\/wp-content\/uploads\/2024\/08\/snapshot-640x360.jpg 640w, https:\/\/nitu.mx\/wp-content\/uploads\/2024\/08\/snapshot-215x120.jpg 215w, https:\/\/nitu.mx\/wp-content\/uploads\/2024\/08\/snapshot-414x232.jpg 414w, https:\/\/nitu.mx\/wp-content\/uploads\/2024\/08\/snapshot.jpg 1920w\" sizes=\"(max-width: 1024px) 100vw, 1024px\" \/><\/figure><\/div>","protected":false},"excerpt":{"rendered":"<p>La\u00a0escultura de la deidad maya Chaac\u00a0inaugurada apunta a ser el foco de atracci\u00f3n en lo que resta de la actual temporada vacacional de verano, en la develaci\u00f3n de la placa que informa de la donaci\u00f3n de la escultura, el\u00a0alcalde Alfredo Marrufo D\u00edaz\u00a0inform\u00f3 que\u00a0no se busca competir con nadie\u00a0(en referencia a Progreso, con su\u00a0Poseid\u00f3n\u00a0en el mar) [&hellip;]<\/p>\n","protected":false},"author":2,"featured_media":74075,"comment_status":"open","ping_status":"open","sticky":false,"template":"","format":"standard","meta":{"footnotes":""},"categories":[24505],"tags":[25893,25892],"yoast_head":"<!-- This site is optimized with the Yoast SEO plugin v22.2 - https:\/\/yoast.com\/wordpress\/plugins\/seo\/ -->\n<title>Aprovecha Telchac fama de &quot;Poseidon&quot; y contrarrestan con el Chaac - Nitu - Noticias de la Industria Turistica<\/title>\n<meta name=\"robots\" content=\"index, follow, max-snippet:-1, max-image-preview:large, max-video-preview:-1\" \/>\n<link rel=\"canonical\" href=\"https:\/\/nitu.mx\/index.php\/2024\/08\/18\/aprovecha-telchac-fama-de-poseidon-y-contrarrestan-con-el-chaac\/\" \/>\n<meta name=\"twitter:card\" content=\"summary_large_image\" \/>\n<meta name=\"twitter:title\" content=\"Aprovecha Telchac fama de &quot;Poseidon&quot; y contrarrestan con el Chaac - Nitu - Noticias de la Industria Turistica\" \/>\n<meta name=\"twitter:description\" content=\"La\u00a0escultura de la deidad maya Chaac\u00a0inaugurada apunta a ser el foco de atracci\u00f3n en lo que resta de la actual temporada vacacional de verano, en la develaci\u00f3n de la placa que informa de la donaci\u00f3n de la escultura, el\u00a0alcalde Alfredo Marrufo D\u00edaz\u00a0inform\u00f3 que\u00a0no se busca competir con nadie\u00a0(en referencia a Progreso, con su\u00a0Poseid\u00f3n\u00a0en el mar) [&hellip;]\" \/>\n<meta name=\"twitter:image\" content=\"https:\/\/nitu.mx\/wp-content\/uploads\/2024\/08\/455844606_943213167845798_2185787475913421983_n.jpg\" \/>\n<meta name=\"twitter:creator\" content=\"@Arturo_Medina_G\" \/>\n<meta name=\"twitter:site\" content=\"@Arturo_Medina_G\" \/>\n<meta name=\"twitter:label1\" content=\"Escrito por\" \/>\n\t<meta name=\"twitter:data1\" content=\"Arturo Medina\" \/>\n\t<meta name=\"twitter:label2\" content=\"Tiempo de lectura\" \/>\n\t<meta name=\"twitter:data2\" content=\"1 minuto\" \/>\n<script type=\"application\/ld+json\" class=\"yoast-schema-graph\">{\"@context\":\"https:\/\/schema.org\",\"@graph\":[{\"@type\":\"Article\",\"@id\":\"https:\/\/nitu.mx\/index.php\/2024\/08\/18\/aprovecha-telchac-fama-de-poseidon-y-contrarrestan-con-el-chaac\/#article\",\"isPartOf\":{\"@id\":\"https:\/\/nitu.mx\/index.php\/2024\/08\/18\/aprovecha-telchac-fama-de-poseidon-y-contrarrestan-con-el-chaac\/\"},\"author\":{\"name\":\"Arturo Medina\",\"@id\":\"https:\/\/nitu.mx\/#\/schema\/person\/ae7a53426417292d3dd07b45a33e01bc\"},\"headline\":\"Aprovecha Telchac fama de &#8220;Poseidon&#8221; y contrarrestan con el Chaac\",\"datePublished\":\"2024-08-18T20:23:08+00:00\",\"dateModified\":\"2024-08-18T20:23:09+00:00\",\"mainEntityOfPage\":{\"@id\":\"https:\/\/nitu.mx\/index.php\/2024\/08\/18\/aprovecha-telchac-fama-de-poseidon-y-contrarrestan-con-el-chaac\/\"},\"wordCount\":267,\"commentCount\":0,\"publisher\":{\"@id\":\"https:\/\/nitu.mx\/#\/schema\/person\/ae7a53426417292d3dd07b45a33e01bc\"},\"image\":{\"@id\":\"https:\/\/nitu.mx\/index.php\/2024\/08\/18\/aprovecha-telchac-fama-de-poseidon-y-contrarrestan-con-el-chaac\/#primaryimage\"},\"thumbnailUrl\":\"https:\/\/nitu.mx\/wp-content\/uploads\/2024\/08\/455844606_943213167845798_2185787475913421983_n.jpg\",\"keywords\":[\"Chaac\",\"Telchac\"],\"articleSection\":[\"Destacados\"],\"inLanguage\":\"es-MX\",\"potentialAction\":[{\"@type\":\"CommentAction\",\"name\":\"Comment\",\"target\":[\"https:\/\/nitu.mx\/index.php\/2024\/08\/18\/aprovecha-telchac-fama-de-poseidon-y-contrarrestan-con-el-chaac\/#respond\"]}]},{\"@type\":\"WebPage\",\"@id\":\"https:\/\/nitu.mx\/index.php\/2024\/08\/18\/aprovecha-telchac-fama-de-poseidon-y-contrarrestan-con-el-chaac\/\",\"url\":\"https:\/\/nitu.mx\/index.php\/2024\/08\/18\/aprovecha-telchac-fama-de-poseidon-y-contrarrestan-con-el-chaac\/\",\"name\":\"Aprovecha Telchac fama de \\\"Poseidon\\\" y contrarrestan con el Chaac - Nitu - Noticias de la Industria Turistica\",\"isPartOf\":{\"@id\":\"https:\/\/nitu.mx\/#website\"},\"primaryImageOfPage\":{\"@id\":\"https:\/\/nitu.mx\/index.php\/2024\/08\/18\/aprovecha-telchac-fama-de-poseidon-y-contrarrestan-con-el-chaac\/#primaryimage\"},\"image\":{\"@id\":\"https:\/\/nitu.mx\/index.php\/2024\/08\/18\/aprovecha-telchac-fama-de-poseidon-y-contrarrestan-con-el-chaac\/#primaryimage\"},\"thumbnailUrl\":\"https:\/\/nitu.mx\/wp-content\/uploads\/2024\/08\/455844606_943213167845798_2185787475913421983_n.jpg\",\"datePublished\":\"2024-08-18T20:23:08+00:00\",\"dateModified\":\"2024-08-18T20:23:09+00:00\",\"breadcrumb\":{\"@id\":\"https:\/\/nitu.mx\/index.php\/2024\/08\/18\/aprovecha-telchac-fama-de-poseidon-y-contrarrestan-con-el-chaac\/#breadcrumb\"},\"inLanguage\":\"es-MX\",\"potentialAction\":[{\"@type\":\"ReadAction\",\"target\":[\"https:\/\/nitu.mx\/index.php\/2024\/08\/18\/aprovecha-telchac-fama-de-poseidon-y-contrarrestan-con-el-chaac\/\"]}]},{\"@type\":\"ImageObject\",\"inLanguage\":\"es-MX\",\"@id\":\"https:\/\/nitu.mx\/index.php\/2024\/08\/18\/aprovecha-telchac-fama-de-poseidon-y-contrarrestan-con-el-chaac\/#primaryimage\",\"url\":\"https:\/\/nitu.mx\/wp-content\/uploads\/2024\/08\/455844606_943213167845798_2185787475913421983_n.jpg\",\"contentUrl\":\"https:\/\/nitu.mx\/wp-content\/uploads\/2024\/08\/455844606_943213167845798_2185787475913421983_n.jpg\",\"width\":1280,\"height\":1104},{\"@type\":\"BreadcrumbList\",\"@id\":\"https:\/\/nitu.mx\/index.php\/2024\/08\/18\/aprovecha-telchac-fama-de-poseidon-y-contrarrestan-con-el-chaac\/#breadcrumb\",\"itemListElement\":[{\"@type\":\"ListItem\",\"position\":1,\"name\":\"Inicio\",\"item\":\"https:\/\/nitu.mx\/\"},{\"@type\":\"ListItem\",\"position\":2,\"name\":\"Aprovecha Telchac fama de &#8220;Poseidon&#8221; y contrarrestan con el Chaac\"}]},{\"@type\":\"WebSite\",\"@id\":\"https:\/\/nitu.mx\/#website\",\"url\":\"https:\/\/nitu.mx\/\",\"name\":\"Nitu - Noticias de la Industria Turistica\",\"description\":\"Noticias de la Industria Turistica\",\"publisher\":{\"@id\":\"https:\/\/nitu.mx\/#\/schema\/person\/ae7a53426417292d3dd07b45a33e01bc\"},\"alternateName\":\"Noticias de la Industria Turistica\",\"potentialAction\":[{\"@type\":\"SearchAction\",\"target\":{\"@type\":\"EntryPoint\",\"urlTemplate\":\"https:\/\/nitu.mx\/?s={search_term_string}\"},\"query-input\":\"required name=search_term_string\"}],\"inLanguage\":\"es-MX\"},{\"@type\":[\"Person\",\"Organization\"],\"@id\":\"https:\/\/nitu.mx\/#\/schema\/person\/ae7a53426417292d3dd07b45a33e01bc\",\"name\":\"Arturo Medina\",\"image\":{\"@type\":\"ImageObject\",\"inLanguage\":\"es-MX\",\"@id\":\"https:\/\/nitu.mx\/#\/schema\/person\/image\/\",\"url\":\"https:\/\/nitu.mx\/wp-content\/uploads\/2024\/04\/4A315622-1904-4D5C-B022-878CDC840E04-90x90-1.jpeg\",\"contentUrl\":\"https:\/\/nitu.mx\/wp-content\/uploads\/2024\/04\/4A315622-1904-4D5C-B022-878CDC840E04-90x90-1.jpeg\",\"width\":90,\"height\":90,\"caption\":\"Arturo Medina\"},\"logo\":{\"@id\":\"https:\/\/nitu.mx\/#\/schema\/person\/image\/\"},\"description\":\"Director NITU.mx, Egresado de la Escuela de Periodismo Carlos Septi\u00e9n Garc\u00eda. Periodista y analista especializado en turismo desde hace 35 a\u00f1os, radicado en Canc\u00fan Q.Roo. arturo@nitu.mx\",\"sameAs\":[\"https:\/\/nitu.mx\",\"https:\/\/www.facebook.com\/NITUmx\/\",\"medinacancun\",\"https:\/\/twitter.com\/@Arturo_Medina_G\"],\"url\":\"https:\/\/nitu.mx\/index.php\/author\/arturo-medina\/\"}]}<\/script>\n<!-- \/ Yoast SEO plugin. -->","yoast_head_json":{"title":"Aprovecha Telchac fama de \"Poseidon\" y contrarrestan con el Chaac - Nitu - Noticias de la Industria Turistica","robots":{"index":"index","follow":"follow","max-snippet":"max-snippet:-1","max-image-preview":"max-image-preview:large","max-video-preview":"max-video-preview:-1"},"canonical":"https:\/\/nitu.mx\/index.php\/2024\/08\/18\/aprovecha-telchac-fama-de-poseidon-y-contrarrestan-con-el-chaac\/","twitter_card":"summary_large_image","twitter_title":"Aprovecha Telchac fama de \"Poseidon\" y contrarrestan con el Chaac - Nitu - Noticias de la Industria Turistica","twitter_description":"La\u00a0escultura de la deidad maya Chaac\u00a0inaugurada apunta a ser el foco de atracci\u00f3n en lo que resta de la actual temporada vacacional de verano, en la develaci\u00f3n de la placa que informa de la donaci\u00f3n de la escultura, el\u00a0alcalde Alfredo Marrufo D\u00edaz\u00a0inform\u00f3 que\u00a0no se busca competir con nadie\u00a0(en referencia a Progreso, con su\u00a0Poseid\u00f3n\u00a0en el mar) [&hellip;]","twitter_image":"https:\/\/nitu.mx\/wp-content\/uploads\/2024\/08\/455844606_943213167845798_2185787475913421983_n.jpg","twitter_creator":"@Arturo_Medina_G","twitter_site":"@Arturo_Medina_G","twitter_misc":{"Escrito por":"Arturo Medina","Tiempo de lectura":"1 minuto"},"schema":{"@context":"https:\/\/schema.org","@graph":[{"@type":"Article","@id":"https:\/\/nitu.mx\/index.php\/2024\/08\/18\/aprovecha-telchac-fama-de-poseidon-y-contrarrestan-con-el-chaac\/#article","isPartOf":{"@id":"https:\/\/nitu.mx\/index.php\/2024\/08\/18\/aprovecha-telchac-fama-de-poseidon-y-contrarrestan-con-el-chaac\/"},"author":{"name":"Arturo Medina","@id":"https:\/\/nitu.mx\/#\/schema\/person\/ae7a53426417292d3dd07b45a33e01bc"},"headline":"Aprovecha Telchac fama de &#8220;Poseidon&#8221; y contrarrestan con el Chaac","datePublished":"2024-08-18T20:23:08+00:00","dateModified":"2024-08-18T20:23:09+00:00","mainEntityOfPage":{"@id":"https:\/\/nitu.mx\/index.php\/2024\/08\/18\/aprovecha-telchac-fama-de-poseidon-y-contrarrestan-con-el-chaac\/"},"wordCount":267,"commentCount":0,"publisher":{"@id":"https:\/\/nitu.mx\/#\/schema\/person\/ae7a53426417292d3dd07b45a33e01bc"},"image":{"@id":"https:\/\/nitu.mx\/index.php\/2024\/08\/18\/aprovecha-telchac-fama-de-poseidon-y-contrarrestan-con-el-chaac\/#primaryimage"},"thumbnailUrl":"https:\/\/nitu.mx\/wp-content\/uploads\/2024\/08\/455844606_943213167845798_2185787475913421983_n.jpg","keywords":["Chaac","Telchac"],"articleSection":["Destacados"],"inLanguage":"es-MX","potentialAction":[{"@type":"CommentAction","name":"Comment","target":["https:\/\/nitu.mx\/index.php\/2024\/08\/18\/aprovecha-telchac-fama-de-poseidon-y-contrarrestan-con-el-chaac\/#respond"]}]},{"@type":"WebPage","@id":"https:\/\/nitu.mx\/index.php\/2024\/08\/18\/aprovecha-telchac-fama-de-poseidon-y-contrarrestan-con-el-chaac\/","url":"https:\/\/nitu.mx\/index.php\/2024\/08\/18\/aprovecha-telchac-fama-de-poseidon-y-contrarrestan-con-el-chaac\/","name":"Aprovecha Telchac fama de \"Poseidon\" y contrarrestan con el Chaac - Nitu - Noticias de la Industria Turistica","isPartOf":{"@id":"https:\/\/nitu.mx\/#website"},"primaryImageOfPage":{"@id":"https:\/\/nitu.mx\/index.php\/2024\/08\/18\/aprovecha-telchac-fama-de-poseidon-y-contrarrestan-con-el-chaac\/#primaryimage"},"image":{"@id":"https:\/\/nitu.mx\/index.php\/2024\/08\/18\/aprovecha-telchac-fama-de-poseidon-y-contrarrestan-con-el-chaac\/#primaryimage"},"thumbnailUrl":"https:\/\/nitu.mx\/wp-content\/uploads\/2024\/08\/455844606_943213167845798_2185787475913421983_n.jpg","datePublished":"2024-08-18T20:23:08+00:00","dateModified":"2024-08-18T20:23:09+00:00","breadcrumb":{"@id":"https:\/\/nitu.mx\/index.php\/2024\/08\/18\/aprovecha-telchac-fama-de-poseidon-y-contrarrestan-con-el-chaac\/#breadcrumb"},"inLanguage":"es-MX","potentialAction":[{"@type":"ReadAction","target":["https:\/\/nitu.mx\/index.php\/2024\/08\/18\/aprovecha-telchac-fama-de-poseidon-y-contrarrestan-con-el-chaac\/"]}]},{"@type":"ImageObject","inLanguage":"es-MX","@id":"https:\/\/nitu.mx\/index.php\/2024\/08\/18\/aprovecha-telchac-fama-de-poseidon-y-contrarrestan-con-el-chaac\/#primaryimage","url":"https:\/\/nitu.mx\/wp-content\/uploads\/2024\/08\/455844606_943213167845798_2185787475913421983_n.jpg","contentUrl":"https:\/\/nitu.mx\/wp-content\/uploads\/2024\/08\/455844606_943213167845798_2185787475913421983_n.jpg","width":1280,"height":1104},{"@type":"BreadcrumbList","@id":"https:\/\/nitu.mx\/index.php\/2024\/08\/18\/aprovecha-telchac-fama-de-poseidon-y-contrarrestan-con-el-chaac\/#breadcrumb","itemListElement":[{"@type":"ListItem","position":1,"name":"Inicio","item":"https:\/\/nitu.mx\/"},{"@type":"ListItem","position":2,"name":"Aprovecha Telchac fama de &#8220;Poseidon&#8221; y contrarrestan con el Chaac"}]},{"@type":"WebSite","@id":"https:\/\/nitu.mx\/#website","url":"https:\/\/nitu.mx\/","name":"Nitu - Noticias de la Industria Turistica","description":"Noticias de la Industria Turistica","publisher":{"@id":"https:\/\/nitu.mx\/#\/schema\/person\/ae7a53426417292d3dd07b45a33e01bc"},"alternateName":"Noticias de la Industria Turistica","potentialAction":[{"@type":"SearchAction","target":{"@type":"EntryPoint","urlTemplate":"https:\/\/nitu.mx\/?s={search_term_string}"},"query-input":"required name=search_term_string"}],"inLanguage":"es-MX"},{"@type":["Person","Organization"],"@id":"https:\/\/nitu.mx\/#\/schema\/person\/ae7a53426417292d3dd07b45a33e01bc","name":"Arturo Medina","image":{"@type":"ImageObject","inLanguage":"es-MX","@id":"https:\/\/nitu.mx\/#\/schema\/person\/image\/","url":"https:\/\/nitu.mx\/wp-content\/uploads\/2024\/04\/4A315622-1904-4D5C-B022-878CDC840E04-90x90-1.jpeg","contentUrl":"https:\/\/nitu.mx\/wp-content\/uploads\/2024\/04\/4A315622-1904-4D5C-B022-878CDC840E04-90x90-1.jpeg","width":90,"height":90,"caption":"Arturo Medina"},"logo":{"@id":"https:\/\/nitu.mx\/#\/schema\/person\/image\/"},"description":"Director NITU.mx, Egresado de la Escuela de Periodismo Carlos Septi\u00e9n Garc\u00eda. Periodista y analista especializado en turismo desde hace 35 a\u00f1os, radicado en Canc\u00fan Q.Roo. arturo@nitu.mx","sameAs":["https:\/\/nitu.mx","https:\/\/www.facebook.com\/NITUmx\/","medinacancun","https:\/\/twitter.com\/@Arturo_Medina_G"],"url":"https:\/\/nitu.mx\/index.php\/author\/arturo-medina\/"}]}},"views":584,"_links":{"self":[{"href":"https:\/\/nitu.mx\/index.php\/wp-json\/wp\/v2\/posts\/74071"}],"collection":[{"href":"https:\/\/nitu.mx\/index.php\/wp-json\/wp\/v2\/posts"}],"about":[{"href":"https:\/\/nitu.mx\/index.php\/wp-json\/wp\/v2\/types\/post"}],"author":[{"embeddable":true,"href":"https:\/\/nitu.mx\/index.php\/wp-json\/wp\/v2\/users\/2"}],"replies":[{"embeddable":true,"href":"https:\/\/nitu.mx\/index.php\/wp-json\/wp\/v2\/comments?post=74071"}],"version-history":[{"count":3,"href":"https:\/\/nitu.mx\/index.php\/wp-json\/wp\/v2\/posts\/74071\/revisions"}],"predecessor-version":[{"id":74078,"href":"https:\/\/nitu.mx\/index.php\/wp-json\/wp\/v2\/posts\/74071\/revisions\/74078"}],"wp:featuredmedia":[{"embeddable":true,"href":"https:\/\/nitu.mx\/index.php\/wp-json\/wp\/v2\/media\/74075"}],"wp:attachment":[{"href":"https:\/\/nitu.mx\/index.php\/wp-json\/wp\/v2\/media?parent=74071"}],"wp:term":[{"taxonomy":"category","embeddable":true,"href":"https:\/\/nitu.mx\/index.php\/wp-json\/wp\/v2\/categories?post=74071"},{"taxonomy":"post_tag","embeddable":true,"href":"https:\/\/nitu.mx\/index.php\/wp-json\/wp\/v2\/tags?post=74071"}],"curies":[{"name":"wp","href":"https:\/\/api.w.org\/{rel}","templated":true}]}}