{"id":74027,"date":"2024-08-15T23:51:00","date_gmt":"2024-08-16T05:51:00","guid":{"rendered":"https:\/\/nitu.mx\/?p=74027"},"modified":"2024-08-15T23:51:00","modified_gmt":"2024-08-16T05:51:00","slug":"viva-aerobus-expande-conexiones-desde-tijuana-con-cuatro-nuevas-rutas","status":"publish","type":"post","link":"https:\/\/nitu.mx\/index.php\/2024\/08\/15\/viva-aerobus-expande-conexiones-desde-tijuana-con-cuatro-nuevas-rutas\/","title":{"rendered":"Viva Aerobus expande conexiones desde Tijuana con cuatro nuevas rutas"},"content":{"rendered":"<p>Viva Aerobus anunci\u00f3 la apertura de cuatro nuevas rutas desde Tijuana hacia Hermosillo, La Paz, Quer\u00e9taro y Veracruz, a partir de mayo de 2025. Esta expansi\u00f3n incrementa en un 29% su oferta de vuelos desde la ciudad fronteriza, sumando un total de 18 destinos operados desde Tijuana.<\/p>\n<p>Con esta ampliaci\u00f3n, Viva Aerobus refuerza su compromiso con la mejora de la conectividad en el norte de M\u00e9xico. Adem\u00e1s de fortalecer sus rutas dom\u00e9sticas, la aerol\u00ednea tambi\u00e9n se enfoca en mejorar la experiencia de cruce fronterizo con Estados Unidos, facilitando la compra de boletos para el Cross Border Xpress (CBX), un puente peatonal que conecta el Aeropuerto de Tijuana con San Diego.<\/p>\n<p>En su estrategia de crecimiento, la aerol\u00ednea tambi\u00e9n lanzar\u00e1 una nueva ruta diaria entre Mexicali y Guadalajara a partir del 2 de diciembre, y aumentar\u00e1 la frecuencia de la ruta Monterrey-Mexicali a un vuelo diario. Con una flota moderna de 85 aviones Airbus A320 y A321. <a href=\"https:\/\/nitu.mx\/index.php\/2024\/08\/13\/aviones-en-arrendamiento-humedo-un-reto-para-el-mantenimiento-en-viva-aerobus\/\">(Aviones en arrendamiento h\u00famedo: Un reto para el mantenimiento en Viva Aerobus<\/a>).<\/p>\n","protected":false},"excerpt":{"rendered":"<p>Viva Aerobus anunci\u00f3 la apertura de cuatro nuevas rutas desde Tijuana hacia Hermosillo, La Paz, Quer\u00e9taro y Veracruz, a partir de mayo de 2025. Esta expansi\u00f3n incrementa en un 29% su oferta de vuelos desde la ciudad fronteriza, sumando un total de 18 destinos operados desde Tijuana. Con esta ampliaci\u00f3n, Viva Aerobus refuerza su compromiso [&hellip;]<\/p>\n","protected":false},"author":3,"featured_media":47779,"comment_status":"open","ping_status":"open","sticky":false,"template":"","format":"standard","meta":{"footnotes":""},"categories":[29,5],"tags":[9869,5168,489,2102],"yoast_head":"<!-- This site is optimized with the Yoast SEO plugin v22.2 - https:\/\/yoast.com\/wordpress\/plugins\/seo\/ -->\n<title>Viva Aerobus expande conexiones desde Tijuana con cuatro nuevas rutas - Nitu - Noticias de la Industria Turistica<\/title>\n<meta name=\"robots\" content=\"index, follow, max-snippet:-1, max-image-preview:large, max-video-preview:-1\" \/>\n<link rel=\"canonical\" href=\"https:\/\/nitu.mx\/index.php\/2024\/08\/15\/viva-aerobus-expande-conexiones-desde-tijuana-con-cuatro-nuevas-rutas\/\" \/>\n<meta name=\"twitter:card\" content=\"summary_large_image\" \/>\n<meta name=\"twitter:title\" content=\"Viva Aerobus expande conexiones desde Tijuana con cuatro nuevas rutas - Nitu - Noticias de la Industria Turistica\" \/>\n<meta name=\"twitter:description\" content=\"Viva Aerobus anunci\u00f3 la apertura de cuatro nuevas rutas desde Tijuana hacia Hermosillo, La Paz, Quer\u00e9taro y Veracruz, a partir de mayo de 2025. Esta expansi\u00f3n incrementa en un 29% su oferta de vuelos desde la ciudad fronteriza, sumando un total de 18 destinos operados desde Tijuana. Con esta ampliaci\u00f3n, Viva Aerobus refuerza su compromiso [&hellip;]\" \/>\n<meta name=\"twitter:image\" content=\"https:\/\/nitu.mx\/wp-content\/uploads\/2020\/11\/Viva-aerobus.jpg\" \/>\n<meta name=\"twitter:creator\" content=\"@NITUmx\" \/>\n<meta name=\"twitter:site\" content=\"@Arturo_Medina_G\" \/>\n<meta name=\"twitter:label1\" content=\"Escrito por\" \/>\n\t<meta name=\"twitter:data1\" content=\"Alejandra Moncisbays\" \/>\n\t<meta name=\"twitter:label2\" content=\"Tiempo de lectura\" \/>\n\t<meta name=\"twitter:data2\" content=\"1 minuto\" \/>\n<script type=\"application\/ld+json\" class=\"yoast-schema-graph\">{\"@context\":\"https:\/\/schema.org\",\"@graph\":[{\"@type\":\"Article\",\"@id\":\"https:\/\/nitu.mx\/index.php\/2024\/08\/15\/viva-aerobus-expande-conexiones-desde-tijuana-con-cuatro-nuevas-rutas\/#article\",\"isPartOf\":{\"@id\":\"https:\/\/nitu.mx\/index.php\/2024\/08\/15\/viva-aerobus-expande-conexiones-desde-tijuana-con-cuatro-nuevas-rutas\/\"},\"author\":{\"name\":\"Alejandra Moncisbays\",\"@id\":\"https:\/\/nitu.mx\/#\/schema\/person\/2ecd887b19dfd3382d1f14fc5acf24a8\"},\"headline\":\"Viva Aerobus expande conexiones desde Tijuana con cuatro nuevas rutas\",\"datePublished\":\"2024-08-16T05:51:00+00:00\",\"dateModified\":\"2024-08-16T05:51:00+00:00\",\"mainEntityOfPage\":{\"@id\":\"https:\/\/nitu.mx\/index.php\/2024\/08\/15\/viva-aerobus-expande-conexiones-desde-tijuana-con-cuatro-nuevas-rutas\/\"},\"wordCount\":184,\"commentCount\":0,\"publisher\":{\"@id\":\"https:\/\/nitu.mx\/#\/schema\/person\/ae7a53426417292d3dd07b45a33e01bc\"},\"image\":{\"@id\":\"https:\/\/nitu.mx\/index.php\/2024\/08\/15\/viva-aerobus-expande-conexiones-desde-tijuana-con-cuatro-nuevas-rutas\/#primaryimage\"},\"thumbnailUrl\":\"https:\/\/nitu.mx\/wp-content\/uploads\/2020\/11\/Viva-aerobus.jpg\",\"keywords\":[\"conexiones\",\"rutas\",\"Tijuana\",\"Viva Aerobus\"],\"articleSection\":[\"Aerol\u00edneas\",\"Destinos\"],\"inLanguage\":\"es-MX\",\"potentialAction\":[{\"@type\":\"CommentAction\",\"name\":\"Comment\",\"target\":[\"https:\/\/nitu.mx\/index.php\/2024\/08\/15\/viva-aerobus-expande-conexiones-desde-tijuana-con-cuatro-nuevas-rutas\/#respond\"]}]},{\"@type\":\"WebPage\",\"@id\":\"https:\/\/nitu.mx\/index.php\/2024\/08\/15\/viva-aerobus-expande-conexiones-desde-tijuana-con-cuatro-nuevas-rutas\/\",\"url\":\"https:\/\/nitu.mx\/index.php\/2024\/08\/15\/viva-aerobus-expande-conexiones-desde-tijuana-con-cuatro-nuevas-rutas\/\",\"name\":\"Viva Aerobus expande conexiones desde Tijuana con cuatro nuevas rutas - Nitu - Noticias de la Industria Turistica\",\"isPartOf\":{\"@id\":\"https:\/\/nitu.mx\/#website\"},\"primaryImageOfPage\":{\"@id\":\"https:\/\/nitu.mx\/index.php\/2024\/08\/15\/viva-aerobus-expande-conexiones-desde-tijuana-con-cuatro-nuevas-rutas\/#primaryimage\"},\"image\":{\"@id\":\"https:\/\/nitu.mx\/index.php\/2024\/08\/15\/viva-aerobus-expande-conexiones-desde-tijuana-con-cuatro-nuevas-rutas\/#primaryimage\"},\"thumbnailUrl\":\"https:\/\/nitu.mx\/wp-content\/uploads\/2020\/11\/Viva-aerobus.jpg\",\"datePublished\":\"2024-08-16T05:51:00+00:00\",\"dateModified\":\"2024-08-16T05:51:00+00:00\",\"breadcrumb\":{\"@id\":\"https:\/\/nitu.mx\/index.php\/2024\/08\/15\/viva-aerobus-expande-conexiones-desde-tijuana-con-cuatro-nuevas-rutas\/#breadcrumb\"},\"inLanguage\":\"es-MX\",\"potentialAction\":[{\"@type\":\"ReadAction\",\"target\":[\"https:\/\/nitu.mx\/index.php\/2024\/08\/15\/viva-aerobus-expande-conexiones-desde-tijuana-con-cuatro-nuevas-rutas\/\"]}]},{\"@type\":\"ImageObject\",\"inLanguage\":\"es-MX\",\"@id\":\"https:\/\/nitu.mx\/index.php\/2024\/08\/15\/viva-aerobus-expande-conexiones-desde-tijuana-con-cuatro-nuevas-rutas\/#primaryimage\",\"url\":\"https:\/\/nitu.mx\/wp-content\/uploads\/2020\/11\/Viva-aerobus.jpg\",\"contentUrl\":\"https:\/\/nitu.mx\/wp-content\/uploads\/2020\/11\/Viva-aerobus.jpg\",\"width\":1200,\"height\":675,\"caption\":\"Viva Aerobus\"},{\"@type\":\"BreadcrumbList\",\"@id\":\"https:\/\/nitu.mx\/index.php\/2024\/08\/15\/viva-aerobus-expande-conexiones-desde-tijuana-con-cuatro-nuevas-rutas\/#breadcrumb\",\"itemListElement\":[{\"@type\":\"ListItem\",\"position\":1,\"name\":\"Inicio\",\"item\":\"https:\/\/nitu.mx\/\"},{\"@type\":\"ListItem\",\"position\":2,\"name\":\"Viva Aerobus expande conexiones desde Tijuana con cuatro nuevas rutas\"}]},{\"@type\":\"WebSite\",\"@id\":\"https:\/\/nitu.mx\/#website\",\"url\":\"https:\/\/nitu.mx\/\",\"name\":\"Nitu - Noticias de la Industria Turistica\",\"description\":\"Noticias de la Industria Turistica\",\"publisher\":{\"@id\":\"https:\/\/nitu.mx\/#\/schema\/person\/ae7a53426417292d3dd07b45a33e01bc\"},\"alternateName\":\"Noticias de la Industria Turistica\",\"potentialAction\":[{\"@type\":\"SearchAction\",\"target\":{\"@type\":\"EntryPoint\",\"urlTemplate\":\"https:\/\/nitu.mx\/?s={search_term_string}\"},\"query-input\":\"required name=search_term_string\"}],\"inLanguage\":\"es-MX\"},{\"@type\":[\"Person\",\"Organization\"],\"@id\":\"https:\/\/nitu.mx\/#\/schema\/person\/ae7a53426417292d3dd07b45a33e01bc\",\"name\":\"Arturo Medina\",\"image\":{\"@type\":\"ImageObject\",\"inLanguage\":\"es-MX\",\"@id\":\"https:\/\/nitu.mx\/#\/schema\/person\/image\/\",\"url\":\"https:\/\/nitu.mx\/wp-content\/uploads\/2024\/04\/4A315622-1904-4D5C-B022-878CDC840E04-90x90-1.jpeg\",\"contentUrl\":\"https:\/\/nitu.mx\/wp-content\/uploads\/2024\/04\/4A315622-1904-4D5C-B022-878CDC840E04-90x90-1.jpeg\",\"width\":90,\"height\":90,\"caption\":\"Arturo Medina\"},\"logo\":{\"@id\":\"https:\/\/nitu.mx\/#\/schema\/person\/image\/\"},\"description\":\"Director NITU.mx, Egresado de la Escuela de Periodismo Carlos Septi\u00e9n Garc\u00eda. Periodista y analista especializado en turismo desde hace 35 a\u00f1os, radicado en Canc\u00fan Q.Roo. arturo@nitu.mx\",\"sameAs\":[\"https:\/\/nitu.mx\",\"https:\/\/www.facebook.com\/NITUmx\/\",\"medinacancun\",\"https:\/\/twitter.com\/@Arturo_Medina_G\"]},{\"@type\":\"Person\",\"@id\":\"https:\/\/nitu.mx\/#\/schema\/person\/2ecd887b19dfd3382d1f14fc5acf24a8\",\"name\":\"Alejandra Moncisbays\",\"image\":{\"@type\":\"ImageObject\",\"inLanguage\":\"es-MX\",\"@id\":\"https:\/\/nitu.mx\/#\/schema\/person\/image\/\",\"url\":\"https:\/\/secure.gravatar.com\/avatar\/e74f7af0be172b7804dacfd0bfbef787?s=96&d=mm&r=g\",\"contentUrl\":\"https:\/\/secure.gravatar.com\/avatar\/e74f7af0be172b7804dacfd0bfbef787?s=96&d=mm&r=g\",\"caption\":\"Alejandra Moncisbays\"},\"description\":\"Curs\u00e9 la carrera de Periodismo y Comunicaci\u00f3n en la Facultad de Estudios Profesionales Acatl\u00e1n. Vivo en Canc\u00fan desde hace 24 a\u00f1os. Fui reportera de La Tarde de Canc\u00fan, y Novedades de Quintana Roo, colabor\u00e9 en TVCUN, edit\u00e9 Cancun\u00edssimo y colabor\u00e9 en las revistas Latitud21, entre otras, con principal enfoque en los sectores empresarial y tur\u00edstico. Desde hace varios a\u00f1os soy Agente de Seguros con c\u00e9dula de la Comisi\u00f3n Nacional de Seguros y Fianzas. Actualmente, me desarrollo en los \u00e1mbitos del periodismo y el sector asegurador.\",\"sameAs\":[\"https:\/\/nitu.mx\"],\"url\":\"https:\/\/nitu.mx\/index.php\/author\/alejandra\/\"}]}<\/script>\n<!-- \/ Yoast SEO plugin. -->","yoast_head_json":{"title":"Viva Aerobus expande conexiones desde Tijuana con cuatro nuevas rutas - Nitu - Noticias de la Industria Turistica","robots":{"index":"index","follow":"follow","max-snippet":"max-snippet:-1","max-image-preview":"max-image-preview:large","max-video-preview":"max-video-preview:-1"},"canonical":"https:\/\/nitu.mx\/index.php\/2024\/08\/15\/viva-aerobus-expande-conexiones-desde-tijuana-con-cuatro-nuevas-rutas\/","twitter_card":"summary_large_image","twitter_title":"Viva Aerobus expande conexiones desde Tijuana con cuatro nuevas rutas - Nitu - Noticias de la Industria Turistica","twitter_description":"Viva Aerobus anunci\u00f3 la apertura de cuatro nuevas rutas desde Tijuana hacia Hermosillo, La Paz, Quer\u00e9taro y Veracruz, a partir de mayo de 2025. Esta expansi\u00f3n incrementa en un 29% su oferta de vuelos desde la ciudad fronteriza, sumando un total de 18 destinos operados desde Tijuana. Con esta ampliaci\u00f3n, Viva Aerobus refuerza su compromiso [&hellip;]","twitter_image":"https:\/\/nitu.mx\/wp-content\/uploads\/2020\/11\/Viva-aerobus.jpg","twitter_creator":"@NITUmx","twitter_site":"@Arturo_Medina_G","twitter_misc":{"Escrito por":"Alejandra Moncisbays","Tiempo de lectura":"1 minuto"},"schema":{"@context":"https:\/\/schema.org","@graph":[{"@type":"Article","@id":"https:\/\/nitu.mx\/index.php\/2024\/08\/15\/viva-aerobus-expande-conexiones-desde-tijuana-con-cuatro-nuevas-rutas\/#article","isPartOf":{"@id":"https:\/\/nitu.mx\/index.php\/2024\/08\/15\/viva-aerobus-expande-conexiones-desde-tijuana-con-cuatro-nuevas-rutas\/"},"author":{"name":"Alejandra Moncisbays","@id":"https:\/\/nitu.mx\/#\/schema\/person\/2ecd887b19dfd3382d1f14fc5acf24a8"},"headline":"Viva Aerobus expande conexiones desde Tijuana con cuatro nuevas rutas","datePublished":"2024-08-16T05:51:00+00:00","dateModified":"2024-08-16T05:51:00+00:00","mainEntityOfPage":{"@id":"https:\/\/nitu.mx\/index.php\/2024\/08\/15\/viva-aerobus-expande-conexiones-desde-tijuana-con-cuatro-nuevas-rutas\/"},"wordCount":184,"commentCount":0,"publisher":{"@id":"https:\/\/nitu.mx\/#\/schema\/person\/ae7a53426417292d3dd07b45a33e01bc"},"image":{"@id":"https:\/\/nitu.mx\/index.php\/2024\/08\/15\/viva-aerobus-expande-conexiones-desde-tijuana-con-cuatro-nuevas-rutas\/#primaryimage"},"thumbnailUrl":"https:\/\/nitu.mx\/wp-content\/uploads\/2020\/11\/Viva-aerobus.jpg","keywords":["conexiones","rutas","Tijuana","Viva Aerobus"],"articleSection":["Aerol\u00edneas","Destinos"],"inLanguage":"es-MX","potentialAction":[{"@type":"CommentAction","name":"Comment","target":["https:\/\/nitu.mx\/index.php\/2024\/08\/15\/viva-aerobus-expande-conexiones-desde-tijuana-con-cuatro-nuevas-rutas\/#respond"]}]},{"@type":"WebPage","@id":"https:\/\/nitu.mx\/index.php\/2024\/08\/15\/viva-aerobus-expande-conexiones-desde-tijuana-con-cuatro-nuevas-rutas\/","url":"https:\/\/nitu.mx\/index.php\/2024\/08\/15\/viva-aerobus-expande-conexiones-desde-tijuana-con-cuatro-nuevas-rutas\/","name":"Viva Aerobus expande conexiones desde Tijuana con cuatro nuevas rutas - Nitu - Noticias de la Industria Turistica","isPartOf":{"@id":"https:\/\/nitu.mx\/#website"},"primaryImageOfPage":{"@id":"https:\/\/nitu.mx\/index.php\/2024\/08\/15\/viva-aerobus-expande-conexiones-desde-tijuana-con-cuatro-nuevas-rutas\/#primaryimage"},"image":{"@id":"https:\/\/nitu.mx\/index.php\/2024\/08\/15\/viva-aerobus-expande-conexiones-desde-tijuana-con-cuatro-nuevas-rutas\/#primaryimage"},"thumbnailUrl":"https:\/\/nitu.mx\/wp-content\/uploads\/2020\/11\/Viva-aerobus.jpg","datePublished":"2024-08-16T05:51:00+00:00","dateModified":"2024-08-16T05:51:00+00:00","breadcrumb":{"@id":"https:\/\/nitu.mx\/index.php\/2024\/08\/15\/viva-aerobus-expande-conexiones-desde-tijuana-con-cuatro-nuevas-rutas\/#breadcrumb"},"inLanguage":"es-MX","potentialAction":[{"@type":"ReadAction","target":["https:\/\/nitu.mx\/index.php\/2024\/08\/15\/viva-aerobus-expande-conexiones-desde-tijuana-con-cuatro-nuevas-rutas\/"]}]},{"@type":"ImageObject","inLanguage":"es-MX","@id":"https:\/\/nitu.mx\/index.php\/2024\/08\/15\/viva-aerobus-expande-conexiones-desde-tijuana-con-cuatro-nuevas-rutas\/#primaryimage","url":"https:\/\/nitu.mx\/wp-content\/uploads\/2020\/11\/Viva-aerobus.jpg","contentUrl":"https:\/\/nitu.mx\/wp-content\/uploads\/2020\/11\/Viva-aerobus.jpg","width":1200,"height":675,"caption":"Viva Aerobus"},{"@type":"BreadcrumbList","@id":"https:\/\/nitu.mx\/index.php\/2024\/08\/15\/viva-aerobus-expande-conexiones-desde-tijuana-con-cuatro-nuevas-rutas\/#breadcrumb","itemListElement":[{"@type":"ListItem","position":1,"name":"Inicio","item":"https:\/\/nitu.mx\/"},{"@type":"ListItem","position":2,"name":"Viva Aerobus expande conexiones desde Tijuana con cuatro nuevas rutas"}]},{"@type":"WebSite","@id":"https:\/\/nitu.mx\/#website","url":"https:\/\/nitu.mx\/","name":"Nitu - Noticias de la Industria Turistica","description":"Noticias de la Industria Turistica","publisher":{"@id":"https:\/\/nitu.mx\/#\/schema\/person\/ae7a53426417292d3dd07b45a33e01bc"},"alternateName":"Noticias de la Industria Turistica","potentialAction":[{"@type":"SearchAction","target":{"@type":"EntryPoint","urlTemplate":"https:\/\/nitu.mx\/?s={search_term_string}"},"query-input":"required name=search_term_string"}],"inLanguage":"es-MX"},{"@type":["Person","Organization"],"@id":"https:\/\/nitu.mx\/#\/schema\/person\/ae7a53426417292d3dd07b45a33e01bc","name":"Arturo Medina","image":{"@type":"ImageObject","inLanguage":"es-MX","@id":"https:\/\/nitu.mx\/#\/schema\/person\/image\/","url":"https:\/\/nitu.mx\/wp-content\/uploads\/2024\/04\/4A315622-1904-4D5C-B022-878CDC840E04-90x90-1.jpeg","contentUrl":"https:\/\/nitu.mx\/wp-content\/uploads\/2024\/04\/4A315622-1904-4D5C-B022-878CDC840E04-90x90-1.jpeg","width":90,"height":90,"caption":"Arturo Medina"},"logo":{"@id":"https:\/\/nitu.mx\/#\/schema\/person\/image\/"},"description":"Director NITU.mx, Egresado de la Escuela de Periodismo Carlos Septi\u00e9n Garc\u00eda. Periodista y analista especializado en turismo desde hace 35 a\u00f1os, radicado en Canc\u00fan Q.Roo. arturo@nitu.mx","sameAs":["https:\/\/nitu.mx","https:\/\/www.facebook.com\/NITUmx\/","medinacancun","https:\/\/twitter.com\/@Arturo_Medina_G"]},{"@type":"Person","@id":"https:\/\/nitu.mx\/#\/schema\/person\/2ecd887b19dfd3382d1f14fc5acf24a8","name":"Alejandra Moncisbays","image":{"@type":"ImageObject","inLanguage":"es-MX","@id":"https:\/\/nitu.mx\/#\/schema\/person\/image\/","url":"https:\/\/secure.gravatar.com\/avatar\/e74f7af0be172b7804dacfd0bfbef787?s=96&d=mm&r=g","contentUrl":"https:\/\/secure.gravatar.com\/avatar\/e74f7af0be172b7804dacfd0bfbef787?s=96&d=mm&r=g","caption":"Alejandra Moncisbays"},"description":"Curs\u00e9 la carrera de Periodismo y Comunicaci\u00f3n en la Facultad de Estudios Profesionales Acatl\u00e1n. Vivo en Canc\u00fan desde hace 24 a\u00f1os. Fui reportera de La Tarde de Canc\u00fan, y Novedades de Quintana Roo, colabor\u00e9 en TVCUN, edit\u00e9 Cancun\u00edssimo y colabor\u00e9 en las revistas Latitud21, entre otras, con principal enfoque en los sectores empresarial y tur\u00edstico. Desde hace varios a\u00f1os soy Agente de Seguros con c\u00e9dula de la Comisi\u00f3n Nacional de Seguros y Fianzas. Actualmente, me desarrollo en los \u00e1mbitos del periodismo y el sector asegurador.","sameAs":["https:\/\/nitu.mx"],"url":"https:\/\/nitu.mx\/index.php\/author\/alejandra\/"}]}},"views":1100,"_links":{"self":[{"href":"https:\/\/nitu.mx\/index.php\/wp-json\/wp\/v2\/posts\/74027"}],"collection":[{"href":"https:\/\/nitu.mx\/index.php\/wp-json\/wp\/v2\/posts"}],"about":[{"href":"https:\/\/nitu.mx\/index.php\/wp-json\/wp\/v2\/types\/post"}],"author":[{"embeddable":true,"href":"https:\/\/nitu.mx\/index.php\/wp-json\/wp\/v2\/users\/3"}],"replies":[{"embeddable":true,"href":"https:\/\/nitu.mx\/index.php\/wp-json\/wp\/v2\/comments?post=74027"}],"version-history":[{"count":2,"href":"https:\/\/nitu.mx\/index.php\/wp-json\/wp\/v2\/posts\/74027\/revisions"}],"predecessor-version":[{"id":74047,"href":"https:\/\/nitu.mx\/index.php\/wp-json\/wp\/v2\/posts\/74027\/revisions\/74047"}],"wp:featuredmedia":[{"embeddable":true,"href":"https:\/\/nitu.mx\/index.php\/wp-json\/wp\/v2\/media\/47779"}],"wp:attachment":[{"href":"https:\/\/nitu.mx\/index.php\/wp-json\/wp\/v2\/media?parent=74027"}],"wp:term":[{"taxonomy":"category","embeddable":true,"href":"https:\/\/nitu.mx\/index.php\/wp-json\/wp\/v2\/categories?post=74027"},{"taxonomy":"post_tag","embeddable":true,"href":"https:\/\/nitu.mx\/index.php\/wp-json\/wp\/v2\/tags?post=74027"}],"curies":[{"name":"wp","href":"https:\/\/api.w.org\/{rel}","templated":true}]}}