{"id":7392,"date":"2017-03-01T00:05:34","date_gmt":"2017-03-01T05:05:34","guid":{"rendered":"http:\/\/www.dev.nitu.mx\/?p=7392"},"modified":"2017-03-01T01:04:26","modified_gmt":"2017-03-01T06:04:26","slug":"transportistas-turisticos-piden-regular-a-transportistas-foraneos","status":"publish","type":"post","link":"https:\/\/nitu.mx\/index.php\/2017\/03\/01\/transportistas-turisticos-piden-regular-a-transportistas-foraneos\/","title":{"rendered":"Ni Uber ni competencia for\u00e1nea exigen Transportistas Tur\u00edsticos"},"content":{"rendered":"<p><!--more-->La Organizaci\u00f3n de Transportistas Tur\u00edsticos y Aeroportuarios (OTTA) solicit\u00f3 al gobierno de Quintana Roo regular la presencia de m\u00e1s de 800 transportistas de otras partes del pa\u00eds, que llegan cada a\u00f1o a Canc\u00fan atra\u00eddos por los m\u00e1s de cinco millones de turistas que utilizan estos servicios en la terminal a\u00e9rea y que generan una derrama econ\u00f3mica estimada en 100 millones de d\u00f3lares.<\/p>\n<p>Javier Gonz\u00e1lez G\u00f3mez, presidente de esta agrupaci\u00f3n que integra a m\u00e1s de 15 empresas y 400 unidades de transporte, se\u00f1al\u00f3 la necesidad de crear mecanismos fiscales que permitan competir en igualdad contra empresas, que brindan este servicio sin concesi\u00f3n federal o estatal, as\u00ed como con estas transportadoras for\u00e1neas que llegan principalmente en la temporada vacacional alta y en el marco de convenciones y otros grandes eventos.<\/p>\n<p>\u201cSi bien las placas federales permiten trabajar en todo el pa\u00eds, es necesario que el gobierno del estado cree mecanismos que brinden prioridad y derecho de piso a quienes tributamos en el estado, generamos empleos e invertimos en la entidad. Estas transportadoras no tienen arraigo, termina la temporada alta y se van\u201d, se\u00f1al\u00f3 el tambi\u00e9n director general de la Asociaci\u00f3n de Gu\u00edas Independientes (AGI Tours), empresa que reci\u00e9n celebr\u00f3 su 20 aniversario.<\/p>\n<p>En ese sentido, Gonz\u00e1lez G\u00f3mez propuso el crear un gravamen o impuesto que paguen estas transportadoras \u201cgolondrinas\u201d, que llegan de lugares como Acapulco, Toluca, Puebla, Los Cabos, Mazatl\u00e1n y la Ciudad de M\u00e9xico. \u201cHemos detectado que en temporadas altas o bonanza tur\u00edstica llegan m\u00e1s de 300 transportistas y a lo largo del a\u00f1o suman alrededor de 800, las cu\u00e1les no dejan ning\u00fan beneficio al estado\u201d, enfatiz\u00f3.<\/p>\n<p>El dirigente de la agrupaci\u00f3n se\u00f1al\u00f3 que el a\u00f1o pasado unos cinco millones de pasajeros que llegaron v\u00eda a\u00e9rea al Aeropuerto Internacional de Canc\u00fan, invirtieron en promedio 20 d\u00f3lares en transporte para trasladarse del aeropuerto al hotel y viceversa, lo cual gener\u00f3 una derrama econ\u00f3mica por 100 millones de d\u00f3lares.<\/p>\n<p>\u201cEs justo que ese dinero se quede en el estado, en empresas que generamos impuestos y creamos fuentes de trabajo como choferes, mec\u00e1nicos, lavadores, equipos de seguridad, entre otros\u201d, enfatiz\u00f3 el empresario y propietario de AGI Tours, empresa que surge en 1997, y que hoy cuenta con 17 veh\u00edculos con capacidad para transportar a alrededor de 100 mil turistas hacia diferentes atractivos tur\u00edsticos de la entidad, as\u00ed como a Chich\u00e9n Itz\u00e1, otras entidades de M\u00e9xico y Centroam\u00e9rica.<\/p>\n<p>A esta exigencia se suma la que ya exist\u00eda por la operaci\u00f3n de Uber en este destino, como lo informamos en <em><strong>NITU.mx<\/strong><\/em>.\u00a0(<a title=\"Empresas de transporte tur\u00edstico en Canc\u00fan, ajenas a AMAV, no quieren a Uber\" href=\"http:\/\/www.dev.nitu.mx\/index.php\/2016\/09\/21\/transportadoras-turisticas-en-cancun-ajenas-a-amav-no-quieren-a-uber\/\" rel=\"bookmark\">Empresas de transporte tur\u00edstico en Canc\u00fan, ajenas a AMAV, no quieren a Uber<\/a>).<\/p>\n","protected":false},"excerpt":{"rendered":"<p>La Organizaci\u00f3n de Transportistas Tur\u00edsticos y Aeroportuarios (OTTA) solicit\u00f3 al gobierno de Quintana Roo regular la presencia de m\u00e1s de 800 transportistas de otras partes del pa\u00eds, que llegan cada a\u00f1o a Canc\u00fan atra\u00eddos por los m\u00e1s de cinco millones de turistas que utilizan estos servicios en la terminal a\u00e9rea y que generan una derrama [&hellip;]<\/p>\n","protected":false},"author":17,"featured_media":7405,"comment_status":"open","ping_status":"open","sticky":false,"template":"","format":"standard","meta":{"footnotes":""},"categories":[5,6],"tags":[40,3310,43,125,3307,130,443,3306,62,919],"yoast_head":"<!-- This site is optimized with the Yoast SEO plugin v22.2 - https:\/\/yoast.com\/wordpress\/plugins\/seo\/ -->\n<title>Ni Uber ni competencia for\u00e1nea exigen Transportistas Tur\u00edsticos - Nitu - Noticias de la Industria Turistica<\/title>\n<meta name=\"description\" content=\"La Organizaci\u00f3n de Transportistas Tur\u00edsticos y Aeroportuarios solicit\u00f3 al gobierno estatal regular la presencia de m\u00e1s de 800 transportistas for\u00e1neas.\" \/>\n<meta name=\"robots\" content=\"index, follow, max-snippet:-1, max-image-preview:large, max-video-preview:-1\" \/>\n<link rel=\"canonical\" href=\"https:\/\/nitu.mx\/index.php\/2017\/03\/01\/transportistas-turisticos-piden-regular-a-transportistas-foraneos\/\" \/>\n<meta name=\"twitter:card\" content=\"summary_large_image\" \/>\n<meta name=\"twitter:title\" content=\"Ni Uber ni competencia for\u00e1nea exigen Transportistas Tur\u00edsticos - Nitu - Noticias de la Industria Turistica\" \/>\n<meta name=\"twitter:description\" content=\"La Organizaci\u00f3n de Transportistas Tur\u00edsticos y Aeroportuarios solicit\u00f3 al gobierno estatal regular la presencia de m\u00e1s de 800 transportistas for\u00e1neas.\" \/>\n<meta name=\"twitter:image\" content=\"https:\/\/nitu.mx\/wp-content\/uploads\/2017\/02\/Transportadoras-tur\u00edsticas-Cancun.jpg\" \/>\n<meta name=\"twitter:creator\" content=\"@NITUmx\" \/>\n<meta name=\"twitter:site\" content=\"@Arturo_Medina_G\" \/>\n<meta name=\"twitter:label1\" content=\"Escrito por\" \/>\n\t<meta name=\"twitter:data1\" content=\"Redacci\u00f3n\" \/>\n\t<meta name=\"twitter:label2\" content=\"Tiempo de lectura\" \/>\n\t<meta name=\"twitter:data2\" content=\"2 minutos\" \/>\n<script type=\"application\/ld+json\" class=\"yoast-schema-graph\">{\"@context\":\"https:\/\/schema.org\",\"@graph\":[{\"@type\":\"Article\",\"@id\":\"https:\/\/nitu.mx\/index.php\/2017\/03\/01\/transportistas-turisticos-piden-regular-a-transportistas-foraneos\/#article\",\"isPartOf\":{\"@id\":\"https:\/\/nitu.mx\/index.php\/2017\/03\/01\/transportistas-turisticos-piden-regular-a-transportistas-foraneos\/\"},\"author\":{\"name\":\"Redacci\u00f3n\",\"@id\":\"https:\/\/nitu.mx\/#\/schema\/person\/4a28fe9bd65924f7c90623773daf1b0b\"},\"headline\":\"Ni Uber ni competencia for\u00e1nea exigen Transportistas Tur\u00edsticos\",\"datePublished\":\"2017-03-01T05:05:34+00:00\",\"dateModified\":\"2017-03-01T06:04:26+00:00\",\"mainEntityOfPage\":{\"@id\":\"https:\/\/nitu.mx\/index.php\/2017\/03\/01\/transportistas-turisticos-piden-regular-a-transportistas-foraneos\/\"},\"wordCount\":479,\"commentCount\":0,\"publisher\":{\"@id\":\"https:\/\/nitu.mx\/#\/schema\/person\/ae7a53426417292d3dd07b45a33e01bc\"},\"image\":{\"@id\":\"https:\/\/nitu.mx\/index.php\/2017\/03\/01\/transportistas-turisticos-piden-regular-a-transportistas-foraneos\/#primaryimage\"},\"thumbnailUrl\":\"https:\/\/nitu.mx\/wp-content\/uploads\/2017\/02\/Transportadoras-tur\u00edsticas-Cancun.jpg\",\"keywords\":[\"Acapulco\",\"Asociaci\u00f3n de Gu\u00edas Independientes (AGI Tours)\",\"Canc\u00fan\",\"Ciudad de M\u00e9xico\",\"Javier Gonz\u00e1lez G\u00f3mez\",\"Los Cabos\",\"Mazatl\u00e1n\",\"Organizaci\u00f3n de Transportistas Tur\u00edsticos y Aeroportuarios (OTTA)\",\"Puebla\",\"Toluca\"],\"articleSection\":[\"Destinos\",\"M\u00e9xico\"],\"inLanguage\":\"es-MX\",\"potentialAction\":[{\"@type\":\"CommentAction\",\"name\":\"Comment\",\"target\":[\"https:\/\/nitu.mx\/index.php\/2017\/03\/01\/transportistas-turisticos-piden-regular-a-transportistas-foraneos\/#respond\"]}]},{\"@type\":\"WebPage\",\"@id\":\"https:\/\/nitu.mx\/index.php\/2017\/03\/01\/transportistas-turisticos-piden-regular-a-transportistas-foraneos\/\",\"url\":\"https:\/\/nitu.mx\/index.php\/2017\/03\/01\/transportistas-turisticos-piden-regular-a-transportistas-foraneos\/\",\"name\":\"Ni Uber ni competencia for\u00e1nea exigen Transportistas Tur\u00edsticos - Nitu - Noticias de la Industria Turistica\",\"isPartOf\":{\"@id\":\"https:\/\/nitu.mx\/#website\"},\"primaryImageOfPage\":{\"@id\":\"https:\/\/nitu.mx\/index.php\/2017\/03\/01\/transportistas-turisticos-piden-regular-a-transportistas-foraneos\/#primaryimage\"},\"image\":{\"@id\":\"https:\/\/nitu.mx\/index.php\/2017\/03\/01\/transportistas-turisticos-piden-regular-a-transportistas-foraneos\/#primaryimage\"},\"thumbnailUrl\":\"https:\/\/nitu.mx\/wp-content\/uploads\/2017\/02\/Transportadoras-tur\u00edsticas-Cancun.jpg\",\"datePublished\":\"2017-03-01T05:05:34+00:00\",\"dateModified\":\"2017-03-01T06:04:26+00:00\",\"description\":\"La Organizaci\u00f3n de Transportistas Tur\u00edsticos y Aeroportuarios solicit\u00f3 al gobierno estatal regular la presencia de m\u00e1s de 800 transportistas for\u00e1neas.\",\"breadcrumb\":{\"@id\":\"https:\/\/nitu.mx\/index.php\/2017\/03\/01\/transportistas-turisticos-piden-regular-a-transportistas-foraneos\/#breadcrumb\"},\"inLanguage\":\"es-MX\",\"potentialAction\":[{\"@type\":\"ReadAction\",\"target\":[\"https:\/\/nitu.mx\/index.php\/2017\/03\/01\/transportistas-turisticos-piden-regular-a-transportistas-foraneos\/\"]}]},{\"@type\":\"ImageObject\",\"inLanguage\":\"es-MX\",\"@id\":\"https:\/\/nitu.mx\/index.php\/2017\/03\/01\/transportistas-turisticos-piden-regular-a-transportistas-foraneos\/#primaryimage\",\"url\":\"https:\/\/nitu.mx\/wp-content\/uploads\/2017\/02\/Transportadoras-tur\u00edsticas-Cancun.jpg\",\"contentUrl\":\"https:\/\/nitu.mx\/wp-content\/uploads\/2017\/02\/Transportadoras-tur\u00edsticas-Cancun.jpg\",\"width\":850,\"height\":480,\"caption\":\"Transportadoras tur\u00edsticas\"},{\"@type\":\"BreadcrumbList\",\"@id\":\"https:\/\/nitu.mx\/index.php\/2017\/03\/01\/transportistas-turisticos-piden-regular-a-transportistas-foraneos\/#breadcrumb\",\"itemListElement\":[{\"@type\":\"ListItem\",\"position\":1,\"name\":\"Inicio\",\"item\":\"https:\/\/nitu.mx\/\"},{\"@type\":\"ListItem\",\"position\":2,\"name\":\"Ni Uber ni competencia for\u00e1nea exigen Transportistas Tur\u00edsticos\"}]},{\"@type\":\"WebSite\",\"@id\":\"https:\/\/nitu.mx\/#website\",\"url\":\"https:\/\/nitu.mx\/\",\"name\":\"Nitu - Noticias de la Industria Turistica\",\"description\":\"Noticias de la Industria Turistica\",\"publisher\":{\"@id\":\"https:\/\/nitu.mx\/#\/schema\/person\/ae7a53426417292d3dd07b45a33e01bc\"},\"alternateName\":\"Noticias de la Industria Turistica\",\"potentialAction\":[{\"@type\":\"SearchAction\",\"target\":{\"@type\":\"EntryPoint\",\"urlTemplate\":\"https:\/\/nitu.mx\/?s={search_term_string}\"},\"query-input\":\"required name=search_term_string\"}],\"inLanguage\":\"es-MX\"},{\"@type\":[\"Person\",\"Organization\"],\"@id\":\"https:\/\/nitu.mx\/#\/schema\/person\/ae7a53426417292d3dd07b45a33e01bc\",\"name\":\"Arturo Medina\",\"image\":{\"@type\":\"ImageObject\",\"inLanguage\":\"es-MX\",\"@id\":\"https:\/\/nitu.mx\/#\/schema\/person\/image\/\",\"url\":\"https:\/\/nitu.mx\/wp-content\/uploads\/2024\/04\/4A315622-1904-4D5C-B022-878CDC840E04-90x90-1.jpeg\",\"contentUrl\":\"https:\/\/nitu.mx\/wp-content\/uploads\/2024\/04\/4A315622-1904-4D5C-B022-878CDC840E04-90x90-1.jpeg\",\"width\":90,\"height\":90,\"caption\":\"Arturo Medina\"},\"logo\":{\"@id\":\"https:\/\/nitu.mx\/#\/schema\/person\/image\/\"},\"description\":\"Director NITU.mx, Egresado de la Escuela de Periodismo Carlos Septi\u00e9n Garc\u00eda. Periodista y analista especializado en turismo desde hace 35 a\u00f1os, radicado en Canc\u00fan Q.Roo. arturo@nitu.mx\",\"sameAs\":[\"https:\/\/nitu.mx\",\"https:\/\/www.facebook.com\/NITUmx\/\",\"medinacancun\",\"https:\/\/twitter.com\/@Arturo_Medina_G\"]},{\"@type\":\"Person\",\"@id\":\"https:\/\/nitu.mx\/#\/schema\/person\/4a28fe9bd65924f7c90623773daf1b0b\",\"name\":\"Redacci\u00f3n\",\"image\":{\"@type\":\"ImageObject\",\"inLanguage\":\"es-MX\",\"@id\":\"https:\/\/nitu.mx\/#\/schema\/person\/image\/\",\"url\":\"https:\/\/secure.gravatar.com\/avatar\/5dd011c8ccfc5cd7e4c81e42252aab38?s=96&d=mm&r=g\",\"contentUrl\":\"https:\/\/secure.gravatar.com\/avatar\/5dd011c8ccfc5cd7e4c81e42252aab38?s=96&d=mm&r=g\",\"caption\":\"Redacci\u00f3n\"},\"url\":\"https:\/\/nitu.mx\/index.php\/author\/redaccion\/\"}]}<\/script>\n<!-- \/ Yoast SEO plugin. -->","yoast_head_json":{"title":"Ni Uber ni competencia for\u00e1nea exigen Transportistas Tur\u00edsticos - Nitu - Noticias de la Industria Turistica","description":"La Organizaci\u00f3n de Transportistas Tur\u00edsticos y Aeroportuarios solicit\u00f3 al gobierno estatal regular la presencia de m\u00e1s de 800 transportistas for\u00e1neas.","robots":{"index":"index","follow":"follow","max-snippet":"max-snippet:-1","max-image-preview":"max-image-preview:large","max-video-preview":"max-video-preview:-1"},"canonical":"https:\/\/nitu.mx\/index.php\/2017\/03\/01\/transportistas-turisticos-piden-regular-a-transportistas-foraneos\/","twitter_card":"summary_large_image","twitter_title":"Ni Uber ni competencia for\u00e1nea exigen Transportistas Tur\u00edsticos - Nitu - Noticias de la Industria Turistica","twitter_description":"La Organizaci\u00f3n de Transportistas Tur\u00edsticos y Aeroportuarios solicit\u00f3 al gobierno estatal regular la presencia de m\u00e1s de 800 transportistas for\u00e1neas.","twitter_image":"https:\/\/nitu.mx\/wp-content\/uploads\/2017\/02\/Transportadoras-tur\u00edsticas-Cancun.jpg","twitter_creator":"@NITUmx","twitter_site":"@Arturo_Medina_G","twitter_misc":{"Escrito por":"Redacci\u00f3n","Tiempo de lectura":"2 minutos"},"schema":{"@context":"https:\/\/schema.org","@graph":[{"@type":"Article","@id":"https:\/\/nitu.mx\/index.php\/2017\/03\/01\/transportistas-turisticos-piden-regular-a-transportistas-foraneos\/#article","isPartOf":{"@id":"https:\/\/nitu.mx\/index.php\/2017\/03\/01\/transportistas-turisticos-piden-regular-a-transportistas-foraneos\/"},"author":{"name":"Redacci\u00f3n","@id":"https:\/\/nitu.mx\/#\/schema\/person\/4a28fe9bd65924f7c90623773daf1b0b"},"headline":"Ni Uber ni competencia for\u00e1nea exigen Transportistas Tur\u00edsticos","datePublished":"2017-03-01T05:05:34+00:00","dateModified":"2017-03-01T06:04:26+00:00","mainEntityOfPage":{"@id":"https:\/\/nitu.mx\/index.php\/2017\/03\/01\/transportistas-turisticos-piden-regular-a-transportistas-foraneos\/"},"wordCount":479,"commentCount":0,"publisher":{"@id":"https:\/\/nitu.mx\/#\/schema\/person\/ae7a53426417292d3dd07b45a33e01bc"},"image":{"@id":"https:\/\/nitu.mx\/index.php\/2017\/03\/01\/transportistas-turisticos-piden-regular-a-transportistas-foraneos\/#primaryimage"},"thumbnailUrl":"https:\/\/nitu.mx\/wp-content\/uploads\/2017\/02\/Transportadoras-tur\u00edsticas-Cancun.jpg","keywords":["Acapulco","Asociaci\u00f3n de Gu\u00edas Independientes (AGI Tours)","Canc\u00fan","Ciudad de M\u00e9xico","Javier Gonz\u00e1lez G\u00f3mez","Los Cabos","Mazatl\u00e1n","Organizaci\u00f3n de Transportistas Tur\u00edsticos y Aeroportuarios (OTTA)","Puebla","Toluca"],"articleSection":["Destinos","M\u00e9xico"],"inLanguage":"es-MX","potentialAction":[{"@type":"CommentAction","name":"Comment","target":["https:\/\/nitu.mx\/index.php\/2017\/03\/01\/transportistas-turisticos-piden-regular-a-transportistas-foraneos\/#respond"]}]},{"@type":"WebPage","@id":"https:\/\/nitu.mx\/index.php\/2017\/03\/01\/transportistas-turisticos-piden-regular-a-transportistas-foraneos\/","url":"https:\/\/nitu.mx\/index.php\/2017\/03\/01\/transportistas-turisticos-piden-regular-a-transportistas-foraneos\/","name":"Ni Uber ni competencia for\u00e1nea exigen Transportistas Tur\u00edsticos - Nitu - Noticias de la Industria Turistica","isPartOf":{"@id":"https:\/\/nitu.mx\/#website"},"primaryImageOfPage":{"@id":"https:\/\/nitu.mx\/index.php\/2017\/03\/01\/transportistas-turisticos-piden-regular-a-transportistas-foraneos\/#primaryimage"},"image":{"@id":"https:\/\/nitu.mx\/index.php\/2017\/03\/01\/transportistas-turisticos-piden-regular-a-transportistas-foraneos\/#primaryimage"},"thumbnailUrl":"https:\/\/nitu.mx\/wp-content\/uploads\/2017\/02\/Transportadoras-tur\u00edsticas-Cancun.jpg","datePublished":"2017-03-01T05:05:34+00:00","dateModified":"2017-03-01T06:04:26+00:00","description":"La Organizaci\u00f3n de Transportistas Tur\u00edsticos y Aeroportuarios solicit\u00f3 al gobierno estatal regular la presencia de m\u00e1s de 800 transportistas for\u00e1neas.","breadcrumb":{"@id":"https:\/\/nitu.mx\/index.php\/2017\/03\/01\/transportistas-turisticos-piden-regular-a-transportistas-foraneos\/#breadcrumb"},"inLanguage":"es-MX","potentialAction":[{"@type":"ReadAction","target":["https:\/\/nitu.mx\/index.php\/2017\/03\/01\/transportistas-turisticos-piden-regular-a-transportistas-foraneos\/"]}]},{"@type":"ImageObject","inLanguage":"es-MX","@id":"https:\/\/nitu.mx\/index.php\/2017\/03\/01\/transportistas-turisticos-piden-regular-a-transportistas-foraneos\/#primaryimage","url":"https:\/\/nitu.mx\/wp-content\/uploads\/2017\/02\/Transportadoras-tur\u00edsticas-Cancun.jpg","contentUrl":"https:\/\/nitu.mx\/wp-content\/uploads\/2017\/02\/Transportadoras-tur\u00edsticas-Cancun.jpg","width":850,"height":480,"caption":"Transportadoras tur\u00edsticas"},{"@type":"BreadcrumbList","@id":"https:\/\/nitu.mx\/index.php\/2017\/03\/01\/transportistas-turisticos-piden-regular-a-transportistas-foraneos\/#breadcrumb","itemListElement":[{"@type":"ListItem","position":1,"name":"Inicio","item":"https:\/\/nitu.mx\/"},{"@type":"ListItem","position":2,"name":"Ni Uber ni competencia for\u00e1nea exigen Transportistas Tur\u00edsticos"}]},{"@type":"WebSite","@id":"https:\/\/nitu.mx\/#website","url":"https:\/\/nitu.mx\/","name":"Nitu - Noticias de la Industria Turistica","description":"Noticias de la Industria Turistica","publisher":{"@id":"https:\/\/nitu.mx\/#\/schema\/person\/ae7a53426417292d3dd07b45a33e01bc"},"alternateName":"Noticias de la Industria Turistica","potentialAction":[{"@type":"SearchAction","target":{"@type":"EntryPoint","urlTemplate":"https:\/\/nitu.mx\/?s={search_term_string}"},"query-input":"required name=search_term_string"}],"inLanguage":"es-MX"},{"@type":["Person","Organization"],"@id":"https:\/\/nitu.mx\/#\/schema\/person\/ae7a53426417292d3dd07b45a33e01bc","name":"Arturo Medina","image":{"@type":"ImageObject","inLanguage":"es-MX","@id":"https:\/\/nitu.mx\/#\/schema\/person\/image\/","url":"https:\/\/nitu.mx\/wp-content\/uploads\/2024\/04\/4A315622-1904-4D5C-B022-878CDC840E04-90x90-1.jpeg","contentUrl":"https:\/\/nitu.mx\/wp-content\/uploads\/2024\/04\/4A315622-1904-4D5C-B022-878CDC840E04-90x90-1.jpeg","width":90,"height":90,"caption":"Arturo Medina"},"logo":{"@id":"https:\/\/nitu.mx\/#\/schema\/person\/image\/"},"description":"Director NITU.mx, Egresado de la Escuela de Periodismo Carlos Septi\u00e9n Garc\u00eda. Periodista y analista especializado en turismo desde hace 35 a\u00f1os, radicado en Canc\u00fan Q.Roo. arturo@nitu.mx","sameAs":["https:\/\/nitu.mx","https:\/\/www.facebook.com\/NITUmx\/","medinacancun","https:\/\/twitter.com\/@Arturo_Medina_G"]},{"@type":"Person","@id":"https:\/\/nitu.mx\/#\/schema\/person\/4a28fe9bd65924f7c90623773daf1b0b","name":"Redacci\u00f3n","image":{"@type":"ImageObject","inLanguage":"es-MX","@id":"https:\/\/nitu.mx\/#\/schema\/person\/image\/","url":"https:\/\/secure.gravatar.com\/avatar\/5dd011c8ccfc5cd7e4c81e42252aab38?s=96&d=mm&r=g","contentUrl":"https:\/\/secure.gravatar.com\/avatar\/5dd011c8ccfc5cd7e4c81e42252aab38?s=96&d=mm&r=g","caption":"Redacci\u00f3n"},"url":"https:\/\/nitu.mx\/index.php\/author\/redaccion\/"}]}},"views":280,"_links":{"self":[{"href":"https:\/\/nitu.mx\/index.php\/wp-json\/wp\/v2\/posts\/7392"}],"collection":[{"href":"https:\/\/nitu.mx\/index.php\/wp-json\/wp\/v2\/posts"}],"about":[{"href":"https:\/\/nitu.mx\/index.php\/wp-json\/wp\/v2\/types\/post"}],"author":[{"embeddable":true,"href":"https:\/\/nitu.mx\/index.php\/wp-json\/wp\/v2\/users\/17"}],"replies":[{"embeddable":true,"href":"https:\/\/nitu.mx\/index.php\/wp-json\/wp\/v2\/comments?post=7392"}],"version-history":[{"count":8,"href":"https:\/\/nitu.mx\/index.php\/wp-json\/wp\/v2\/posts\/7392\/revisions"}],"predecessor-version":[{"id":7426,"href":"https:\/\/nitu.mx\/index.php\/wp-json\/wp\/v2\/posts\/7392\/revisions\/7426"}],"wp:featuredmedia":[{"embeddable":true,"href":"https:\/\/nitu.mx\/index.php\/wp-json\/wp\/v2\/media\/7405"}],"wp:attachment":[{"href":"https:\/\/nitu.mx\/index.php\/wp-json\/wp\/v2\/media?parent=7392"}],"wp:term":[{"taxonomy":"category","embeddable":true,"href":"https:\/\/nitu.mx\/index.php\/wp-json\/wp\/v2\/categories?post=7392"},{"taxonomy":"post_tag","embeddable":true,"href":"https:\/\/nitu.mx\/index.php\/wp-json\/wp\/v2\/tags?post=7392"}],"curies":[{"name":"wp","href":"https:\/\/api.w.org\/{rel}","templated":true}]}}