{"id":73862,"date":"2024-08-12T00:06:10","date_gmt":"2024-08-12T06:06:10","guid":{"rendered":"https:\/\/nitu.mx\/?p=73862"},"modified":"2024-08-12T00:06:11","modified_gmt":"2024-08-12T06:06:11","slug":"expedia-group-ve-una-demanda-debilitada-a-pesar-del-crecimiento","status":"publish","type":"post","link":"https:\/\/nitu.mx\/index.php\/2024\/08\/12\/expedia-group-ve-una-demanda-debilitada-a-pesar-del-crecimiento\/","title":{"rendered":"Expedia Group ve una demanda &#8220;debilitada&#8221; a pesar del crecimiento"},"content":{"rendered":"<p>Expedia Group, al igual que otras importantes marcas de viajes, puede haber experimentado una demanda &#8220;debilitada&#8221; en julio. Esas fueron las palabras de la nueva directora ejecutiva, Ariane Gorin, en su primera conferencia de resultados desde que asumi\u00f3 el cargo.<\/p>\n<p>&#8220;Nuestros resultados del segundo trimestre estuvieron en el extremo superior de nuestras expectativas, con un crecimiento de las reservas brutas y los ingresos del 6%&#8221;, dijo Gorin.<br \/>\n&#8220;Sin embargo, en julio, hemos visto un entorno macroecon\u00f3mico m\u00e1s desafiante y una debilidad en la demanda de viajes. Por lo tanto, estamos ajustando nuestras expectativas para el resto del a\u00f1o&#8221;, agreg\u00f3.<br \/>\nAlgunas buenas noticias en el trimestre: las noches de hotel en Expedia.com aumentaron un 20%, frente al 9% del a\u00f1o pasado.<br \/>\nExpedia Group est\u00e1 &#8220;pausando&#8221; el lanzamiento de su nuevo programa de fidelizaci\u00f3n One Key m\u00e1s all\u00e1 de los EE. UU. y el Reino Unido en parte debido al impacto adverso en su marca Hotels.com, revela el medio Skift. <a href=\"https:\/\/nitu.mx\/index.php\/2024\/08\/08\/expedia-supera-expectativas-en-el-segundo-trimestre-impulsada-por-la-demanda-internacional\/\">(Expedia supera expectativas en el segundo trimestre impulsada por la demanda internacional<\/a>).<\/p>\n","protected":false},"excerpt":{"rendered":"<p>Expedia Group, al igual que otras importantes marcas de viajes, puede haber experimentado una demanda &#8220;debilitada&#8221; en julio. Esas fueron las palabras de la nueva directora ejecutiva, Ariane Gorin, en su primera conferencia de resultados desde que asumi\u00f3 el cargo. &#8220;Nuestros resultados del segundo trimestre estuvieron en el extremo superior de nuestras expectativas, con un [&hellip;]<\/p>\n","protected":false},"author":3,"featured_media":8622,"comment_status":"open","ping_status":"open","sticky":false,"template":"","format":"standard","meta":{"footnotes":""},"categories":[3],"tags":[19234,17928,12905,12407],"yoast_head":"<!-- This site is optimized with the Yoast SEO plugin v22.2 - https:\/\/yoast.com\/wordpress\/plugins\/seo\/ -->\n<title>Expedia Group ve una demanda &quot;debilitada&quot; a pesar del crecimiento - Nitu - Noticias de la Industria Turistica<\/title>\n<meta name=\"robots\" content=\"index, follow, max-snippet:-1, max-image-preview:large, max-video-preview:-1\" \/>\n<link rel=\"canonical\" href=\"https:\/\/nitu.mx\/index.php\/2024\/08\/12\/expedia-group-ve-una-demanda-debilitada-a-pesar-del-crecimiento\/\" \/>\n<meta name=\"twitter:card\" content=\"summary_large_image\" \/>\n<meta name=\"twitter:title\" content=\"Expedia Group ve una demanda &quot;debilitada&quot; a pesar del crecimiento - Nitu - Noticias de la Industria Turistica\" \/>\n<meta name=\"twitter:description\" content=\"Expedia Group, al igual que otras importantes marcas de viajes, puede haber experimentado una demanda &#8220;debilitada&#8221; en julio. Esas fueron las palabras de la nueva directora ejecutiva, Ariane Gorin, en su primera conferencia de resultados desde que asumi\u00f3 el cargo. &#8220;Nuestros resultados del segundo trimestre estuvieron en el extremo superior de nuestras expectativas, con un [&hellip;]\" \/>\n<meta name=\"twitter:image\" content=\"https:\/\/nitu.mx\/wp-content\/uploads\/2017\/04\/Expedia-fachada.jpg\" \/>\n<meta name=\"twitter:creator\" content=\"@NITUmx\" \/>\n<meta name=\"twitter:site\" content=\"@Arturo_Medina_G\" \/>\n<meta name=\"twitter:label1\" content=\"Escrito por\" \/>\n\t<meta name=\"twitter:data1\" content=\"Alejandra Moncisbays\" \/>\n\t<meta name=\"twitter:label2\" content=\"Tiempo de lectura\" \/>\n\t<meta name=\"twitter:data2\" content=\"1 minuto\" \/>\n<script type=\"application\/ld+json\" class=\"yoast-schema-graph\">{\"@context\":\"https:\/\/schema.org\",\"@graph\":[{\"@type\":\"Article\",\"@id\":\"https:\/\/nitu.mx\/index.php\/2024\/08\/12\/expedia-group-ve-una-demanda-debilitada-a-pesar-del-crecimiento\/#article\",\"isPartOf\":{\"@id\":\"https:\/\/nitu.mx\/index.php\/2024\/08\/12\/expedia-group-ve-una-demanda-debilitada-a-pesar-del-crecimiento\/\"},\"author\":{\"name\":\"Alejandra Moncisbays\",\"@id\":\"https:\/\/nitu.mx\/#\/schema\/person\/2ecd887b19dfd3382d1f14fc5acf24a8\"},\"headline\":\"Expedia Group ve una demanda &#8220;debilitada&#8221; a pesar del crecimiento\",\"datePublished\":\"2024-08-12T06:06:10+00:00\",\"dateModified\":\"2024-08-12T06:06:11+00:00\",\"mainEntityOfPage\":{\"@id\":\"https:\/\/nitu.mx\/index.php\/2024\/08\/12\/expedia-group-ve-una-demanda-debilitada-a-pesar-del-crecimiento\/\"},\"wordCount\":185,\"commentCount\":0,\"publisher\":{\"@id\":\"https:\/\/nitu.mx\/#\/schema\/person\/ae7a53426417292d3dd07b45a33e01bc\"},\"image\":{\"@id\":\"https:\/\/nitu.mx\/index.php\/2024\/08\/12\/expedia-group-ve-una-demanda-debilitada-a-pesar-del-crecimiento\/#primaryimage\"},\"thumbnailUrl\":\"https:\/\/nitu.mx\/wp-content\/uploads\/2017\/04\/Expedia-fachada.jpg\",\"keywords\":[\"Ariane Gorin\",\"Crecimiento\",\"demanda\",\"Expedia Group\"],\"articleSection\":[\"Agencias de Viajes\"],\"inLanguage\":\"es-MX\",\"potentialAction\":[{\"@type\":\"CommentAction\",\"name\":\"Comment\",\"target\":[\"https:\/\/nitu.mx\/index.php\/2024\/08\/12\/expedia-group-ve-una-demanda-debilitada-a-pesar-del-crecimiento\/#respond\"]}]},{\"@type\":\"WebPage\",\"@id\":\"https:\/\/nitu.mx\/index.php\/2024\/08\/12\/expedia-group-ve-una-demanda-debilitada-a-pesar-del-crecimiento\/\",\"url\":\"https:\/\/nitu.mx\/index.php\/2024\/08\/12\/expedia-group-ve-una-demanda-debilitada-a-pesar-del-crecimiento\/\",\"name\":\"Expedia Group ve una demanda \\\"debilitada\\\" a pesar del crecimiento - Nitu - Noticias de la Industria Turistica\",\"isPartOf\":{\"@id\":\"https:\/\/nitu.mx\/#website\"},\"primaryImageOfPage\":{\"@id\":\"https:\/\/nitu.mx\/index.php\/2024\/08\/12\/expedia-group-ve-una-demanda-debilitada-a-pesar-del-crecimiento\/#primaryimage\"},\"image\":{\"@id\":\"https:\/\/nitu.mx\/index.php\/2024\/08\/12\/expedia-group-ve-una-demanda-debilitada-a-pesar-del-crecimiento\/#primaryimage\"},\"thumbnailUrl\":\"https:\/\/nitu.mx\/wp-content\/uploads\/2017\/04\/Expedia-fachada.jpg\",\"datePublished\":\"2024-08-12T06:06:10+00:00\",\"dateModified\":\"2024-08-12T06:06:11+00:00\",\"breadcrumb\":{\"@id\":\"https:\/\/nitu.mx\/index.php\/2024\/08\/12\/expedia-group-ve-una-demanda-debilitada-a-pesar-del-crecimiento\/#breadcrumb\"},\"inLanguage\":\"es-MX\",\"potentialAction\":[{\"@type\":\"ReadAction\",\"target\":[\"https:\/\/nitu.mx\/index.php\/2024\/08\/12\/expedia-group-ve-una-demanda-debilitada-a-pesar-del-crecimiento\/\"]}]},{\"@type\":\"ImageObject\",\"inLanguage\":\"es-MX\",\"@id\":\"https:\/\/nitu.mx\/index.php\/2024\/08\/12\/expedia-group-ve-una-demanda-debilitada-a-pesar-del-crecimiento\/#primaryimage\",\"url\":\"https:\/\/nitu.mx\/wp-content\/uploads\/2017\/04\/Expedia-fachada.jpg\",\"contentUrl\":\"https:\/\/nitu.mx\/wp-content\/uploads\/2017\/04\/Expedia-fachada.jpg\",\"width\":850,\"height\":480,\"caption\":\"Expedia\"},{\"@type\":\"BreadcrumbList\",\"@id\":\"https:\/\/nitu.mx\/index.php\/2024\/08\/12\/expedia-group-ve-una-demanda-debilitada-a-pesar-del-crecimiento\/#breadcrumb\",\"itemListElement\":[{\"@type\":\"ListItem\",\"position\":1,\"name\":\"Inicio\",\"item\":\"https:\/\/nitu.mx\/\"},{\"@type\":\"ListItem\",\"position\":2,\"name\":\"Expedia Group ve una demanda &#8220;debilitada&#8221; a pesar del crecimiento\"}]},{\"@type\":\"WebSite\",\"@id\":\"https:\/\/nitu.mx\/#website\",\"url\":\"https:\/\/nitu.mx\/\",\"name\":\"Nitu - Noticias de la Industria Turistica\",\"description\":\"Noticias de la Industria Turistica\",\"publisher\":{\"@id\":\"https:\/\/nitu.mx\/#\/schema\/person\/ae7a53426417292d3dd07b45a33e01bc\"},\"alternateName\":\"Noticias de la Industria Turistica\",\"potentialAction\":[{\"@type\":\"SearchAction\",\"target\":{\"@type\":\"EntryPoint\",\"urlTemplate\":\"https:\/\/nitu.mx\/?s={search_term_string}\"},\"query-input\":\"required name=search_term_string\"}],\"inLanguage\":\"es-MX\"},{\"@type\":[\"Person\",\"Organization\"],\"@id\":\"https:\/\/nitu.mx\/#\/schema\/person\/ae7a53426417292d3dd07b45a33e01bc\",\"name\":\"Arturo Medina\",\"image\":{\"@type\":\"ImageObject\",\"inLanguage\":\"es-MX\",\"@id\":\"https:\/\/nitu.mx\/#\/schema\/person\/image\/\",\"url\":\"https:\/\/nitu.mx\/wp-content\/uploads\/2024\/04\/4A315622-1904-4D5C-B022-878CDC840E04-90x90-1.jpeg\",\"contentUrl\":\"https:\/\/nitu.mx\/wp-content\/uploads\/2024\/04\/4A315622-1904-4D5C-B022-878CDC840E04-90x90-1.jpeg\",\"width\":90,\"height\":90,\"caption\":\"Arturo Medina\"},\"logo\":{\"@id\":\"https:\/\/nitu.mx\/#\/schema\/person\/image\/\"},\"description\":\"Director NITU.mx, Egresado de la Escuela de Periodismo Carlos Septi\u00e9n Garc\u00eda. Periodista y analista especializado en turismo desde hace 35 a\u00f1os, radicado en Canc\u00fan Q.Roo. arturo@nitu.mx\",\"sameAs\":[\"https:\/\/nitu.mx\",\"https:\/\/www.facebook.com\/NITUmx\/\",\"medinacancun\",\"https:\/\/twitter.com\/@Arturo_Medina_G\"]},{\"@type\":\"Person\",\"@id\":\"https:\/\/nitu.mx\/#\/schema\/person\/2ecd887b19dfd3382d1f14fc5acf24a8\",\"name\":\"Alejandra Moncisbays\",\"image\":{\"@type\":\"ImageObject\",\"inLanguage\":\"es-MX\",\"@id\":\"https:\/\/nitu.mx\/#\/schema\/person\/image\/\",\"url\":\"https:\/\/secure.gravatar.com\/avatar\/e74f7af0be172b7804dacfd0bfbef787?s=96&d=mm&r=g\",\"contentUrl\":\"https:\/\/secure.gravatar.com\/avatar\/e74f7af0be172b7804dacfd0bfbef787?s=96&d=mm&r=g\",\"caption\":\"Alejandra Moncisbays\"},\"description\":\"Curs\u00e9 la carrera de Periodismo y Comunicaci\u00f3n en la Facultad de Estudios Profesionales Acatl\u00e1n. Vivo en Canc\u00fan desde hace 24 a\u00f1os. Fui reportera de La Tarde de Canc\u00fan, y Novedades de Quintana Roo, colabor\u00e9 en TVCUN, edit\u00e9 Cancun\u00edssimo y colabor\u00e9 en las revistas Latitud21, entre otras, con principal enfoque en los sectores empresarial y tur\u00edstico. Desde hace varios a\u00f1os soy Agente de Seguros con c\u00e9dula de la Comisi\u00f3n Nacional de Seguros y Fianzas. Actualmente, me desarrollo en los \u00e1mbitos del periodismo y el sector asegurador.\",\"sameAs\":[\"https:\/\/nitu.mx\"],\"url\":\"https:\/\/nitu.mx\/index.php\/author\/alejandra\/\"}]}<\/script>\n<!-- \/ Yoast SEO plugin. -->","yoast_head_json":{"title":"Expedia Group ve una demanda \"debilitada\" a pesar del crecimiento - Nitu - Noticias de la Industria Turistica","robots":{"index":"index","follow":"follow","max-snippet":"max-snippet:-1","max-image-preview":"max-image-preview:large","max-video-preview":"max-video-preview:-1"},"canonical":"https:\/\/nitu.mx\/index.php\/2024\/08\/12\/expedia-group-ve-una-demanda-debilitada-a-pesar-del-crecimiento\/","twitter_card":"summary_large_image","twitter_title":"Expedia Group ve una demanda \"debilitada\" a pesar del crecimiento - Nitu - Noticias de la Industria Turistica","twitter_description":"Expedia Group, al igual que otras importantes marcas de viajes, puede haber experimentado una demanda &#8220;debilitada&#8221; en julio. Esas fueron las palabras de la nueva directora ejecutiva, Ariane Gorin, en su primera conferencia de resultados desde que asumi\u00f3 el cargo. &#8220;Nuestros resultados del segundo trimestre estuvieron en el extremo superior de nuestras expectativas, con un [&hellip;]","twitter_image":"https:\/\/nitu.mx\/wp-content\/uploads\/2017\/04\/Expedia-fachada.jpg","twitter_creator":"@NITUmx","twitter_site":"@Arturo_Medina_G","twitter_misc":{"Escrito por":"Alejandra Moncisbays","Tiempo de lectura":"1 minuto"},"schema":{"@context":"https:\/\/schema.org","@graph":[{"@type":"Article","@id":"https:\/\/nitu.mx\/index.php\/2024\/08\/12\/expedia-group-ve-una-demanda-debilitada-a-pesar-del-crecimiento\/#article","isPartOf":{"@id":"https:\/\/nitu.mx\/index.php\/2024\/08\/12\/expedia-group-ve-una-demanda-debilitada-a-pesar-del-crecimiento\/"},"author":{"name":"Alejandra Moncisbays","@id":"https:\/\/nitu.mx\/#\/schema\/person\/2ecd887b19dfd3382d1f14fc5acf24a8"},"headline":"Expedia Group ve una demanda &#8220;debilitada&#8221; a pesar del crecimiento","datePublished":"2024-08-12T06:06:10+00:00","dateModified":"2024-08-12T06:06:11+00:00","mainEntityOfPage":{"@id":"https:\/\/nitu.mx\/index.php\/2024\/08\/12\/expedia-group-ve-una-demanda-debilitada-a-pesar-del-crecimiento\/"},"wordCount":185,"commentCount":0,"publisher":{"@id":"https:\/\/nitu.mx\/#\/schema\/person\/ae7a53426417292d3dd07b45a33e01bc"},"image":{"@id":"https:\/\/nitu.mx\/index.php\/2024\/08\/12\/expedia-group-ve-una-demanda-debilitada-a-pesar-del-crecimiento\/#primaryimage"},"thumbnailUrl":"https:\/\/nitu.mx\/wp-content\/uploads\/2017\/04\/Expedia-fachada.jpg","keywords":["Ariane Gorin","Crecimiento","demanda","Expedia Group"],"articleSection":["Agencias de Viajes"],"inLanguage":"es-MX","potentialAction":[{"@type":"CommentAction","name":"Comment","target":["https:\/\/nitu.mx\/index.php\/2024\/08\/12\/expedia-group-ve-una-demanda-debilitada-a-pesar-del-crecimiento\/#respond"]}]},{"@type":"WebPage","@id":"https:\/\/nitu.mx\/index.php\/2024\/08\/12\/expedia-group-ve-una-demanda-debilitada-a-pesar-del-crecimiento\/","url":"https:\/\/nitu.mx\/index.php\/2024\/08\/12\/expedia-group-ve-una-demanda-debilitada-a-pesar-del-crecimiento\/","name":"Expedia Group ve una demanda \"debilitada\" a pesar del crecimiento - Nitu - Noticias de la Industria Turistica","isPartOf":{"@id":"https:\/\/nitu.mx\/#website"},"primaryImageOfPage":{"@id":"https:\/\/nitu.mx\/index.php\/2024\/08\/12\/expedia-group-ve-una-demanda-debilitada-a-pesar-del-crecimiento\/#primaryimage"},"image":{"@id":"https:\/\/nitu.mx\/index.php\/2024\/08\/12\/expedia-group-ve-una-demanda-debilitada-a-pesar-del-crecimiento\/#primaryimage"},"thumbnailUrl":"https:\/\/nitu.mx\/wp-content\/uploads\/2017\/04\/Expedia-fachada.jpg","datePublished":"2024-08-12T06:06:10+00:00","dateModified":"2024-08-12T06:06:11+00:00","breadcrumb":{"@id":"https:\/\/nitu.mx\/index.php\/2024\/08\/12\/expedia-group-ve-una-demanda-debilitada-a-pesar-del-crecimiento\/#breadcrumb"},"inLanguage":"es-MX","potentialAction":[{"@type":"ReadAction","target":["https:\/\/nitu.mx\/index.php\/2024\/08\/12\/expedia-group-ve-una-demanda-debilitada-a-pesar-del-crecimiento\/"]}]},{"@type":"ImageObject","inLanguage":"es-MX","@id":"https:\/\/nitu.mx\/index.php\/2024\/08\/12\/expedia-group-ve-una-demanda-debilitada-a-pesar-del-crecimiento\/#primaryimage","url":"https:\/\/nitu.mx\/wp-content\/uploads\/2017\/04\/Expedia-fachada.jpg","contentUrl":"https:\/\/nitu.mx\/wp-content\/uploads\/2017\/04\/Expedia-fachada.jpg","width":850,"height":480,"caption":"Expedia"},{"@type":"BreadcrumbList","@id":"https:\/\/nitu.mx\/index.php\/2024\/08\/12\/expedia-group-ve-una-demanda-debilitada-a-pesar-del-crecimiento\/#breadcrumb","itemListElement":[{"@type":"ListItem","position":1,"name":"Inicio","item":"https:\/\/nitu.mx\/"},{"@type":"ListItem","position":2,"name":"Expedia Group ve una demanda &#8220;debilitada&#8221; a pesar del crecimiento"}]},{"@type":"WebSite","@id":"https:\/\/nitu.mx\/#website","url":"https:\/\/nitu.mx\/","name":"Nitu - Noticias de la Industria Turistica","description":"Noticias de la Industria Turistica","publisher":{"@id":"https:\/\/nitu.mx\/#\/schema\/person\/ae7a53426417292d3dd07b45a33e01bc"},"alternateName":"Noticias de la Industria Turistica","potentialAction":[{"@type":"SearchAction","target":{"@type":"EntryPoint","urlTemplate":"https:\/\/nitu.mx\/?s={search_term_string}"},"query-input":"required name=search_term_string"}],"inLanguage":"es-MX"},{"@type":["Person","Organization"],"@id":"https:\/\/nitu.mx\/#\/schema\/person\/ae7a53426417292d3dd07b45a33e01bc","name":"Arturo Medina","image":{"@type":"ImageObject","inLanguage":"es-MX","@id":"https:\/\/nitu.mx\/#\/schema\/person\/image\/","url":"https:\/\/nitu.mx\/wp-content\/uploads\/2024\/04\/4A315622-1904-4D5C-B022-878CDC840E04-90x90-1.jpeg","contentUrl":"https:\/\/nitu.mx\/wp-content\/uploads\/2024\/04\/4A315622-1904-4D5C-B022-878CDC840E04-90x90-1.jpeg","width":90,"height":90,"caption":"Arturo Medina"},"logo":{"@id":"https:\/\/nitu.mx\/#\/schema\/person\/image\/"},"description":"Director NITU.mx, Egresado de la Escuela de Periodismo Carlos Septi\u00e9n Garc\u00eda. Periodista y analista especializado en turismo desde hace 35 a\u00f1os, radicado en Canc\u00fan Q.Roo. arturo@nitu.mx","sameAs":["https:\/\/nitu.mx","https:\/\/www.facebook.com\/NITUmx\/","medinacancun","https:\/\/twitter.com\/@Arturo_Medina_G"]},{"@type":"Person","@id":"https:\/\/nitu.mx\/#\/schema\/person\/2ecd887b19dfd3382d1f14fc5acf24a8","name":"Alejandra Moncisbays","image":{"@type":"ImageObject","inLanguage":"es-MX","@id":"https:\/\/nitu.mx\/#\/schema\/person\/image\/","url":"https:\/\/secure.gravatar.com\/avatar\/e74f7af0be172b7804dacfd0bfbef787?s=96&d=mm&r=g","contentUrl":"https:\/\/secure.gravatar.com\/avatar\/e74f7af0be172b7804dacfd0bfbef787?s=96&d=mm&r=g","caption":"Alejandra Moncisbays"},"description":"Curs\u00e9 la carrera de Periodismo y Comunicaci\u00f3n en la Facultad de Estudios Profesionales Acatl\u00e1n. Vivo en Canc\u00fan desde hace 24 a\u00f1os. Fui reportera de La Tarde de Canc\u00fan, y Novedades de Quintana Roo, colabor\u00e9 en TVCUN, edit\u00e9 Cancun\u00edssimo y colabor\u00e9 en las revistas Latitud21, entre otras, con principal enfoque en los sectores empresarial y tur\u00edstico. Desde hace varios a\u00f1os soy Agente de Seguros con c\u00e9dula de la Comisi\u00f3n Nacional de Seguros y Fianzas. Actualmente, me desarrollo en los \u00e1mbitos del periodismo y el sector asegurador.","sameAs":["https:\/\/nitu.mx"],"url":"https:\/\/nitu.mx\/index.php\/author\/alejandra\/"}]}},"views":607,"_links":{"self":[{"href":"https:\/\/nitu.mx\/index.php\/wp-json\/wp\/v2\/posts\/73862"}],"collection":[{"href":"https:\/\/nitu.mx\/index.php\/wp-json\/wp\/v2\/posts"}],"about":[{"href":"https:\/\/nitu.mx\/index.php\/wp-json\/wp\/v2\/types\/post"}],"author":[{"embeddable":true,"href":"https:\/\/nitu.mx\/index.php\/wp-json\/wp\/v2\/users\/3"}],"replies":[{"embeddable":true,"href":"https:\/\/nitu.mx\/index.php\/wp-json\/wp\/v2\/comments?post=73862"}],"version-history":[{"count":2,"href":"https:\/\/nitu.mx\/index.php\/wp-json\/wp\/v2\/posts\/73862\/revisions"}],"predecessor-version":[{"id":73875,"href":"https:\/\/nitu.mx\/index.php\/wp-json\/wp\/v2\/posts\/73862\/revisions\/73875"}],"wp:featuredmedia":[{"embeddable":true,"href":"https:\/\/nitu.mx\/index.php\/wp-json\/wp\/v2\/media\/8622"}],"wp:attachment":[{"href":"https:\/\/nitu.mx\/index.php\/wp-json\/wp\/v2\/media?parent=73862"}],"wp:term":[{"taxonomy":"category","embeddable":true,"href":"https:\/\/nitu.mx\/index.php\/wp-json\/wp\/v2\/categories?post=73862"},{"taxonomy":"post_tag","embeddable":true,"href":"https:\/\/nitu.mx\/index.php\/wp-json\/wp\/v2\/tags?post=73862"}],"curies":[{"name":"wp","href":"https:\/\/api.w.org\/{rel}","templated":true}]}}