{"id":73568,"date":"2024-08-01T05:28:12","date_gmt":"2024-08-01T11:28:12","guid":{"rendered":"https:\/\/nitu.mx\/?p=73568"},"modified":"2024-08-01T05:28:13","modified_gmt":"2024-08-01T11:28:13","slug":"fundacion-ado-y-redeamerica-promueven-el-desarrollo-sostenible-en-mexico","status":"publish","type":"post","link":"https:\/\/nitu.mx\/index.php\/2024\/08\/01\/fundacion-ado-y-redeamerica-promueven-el-desarrollo-sostenible-en-mexico\/","title":{"rendered":"Fundaci\u00f3n ADO y RedEAm\u00e9rica promueven el desarrollo sostenible en M\u00e9xico"},"content":{"rendered":"<p>Fundaci\u00f3n ADO y RedEAm\u00e9rica han anunciado la inversi\u00f3n de seis millones de pesos para impulsar proyectos de desarrollo sostenible en siete estados de M\u00e9xico durante los pr\u00f3ximos dos a\u00f1os.<\/p>\n<p>En el evento &#8220;Fomentando Capacidades para el Desarrollo Sostenible en M\u00e9xico&#8221;, el Nodo M\u00e9xico de la RedEAm\u00e9rica present\u00f3 las seis organizaciones sociales y seis grupos comunitarios seleccionados para la segunda edici\u00f3n del Fondo Com\u00fan. Este fondo busca fomentar el desarrollo comunitario en Oaxaca, Chiapas, Michoac\u00e1n, Sonora, Tlaxcala, Hidalgo y Yucat\u00e1n.<\/p>\n<p>Andr\u00e9s P\u00e9rez-Pe\u00f1a Campos, gerente general de Fundaci\u00f3n ADO, explic\u00f3 que su modelo de acci\u00f3n se centra en la coinversi\u00f3n y el acompa\u00f1amiento de proyectos productivos en comunidades vulnerables. El objetivo es generar un impacto duradero al reconocer y potenciar las capacidades de cada comunidad, haciendo que sean protagonistas de su propio desarrollo.<\/p>\n<p>El modelo de Fundaci\u00f3n ADO apuesta por la inversi\u00f3n social que va m\u00e1s all\u00e1 de la entrega de recursos. Al enfocarse en la coinversi\u00f3n, el acompa\u00f1amiento y el desarrollo de capacidades, se busca empoderar a las comunidades para que puedan generar soluciones sostenibles por s\u00ed mismas.<\/p>\n<p>Fundaci\u00f3n ADO, co-fundador de esta iniciativa, reafirma su compromiso con la responsabilidad social y la creaci\u00f3n de un futuro donde las comunidades cuenten con las herramientas y recursos necesarios para alcanzar su m\u00e1ximo potencial. La colaboraci\u00f3n entre fundaciones empresariales y el trabajo en conjunto con RedEAm\u00e9rica son clave para lograr estos objetivos.<\/p>\n","protected":false},"excerpt":{"rendered":"<p>Fundaci\u00f3n ADO y RedEAm\u00e9rica han anunciado la inversi\u00f3n de seis millones de pesos para impulsar proyectos de desarrollo sostenible en siete estados de M\u00e9xico durante los pr\u00f3ximos dos a\u00f1os. En el evento &#8220;Fomentando Capacidades para el Desarrollo Sostenible en M\u00e9xico&#8221;, el Nodo M\u00e9xico de la RedEAm\u00e9rica present\u00f3 las seis organizaciones sociales y seis grupos comunitarios [&hellip;]<\/p>\n","protected":false},"author":3,"featured_media":73585,"comment_status":"open","ping_status":"open","sticky":false,"template":"","format":"standard","meta":{"footnotes":""},"categories":[23427],"tags":[4872,25815,68,25816],"yoast_head":"<!-- This site is optimized with the Yoast SEO plugin v22.2 - https:\/\/yoast.com\/wordpress\/plugins\/seo\/ -->\n<title>Fundaci\u00f3n ADO y RedEAm\u00e9rica promueven el desarrollo sostenible en M\u00e9xico - Nitu - Noticias de la Industria Turistica<\/title>\n<meta name=\"robots\" content=\"index, follow, max-snippet:-1, max-image-preview:large, max-video-preview:-1\" \/>\n<link rel=\"canonical\" href=\"https:\/\/nitu.mx\/index.php\/2024\/08\/01\/fundacion-ado-y-redeamerica-promueven-el-desarrollo-sostenible-en-mexico\/\" \/>\n<meta name=\"twitter:card\" content=\"summary_large_image\" \/>\n<meta name=\"twitter:title\" content=\"Fundaci\u00f3n ADO y RedEAm\u00e9rica promueven el desarrollo sostenible en M\u00e9xico - Nitu - Noticias de la Industria Turistica\" \/>\n<meta name=\"twitter:description\" content=\"Fundaci\u00f3n ADO y RedEAm\u00e9rica han anunciado la inversi\u00f3n de seis millones de pesos para impulsar proyectos de desarrollo sostenible en siete estados de M\u00e9xico durante los pr\u00f3ximos dos a\u00f1os. En el evento &#8220;Fomentando Capacidades para el Desarrollo Sostenible en M\u00e9xico&#8221;, el Nodo M\u00e9xico de la RedEAm\u00e9rica present\u00f3 las seis organizaciones sociales y seis grupos comunitarios [&hellip;]\" \/>\n<meta name=\"twitter:image\" content=\"https:\/\/nitu.mx\/wp-content\/uploads\/2024\/07\/ADO-REDEAMERICA.jpg\" \/>\n<meta name=\"twitter:creator\" content=\"@NITUmx\" \/>\n<meta name=\"twitter:site\" content=\"@Arturo_Medina_G\" \/>\n<meta name=\"twitter:label1\" content=\"Escrito por\" \/>\n\t<meta name=\"twitter:data1\" content=\"Alejandra Moncisbays\" \/>\n\t<meta name=\"twitter:label2\" content=\"Tiempo de lectura\" \/>\n\t<meta name=\"twitter:data2\" content=\"1 minuto\" \/>\n<script type=\"application\/ld+json\" class=\"yoast-schema-graph\">{\"@context\":\"https:\/\/schema.org\",\"@graph\":[{\"@type\":\"Article\",\"@id\":\"https:\/\/nitu.mx\/index.php\/2024\/08\/01\/fundacion-ado-y-redeamerica-promueven-el-desarrollo-sostenible-en-mexico\/#article\",\"isPartOf\":{\"@id\":\"https:\/\/nitu.mx\/index.php\/2024\/08\/01\/fundacion-ado-y-redeamerica-promueven-el-desarrollo-sostenible-en-mexico\/\"},\"author\":{\"name\":\"Alejandra Moncisbays\",\"@id\":\"https:\/\/nitu.mx\/#\/schema\/person\/2ecd887b19dfd3382d1f14fc5acf24a8\"},\"headline\":\"Fundaci\u00f3n ADO y RedEAm\u00e9rica promueven el desarrollo sostenible en M\u00e9xico\",\"datePublished\":\"2024-08-01T11:28:12+00:00\",\"dateModified\":\"2024-08-01T11:28:13+00:00\",\"mainEntityOfPage\":{\"@id\":\"https:\/\/nitu.mx\/index.php\/2024\/08\/01\/fundacion-ado-y-redeamerica-promueven-el-desarrollo-sostenible-en-mexico\/\"},\"wordCount\":272,\"commentCount\":0,\"publisher\":{\"@id\":\"https:\/\/nitu.mx\/#\/schema\/person\/ae7a53426417292d3dd07b45a33e01bc\"},\"image\":{\"@id\":\"https:\/\/nitu.mx\/index.php\/2024\/08\/01\/fundacion-ado-y-redeamerica-promueven-el-desarrollo-sostenible-en-mexico\/#primaryimage\"},\"thumbnailUrl\":\"https:\/\/nitu.mx\/wp-content\/uploads\/2024\/07\/ADO-REDEAMERICA.jpg\",\"keywords\":[\"desarrollo sostenible\",\"Fundaci\u00f3n ADO\",\"M\u00e9xico\",\"RedEAm\u00e9rica\"],\"articleSection\":[\"Medio Ambiente\"],\"inLanguage\":\"es-MX\",\"potentialAction\":[{\"@type\":\"CommentAction\",\"name\":\"Comment\",\"target\":[\"https:\/\/nitu.mx\/index.php\/2024\/08\/01\/fundacion-ado-y-redeamerica-promueven-el-desarrollo-sostenible-en-mexico\/#respond\"]}]},{\"@type\":\"WebPage\",\"@id\":\"https:\/\/nitu.mx\/index.php\/2024\/08\/01\/fundacion-ado-y-redeamerica-promueven-el-desarrollo-sostenible-en-mexico\/\",\"url\":\"https:\/\/nitu.mx\/index.php\/2024\/08\/01\/fundacion-ado-y-redeamerica-promueven-el-desarrollo-sostenible-en-mexico\/\",\"name\":\"Fundaci\u00f3n ADO y RedEAm\u00e9rica promueven el desarrollo sostenible en M\u00e9xico - Nitu - Noticias de la Industria Turistica\",\"isPartOf\":{\"@id\":\"https:\/\/nitu.mx\/#website\"},\"primaryImageOfPage\":{\"@id\":\"https:\/\/nitu.mx\/index.php\/2024\/08\/01\/fundacion-ado-y-redeamerica-promueven-el-desarrollo-sostenible-en-mexico\/#primaryimage\"},\"image\":{\"@id\":\"https:\/\/nitu.mx\/index.php\/2024\/08\/01\/fundacion-ado-y-redeamerica-promueven-el-desarrollo-sostenible-en-mexico\/#primaryimage\"},\"thumbnailUrl\":\"https:\/\/nitu.mx\/wp-content\/uploads\/2024\/07\/ADO-REDEAMERICA.jpg\",\"datePublished\":\"2024-08-01T11:28:12+00:00\",\"dateModified\":\"2024-08-01T11:28:13+00:00\",\"breadcrumb\":{\"@id\":\"https:\/\/nitu.mx\/index.php\/2024\/08\/01\/fundacion-ado-y-redeamerica-promueven-el-desarrollo-sostenible-en-mexico\/#breadcrumb\"},\"inLanguage\":\"es-MX\",\"potentialAction\":[{\"@type\":\"ReadAction\",\"target\":[\"https:\/\/nitu.mx\/index.php\/2024\/08\/01\/fundacion-ado-y-redeamerica-promueven-el-desarrollo-sostenible-en-mexico\/\"]}]},{\"@type\":\"ImageObject\",\"inLanguage\":\"es-MX\",\"@id\":\"https:\/\/nitu.mx\/index.php\/2024\/08\/01\/fundacion-ado-y-redeamerica-promueven-el-desarrollo-sostenible-en-mexico\/#primaryimage\",\"url\":\"https:\/\/nitu.mx\/wp-content\/uploads\/2024\/07\/ADO-REDEAMERICA.jpg\",\"contentUrl\":\"https:\/\/nitu.mx\/wp-content\/uploads\/2024\/07\/ADO-REDEAMERICA.jpg\",\"width\":1200,\"height\":675},{\"@type\":\"BreadcrumbList\",\"@id\":\"https:\/\/nitu.mx\/index.php\/2024\/08\/01\/fundacion-ado-y-redeamerica-promueven-el-desarrollo-sostenible-en-mexico\/#breadcrumb\",\"itemListElement\":[{\"@type\":\"ListItem\",\"position\":1,\"name\":\"Inicio\",\"item\":\"https:\/\/nitu.mx\/\"},{\"@type\":\"ListItem\",\"position\":2,\"name\":\"Fundaci\u00f3n ADO y RedEAm\u00e9rica promueven el desarrollo sostenible en M\u00e9xico\"}]},{\"@type\":\"WebSite\",\"@id\":\"https:\/\/nitu.mx\/#website\",\"url\":\"https:\/\/nitu.mx\/\",\"name\":\"Nitu - Noticias de la Industria Turistica\",\"description\":\"Noticias de la Industria Turistica\",\"publisher\":{\"@id\":\"https:\/\/nitu.mx\/#\/schema\/person\/ae7a53426417292d3dd07b45a33e01bc\"},\"alternateName\":\"Noticias de la Industria Turistica\",\"potentialAction\":[{\"@type\":\"SearchAction\",\"target\":{\"@type\":\"EntryPoint\",\"urlTemplate\":\"https:\/\/nitu.mx\/?s={search_term_string}\"},\"query-input\":\"required name=search_term_string\"}],\"inLanguage\":\"es-MX\"},{\"@type\":[\"Person\",\"Organization\"],\"@id\":\"https:\/\/nitu.mx\/#\/schema\/person\/ae7a53426417292d3dd07b45a33e01bc\",\"name\":\"Arturo Medina\",\"image\":{\"@type\":\"ImageObject\",\"inLanguage\":\"es-MX\",\"@id\":\"https:\/\/nitu.mx\/#\/schema\/person\/image\/\",\"url\":\"https:\/\/nitu.mx\/wp-content\/uploads\/2024\/04\/4A315622-1904-4D5C-B022-878CDC840E04-90x90-1.jpeg\",\"contentUrl\":\"https:\/\/nitu.mx\/wp-content\/uploads\/2024\/04\/4A315622-1904-4D5C-B022-878CDC840E04-90x90-1.jpeg\",\"width\":90,\"height\":90,\"caption\":\"Arturo Medina\"},\"logo\":{\"@id\":\"https:\/\/nitu.mx\/#\/schema\/person\/image\/\"},\"description\":\"Director NITU.mx, Egresado de la Escuela de Periodismo Carlos Septi\u00e9n Garc\u00eda. Periodista y analista especializado en turismo desde hace 35 a\u00f1os, radicado en Canc\u00fan Q.Roo. arturo@nitu.mx\",\"sameAs\":[\"https:\/\/nitu.mx\",\"https:\/\/www.facebook.com\/NITUmx\/\",\"medinacancun\",\"https:\/\/twitter.com\/@Arturo_Medina_G\"]},{\"@type\":\"Person\",\"@id\":\"https:\/\/nitu.mx\/#\/schema\/person\/2ecd887b19dfd3382d1f14fc5acf24a8\",\"name\":\"Alejandra Moncisbays\",\"image\":{\"@type\":\"ImageObject\",\"inLanguage\":\"es-MX\",\"@id\":\"https:\/\/nitu.mx\/#\/schema\/person\/image\/\",\"url\":\"https:\/\/secure.gravatar.com\/avatar\/e74f7af0be172b7804dacfd0bfbef787?s=96&d=mm&r=g\",\"contentUrl\":\"https:\/\/secure.gravatar.com\/avatar\/e74f7af0be172b7804dacfd0bfbef787?s=96&d=mm&r=g\",\"caption\":\"Alejandra Moncisbays\"},\"description\":\"Curs\u00e9 la carrera de Periodismo y Comunicaci\u00f3n en la Facultad de Estudios Profesionales Acatl\u00e1n. Vivo en Canc\u00fan desde hace 24 a\u00f1os. Fui reportera de La Tarde de Canc\u00fan, y Novedades de Quintana Roo, colabor\u00e9 en TVCUN, edit\u00e9 Cancun\u00edssimo y colabor\u00e9 en las revistas Latitud21, entre otras, con principal enfoque en los sectores empresarial y tur\u00edstico. Desde hace varios a\u00f1os soy Agente de Seguros con c\u00e9dula de la Comisi\u00f3n Nacional de Seguros y Fianzas. Actualmente, me desarrollo en los \u00e1mbitos del periodismo y el sector asegurador.\",\"sameAs\":[\"https:\/\/nitu.mx\"],\"url\":\"https:\/\/nitu.mx\/index.php\/author\/alejandra\/\"}]}<\/script>\n<!-- \/ Yoast SEO plugin. -->","yoast_head_json":{"title":"Fundaci\u00f3n ADO y RedEAm\u00e9rica promueven el desarrollo sostenible en M\u00e9xico - Nitu - Noticias de la Industria Turistica","robots":{"index":"index","follow":"follow","max-snippet":"max-snippet:-1","max-image-preview":"max-image-preview:large","max-video-preview":"max-video-preview:-1"},"canonical":"https:\/\/nitu.mx\/index.php\/2024\/08\/01\/fundacion-ado-y-redeamerica-promueven-el-desarrollo-sostenible-en-mexico\/","twitter_card":"summary_large_image","twitter_title":"Fundaci\u00f3n ADO y RedEAm\u00e9rica promueven el desarrollo sostenible en M\u00e9xico - Nitu - Noticias de la Industria Turistica","twitter_description":"Fundaci\u00f3n ADO y RedEAm\u00e9rica han anunciado la inversi\u00f3n de seis millones de pesos para impulsar proyectos de desarrollo sostenible en siete estados de M\u00e9xico durante los pr\u00f3ximos dos a\u00f1os. En el evento &#8220;Fomentando Capacidades para el Desarrollo Sostenible en M\u00e9xico&#8221;, el Nodo M\u00e9xico de la RedEAm\u00e9rica present\u00f3 las seis organizaciones sociales y seis grupos comunitarios [&hellip;]","twitter_image":"https:\/\/nitu.mx\/wp-content\/uploads\/2024\/07\/ADO-REDEAMERICA.jpg","twitter_creator":"@NITUmx","twitter_site":"@Arturo_Medina_G","twitter_misc":{"Escrito por":"Alejandra Moncisbays","Tiempo de lectura":"1 minuto"},"schema":{"@context":"https:\/\/schema.org","@graph":[{"@type":"Article","@id":"https:\/\/nitu.mx\/index.php\/2024\/08\/01\/fundacion-ado-y-redeamerica-promueven-el-desarrollo-sostenible-en-mexico\/#article","isPartOf":{"@id":"https:\/\/nitu.mx\/index.php\/2024\/08\/01\/fundacion-ado-y-redeamerica-promueven-el-desarrollo-sostenible-en-mexico\/"},"author":{"name":"Alejandra Moncisbays","@id":"https:\/\/nitu.mx\/#\/schema\/person\/2ecd887b19dfd3382d1f14fc5acf24a8"},"headline":"Fundaci\u00f3n ADO y RedEAm\u00e9rica promueven el desarrollo sostenible en M\u00e9xico","datePublished":"2024-08-01T11:28:12+00:00","dateModified":"2024-08-01T11:28:13+00:00","mainEntityOfPage":{"@id":"https:\/\/nitu.mx\/index.php\/2024\/08\/01\/fundacion-ado-y-redeamerica-promueven-el-desarrollo-sostenible-en-mexico\/"},"wordCount":272,"commentCount":0,"publisher":{"@id":"https:\/\/nitu.mx\/#\/schema\/person\/ae7a53426417292d3dd07b45a33e01bc"},"image":{"@id":"https:\/\/nitu.mx\/index.php\/2024\/08\/01\/fundacion-ado-y-redeamerica-promueven-el-desarrollo-sostenible-en-mexico\/#primaryimage"},"thumbnailUrl":"https:\/\/nitu.mx\/wp-content\/uploads\/2024\/07\/ADO-REDEAMERICA.jpg","keywords":["desarrollo sostenible","Fundaci\u00f3n ADO","M\u00e9xico","RedEAm\u00e9rica"],"articleSection":["Medio Ambiente"],"inLanguage":"es-MX","potentialAction":[{"@type":"CommentAction","name":"Comment","target":["https:\/\/nitu.mx\/index.php\/2024\/08\/01\/fundacion-ado-y-redeamerica-promueven-el-desarrollo-sostenible-en-mexico\/#respond"]}]},{"@type":"WebPage","@id":"https:\/\/nitu.mx\/index.php\/2024\/08\/01\/fundacion-ado-y-redeamerica-promueven-el-desarrollo-sostenible-en-mexico\/","url":"https:\/\/nitu.mx\/index.php\/2024\/08\/01\/fundacion-ado-y-redeamerica-promueven-el-desarrollo-sostenible-en-mexico\/","name":"Fundaci\u00f3n ADO y RedEAm\u00e9rica promueven el desarrollo sostenible en M\u00e9xico - Nitu - Noticias de la Industria Turistica","isPartOf":{"@id":"https:\/\/nitu.mx\/#website"},"primaryImageOfPage":{"@id":"https:\/\/nitu.mx\/index.php\/2024\/08\/01\/fundacion-ado-y-redeamerica-promueven-el-desarrollo-sostenible-en-mexico\/#primaryimage"},"image":{"@id":"https:\/\/nitu.mx\/index.php\/2024\/08\/01\/fundacion-ado-y-redeamerica-promueven-el-desarrollo-sostenible-en-mexico\/#primaryimage"},"thumbnailUrl":"https:\/\/nitu.mx\/wp-content\/uploads\/2024\/07\/ADO-REDEAMERICA.jpg","datePublished":"2024-08-01T11:28:12+00:00","dateModified":"2024-08-01T11:28:13+00:00","breadcrumb":{"@id":"https:\/\/nitu.mx\/index.php\/2024\/08\/01\/fundacion-ado-y-redeamerica-promueven-el-desarrollo-sostenible-en-mexico\/#breadcrumb"},"inLanguage":"es-MX","potentialAction":[{"@type":"ReadAction","target":["https:\/\/nitu.mx\/index.php\/2024\/08\/01\/fundacion-ado-y-redeamerica-promueven-el-desarrollo-sostenible-en-mexico\/"]}]},{"@type":"ImageObject","inLanguage":"es-MX","@id":"https:\/\/nitu.mx\/index.php\/2024\/08\/01\/fundacion-ado-y-redeamerica-promueven-el-desarrollo-sostenible-en-mexico\/#primaryimage","url":"https:\/\/nitu.mx\/wp-content\/uploads\/2024\/07\/ADO-REDEAMERICA.jpg","contentUrl":"https:\/\/nitu.mx\/wp-content\/uploads\/2024\/07\/ADO-REDEAMERICA.jpg","width":1200,"height":675},{"@type":"BreadcrumbList","@id":"https:\/\/nitu.mx\/index.php\/2024\/08\/01\/fundacion-ado-y-redeamerica-promueven-el-desarrollo-sostenible-en-mexico\/#breadcrumb","itemListElement":[{"@type":"ListItem","position":1,"name":"Inicio","item":"https:\/\/nitu.mx\/"},{"@type":"ListItem","position":2,"name":"Fundaci\u00f3n ADO y RedEAm\u00e9rica promueven el desarrollo sostenible en M\u00e9xico"}]},{"@type":"WebSite","@id":"https:\/\/nitu.mx\/#website","url":"https:\/\/nitu.mx\/","name":"Nitu - Noticias de la Industria Turistica","description":"Noticias de la Industria Turistica","publisher":{"@id":"https:\/\/nitu.mx\/#\/schema\/person\/ae7a53426417292d3dd07b45a33e01bc"},"alternateName":"Noticias de la Industria Turistica","potentialAction":[{"@type":"SearchAction","target":{"@type":"EntryPoint","urlTemplate":"https:\/\/nitu.mx\/?s={search_term_string}"},"query-input":"required name=search_term_string"}],"inLanguage":"es-MX"},{"@type":["Person","Organization"],"@id":"https:\/\/nitu.mx\/#\/schema\/person\/ae7a53426417292d3dd07b45a33e01bc","name":"Arturo Medina","image":{"@type":"ImageObject","inLanguage":"es-MX","@id":"https:\/\/nitu.mx\/#\/schema\/person\/image\/","url":"https:\/\/nitu.mx\/wp-content\/uploads\/2024\/04\/4A315622-1904-4D5C-B022-878CDC840E04-90x90-1.jpeg","contentUrl":"https:\/\/nitu.mx\/wp-content\/uploads\/2024\/04\/4A315622-1904-4D5C-B022-878CDC840E04-90x90-1.jpeg","width":90,"height":90,"caption":"Arturo Medina"},"logo":{"@id":"https:\/\/nitu.mx\/#\/schema\/person\/image\/"},"description":"Director NITU.mx, Egresado de la Escuela de Periodismo Carlos Septi\u00e9n Garc\u00eda. Periodista y analista especializado en turismo desde hace 35 a\u00f1os, radicado en Canc\u00fan Q.Roo. arturo@nitu.mx","sameAs":["https:\/\/nitu.mx","https:\/\/www.facebook.com\/NITUmx\/","medinacancun","https:\/\/twitter.com\/@Arturo_Medina_G"]},{"@type":"Person","@id":"https:\/\/nitu.mx\/#\/schema\/person\/2ecd887b19dfd3382d1f14fc5acf24a8","name":"Alejandra Moncisbays","image":{"@type":"ImageObject","inLanguage":"es-MX","@id":"https:\/\/nitu.mx\/#\/schema\/person\/image\/","url":"https:\/\/secure.gravatar.com\/avatar\/e74f7af0be172b7804dacfd0bfbef787?s=96&d=mm&r=g","contentUrl":"https:\/\/secure.gravatar.com\/avatar\/e74f7af0be172b7804dacfd0bfbef787?s=96&d=mm&r=g","caption":"Alejandra Moncisbays"},"description":"Curs\u00e9 la carrera de Periodismo y Comunicaci\u00f3n en la Facultad de Estudios Profesionales Acatl\u00e1n. Vivo en Canc\u00fan desde hace 24 a\u00f1os. Fui reportera de La Tarde de Canc\u00fan, y Novedades de Quintana Roo, colabor\u00e9 en TVCUN, edit\u00e9 Cancun\u00edssimo y colabor\u00e9 en las revistas Latitud21, entre otras, con principal enfoque en los sectores empresarial y tur\u00edstico. Desde hace varios a\u00f1os soy Agente de Seguros con c\u00e9dula de la Comisi\u00f3n Nacional de Seguros y Fianzas. Actualmente, me desarrollo en los \u00e1mbitos del periodismo y el sector asegurador.","sameAs":["https:\/\/nitu.mx"],"url":"https:\/\/nitu.mx\/index.php\/author\/alejandra\/"}]}},"views":655,"_links":{"self":[{"href":"https:\/\/nitu.mx\/index.php\/wp-json\/wp\/v2\/posts\/73568"}],"collection":[{"href":"https:\/\/nitu.mx\/index.php\/wp-json\/wp\/v2\/posts"}],"about":[{"href":"https:\/\/nitu.mx\/index.php\/wp-json\/wp\/v2\/types\/post"}],"author":[{"embeddable":true,"href":"https:\/\/nitu.mx\/index.php\/wp-json\/wp\/v2\/users\/3"}],"replies":[{"embeddable":true,"href":"https:\/\/nitu.mx\/index.php\/wp-json\/wp\/v2\/comments?post=73568"}],"version-history":[{"count":2,"href":"https:\/\/nitu.mx\/index.php\/wp-json\/wp\/v2\/posts\/73568\/revisions"}],"predecessor-version":[{"id":73586,"href":"https:\/\/nitu.mx\/index.php\/wp-json\/wp\/v2\/posts\/73568\/revisions\/73586"}],"wp:featuredmedia":[{"embeddable":true,"href":"https:\/\/nitu.mx\/index.php\/wp-json\/wp\/v2\/media\/73585"}],"wp:attachment":[{"href":"https:\/\/nitu.mx\/index.php\/wp-json\/wp\/v2\/media?parent=73568"}],"wp:term":[{"taxonomy":"category","embeddable":true,"href":"https:\/\/nitu.mx\/index.php\/wp-json\/wp\/v2\/categories?post=73568"},{"taxonomy":"post_tag","embeddable":true,"href":"https:\/\/nitu.mx\/index.php\/wp-json\/wp\/v2\/tags?post=73568"}],"curies":[{"name":"wp","href":"https:\/\/api.w.org\/{rel}","templated":true}]}}