{"id":73536,"date":"2024-07-30T22:57:30","date_gmt":"2024-07-31T04:57:30","guid":{"rendered":"https:\/\/nitu.mx\/?p=73536"},"modified":"2024-07-30T22:57:31","modified_gmt":"2024-07-31T04:57:31","slug":"panama-responde-a-venezuela-con-suspension-de-vuelos","status":"publish","type":"post","link":"https:\/\/nitu.mx\/index.php\/2024\/07\/30\/panama-responde-a-venezuela-con-suspension-de-vuelos\/","title":{"rendered":"Panam\u00e1 responde a Venezuela con suspensi\u00f3n de vuelos"},"content":{"rendered":"<p>Panam\u00e1 ha anunciado la suspensi\u00f3n de los vuelos con Venezuela a partir del mi\u00e9rcoles, en represalia por una medida similar tomada por el gobierno venezolano. Esta decisi\u00f3n ha sido informada este martes por la vocera del gobierno paname\u00f1o, Sareis Pineda.<\/p>\n<p>El lunes, Venezuela comunic\u00f3 que suspender\u00eda los vuelos desde y hacia Panam\u00e1 y Rep\u00fablica Dominicana debido a las &#8220;acciones injerencistas&#8221; de los gobiernos de esos pa\u00edses, que cuestionaron la transparencia en la reelecci\u00f3n del presidente Nicol\u00e1s Maduro. En respuesta, Panam\u00e1 ha instruido al director de aeron\u00e1utica civil, Rafael C\u00e1rdenas, aplicar la medida de retorsi\u00f3n, suspendiendo los vuelos comerciales entre ambos pa\u00edses a partir del 31 de julio desde las 8:00 de la noche.<\/p>\n<p>Esta suspensi\u00f3n refleja las tensiones diplom\u00e1ticas entre los dos pa\u00edses tras las cr\u00edticas a la reelecci\u00f3n de Maduro. Las acciones de ambos gobiernos han impactado las conexiones a\u00e9reas, afectando a viajeros y la industria aerocomercial entre las naciones.<\/p>\n","protected":false},"excerpt":{"rendered":"<p>Panam\u00e1 ha anunciado la suspensi\u00f3n de los vuelos con Venezuela a partir del mi\u00e9rcoles, en represalia por una medida similar tomada por el gobierno venezolano. Esta decisi\u00f3n ha sido informada este martes por la vocera del gobierno paname\u00f1o, Sareis Pineda. El lunes, Venezuela comunic\u00f3 que suspender\u00eda los vuelos desde y hacia Panam\u00e1 y Rep\u00fablica Dominicana [&hellip;]<\/p>\n","protected":false},"author":3,"featured_media":37561,"comment_status":"open","ping_status":"open","sticky":false,"template":"","format":"standard","meta":{"footnotes":""},"categories":[24505],"tags":[10444,1260,19866,3777],"yoast_head":"<!-- This site is optimized with the Yoast SEO plugin v22.2 - https:\/\/yoast.com\/wordpress\/plugins\/seo\/ -->\n<title>Panam\u00e1 responde a Venezuela con suspensi\u00f3n de vuelos - Nitu - Noticias de la Industria Turistica<\/title>\n<meta name=\"robots\" content=\"index, follow, max-snippet:-1, max-image-preview:large, max-video-preview:-1\" \/>\n<link rel=\"canonical\" href=\"https:\/\/nitu.mx\/index.php\/2024\/07\/30\/panama-responde-a-venezuela-con-suspension-de-vuelos\/\" \/>\n<meta name=\"twitter:card\" content=\"summary_large_image\" \/>\n<meta name=\"twitter:title\" content=\"Panam\u00e1 responde a Venezuela con suspensi\u00f3n de vuelos - Nitu - Noticias de la Industria Turistica\" \/>\n<meta name=\"twitter:description\" content=\"Panam\u00e1 ha anunciado la suspensi\u00f3n de los vuelos con Venezuela a partir del mi\u00e9rcoles, en represalia por una medida similar tomada por el gobierno venezolano. Esta decisi\u00f3n ha sido informada este martes por la vocera del gobierno paname\u00f1o, Sareis Pineda. El lunes, Venezuela comunic\u00f3 que suspender\u00eda los vuelos desde y hacia Panam\u00e1 y Rep\u00fablica Dominicana [&hellip;]\" \/>\n<meta name=\"twitter:image\" content=\"https:\/\/nitu.mx\/wp-content\/uploads\/2019\/11\/Conviasa-M\u00e9xico-Venezuela.jpg\" \/>\n<meta name=\"twitter:creator\" content=\"@NITUmx\" \/>\n<meta name=\"twitter:site\" content=\"@Arturo_Medina_G\" \/>\n<meta name=\"twitter:label1\" content=\"Escrito por\" \/>\n\t<meta name=\"twitter:data1\" content=\"Alejandra Moncisbays\" \/>\n\t<meta name=\"twitter:label2\" content=\"Tiempo de lectura\" \/>\n\t<meta name=\"twitter:data2\" content=\"1 minuto\" \/>\n<script type=\"application\/ld+json\" class=\"yoast-schema-graph\">{\"@context\":\"https:\/\/schema.org\",\"@graph\":[{\"@type\":\"Article\",\"@id\":\"https:\/\/nitu.mx\/index.php\/2024\/07\/30\/panama-responde-a-venezuela-con-suspension-de-vuelos\/#article\",\"isPartOf\":{\"@id\":\"https:\/\/nitu.mx\/index.php\/2024\/07\/30\/panama-responde-a-venezuela-con-suspension-de-vuelos\/\"},\"author\":{\"name\":\"Alejandra Moncisbays\",\"@id\":\"https:\/\/nitu.mx\/#\/schema\/person\/2ecd887b19dfd3382d1f14fc5acf24a8\"},\"headline\":\"Panam\u00e1 responde a Venezuela con suspensi\u00f3n de vuelos\",\"datePublished\":\"2024-07-31T04:57:30+00:00\",\"dateModified\":\"2024-07-31T04:57:31+00:00\",\"mainEntityOfPage\":{\"@id\":\"https:\/\/nitu.mx\/index.php\/2024\/07\/30\/panama-responde-a-venezuela-con-suspension-de-vuelos\/\"},\"wordCount\":177,\"commentCount\":0,\"publisher\":{\"@id\":\"https:\/\/nitu.mx\/#\/schema\/person\/ae7a53426417292d3dd07b45a33e01bc\"},\"image\":{\"@id\":\"https:\/\/nitu.mx\/index.php\/2024\/07\/30\/panama-responde-a-venezuela-con-suspension-de-vuelos\/#primaryimage\"},\"thumbnailUrl\":\"https:\/\/nitu.mx\/wp-content\/uploads\/2019\/11\/Conviasa-M\u00e9xico-Venezuela.jpg\",\"keywords\":[\"elecciones\",\"Panam\u00e1\",\"Suspensi\u00f3n\",\"Venezuela\"],\"articleSection\":[\"Destacados\"],\"inLanguage\":\"es-MX\",\"potentialAction\":[{\"@type\":\"CommentAction\",\"name\":\"Comment\",\"target\":[\"https:\/\/nitu.mx\/index.php\/2024\/07\/30\/panama-responde-a-venezuela-con-suspension-de-vuelos\/#respond\"]}]},{\"@type\":\"WebPage\",\"@id\":\"https:\/\/nitu.mx\/index.php\/2024\/07\/30\/panama-responde-a-venezuela-con-suspension-de-vuelos\/\",\"url\":\"https:\/\/nitu.mx\/index.php\/2024\/07\/30\/panama-responde-a-venezuela-con-suspension-de-vuelos\/\",\"name\":\"Panam\u00e1 responde a Venezuela con suspensi\u00f3n de vuelos - Nitu - Noticias de la Industria Turistica\",\"isPartOf\":{\"@id\":\"https:\/\/nitu.mx\/#website\"},\"primaryImageOfPage\":{\"@id\":\"https:\/\/nitu.mx\/index.php\/2024\/07\/30\/panama-responde-a-venezuela-con-suspension-de-vuelos\/#primaryimage\"},\"image\":{\"@id\":\"https:\/\/nitu.mx\/index.php\/2024\/07\/30\/panama-responde-a-venezuela-con-suspension-de-vuelos\/#primaryimage\"},\"thumbnailUrl\":\"https:\/\/nitu.mx\/wp-content\/uploads\/2019\/11\/Conviasa-M\u00e9xico-Venezuela.jpg\",\"datePublished\":\"2024-07-31T04:57:30+00:00\",\"dateModified\":\"2024-07-31T04:57:31+00:00\",\"breadcrumb\":{\"@id\":\"https:\/\/nitu.mx\/index.php\/2024\/07\/30\/panama-responde-a-venezuela-con-suspension-de-vuelos\/#breadcrumb\"},\"inLanguage\":\"es-MX\",\"potentialAction\":[{\"@type\":\"ReadAction\",\"target\":[\"https:\/\/nitu.mx\/index.php\/2024\/07\/30\/panama-responde-a-venezuela-con-suspension-de-vuelos\/\"]}]},{\"@type\":\"ImageObject\",\"inLanguage\":\"es-MX\",\"@id\":\"https:\/\/nitu.mx\/index.php\/2024\/07\/30\/panama-responde-a-venezuela-con-suspension-de-vuelos\/#primaryimage\",\"url\":\"https:\/\/nitu.mx\/wp-content\/uploads\/2019\/11\/Conviasa-M\u00e9xico-Venezuela.jpg\",\"contentUrl\":\"https:\/\/nitu.mx\/wp-content\/uploads\/2019\/11\/Conviasa-M\u00e9xico-Venezuela.jpg\",\"width\":850,\"height\":480,\"caption\":\"Venezuela\"},{\"@type\":\"BreadcrumbList\",\"@id\":\"https:\/\/nitu.mx\/index.php\/2024\/07\/30\/panama-responde-a-venezuela-con-suspension-de-vuelos\/#breadcrumb\",\"itemListElement\":[{\"@type\":\"ListItem\",\"position\":1,\"name\":\"Inicio\",\"item\":\"https:\/\/nitu.mx\/\"},{\"@type\":\"ListItem\",\"position\":2,\"name\":\"Panam\u00e1 responde a Venezuela con suspensi\u00f3n de vuelos\"}]},{\"@type\":\"WebSite\",\"@id\":\"https:\/\/nitu.mx\/#website\",\"url\":\"https:\/\/nitu.mx\/\",\"name\":\"Nitu - Noticias de la Industria Turistica\",\"description\":\"Noticias de la Industria Turistica\",\"publisher\":{\"@id\":\"https:\/\/nitu.mx\/#\/schema\/person\/ae7a53426417292d3dd07b45a33e01bc\"},\"alternateName\":\"Noticias de la Industria Turistica\",\"potentialAction\":[{\"@type\":\"SearchAction\",\"target\":{\"@type\":\"EntryPoint\",\"urlTemplate\":\"https:\/\/nitu.mx\/?s={search_term_string}\"},\"query-input\":\"required name=search_term_string\"}],\"inLanguage\":\"es-MX\"},{\"@type\":[\"Person\",\"Organization\"],\"@id\":\"https:\/\/nitu.mx\/#\/schema\/person\/ae7a53426417292d3dd07b45a33e01bc\",\"name\":\"Arturo Medina\",\"image\":{\"@type\":\"ImageObject\",\"inLanguage\":\"es-MX\",\"@id\":\"https:\/\/nitu.mx\/#\/schema\/person\/image\/\",\"url\":\"https:\/\/nitu.mx\/wp-content\/uploads\/2024\/04\/4A315622-1904-4D5C-B022-878CDC840E04-90x90-1.jpeg\",\"contentUrl\":\"https:\/\/nitu.mx\/wp-content\/uploads\/2024\/04\/4A315622-1904-4D5C-B022-878CDC840E04-90x90-1.jpeg\",\"width\":90,\"height\":90,\"caption\":\"Arturo Medina\"},\"logo\":{\"@id\":\"https:\/\/nitu.mx\/#\/schema\/person\/image\/\"},\"description\":\"Director NITU.mx, Egresado de la Escuela de Periodismo Carlos Septi\u00e9n Garc\u00eda. Periodista y analista especializado en turismo desde hace 35 a\u00f1os, radicado en Canc\u00fan Q.Roo. arturo@nitu.mx\",\"sameAs\":[\"https:\/\/nitu.mx\",\"https:\/\/www.facebook.com\/NITUmx\/\",\"medinacancun\",\"https:\/\/twitter.com\/@Arturo_Medina_G\"]},{\"@type\":\"Person\",\"@id\":\"https:\/\/nitu.mx\/#\/schema\/person\/2ecd887b19dfd3382d1f14fc5acf24a8\",\"name\":\"Alejandra Moncisbays\",\"image\":{\"@type\":\"ImageObject\",\"inLanguage\":\"es-MX\",\"@id\":\"https:\/\/nitu.mx\/#\/schema\/person\/image\/\",\"url\":\"https:\/\/secure.gravatar.com\/avatar\/e74f7af0be172b7804dacfd0bfbef787?s=96&d=mm&r=g\",\"contentUrl\":\"https:\/\/secure.gravatar.com\/avatar\/e74f7af0be172b7804dacfd0bfbef787?s=96&d=mm&r=g\",\"caption\":\"Alejandra Moncisbays\"},\"description\":\"Curs\u00e9 la carrera de Periodismo y Comunicaci\u00f3n en la Facultad de Estudios Profesionales Acatl\u00e1n. Vivo en Canc\u00fan desde hace 24 a\u00f1os. Fui reportera de La Tarde de Canc\u00fan, y Novedades de Quintana Roo, colabor\u00e9 en TVCUN, edit\u00e9 Cancun\u00edssimo y colabor\u00e9 en las revistas Latitud21, entre otras, con principal enfoque en los sectores empresarial y tur\u00edstico. Desde hace varios a\u00f1os soy Agente de Seguros con c\u00e9dula de la Comisi\u00f3n Nacional de Seguros y Fianzas. Actualmente, me desarrollo en los \u00e1mbitos del periodismo y el sector asegurador.\",\"sameAs\":[\"https:\/\/nitu.mx\"],\"url\":\"https:\/\/nitu.mx\/index.php\/author\/alejandra\/\"}]}<\/script>\n<!-- \/ Yoast SEO plugin. -->","yoast_head_json":{"title":"Panam\u00e1 responde a Venezuela con suspensi\u00f3n de vuelos - Nitu - Noticias de la Industria Turistica","robots":{"index":"index","follow":"follow","max-snippet":"max-snippet:-1","max-image-preview":"max-image-preview:large","max-video-preview":"max-video-preview:-1"},"canonical":"https:\/\/nitu.mx\/index.php\/2024\/07\/30\/panama-responde-a-venezuela-con-suspension-de-vuelos\/","twitter_card":"summary_large_image","twitter_title":"Panam\u00e1 responde a Venezuela con suspensi\u00f3n de vuelos - Nitu - Noticias de la Industria Turistica","twitter_description":"Panam\u00e1 ha anunciado la suspensi\u00f3n de los vuelos con Venezuela a partir del mi\u00e9rcoles, en represalia por una medida similar tomada por el gobierno venezolano. Esta decisi\u00f3n ha sido informada este martes por la vocera del gobierno paname\u00f1o, Sareis Pineda. El lunes, Venezuela comunic\u00f3 que suspender\u00eda los vuelos desde y hacia Panam\u00e1 y Rep\u00fablica Dominicana [&hellip;]","twitter_image":"https:\/\/nitu.mx\/wp-content\/uploads\/2019\/11\/Conviasa-M\u00e9xico-Venezuela.jpg","twitter_creator":"@NITUmx","twitter_site":"@Arturo_Medina_G","twitter_misc":{"Escrito por":"Alejandra Moncisbays","Tiempo de lectura":"1 minuto"},"schema":{"@context":"https:\/\/schema.org","@graph":[{"@type":"Article","@id":"https:\/\/nitu.mx\/index.php\/2024\/07\/30\/panama-responde-a-venezuela-con-suspension-de-vuelos\/#article","isPartOf":{"@id":"https:\/\/nitu.mx\/index.php\/2024\/07\/30\/panama-responde-a-venezuela-con-suspension-de-vuelos\/"},"author":{"name":"Alejandra Moncisbays","@id":"https:\/\/nitu.mx\/#\/schema\/person\/2ecd887b19dfd3382d1f14fc5acf24a8"},"headline":"Panam\u00e1 responde a Venezuela con suspensi\u00f3n de vuelos","datePublished":"2024-07-31T04:57:30+00:00","dateModified":"2024-07-31T04:57:31+00:00","mainEntityOfPage":{"@id":"https:\/\/nitu.mx\/index.php\/2024\/07\/30\/panama-responde-a-venezuela-con-suspension-de-vuelos\/"},"wordCount":177,"commentCount":0,"publisher":{"@id":"https:\/\/nitu.mx\/#\/schema\/person\/ae7a53426417292d3dd07b45a33e01bc"},"image":{"@id":"https:\/\/nitu.mx\/index.php\/2024\/07\/30\/panama-responde-a-venezuela-con-suspension-de-vuelos\/#primaryimage"},"thumbnailUrl":"https:\/\/nitu.mx\/wp-content\/uploads\/2019\/11\/Conviasa-M\u00e9xico-Venezuela.jpg","keywords":["elecciones","Panam\u00e1","Suspensi\u00f3n","Venezuela"],"articleSection":["Destacados"],"inLanguage":"es-MX","potentialAction":[{"@type":"CommentAction","name":"Comment","target":["https:\/\/nitu.mx\/index.php\/2024\/07\/30\/panama-responde-a-venezuela-con-suspension-de-vuelos\/#respond"]}]},{"@type":"WebPage","@id":"https:\/\/nitu.mx\/index.php\/2024\/07\/30\/panama-responde-a-venezuela-con-suspension-de-vuelos\/","url":"https:\/\/nitu.mx\/index.php\/2024\/07\/30\/panama-responde-a-venezuela-con-suspension-de-vuelos\/","name":"Panam\u00e1 responde a Venezuela con suspensi\u00f3n de vuelos - Nitu - Noticias de la Industria Turistica","isPartOf":{"@id":"https:\/\/nitu.mx\/#website"},"primaryImageOfPage":{"@id":"https:\/\/nitu.mx\/index.php\/2024\/07\/30\/panama-responde-a-venezuela-con-suspension-de-vuelos\/#primaryimage"},"image":{"@id":"https:\/\/nitu.mx\/index.php\/2024\/07\/30\/panama-responde-a-venezuela-con-suspension-de-vuelos\/#primaryimage"},"thumbnailUrl":"https:\/\/nitu.mx\/wp-content\/uploads\/2019\/11\/Conviasa-M\u00e9xico-Venezuela.jpg","datePublished":"2024-07-31T04:57:30+00:00","dateModified":"2024-07-31T04:57:31+00:00","breadcrumb":{"@id":"https:\/\/nitu.mx\/index.php\/2024\/07\/30\/panama-responde-a-venezuela-con-suspension-de-vuelos\/#breadcrumb"},"inLanguage":"es-MX","potentialAction":[{"@type":"ReadAction","target":["https:\/\/nitu.mx\/index.php\/2024\/07\/30\/panama-responde-a-venezuela-con-suspension-de-vuelos\/"]}]},{"@type":"ImageObject","inLanguage":"es-MX","@id":"https:\/\/nitu.mx\/index.php\/2024\/07\/30\/panama-responde-a-venezuela-con-suspension-de-vuelos\/#primaryimage","url":"https:\/\/nitu.mx\/wp-content\/uploads\/2019\/11\/Conviasa-M\u00e9xico-Venezuela.jpg","contentUrl":"https:\/\/nitu.mx\/wp-content\/uploads\/2019\/11\/Conviasa-M\u00e9xico-Venezuela.jpg","width":850,"height":480,"caption":"Venezuela"},{"@type":"BreadcrumbList","@id":"https:\/\/nitu.mx\/index.php\/2024\/07\/30\/panama-responde-a-venezuela-con-suspension-de-vuelos\/#breadcrumb","itemListElement":[{"@type":"ListItem","position":1,"name":"Inicio","item":"https:\/\/nitu.mx\/"},{"@type":"ListItem","position":2,"name":"Panam\u00e1 responde a Venezuela con suspensi\u00f3n de vuelos"}]},{"@type":"WebSite","@id":"https:\/\/nitu.mx\/#website","url":"https:\/\/nitu.mx\/","name":"Nitu - Noticias de la Industria Turistica","description":"Noticias de la Industria Turistica","publisher":{"@id":"https:\/\/nitu.mx\/#\/schema\/person\/ae7a53426417292d3dd07b45a33e01bc"},"alternateName":"Noticias de la Industria Turistica","potentialAction":[{"@type":"SearchAction","target":{"@type":"EntryPoint","urlTemplate":"https:\/\/nitu.mx\/?s={search_term_string}"},"query-input":"required name=search_term_string"}],"inLanguage":"es-MX"},{"@type":["Person","Organization"],"@id":"https:\/\/nitu.mx\/#\/schema\/person\/ae7a53426417292d3dd07b45a33e01bc","name":"Arturo Medina","image":{"@type":"ImageObject","inLanguage":"es-MX","@id":"https:\/\/nitu.mx\/#\/schema\/person\/image\/","url":"https:\/\/nitu.mx\/wp-content\/uploads\/2024\/04\/4A315622-1904-4D5C-B022-878CDC840E04-90x90-1.jpeg","contentUrl":"https:\/\/nitu.mx\/wp-content\/uploads\/2024\/04\/4A315622-1904-4D5C-B022-878CDC840E04-90x90-1.jpeg","width":90,"height":90,"caption":"Arturo Medina"},"logo":{"@id":"https:\/\/nitu.mx\/#\/schema\/person\/image\/"},"description":"Director NITU.mx, Egresado de la Escuela de Periodismo Carlos Septi\u00e9n Garc\u00eda. Periodista y analista especializado en turismo desde hace 35 a\u00f1os, radicado en Canc\u00fan Q.Roo. arturo@nitu.mx","sameAs":["https:\/\/nitu.mx","https:\/\/www.facebook.com\/NITUmx\/","medinacancun","https:\/\/twitter.com\/@Arturo_Medina_G"]},{"@type":"Person","@id":"https:\/\/nitu.mx\/#\/schema\/person\/2ecd887b19dfd3382d1f14fc5acf24a8","name":"Alejandra Moncisbays","image":{"@type":"ImageObject","inLanguage":"es-MX","@id":"https:\/\/nitu.mx\/#\/schema\/person\/image\/","url":"https:\/\/secure.gravatar.com\/avatar\/e74f7af0be172b7804dacfd0bfbef787?s=96&d=mm&r=g","contentUrl":"https:\/\/secure.gravatar.com\/avatar\/e74f7af0be172b7804dacfd0bfbef787?s=96&d=mm&r=g","caption":"Alejandra Moncisbays"},"description":"Curs\u00e9 la carrera de Periodismo y Comunicaci\u00f3n en la Facultad de Estudios Profesionales Acatl\u00e1n. Vivo en Canc\u00fan desde hace 24 a\u00f1os. Fui reportera de La Tarde de Canc\u00fan, y Novedades de Quintana Roo, colabor\u00e9 en TVCUN, edit\u00e9 Cancun\u00edssimo y colabor\u00e9 en las revistas Latitud21, entre otras, con principal enfoque en los sectores empresarial y tur\u00edstico. Desde hace varios a\u00f1os soy Agente de Seguros con c\u00e9dula de la Comisi\u00f3n Nacional de Seguros y Fianzas. Actualmente, me desarrollo en los \u00e1mbitos del periodismo y el sector asegurador.","sameAs":["https:\/\/nitu.mx"],"url":"https:\/\/nitu.mx\/index.php\/author\/alejandra\/"}]}},"views":600,"_links":{"self":[{"href":"https:\/\/nitu.mx\/index.php\/wp-json\/wp\/v2\/posts\/73536"}],"collection":[{"href":"https:\/\/nitu.mx\/index.php\/wp-json\/wp\/v2\/posts"}],"about":[{"href":"https:\/\/nitu.mx\/index.php\/wp-json\/wp\/v2\/types\/post"}],"author":[{"embeddable":true,"href":"https:\/\/nitu.mx\/index.php\/wp-json\/wp\/v2\/users\/3"}],"replies":[{"embeddable":true,"href":"https:\/\/nitu.mx\/index.php\/wp-json\/wp\/v2\/comments?post=73536"}],"version-history":[{"count":2,"href":"https:\/\/nitu.mx\/index.php\/wp-json\/wp\/v2\/posts\/73536\/revisions"}],"predecessor-version":[{"id":73548,"href":"https:\/\/nitu.mx\/index.php\/wp-json\/wp\/v2\/posts\/73536\/revisions\/73548"}],"wp:featuredmedia":[{"embeddable":true,"href":"https:\/\/nitu.mx\/index.php\/wp-json\/wp\/v2\/media\/37561"}],"wp:attachment":[{"href":"https:\/\/nitu.mx\/index.php\/wp-json\/wp\/v2\/media?parent=73536"}],"wp:term":[{"taxonomy":"category","embeddable":true,"href":"https:\/\/nitu.mx\/index.php\/wp-json\/wp\/v2\/categories?post=73536"},{"taxonomy":"post_tag","embeddable":true,"href":"https:\/\/nitu.mx\/index.php\/wp-json\/wp\/v2\/tags?post=73536"}],"curies":[{"name":"wp","href":"https:\/\/api.w.org\/{rel}","templated":true}]}}