{"id":73513,"date":"2024-07-30T20:26:07","date_gmt":"2024-07-31T02:26:07","guid":{"rendered":"https:\/\/nitu.mx\/?p=73513"},"modified":"2024-07-30T20:26:08","modified_gmt":"2024-07-31T02:26:08","slug":"angeles-verdes-ha-atendido-165-incidentes-en-tramo-cancun-playa-del-carmen-en-vacaciones","status":"publish","type":"post","link":"https:\/\/nitu.mx\/index.php\/2024\/07\/30\/angeles-verdes-ha-atendido-165-incidentes-en-tramo-cancun-playa-del-carmen-en-vacaciones\/","title":{"rendered":"\u00c1ngeles Verdes ha atendido 165 incidentes en tramo Canc\u00fan-Playa del Carmen en vacaciones"},"content":{"rendered":"\n<p>En las primeras dos semanas de vacaciones, el periodo comprendido entre el 12 y 28 de julio, la Direcci\u00f3n General de Servicios al Turista \u00c1ngeles Verdes de la Secretar\u00eda de Turismo (Sectur),&nbsp;ha brindado auxilio en 165 incidentes en el tramo Canc\u00fan-Playa del Carmen, siendo uno de los de mayor incidencia.<\/p>\n\n\n\n<p>La dependencia federal inform\u00f3 que otros tramos que reportan alta incidencia fueron Cuernavaca-Caseta Paso Morelos, con 302; Toluca-M\u00e9xico Cuota, con 232; Guanajuato-Irapuato, con 188; y M\u00e9xico-Cuernavaca, con 163. <\/p>\n\n\n\n<p>En este lapso, a nivel nacional \u00c1ngeles Verdes brind\u00f3 auxilio a 32 mil 349 turistas, como parte del Operativo Vacacional de Verano 2024, de los cuales, 26 mil 928 fueron en carretera, 3 mil 835 a trav\u00e9s del n\u00famero gratuito 078, mil 517 en M\u00f3dulos de Informaci\u00f3n y 69 mediante la aplicaci\u00f3n m\u00f3vil.<\/p>\n\n\n\n<p>El titular Sectur, Miguel Torruco Marqu\u00e9s, dio a conocer tambi\u00e9n que durante las dos primeras semanas de este periodo vacacional se han otorgado 10 mil 157 servicios, siendo 7 mil 752 en carretera, mil 803 llamadas al 078, 533 en los M\u00f3dulos de Informaci\u00f3n y 69 servicios en la app m\u00f3vil.<\/p>\n\n\n\n<p>Indic\u00f3 que en este lapso las atenciones con mayor frecuencia atendidas por \u00c1ngeles Verdes fueron por fallas en neum\u00e1ticos con el 23%, aver\u00edas de motor representaron el 17%, problemas en el sistema de refrigeraci\u00f3n ocuparon el 13%, en el sistema el\u00e9ctrico fueron 12%, la informaci\u00f3n sobre sitios tur\u00edsticos signific\u00f3 el 5% y falta de combustible fue el 4%.<\/p>\n\n\n\n<p>Torruco Marqu\u00e9s precis\u00f3 que del 12 al 28 de julio de 2024, \u00c1ngeles Verdes ha recorrido 584 mil 728 kil\u00f3metros, 864 municipios y apoyado en 32 accidentes. Adem\u00e1s, la aplicaci\u00f3n m\u00f3vil ya registr\u00f3 21 mil 102 descargas.<\/p>\n\n\n\n<p>Respecto al rango de horario con mayor frecuencia de atenci\u00f3n, se tiene de las 16:00 a las 17:59 h, con 21.4%; de las 14:00 a las 15:59 h, con 20.4%; de las 18:00 a las 19:59 h, con 19.7%; de las 12:00 a las 13:59 h, con el 18% y de las 10:00 a las 11:59 con 11.3%.<\/p>\n\n\n\n<p>El secretario de Turismo hizo una llamado a los turistas que viajan por las carreteras de M\u00e9xico para que descarguen la aplicaci\u00f3n m\u00f3vil de \u00c1ngeles Verdes, disponible en&nbsp;<a rel=\"noreferrer noopener\" href=\"https:\/\/apple.co\/3QpoIKS\" target=\"_blank\">iOS<\/a>&nbsp;y&nbsp;<a rel=\"noreferrer noopener\" href=\"http:\/\/bit.ly\/3NF9YpW\" target=\"_blank\">Android<\/a>, registrar su veh\u00edculo y, en caso de requerir auxilio mec\u00e1nico o asesor\u00eda tur\u00edstica, solicitarlo a trav\u00e9s de esta innovaci\u00f3n tecnol\u00f3gica, que permite detectar su ubicaci\u00f3n en tiempo real desde el Centro de Geointeligencia (CGO) \u201cAlfonso Garc\u00eda Gonz\u00e1lez\u201d. As\u00ed mismo, pueden marcar al n\u00famero gratuito 078, y podr\u00e1n saber en cu\u00e1nto tiempo llegar\u00e1 la ayuda, as\u00ed como el nombre del elemento que los auxiliar\u00e1.<\/p>\n\n\n\n<p>Por su parte, el director general de Servicios al Turista \u00c1ngeles Verdes, Jos\u00e9 Armando Garc\u00eda Nu\u00f1o, reiter\u00f3 que, antes de salir a carretera, es importante&nbsp;verificar los niveles del autom\u00f3vil, el correcto funcionamiento de las luces y limpiaparabrisas, as\u00ed como el estado de las llantas, incluyendo la de refacci\u00f3n.<\/p>\n\n\n\n<p>Tambi\u00e9n contar con un kit de herramientas b\u00e1sicas, botiqu\u00edn, elementos de se\u00f1alizaci\u00f3n para alertar a otros automovilistas y cuerpos de emergencia, y ubicar los Paraderos Carreteros y M\u00f3dulos de Informaci\u00f3n de la ruta que seguir\u00e1n. <a href=\"https:\/\/nitu.mx\/index.php\/2024\/07\/15\/inicia-operativo-vacacional-de-verano-2024-que-estima-59-millones-de-turistas\/\">(Inicia Operativo Vacacional de Verano 2024 que estima 59 millones de turistas<\/a>).<\/p>\n\n\n\n<p><\/p>\n\n\n\n<p><\/p>\n","protected":false},"excerpt":{"rendered":"<p>En las primeras dos semanas de vacaciones, el periodo comprendido entre el 12 y 28 de julio, la Direcci\u00f3n General de Servicios al Turista \u00c1ngeles Verdes de la Secretar\u00eda de Turismo (Sectur),&nbsp;ha brindado auxilio en 165 incidentes en el tramo Canc\u00fan-Playa del Carmen, siendo uno de los de mayor incidencia. La dependencia federal inform\u00f3 que [&hellip;]<\/p>\n","protected":false},"author":17,"featured_media":73524,"comment_status":"open","ping_status":"open","sticky":false,"template":"","format":"standard","meta":{"footnotes":""},"categories":[18475],"tags":[20682,43,910,405,93],"yoast_head":"<!-- This site is optimized with the Yoast SEO plugin v22.2 - https:\/\/yoast.com\/wordpress\/plugins\/seo\/ -->\n<title>\u00c1ngeles Verdes ha atendido 165 incidentes en tramo Canc\u00fan-Playa del Carmen en vacaciones - Nitu - Noticias de la Industria Turistica<\/title>\n<meta name=\"robots\" content=\"index, follow, max-snippet:-1, max-image-preview:large, max-video-preview:-1\" \/>\n<link rel=\"canonical\" href=\"https:\/\/nitu.mx\/index.php\/2024\/07\/30\/angeles-verdes-ha-atendido-165-incidentes-en-tramo-cancun-playa-del-carmen-en-vacaciones\/\" \/>\n<meta name=\"twitter:card\" content=\"summary_large_image\" \/>\n<meta name=\"twitter:title\" content=\"\u00c1ngeles Verdes ha atendido 165 incidentes en tramo Canc\u00fan-Playa del Carmen en vacaciones - Nitu - Noticias de la Industria Turistica\" \/>\n<meta name=\"twitter:description\" content=\"En las primeras dos semanas de vacaciones, el periodo comprendido entre el 12 y 28 de julio, la Direcci\u00f3n General de Servicios al Turista \u00c1ngeles Verdes de la Secretar\u00eda de Turismo (Sectur),&nbsp;ha brindado auxilio en 165 incidentes en el tramo Canc\u00fan-Playa del Carmen, siendo uno de los de mayor incidencia. La dependencia federal inform\u00f3 que [&hellip;]\" \/>\n<meta name=\"twitter:image\" content=\"https:\/\/nitu.mx\/wp-content\/uploads\/2024\/07\/Angeles-Verdes-Cancun-Playa-del-Carmen.jpg\" \/>\n<meta name=\"twitter:creator\" content=\"@NITUmx\" \/>\n<meta name=\"twitter:site\" content=\"@Arturo_Medina_G\" \/>\n<meta name=\"twitter:label1\" content=\"Escrito por\" \/>\n\t<meta name=\"twitter:data1\" content=\"Redacci\u00f3n\" \/>\n\t<meta name=\"twitter:label2\" content=\"Tiempo de lectura\" \/>\n\t<meta name=\"twitter:data2\" content=\"3 minutos\" \/>\n<script type=\"application\/ld+json\" class=\"yoast-schema-graph\">{\"@context\":\"https:\/\/schema.org\",\"@graph\":[{\"@type\":\"Article\",\"@id\":\"https:\/\/nitu.mx\/index.php\/2024\/07\/30\/angeles-verdes-ha-atendido-165-incidentes-en-tramo-cancun-playa-del-carmen-en-vacaciones\/#article\",\"isPartOf\":{\"@id\":\"https:\/\/nitu.mx\/index.php\/2024\/07\/30\/angeles-verdes-ha-atendido-165-incidentes-en-tramo-cancun-playa-del-carmen-en-vacaciones\/\"},\"author\":{\"name\":\"Redacci\u00f3n\",\"@id\":\"https:\/\/nitu.mx\/#\/schema\/person\/4a28fe9bd65924f7c90623773daf1b0b\"},\"headline\":\"\u00c1ngeles Verdes ha atendido 165 incidentes en tramo Canc\u00fan-Playa del Carmen en vacaciones\",\"datePublished\":\"2024-07-31T02:26:07+00:00\",\"dateModified\":\"2024-07-31T02:26:08+00:00\",\"mainEntityOfPage\":{\"@id\":\"https:\/\/nitu.mx\/index.php\/2024\/07\/30\/angeles-verdes-ha-atendido-165-incidentes-en-tramo-cancun-playa-del-carmen-en-vacaciones\/\"},\"wordCount\":542,\"commentCount\":0,\"publisher\":{\"@id\":\"https:\/\/nitu.mx\/#\/schema\/person\/ae7a53426417292d3dd07b45a33e01bc\"},\"image\":{\"@id\":\"https:\/\/nitu.mx\/index.php\/2024\/07\/30\/angeles-verdes-ha-atendido-165-incidentes-en-tramo-cancun-playa-del-carmen-en-vacaciones\/#primaryimage\"},\"thumbnailUrl\":\"https:\/\/nitu.mx\/wp-content\/uploads\/2024\/07\/Angeles-Verdes-Cancun-Playa-del-Carmen.jpg\",\"keywords\":[\"\u00c1ngeles Verdes\",\"Canc\u00fan\",\"Miguel Torruco\",\"Playa del Carmen\",\"Sectur\"],\"articleSection\":[\"Caribe Mexicano\"],\"inLanguage\":\"es-MX\",\"potentialAction\":[{\"@type\":\"CommentAction\",\"name\":\"Comment\",\"target\":[\"https:\/\/nitu.mx\/index.php\/2024\/07\/30\/angeles-verdes-ha-atendido-165-incidentes-en-tramo-cancun-playa-del-carmen-en-vacaciones\/#respond\"]}]},{\"@type\":\"WebPage\",\"@id\":\"https:\/\/nitu.mx\/index.php\/2024\/07\/30\/angeles-verdes-ha-atendido-165-incidentes-en-tramo-cancun-playa-del-carmen-en-vacaciones\/\",\"url\":\"https:\/\/nitu.mx\/index.php\/2024\/07\/30\/angeles-verdes-ha-atendido-165-incidentes-en-tramo-cancun-playa-del-carmen-en-vacaciones\/\",\"name\":\"\u00c1ngeles Verdes ha atendido 165 incidentes en tramo Canc\u00fan-Playa del Carmen en vacaciones - Nitu - Noticias de la Industria Turistica\",\"isPartOf\":{\"@id\":\"https:\/\/nitu.mx\/#website\"},\"primaryImageOfPage\":{\"@id\":\"https:\/\/nitu.mx\/index.php\/2024\/07\/30\/angeles-verdes-ha-atendido-165-incidentes-en-tramo-cancun-playa-del-carmen-en-vacaciones\/#primaryimage\"},\"image\":{\"@id\":\"https:\/\/nitu.mx\/index.php\/2024\/07\/30\/angeles-verdes-ha-atendido-165-incidentes-en-tramo-cancun-playa-del-carmen-en-vacaciones\/#primaryimage\"},\"thumbnailUrl\":\"https:\/\/nitu.mx\/wp-content\/uploads\/2024\/07\/Angeles-Verdes-Cancun-Playa-del-Carmen.jpg\",\"datePublished\":\"2024-07-31T02:26:07+00:00\",\"dateModified\":\"2024-07-31T02:26:08+00:00\",\"breadcrumb\":{\"@id\":\"https:\/\/nitu.mx\/index.php\/2024\/07\/30\/angeles-verdes-ha-atendido-165-incidentes-en-tramo-cancun-playa-del-carmen-en-vacaciones\/#breadcrumb\"},\"inLanguage\":\"es-MX\",\"potentialAction\":[{\"@type\":\"ReadAction\",\"target\":[\"https:\/\/nitu.mx\/index.php\/2024\/07\/30\/angeles-verdes-ha-atendido-165-incidentes-en-tramo-cancun-playa-del-carmen-en-vacaciones\/\"]}]},{\"@type\":\"ImageObject\",\"inLanguage\":\"es-MX\",\"@id\":\"https:\/\/nitu.mx\/index.php\/2024\/07\/30\/angeles-verdes-ha-atendido-165-incidentes-en-tramo-cancun-playa-del-carmen-en-vacaciones\/#primaryimage\",\"url\":\"https:\/\/nitu.mx\/wp-content\/uploads\/2024\/07\/Angeles-Verdes-Cancun-Playa-del-Carmen.jpg\",\"contentUrl\":\"https:\/\/nitu.mx\/wp-content\/uploads\/2024\/07\/Angeles-Verdes-Cancun-Playa-del-Carmen.jpg\",\"width\":1200,\"height\":675,\"caption\":\"\u00c1ngeles Verdes Canc\u00fan-Playa del Carmen\"},{\"@type\":\"BreadcrumbList\",\"@id\":\"https:\/\/nitu.mx\/index.php\/2024\/07\/30\/angeles-verdes-ha-atendido-165-incidentes-en-tramo-cancun-playa-del-carmen-en-vacaciones\/#breadcrumb\",\"itemListElement\":[{\"@type\":\"ListItem\",\"position\":1,\"name\":\"Inicio\",\"item\":\"https:\/\/nitu.mx\/\"},{\"@type\":\"ListItem\",\"position\":2,\"name\":\"\u00c1ngeles Verdes ha atendido 165 incidentes en tramo Canc\u00fan-Playa del Carmen en vacaciones\"}]},{\"@type\":\"WebSite\",\"@id\":\"https:\/\/nitu.mx\/#website\",\"url\":\"https:\/\/nitu.mx\/\",\"name\":\"Nitu - Noticias de la Industria Turistica\",\"description\":\"Noticias de la Industria Turistica\",\"publisher\":{\"@id\":\"https:\/\/nitu.mx\/#\/schema\/person\/ae7a53426417292d3dd07b45a33e01bc\"},\"alternateName\":\"Noticias de la Industria Turistica\",\"potentialAction\":[{\"@type\":\"SearchAction\",\"target\":{\"@type\":\"EntryPoint\",\"urlTemplate\":\"https:\/\/nitu.mx\/?s={search_term_string}\"},\"query-input\":\"required name=search_term_string\"}],\"inLanguage\":\"es-MX\"},{\"@type\":[\"Person\",\"Organization\"],\"@id\":\"https:\/\/nitu.mx\/#\/schema\/person\/ae7a53426417292d3dd07b45a33e01bc\",\"name\":\"Arturo Medina\",\"image\":{\"@type\":\"ImageObject\",\"inLanguage\":\"es-MX\",\"@id\":\"https:\/\/nitu.mx\/#\/schema\/person\/image\/\",\"url\":\"https:\/\/nitu.mx\/wp-content\/uploads\/2024\/04\/4A315622-1904-4D5C-B022-878CDC840E04-90x90-1.jpeg\",\"contentUrl\":\"https:\/\/nitu.mx\/wp-content\/uploads\/2024\/04\/4A315622-1904-4D5C-B022-878CDC840E04-90x90-1.jpeg\",\"width\":90,\"height\":90,\"caption\":\"Arturo Medina\"},\"logo\":{\"@id\":\"https:\/\/nitu.mx\/#\/schema\/person\/image\/\"},\"description\":\"Director NITU.mx, Egresado de la Escuela de Periodismo Carlos Septi\u00e9n Garc\u00eda. Periodista y analista especializado en turismo desde hace 35 a\u00f1os, radicado en Canc\u00fan Q.Roo. arturo@nitu.mx\",\"sameAs\":[\"https:\/\/nitu.mx\",\"https:\/\/www.facebook.com\/NITUmx\/\",\"medinacancun\",\"https:\/\/twitter.com\/@Arturo_Medina_G\"]},{\"@type\":\"Person\",\"@id\":\"https:\/\/nitu.mx\/#\/schema\/person\/4a28fe9bd65924f7c90623773daf1b0b\",\"name\":\"Redacci\u00f3n\",\"image\":{\"@type\":\"ImageObject\",\"inLanguage\":\"es-MX\",\"@id\":\"https:\/\/nitu.mx\/#\/schema\/person\/image\/\",\"url\":\"https:\/\/secure.gravatar.com\/avatar\/5dd011c8ccfc5cd7e4c81e42252aab38?s=96&d=mm&r=g\",\"contentUrl\":\"https:\/\/secure.gravatar.com\/avatar\/5dd011c8ccfc5cd7e4c81e42252aab38?s=96&d=mm&r=g\",\"caption\":\"Redacci\u00f3n\"},\"url\":\"https:\/\/nitu.mx\/index.php\/author\/redaccion\/\"}]}<\/script>\n<!-- \/ Yoast SEO plugin. -->","yoast_head_json":{"title":"\u00c1ngeles Verdes ha atendido 165 incidentes en tramo Canc\u00fan-Playa del Carmen en vacaciones - Nitu - Noticias de la Industria Turistica","robots":{"index":"index","follow":"follow","max-snippet":"max-snippet:-1","max-image-preview":"max-image-preview:large","max-video-preview":"max-video-preview:-1"},"canonical":"https:\/\/nitu.mx\/index.php\/2024\/07\/30\/angeles-verdes-ha-atendido-165-incidentes-en-tramo-cancun-playa-del-carmen-en-vacaciones\/","twitter_card":"summary_large_image","twitter_title":"\u00c1ngeles Verdes ha atendido 165 incidentes en tramo Canc\u00fan-Playa del Carmen en vacaciones - Nitu - Noticias de la Industria Turistica","twitter_description":"En las primeras dos semanas de vacaciones, el periodo comprendido entre el 12 y 28 de julio, la Direcci\u00f3n General de Servicios al Turista \u00c1ngeles Verdes de la Secretar\u00eda de Turismo (Sectur),&nbsp;ha brindado auxilio en 165 incidentes en el tramo Canc\u00fan-Playa del Carmen, siendo uno de los de mayor incidencia. La dependencia federal inform\u00f3 que [&hellip;]","twitter_image":"https:\/\/nitu.mx\/wp-content\/uploads\/2024\/07\/Angeles-Verdes-Cancun-Playa-del-Carmen.jpg","twitter_creator":"@NITUmx","twitter_site":"@Arturo_Medina_G","twitter_misc":{"Escrito por":"Redacci\u00f3n","Tiempo de lectura":"3 minutos"},"schema":{"@context":"https:\/\/schema.org","@graph":[{"@type":"Article","@id":"https:\/\/nitu.mx\/index.php\/2024\/07\/30\/angeles-verdes-ha-atendido-165-incidentes-en-tramo-cancun-playa-del-carmen-en-vacaciones\/#article","isPartOf":{"@id":"https:\/\/nitu.mx\/index.php\/2024\/07\/30\/angeles-verdes-ha-atendido-165-incidentes-en-tramo-cancun-playa-del-carmen-en-vacaciones\/"},"author":{"name":"Redacci\u00f3n","@id":"https:\/\/nitu.mx\/#\/schema\/person\/4a28fe9bd65924f7c90623773daf1b0b"},"headline":"\u00c1ngeles Verdes ha atendido 165 incidentes en tramo Canc\u00fan-Playa del Carmen en vacaciones","datePublished":"2024-07-31T02:26:07+00:00","dateModified":"2024-07-31T02:26:08+00:00","mainEntityOfPage":{"@id":"https:\/\/nitu.mx\/index.php\/2024\/07\/30\/angeles-verdes-ha-atendido-165-incidentes-en-tramo-cancun-playa-del-carmen-en-vacaciones\/"},"wordCount":542,"commentCount":0,"publisher":{"@id":"https:\/\/nitu.mx\/#\/schema\/person\/ae7a53426417292d3dd07b45a33e01bc"},"image":{"@id":"https:\/\/nitu.mx\/index.php\/2024\/07\/30\/angeles-verdes-ha-atendido-165-incidentes-en-tramo-cancun-playa-del-carmen-en-vacaciones\/#primaryimage"},"thumbnailUrl":"https:\/\/nitu.mx\/wp-content\/uploads\/2024\/07\/Angeles-Verdes-Cancun-Playa-del-Carmen.jpg","keywords":["\u00c1ngeles Verdes","Canc\u00fan","Miguel Torruco","Playa del Carmen","Sectur"],"articleSection":["Caribe Mexicano"],"inLanguage":"es-MX","potentialAction":[{"@type":"CommentAction","name":"Comment","target":["https:\/\/nitu.mx\/index.php\/2024\/07\/30\/angeles-verdes-ha-atendido-165-incidentes-en-tramo-cancun-playa-del-carmen-en-vacaciones\/#respond"]}]},{"@type":"WebPage","@id":"https:\/\/nitu.mx\/index.php\/2024\/07\/30\/angeles-verdes-ha-atendido-165-incidentes-en-tramo-cancun-playa-del-carmen-en-vacaciones\/","url":"https:\/\/nitu.mx\/index.php\/2024\/07\/30\/angeles-verdes-ha-atendido-165-incidentes-en-tramo-cancun-playa-del-carmen-en-vacaciones\/","name":"\u00c1ngeles Verdes ha atendido 165 incidentes en tramo Canc\u00fan-Playa del Carmen en vacaciones - Nitu - Noticias de la Industria Turistica","isPartOf":{"@id":"https:\/\/nitu.mx\/#website"},"primaryImageOfPage":{"@id":"https:\/\/nitu.mx\/index.php\/2024\/07\/30\/angeles-verdes-ha-atendido-165-incidentes-en-tramo-cancun-playa-del-carmen-en-vacaciones\/#primaryimage"},"image":{"@id":"https:\/\/nitu.mx\/index.php\/2024\/07\/30\/angeles-verdes-ha-atendido-165-incidentes-en-tramo-cancun-playa-del-carmen-en-vacaciones\/#primaryimage"},"thumbnailUrl":"https:\/\/nitu.mx\/wp-content\/uploads\/2024\/07\/Angeles-Verdes-Cancun-Playa-del-Carmen.jpg","datePublished":"2024-07-31T02:26:07+00:00","dateModified":"2024-07-31T02:26:08+00:00","breadcrumb":{"@id":"https:\/\/nitu.mx\/index.php\/2024\/07\/30\/angeles-verdes-ha-atendido-165-incidentes-en-tramo-cancun-playa-del-carmen-en-vacaciones\/#breadcrumb"},"inLanguage":"es-MX","potentialAction":[{"@type":"ReadAction","target":["https:\/\/nitu.mx\/index.php\/2024\/07\/30\/angeles-verdes-ha-atendido-165-incidentes-en-tramo-cancun-playa-del-carmen-en-vacaciones\/"]}]},{"@type":"ImageObject","inLanguage":"es-MX","@id":"https:\/\/nitu.mx\/index.php\/2024\/07\/30\/angeles-verdes-ha-atendido-165-incidentes-en-tramo-cancun-playa-del-carmen-en-vacaciones\/#primaryimage","url":"https:\/\/nitu.mx\/wp-content\/uploads\/2024\/07\/Angeles-Verdes-Cancun-Playa-del-Carmen.jpg","contentUrl":"https:\/\/nitu.mx\/wp-content\/uploads\/2024\/07\/Angeles-Verdes-Cancun-Playa-del-Carmen.jpg","width":1200,"height":675,"caption":"\u00c1ngeles Verdes Canc\u00fan-Playa del Carmen"},{"@type":"BreadcrumbList","@id":"https:\/\/nitu.mx\/index.php\/2024\/07\/30\/angeles-verdes-ha-atendido-165-incidentes-en-tramo-cancun-playa-del-carmen-en-vacaciones\/#breadcrumb","itemListElement":[{"@type":"ListItem","position":1,"name":"Inicio","item":"https:\/\/nitu.mx\/"},{"@type":"ListItem","position":2,"name":"\u00c1ngeles Verdes ha atendido 165 incidentes en tramo Canc\u00fan-Playa del Carmen en vacaciones"}]},{"@type":"WebSite","@id":"https:\/\/nitu.mx\/#website","url":"https:\/\/nitu.mx\/","name":"Nitu - Noticias de la Industria Turistica","description":"Noticias de la Industria Turistica","publisher":{"@id":"https:\/\/nitu.mx\/#\/schema\/person\/ae7a53426417292d3dd07b45a33e01bc"},"alternateName":"Noticias de la Industria Turistica","potentialAction":[{"@type":"SearchAction","target":{"@type":"EntryPoint","urlTemplate":"https:\/\/nitu.mx\/?s={search_term_string}"},"query-input":"required name=search_term_string"}],"inLanguage":"es-MX"},{"@type":["Person","Organization"],"@id":"https:\/\/nitu.mx\/#\/schema\/person\/ae7a53426417292d3dd07b45a33e01bc","name":"Arturo Medina","image":{"@type":"ImageObject","inLanguage":"es-MX","@id":"https:\/\/nitu.mx\/#\/schema\/person\/image\/","url":"https:\/\/nitu.mx\/wp-content\/uploads\/2024\/04\/4A315622-1904-4D5C-B022-878CDC840E04-90x90-1.jpeg","contentUrl":"https:\/\/nitu.mx\/wp-content\/uploads\/2024\/04\/4A315622-1904-4D5C-B022-878CDC840E04-90x90-1.jpeg","width":90,"height":90,"caption":"Arturo Medina"},"logo":{"@id":"https:\/\/nitu.mx\/#\/schema\/person\/image\/"},"description":"Director NITU.mx, Egresado de la Escuela de Periodismo Carlos Septi\u00e9n Garc\u00eda. Periodista y analista especializado en turismo desde hace 35 a\u00f1os, radicado en Canc\u00fan Q.Roo. arturo@nitu.mx","sameAs":["https:\/\/nitu.mx","https:\/\/www.facebook.com\/NITUmx\/","medinacancun","https:\/\/twitter.com\/@Arturo_Medina_G"]},{"@type":"Person","@id":"https:\/\/nitu.mx\/#\/schema\/person\/4a28fe9bd65924f7c90623773daf1b0b","name":"Redacci\u00f3n","image":{"@type":"ImageObject","inLanguage":"es-MX","@id":"https:\/\/nitu.mx\/#\/schema\/person\/image\/","url":"https:\/\/secure.gravatar.com\/avatar\/5dd011c8ccfc5cd7e4c81e42252aab38?s=96&d=mm&r=g","contentUrl":"https:\/\/secure.gravatar.com\/avatar\/5dd011c8ccfc5cd7e4c81e42252aab38?s=96&d=mm&r=g","caption":"Redacci\u00f3n"},"url":"https:\/\/nitu.mx\/index.php\/author\/redaccion\/"}]}},"views":517,"_links":{"self":[{"href":"https:\/\/nitu.mx\/index.php\/wp-json\/wp\/v2\/posts\/73513"}],"collection":[{"href":"https:\/\/nitu.mx\/index.php\/wp-json\/wp\/v2\/posts"}],"about":[{"href":"https:\/\/nitu.mx\/index.php\/wp-json\/wp\/v2\/types\/post"}],"author":[{"embeddable":true,"href":"https:\/\/nitu.mx\/index.php\/wp-json\/wp\/v2\/users\/17"}],"replies":[{"embeddable":true,"href":"https:\/\/nitu.mx\/index.php\/wp-json\/wp\/v2\/comments?post=73513"}],"version-history":[{"count":2,"href":"https:\/\/nitu.mx\/index.php\/wp-json\/wp\/v2\/posts\/73513\/revisions"}],"predecessor-version":[{"id":73525,"href":"https:\/\/nitu.mx\/index.php\/wp-json\/wp\/v2\/posts\/73513\/revisions\/73525"}],"wp:featuredmedia":[{"embeddable":true,"href":"https:\/\/nitu.mx\/index.php\/wp-json\/wp\/v2\/media\/73524"}],"wp:attachment":[{"href":"https:\/\/nitu.mx\/index.php\/wp-json\/wp\/v2\/media?parent=73513"}],"wp:term":[{"taxonomy":"category","embeddable":true,"href":"https:\/\/nitu.mx\/index.php\/wp-json\/wp\/v2\/categories?post=73513"},{"taxonomy":"post_tag","embeddable":true,"href":"https:\/\/nitu.mx\/index.php\/wp-json\/wp\/v2\/tags?post=73513"}],"curies":[{"name":"wp","href":"https:\/\/api.w.org\/{rel}","templated":true}]}}