{"id":7351,"date":"2017-02-27T22:54:58","date_gmt":"2017-02-28T03:54:58","guid":{"rendered":"http:\/\/www.dev.nitu.mx\/?p=7351"},"modified":"2017-02-28T00:49:35","modified_gmt":"2017-02-28T05:49:35","slug":"aerolineas-suben-31-pasaje-en-enero","status":"publish","type":"post","link":"https:\/\/nitu.mx\/index.php\/2017\/02\/27\/aerolineas-suben-31-pasaje-en-enero\/","title":{"rendered":"Aerol\u00edneas suben 31 por ciento pasaje en enero"},"content":{"rendered":"<p>El tr\u00e1fico de pasajeros a\u00e9reos en M\u00e9xico aument\u00f3 31.3 por ciento en enero de 2017, respecto al mismo periodo de un a\u00f1o antes, principalmente por el crecimiento de las cuatro aerol\u00edneas m\u00e1s importantes del pa\u00eds.<\/p>\n<p>Las ocho l\u00edneas a\u00e9reas del pa\u00eds transportaron en el mercado dom\u00e9stico a 3 millones 560 mil pasajeros el mes pasado, desde los 2 millones 712 mil del mismo mes de 2016, de acuerdo con informaci\u00f3n de la Direcci\u00f3n General de Aeron\u00e1utica Civil (DGAC) presentada este lunes.<\/p>\n<p>Esto adem\u00e1s representa una tasa de crecimiento acelerada, si se compara con el avance de 6.7 por ciento en el primer mes del a\u00f1o pasado, sobre el mismo lapso 12 meses antes.<\/p>\n<p>Todas las empresas, con excepci\u00f3n de Magnicharters, subieron su n\u00famero de pasajeros.<\/p>\n<p>Vivaaerobus alcanz\u00f3 un crecimiento de 71.6 por ciento anual el mes pasado al transportar a 533 mil pasajeros.<\/p>\n<p>Volaris increment\u00f3 su pasaje 60.3 por ciento de forma anualizada al atender a un mill\u00f3n 101 mil pasajeros.<\/p>\n<p>En tanto que, Interjet aument\u00f3 su flujo de viajeros 17.8 por ciento anual a 717 mil personas.<\/p>\n<p>Grupo Aerom\u00e9xico subi\u00f3 7.1 por ciento sus pasajeros en enero pasado, respecto al mismo mes de 2016, al movilizar a un mill\u00f3n 48 mil personas.<\/p>\n<p>En conjunto, estas cuatro empresas movilizan 95.5 por ciento del tr\u00e1fico de pasajeros en M\u00e9xico.<\/p>\n<p>Por otro lado, TAR registr\u00f3 un aumento de 207.3 por ciento anual a 48 mil personas; Aero Calafia subi\u00f3 126.4 por ciento a 14 mil pasajeros y Aeromar increment\u00f3 su flujo 25.9 por ciento a 45 mil viajeros, revela El Financiero.<\/p>\n<p>Estas cifras echan atr\u00e1s el escenario negativo que se preve\u00eda tras la llegada de Donald Trump a la presidencia, tema que abordamos en <em><strong>NITU.mx<\/strong><\/em>.\u00a0(<a title=\"Aerol\u00edneas mexicanas tendr\u00e1n turbulencia por triunfo de Trump\" href=\"http:\/\/www.dev.nitu.mx\/index.php\/2016\/11\/10\/aerolineas-nacionales-tendran-turbulencia-por-triunfo-de-trump\/\" rel=\"bookmark\">Aerol\u00edneas mexicanas tendr\u00e1n turbulencia por triunfo de Trump<\/a>)<\/p>\n","protected":false},"excerpt":{"rendered":"<p>El tr\u00e1fico de pasajeros a\u00e9reos en M\u00e9xico aument\u00f3 31.3 por ciento en enero de 2017, respecto al mismo periodo de un a\u00f1o antes, principalmente por el crecimiento de las cuatro aerol\u00edneas m\u00e1s importantes del pa\u00eds. Las ocho l\u00edneas a\u00e9reas del pa\u00eds transportaron en el mercado dom\u00e9stico a 3 millones 560 mil pasajeros el mes pasado, [&hellip;]<\/p>\n","protected":false},"author":17,"featured_media":7370,"comment_status":"open","ping_status":"open","sticky":false,"template":"","format":"standard","meta":{"footnotes":""},"categories":[29,6],"tags":[2259,30,2161,172,293,131],"yoast_head":"<!-- This site is optimized with the Yoast SEO plugin v22.2 - https:\/\/yoast.com\/wordpress\/plugins\/seo\/ -->\n<title>Aerol\u00edneas suben 31 por ciento pasaje en enero - Nitu - Noticias de la Industria Turistica<\/title>\n<meta name=\"description\" content=\"El tr\u00e1fico de pasajeros a\u00e9reos en M\u00e9xico aument\u00f3 31.3 por ciento en enero de 2017, por el crecimiento de las cuatro aerol\u00edneas m\u00e1s importantes del pa\u00eds.\" \/>\n<meta name=\"robots\" content=\"index, follow, max-snippet:-1, max-image-preview:large, max-video-preview:-1\" \/>\n<link rel=\"canonical\" href=\"https:\/\/nitu.mx\/index.php\/2017\/02\/27\/aerolineas-suben-31-pasaje-en-enero\/\" \/>\n<meta name=\"twitter:card\" content=\"summary_large_image\" \/>\n<meta name=\"twitter:title\" content=\"Aerol\u00edneas suben 31 por ciento pasaje en enero - Nitu - Noticias de la Industria Turistica\" \/>\n<meta name=\"twitter:description\" content=\"El tr\u00e1fico de pasajeros a\u00e9reos en M\u00e9xico aument\u00f3 31.3 por ciento en enero de 2017, por el crecimiento de las cuatro aerol\u00edneas m\u00e1s importantes del pa\u00eds.\" \/>\n<meta name=\"twitter:image\" content=\"https:\/\/nitu.mx\/wp-content\/uploads\/2017\/02\/AICM-T2.jpg\" \/>\n<meta name=\"twitter:creator\" content=\"@NITUmx\" \/>\n<meta name=\"twitter:site\" content=\"@Arturo_Medina_G\" \/>\n<meta name=\"twitter:label1\" content=\"Escrito por\" \/>\n\t<meta name=\"twitter:data1\" content=\"Redacci\u00f3n\" \/>\n\t<meta name=\"twitter:label2\" content=\"Tiempo de lectura\" \/>\n\t<meta name=\"twitter:data2\" content=\"1 minuto\" \/>\n<script type=\"application\/ld+json\" class=\"yoast-schema-graph\">{\"@context\":\"https:\/\/schema.org\",\"@graph\":[{\"@type\":\"Article\",\"@id\":\"https:\/\/nitu.mx\/index.php\/2017\/02\/27\/aerolineas-suben-31-pasaje-en-enero\/#article\",\"isPartOf\":{\"@id\":\"https:\/\/nitu.mx\/index.php\/2017\/02\/27\/aerolineas-suben-31-pasaje-en-enero\/\"},\"author\":{\"name\":\"Redacci\u00f3n\",\"@id\":\"https:\/\/nitu.mx\/#\/schema\/person\/4a28fe9bd65924f7c90623773daf1b0b\"},\"headline\":\"Aerol\u00edneas suben 31 por ciento pasaje en enero\",\"datePublished\":\"2017-02-28T03:54:58+00:00\",\"dateModified\":\"2017-02-28T05:49:35+00:00\",\"mainEntityOfPage\":{\"@id\":\"https:\/\/nitu.mx\/index.php\/2017\/02\/27\/aerolineas-suben-31-pasaje-en-enero\/\"},\"wordCount\":302,\"commentCount\":0,\"publisher\":{\"@id\":\"https:\/\/nitu.mx\/#\/schema\/person\/ae7a53426417292d3dd07b45a33e01bc\"},\"image\":{\"@id\":\"https:\/\/nitu.mx\/index.php\/2017\/02\/27\/aerolineas-suben-31-pasaje-en-enero\/#primaryimage\"},\"thumbnailUrl\":\"https:\/\/nitu.mx\/wp-content\/uploads\/2017\/02\/AICM-T2.jpg\",\"keywords\":[\"aerol\u00edneas\",\"Aerom\u00e9xico\",\"Direcci\u00f3n General de Aeron\u00e1utica Civil\",\"Interjet\",\"VivaAerobus\",\"Volaris\"],\"articleSection\":[\"Aerol\u00edneas\",\"M\u00e9xico\"],\"inLanguage\":\"es-MX\",\"potentialAction\":[{\"@type\":\"CommentAction\",\"name\":\"Comment\",\"target\":[\"https:\/\/nitu.mx\/index.php\/2017\/02\/27\/aerolineas-suben-31-pasaje-en-enero\/#respond\"]}]},{\"@type\":\"WebPage\",\"@id\":\"https:\/\/nitu.mx\/index.php\/2017\/02\/27\/aerolineas-suben-31-pasaje-en-enero\/\",\"url\":\"https:\/\/nitu.mx\/index.php\/2017\/02\/27\/aerolineas-suben-31-pasaje-en-enero\/\",\"name\":\"Aerol\u00edneas suben 31 por ciento pasaje en enero - Nitu - Noticias de la Industria Turistica\",\"isPartOf\":{\"@id\":\"https:\/\/nitu.mx\/#website\"},\"primaryImageOfPage\":{\"@id\":\"https:\/\/nitu.mx\/index.php\/2017\/02\/27\/aerolineas-suben-31-pasaje-en-enero\/#primaryimage\"},\"image\":{\"@id\":\"https:\/\/nitu.mx\/index.php\/2017\/02\/27\/aerolineas-suben-31-pasaje-en-enero\/#primaryimage\"},\"thumbnailUrl\":\"https:\/\/nitu.mx\/wp-content\/uploads\/2017\/02\/AICM-T2.jpg\",\"datePublished\":\"2017-02-28T03:54:58+00:00\",\"dateModified\":\"2017-02-28T05:49:35+00:00\",\"description\":\"El tr\u00e1fico de pasajeros a\u00e9reos en M\u00e9xico aument\u00f3 31.3 por ciento en enero de 2017, por el crecimiento de las cuatro aerol\u00edneas m\u00e1s importantes del pa\u00eds.\",\"breadcrumb\":{\"@id\":\"https:\/\/nitu.mx\/index.php\/2017\/02\/27\/aerolineas-suben-31-pasaje-en-enero\/#breadcrumb\"},\"inLanguage\":\"es-MX\",\"potentialAction\":[{\"@type\":\"ReadAction\",\"target\":[\"https:\/\/nitu.mx\/index.php\/2017\/02\/27\/aerolineas-suben-31-pasaje-en-enero\/\"]}]},{\"@type\":\"ImageObject\",\"inLanguage\":\"es-MX\",\"@id\":\"https:\/\/nitu.mx\/index.php\/2017\/02\/27\/aerolineas-suben-31-pasaje-en-enero\/#primaryimage\",\"url\":\"https:\/\/nitu.mx\/wp-content\/uploads\/2017\/02\/AICM-T2.jpg\",\"contentUrl\":\"https:\/\/nitu.mx\/wp-content\/uploads\/2017\/02\/AICM-T2.jpg\",\"width\":850,\"height\":480,\"caption\":\"Aerol\u00edneas Terminal 2 AICM\"},{\"@type\":\"BreadcrumbList\",\"@id\":\"https:\/\/nitu.mx\/index.php\/2017\/02\/27\/aerolineas-suben-31-pasaje-en-enero\/#breadcrumb\",\"itemListElement\":[{\"@type\":\"ListItem\",\"position\":1,\"name\":\"Inicio\",\"item\":\"https:\/\/nitu.mx\/\"},{\"@type\":\"ListItem\",\"position\":2,\"name\":\"Aerol\u00edneas suben 31 por ciento pasaje en enero\"}]},{\"@type\":\"WebSite\",\"@id\":\"https:\/\/nitu.mx\/#website\",\"url\":\"https:\/\/nitu.mx\/\",\"name\":\"Nitu - Noticias de la Industria Turistica\",\"description\":\"Noticias de la Industria Turistica\",\"publisher\":{\"@id\":\"https:\/\/nitu.mx\/#\/schema\/person\/ae7a53426417292d3dd07b45a33e01bc\"},\"alternateName\":\"Noticias de la Industria Turistica\",\"potentialAction\":[{\"@type\":\"SearchAction\",\"target\":{\"@type\":\"EntryPoint\",\"urlTemplate\":\"https:\/\/nitu.mx\/?s={search_term_string}\"},\"query-input\":\"required name=search_term_string\"}],\"inLanguage\":\"es-MX\"},{\"@type\":[\"Person\",\"Organization\"],\"@id\":\"https:\/\/nitu.mx\/#\/schema\/person\/ae7a53426417292d3dd07b45a33e01bc\",\"name\":\"Arturo Medina\",\"image\":{\"@type\":\"ImageObject\",\"inLanguage\":\"es-MX\",\"@id\":\"https:\/\/nitu.mx\/#\/schema\/person\/image\/\",\"url\":\"https:\/\/nitu.mx\/wp-content\/uploads\/2024\/04\/4A315622-1904-4D5C-B022-878CDC840E04-90x90-1.jpeg\",\"contentUrl\":\"https:\/\/nitu.mx\/wp-content\/uploads\/2024\/04\/4A315622-1904-4D5C-B022-878CDC840E04-90x90-1.jpeg\",\"width\":90,\"height\":90,\"caption\":\"Arturo Medina\"},\"logo\":{\"@id\":\"https:\/\/nitu.mx\/#\/schema\/person\/image\/\"},\"description\":\"Director NITU.mx, Egresado de la Escuela de Periodismo Carlos Septi\u00e9n Garc\u00eda. Periodista y analista especializado en turismo desde hace 35 a\u00f1os, radicado en Canc\u00fan Q.Roo. arturo@nitu.mx\",\"sameAs\":[\"https:\/\/nitu.mx\",\"https:\/\/www.facebook.com\/NITUmx\/\",\"medinacancun\",\"https:\/\/twitter.com\/@Arturo_Medina_G\"]},{\"@type\":\"Person\",\"@id\":\"https:\/\/nitu.mx\/#\/schema\/person\/4a28fe9bd65924f7c90623773daf1b0b\",\"name\":\"Redacci\u00f3n\",\"image\":{\"@type\":\"ImageObject\",\"inLanguage\":\"es-MX\",\"@id\":\"https:\/\/nitu.mx\/#\/schema\/person\/image\/\",\"url\":\"https:\/\/secure.gravatar.com\/avatar\/5dd011c8ccfc5cd7e4c81e42252aab38?s=96&d=mm&r=g\",\"contentUrl\":\"https:\/\/secure.gravatar.com\/avatar\/5dd011c8ccfc5cd7e4c81e42252aab38?s=96&d=mm&r=g\",\"caption\":\"Redacci\u00f3n\"},\"url\":\"https:\/\/nitu.mx\/index.php\/author\/redaccion\/\"}]}<\/script>\n<!-- \/ Yoast SEO plugin. -->","yoast_head_json":{"title":"Aerol\u00edneas suben 31 por ciento pasaje en enero - Nitu - Noticias de la Industria Turistica","description":"El tr\u00e1fico de pasajeros a\u00e9reos en M\u00e9xico aument\u00f3 31.3 por ciento en enero de 2017, por el crecimiento de las cuatro aerol\u00edneas m\u00e1s importantes del pa\u00eds.","robots":{"index":"index","follow":"follow","max-snippet":"max-snippet:-1","max-image-preview":"max-image-preview:large","max-video-preview":"max-video-preview:-1"},"canonical":"https:\/\/nitu.mx\/index.php\/2017\/02\/27\/aerolineas-suben-31-pasaje-en-enero\/","twitter_card":"summary_large_image","twitter_title":"Aerol\u00edneas suben 31 por ciento pasaje en enero - Nitu - Noticias de la Industria Turistica","twitter_description":"El tr\u00e1fico de pasajeros a\u00e9reos en M\u00e9xico aument\u00f3 31.3 por ciento en enero de 2017, por el crecimiento de las cuatro aerol\u00edneas m\u00e1s importantes del pa\u00eds.","twitter_image":"https:\/\/nitu.mx\/wp-content\/uploads\/2017\/02\/AICM-T2.jpg","twitter_creator":"@NITUmx","twitter_site":"@Arturo_Medina_G","twitter_misc":{"Escrito por":"Redacci\u00f3n","Tiempo de lectura":"1 minuto"},"schema":{"@context":"https:\/\/schema.org","@graph":[{"@type":"Article","@id":"https:\/\/nitu.mx\/index.php\/2017\/02\/27\/aerolineas-suben-31-pasaje-en-enero\/#article","isPartOf":{"@id":"https:\/\/nitu.mx\/index.php\/2017\/02\/27\/aerolineas-suben-31-pasaje-en-enero\/"},"author":{"name":"Redacci\u00f3n","@id":"https:\/\/nitu.mx\/#\/schema\/person\/4a28fe9bd65924f7c90623773daf1b0b"},"headline":"Aerol\u00edneas suben 31 por ciento pasaje en enero","datePublished":"2017-02-28T03:54:58+00:00","dateModified":"2017-02-28T05:49:35+00:00","mainEntityOfPage":{"@id":"https:\/\/nitu.mx\/index.php\/2017\/02\/27\/aerolineas-suben-31-pasaje-en-enero\/"},"wordCount":302,"commentCount":0,"publisher":{"@id":"https:\/\/nitu.mx\/#\/schema\/person\/ae7a53426417292d3dd07b45a33e01bc"},"image":{"@id":"https:\/\/nitu.mx\/index.php\/2017\/02\/27\/aerolineas-suben-31-pasaje-en-enero\/#primaryimage"},"thumbnailUrl":"https:\/\/nitu.mx\/wp-content\/uploads\/2017\/02\/AICM-T2.jpg","keywords":["aerol\u00edneas","Aerom\u00e9xico","Direcci\u00f3n General de Aeron\u00e1utica Civil","Interjet","VivaAerobus","Volaris"],"articleSection":["Aerol\u00edneas","M\u00e9xico"],"inLanguage":"es-MX","potentialAction":[{"@type":"CommentAction","name":"Comment","target":["https:\/\/nitu.mx\/index.php\/2017\/02\/27\/aerolineas-suben-31-pasaje-en-enero\/#respond"]}]},{"@type":"WebPage","@id":"https:\/\/nitu.mx\/index.php\/2017\/02\/27\/aerolineas-suben-31-pasaje-en-enero\/","url":"https:\/\/nitu.mx\/index.php\/2017\/02\/27\/aerolineas-suben-31-pasaje-en-enero\/","name":"Aerol\u00edneas suben 31 por ciento pasaje en enero - Nitu - Noticias de la Industria Turistica","isPartOf":{"@id":"https:\/\/nitu.mx\/#website"},"primaryImageOfPage":{"@id":"https:\/\/nitu.mx\/index.php\/2017\/02\/27\/aerolineas-suben-31-pasaje-en-enero\/#primaryimage"},"image":{"@id":"https:\/\/nitu.mx\/index.php\/2017\/02\/27\/aerolineas-suben-31-pasaje-en-enero\/#primaryimage"},"thumbnailUrl":"https:\/\/nitu.mx\/wp-content\/uploads\/2017\/02\/AICM-T2.jpg","datePublished":"2017-02-28T03:54:58+00:00","dateModified":"2017-02-28T05:49:35+00:00","description":"El tr\u00e1fico de pasajeros a\u00e9reos en M\u00e9xico aument\u00f3 31.3 por ciento en enero de 2017, por el crecimiento de las cuatro aerol\u00edneas m\u00e1s importantes del pa\u00eds.","breadcrumb":{"@id":"https:\/\/nitu.mx\/index.php\/2017\/02\/27\/aerolineas-suben-31-pasaje-en-enero\/#breadcrumb"},"inLanguage":"es-MX","potentialAction":[{"@type":"ReadAction","target":["https:\/\/nitu.mx\/index.php\/2017\/02\/27\/aerolineas-suben-31-pasaje-en-enero\/"]}]},{"@type":"ImageObject","inLanguage":"es-MX","@id":"https:\/\/nitu.mx\/index.php\/2017\/02\/27\/aerolineas-suben-31-pasaje-en-enero\/#primaryimage","url":"https:\/\/nitu.mx\/wp-content\/uploads\/2017\/02\/AICM-T2.jpg","contentUrl":"https:\/\/nitu.mx\/wp-content\/uploads\/2017\/02\/AICM-T2.jpg","width":850,"height":480,"caption":"Aerol\u00edneas Terminal 2 AICM"},{"@type":"BreadcrumbList","@id":"https:\/\/nitu.mx\/index.php\/2017\/02\/27\/aerolineas-suben-31-pasaje-en-enero\/#breadcrumb","itemListElement":[{"@type":"ListItem","position":1,"name":"Inicio","item":"https:\/\/nitu.mx\/"},{"@type":"ListItem","position":2,"name":"Aerol\u00edneas suben 31 por ciento pasaje en enero"}]},{"@type":"WebSite","@id":"https:\/\/nitu.mx\/#website","url":"https:\/\/nitu.mx\/","name":"Nitu - Noticias de la Industria Turistica","description":"Noticias de la Industria Turistica","publisher":{"@id":"https:\/\/nitu.mx\/#\/schema\/person\/ae7a53426417292d3dd07b45a33e01bc"},"alternateName":"Noticias de la Industria Turistica","potentialAction":[{"@type":"SearchAction","target":{"@type":"EntryPoint","urlTemplate":"https:\/\/nitu.mx\/?s={search_term_string}"},"query-input":"required name=search_term_string"}],"inLanguage":"es-MX"},{"@type":["Person","Organization"],"@id":"https:\/\/nitu.mx\/#\/schema\/person\/ae7a53426417292d3dd07b45a33e01bc","name":"Arturo Medina","image":{"@type":"ImageObject","inLanguage":"es-MX","@id":"https:\/\/nitu.mx\/#\/schema\/person\/image\/","url":"https:\/\/nitu.mx\/wp-content\/uploads\/2024\/04\/4A315622-1904-4D5C-B022-878CDC840E04-90x90-1.jpeg","contentUrl":"https:\/\/nitu.mx\/wp-content\/uploads\/2024\/04\/4A315622-1904-4D5C-B022-878CDC840E04-90x90-1.jpeg","width":90,"height":90,"caption":"Arturo Medina"},"logo":{"@id":"https:\/\/nitu.mx\/#\/schema\/person\/image\/"},"description":"Director NITU.mx, Egresado de la Escuela de Periodismo Carlos Septi\u00e9n Garc\u00eda. Periodista y analista especializado en turismo desde hace 35 a\u00f1os, radicado en Canc\u00fan Q.Roo. arturo@nitu.mx","sameAs":["https:\/\/nitu.mx","https:\/\/www.facebook.com\/NITUmx\/","medinacancun","https:\/\/twitter.com\/@Arturo_Medina_G"]},{"@type":"Person","@id":"https:\/\/nitu.mx\/#\/schema\/person\/4a28fe9bd65924f7c90623773daf1b0b","name":"Redacci\u00f3n","image":{"@type":"ImageObject","inLanguage":"es-MX","@id":"https:\/\/nitu.mx\/#\/schema\/person\/image\/","url":"https:\/\/secure.gravatar.com\/avatar\/5dd011c8ccfc5cd7e4c81e42252aab38?s=96&d=mm&r=g","contentUrl":"https:\/\/secure.gravatar.com\/avatar\/5dd011c8ccfc5cd7e4c81e42252aab38?s=96&d=mm&r=g","caption":"Redacci\u00f3n"},"url":"https:\/\/nitu.mx\/index.php\/author\/redaccion\/"}]}},"views":1557,"_links":{"self":[{"href":"https:\/\/nitu.mx\/index.php\/wp-json\/wp\/v2\/posts\/7351"}],"collection":[{"href":"https:\/\/nitu.mx\/index.php\/wp-json\/wp\/v2\/posts"}],"about":[{"href":"https:\/\/nitu.mx\/index.php\/wp-json\/wp\/v2\/types\/post"}],"author":[{"embeddable":true,"href":"https:\/\/nitu.mx\/index.php\/wp-json\/wp\/v2\/users\/17"}],"replies":[{"embeddable":true,"href":"https:\/\/nitu.mx\/index.php\/wp-json\/wp\/v2\/comments?post=7351"}],"version-history":[{"count":4,"href":"https:\/\/nitu.mx\/index.php\/wp-json\/wp\/v2\/posts\/7351\/revisions"}],"predecessor-version":[{"id":7369,"href":"https:\/\/nitu.mx\/index.php\/wp-json\/wp\/v2\/posts\/7351\/revisions\/7369"}],"wp:featuredmedia":[{"embeddable":true,"href":"https:\/\/nitu.mx\/index.php\/wp-json\/wp\/v2\/media\/7370"}],"wp:attachment":[{"href":"https:\/\/nitu.mx\/index.php\/wp-json\/wp\/v2\/media?parent=7351"}],"wp:term":[{"taxonomy":"category","embeddable":true,"href":"https:\/\/nitu.mx\/index.php\/wp-json\/wp\/v2\/categories?post=7351"},{"taxonomy":"post_tag","embeddable":true,"href":"https:\/\/nitu.mx\/index.php\/wp-json\/wp\/v2\/tags?post=7351"}],"curies":[{"name":"wp","href":"https:\/\/api.w.org\/{rel}","templated":true}]}}