{"id":73448,"date":"2024-07-28T21:32:41","date_gmt":"2024-07-29T03:32:41","guid":{"rendered":"https:\/\/nitu.mx\/?p=73448"},"modified":"2024-07-28T21:32:42","modified_gmt":"2024-07-29T03:32:42","slug":"finaliza-seminario-de-eficiencia-energetica-para-hoteles-en-quintana-roo","status":"publish","type":"post","link":"https:\/\/nitu.mx\/index.php\/2024\/07\/28\/finaliza-seminario-de-eficiencia-energetica-para-hoteles-en-quintana-roo\/","title":{"rendered":"Finaliza Seminario de Eficiencia Energ\u00e9tica para Hoteles en Quintana Roo"},"content":{"rendered":"<p>M\u00e1s de 70 hoteles de Quintana Roo participaron en el Seminario de Eficiencia Energ\u00e9tica en el Sector Hotelero, organizado por la Secretar\u00eda de Ecolog\u00eda y Medio Ambiente del Estado (SEMA). Este evento, respaldado por el Lawrence Berkeley National Laboratory y financiado por USAID, culmin\u00f3 con la entrega de constancias a los participantes.<\/p>\n<p>El seminario forma parte de un programa piloto que, adem\u00e1s de la capacitaci\u00f3n inicial, incluye asistencia t\u00e9cnica espec\u00edfica para el sector hotelero. Durante un a\u00f1o, se impartir\u00e1n capacitaciones continuas, se dar\u00e1 seguimiento a las medidas de ahorro energ\u00e9tico identificadas y se buscar\u00e1 vincular a los hoteles con diversas fuentes de financiamiento para su reconversi\u00f3n energ\u00e9tica.<\/p>\n<p>El objetivo del Programa Piloto de Eficiencia Energ\u00e9tica es que todos los hoteles del estado adopten un est\u00e1ndar de consumo, se creen etiquetas de eficiencia energ\u00e9tica y se promueva el distintivo de hotel sustentable conforme a los est\u00e1ndares estatales.<\/p>\n<p>El titular de la SEMA, \u00d3scar R\u00e9bora, ha destacado el compromiso de los empresarios hoteleros en participar en este tipo de programas y en impulsar acciones y pol\u00edticas para el desarrollo sustentable del sector. Este esfuerzo est\u00e1 alineado con el Nuevo Acuerdo por el Bienestar y Desarrollo de Quintana Roo, impulsado por la gobernadora Mara Lezama Espinosa.<\/p>\n<p>La capacitaci\u00f3n, realizada durante junio y julio, ha contado con la participaci\u00f3n de 70 hoteles y 96 personas. Estos establecimientos han recibido una evaluaci\u00f3n energ\u00e9tica exhaustiva y recomendaciones espec\u00edficas para mejorar su eficiencia energ\u00e9tica.<\/p>\n<p>La SEMA ha reafirmado su compromiso con la promoci\u00f3n de pr\u00e1cticas sostenibles y la reducci\u00f3n del impacto ambiental, trabajando en conjunto con instituciones y organismos internacionales para lograr un futuro m\u00e1s verde y eficiente para el sector tur\u00edstico de la regi\u00f3n.<\/p>\n<p>El evento de clausura cont\u00f3 con la presencia de Juan Pablo Ortega Ceballos, subsecretario de Pol\u00edtica Ambiental de la SEMA; Ferm\u00edn V\u00e1zquez Ara, director de Desarrollo Energ\u00e9tico de la SEMA; la diputada local Andrea Gonz\u00e1lez Lor\u00eda; Jes\u00fas Almaguer Salazar, presidente de la Asociaci\u00f3n de Hoteles de Canc\u00fan, Puerto Morelos e Isla Mujeres, y Juan Pablo de Zulueta Razo, secretario de Turismo del Ayuntamiento de Benito Ju\u00e1rez.<\/p>\n","protected":false},"excerpt":{"rendered":"<p>M\u00e1s de 70 hoteles de Quintana Roo participaron en el Seminario de Eficiencia Energ\u00e9tica en el Sector Hotelero, organizado por la Secretar\u00eda de Ecolog\u00eda y Medio Ambiente del Estado (SEMA). Este evento, respaldado por el Lawrence Berkeley National Laboratory y financiado por USAID, culmin\u00f3 con la entrega de constancias a los participantes. El seminario forma [&hellip;]<\/p>\n","protected":false},"author":3,"featured_media":73474,"comment_status":"open","ping_status":"open","sticky":false,"template":"","format":"standard","meta":{"footnotes":""},"categories":[2,23427],"tags":[14104,3591,260,7338,25799],"yoast_head":"<!-- This site is optimized with the Yoast SEO plugin v22.2 - https:\/\/yoast.com\/wordpress\/plugins\/seo\/ -->\n<title>Finaliza Seminario de Eficiencia Energ\u00e9tica para Hoteles en Quintana Roo - Nitu - Noticias de la Industria Turistica<\/title>\n<meta name=\"robots\" content=\"index, follow, max-snippet:-1, max-image-preview:large, max-video-preview:-1\" \/>\n<link rel=\"canonical\" href=\"https:\/\/nitu.mx\/index.php\/2024\/07\/28\/finaliza-seminario-de-eficiencia-energetica-para-hoteles-en-quintana-roo\/\" \/>\n<meta name=\"twitter:card\" content=\"summary_large_image\" \/>\n<meta name=\"twitter:title\" content=\"Finaliza Seminario de Eficiencia Energ\u00e9tica para Hoteles en Quintana Roo - Nitu - Noticias de la Industria Turistica\" \/>\n<meta name=\"twitter:description\" content=\"M\u00e1s de 70 hoteles de Quintana Roo participaron en el Seminario de Eficiencia Energ\u00e9tica en el Sector Hotelero, organizado por la Secretar\u00eda de Ecolog\u00eda y Medio Ambiente del Estado (SEMA). Este evento, respaldado por el Lawrence Berkeley National Laboratory y financiado por USAID, culmin\u00f3 con la entrega de constancias a los participantes. El seminario forma [&hellip;]\" \/>\n<meta name=\"twitter:image\" content=\"https:\/\/nitu.mx\/wp-content\/uploads\/2024\/07\/Seminario-de-Eficiencia-Energetica-en-el-Sector-Hotelero.jpeg\" \/>\n<meta name=\"twitter:creator\" content=\"@NITUmx\" \/>\n<meta name=\"twitter:site\" content=\"@Arturo_Medina_G\" \/>\n<meta name=\"twitter:label1\" content=\"Escrito por\" \/>\n\t<meta name=\"twitter:data1\" content=\"Alejandra Moncisbays\" \/>\n\t<meta name=\"twitter:label2\" content=\"Tiempo de lectura\" \/>\n\t<meta name=\"twitter:data2\" content=\"2 minutos\" \/>\n<script type=\"application\/ld+json\" class=\"yoast-schema-graph\">{\"@context\":\"https:\/\/schema.org\",\"@graph\":[{\"@type\":\"Article\",\"@id\":\"https:\/\/nitu.mx\/index.php\/2024\/07\/28\/finaliza-seminario-de-eficiencia-energetica-para-hoteles-en-quintana-roo\/#article\",\"isPartOf\":{\"@id\":\"https:\/\/nitu.mx\/index.php\/2024\/07\/28\/finaliza-seminario-de-eficiencia-energetica-para-hoteles-en-quintana-roo\/\"},\"author\":{\"name\":\"Alejandra Moncisbays\",\"@id\":\"https:\/\/nitu.mx\/#\/schema\/person\/2ecd887b19dfd3382d1f14fc5acf24a8\"},\"headline\":\"Finaliza Seminario de Eficiencia Energ\u00e9tica para Hoteles en Quintana Roo\",\"datePublished\":\"2024-07-29T03:32:41+00:00\",\"dateModified\":\"2024-07-29T03:32:42+00:00\",\"mainEntityOfPage\":{\"@id\":\"https:\/\/nitu.mx\/index.php\/2024\/07\/28\/finaliza-seminario-de-eficiencia-energetica-para-hoteles-en-quintana-roo\/\"},\"wordCount\":393,\"commentCount\":0,\"publisher\":{\"@id\":\"https:\/\/nitu.mx\/#\/schema\/person\/ae7a53426417292d3dd07b45a33e01bc\"},\"image\":{\"@id\":\"https:\/\/nitu.mx\/index.php\/2024\/07\/28\/finaliza-seminario-de-eficiencia-energetica-para-hoteles-en-quintana-roo\/#primaryimage\"},\"thumbnailUrl\":\"https:\/\/nitu.mx\/wp-content\/uploads\/2024\/07\/Seminario-de-Eficiencia-Energetica-en-el-Sector-Hotelero.jpeg\",\"keywords\":[\"eficiencia energ\u00e9tica\",\"Hoteles\",\"Quintana Roo\",\"SEMA\",\"seminario\"],\"articleSection\":[\"Hoteles\",\"Medio Ambiente\"],\"inLanguage\":\"es-MX\",\"potentialAction\":[{\"@type\":\"CommentAction\",\"name\":\"Comment\",\"target\":[\"https:\/\/nitu.mx\/index.php\/2024\/07\/28\/finaliza-seminario-de-eficiencia-energetica-para-hoteles-en-quintana-roo\/#respond\"]}]},{\"@type\":\"WebPage\",\"@id\":\"https:\/\/nitu.mx\/index.php\/2024\/07\/28\/finaliza-seminario-de-eficiencia-energetica-para-hoteles-en-quintana-roo\/\",\"url\":\"https:\/\/nitu.mx\/index.php\/2024\/07\/28\/finaliza-seminario-de-eficiencia-energetica-para-hoteles-en-quintana-roo\/\",\"name\":\"Finaliza Seminario de Eficiencia Energ\u00e9tica para Hoteles en Quintana Roo - Nitu - Noticias de la Industria Turistica\",\"isPartOf\":{\"@id\":\"https:\/\/nitu.mx\/#website\"},\"primaryImageOfPage\":{\"@id\":\"https:\/\/nitu.mx\/index.php\/2024\/07\/28\/finaliza-seminario-de-eficiencia-energetica-para-hoteles-en-quintana-roo\/#primaryimage\"},\"image\":{\"@id\":\"https:\/\/nitu.mx\/index.php\/2024\/07\/28\/finaliza-seminario-de-eficiencia-energetica-para-hoteles-en-quintana-roo\/#primaryimage\"},\"thumbnailUrl\":\"https:\/\/nitu.mx\/wp-content\/uploads\/2024\/07\/Seminario-de-Eficiencia-Energetica-en-el-Sector-Hotelero.jpeg\",\"datePublished\":\"2024-07-29T03:32:41+00:00\",\"dateModified\":\"2024-07-29T03:32:42+00:00\",\"breadcrumb\":{\"@id\":\"https:\/\/nitu.mx\/index.php\/2024\/07\/28\/finaliza-seminario-de-eficiencia-energetica-para-hoteles-en-quintana-roo\/#breadcrumb\"},\"inLanguage\":\"es-MX\",\"potentialAction\":[{\"@type\":\"ReadAction\",\"target\":[\"https:\/\/nitu.mx\/index.php\/2024\/07\/28\/finaliza-seminario-de-eficiencia-energetica-para-hoteles-en-quintana-roo\/\"]}]},{\"@type\":\"ImageObject\",\"inLanguage\":\"es-MX\",\"@id\":\"https:\/\/nitu.mx\/index.php\/2024\/07\/28\/finaliza-seminario-de-eficiencia-energetica-para-hoteles-en-quintana-roo\/#primaryimage\",\"url\":\"https:\/\/nitu.mx\/wp-content\/uploads\/2024\/07\/Seminario-de-Eficiencia-Energetica-en-el-Sector-Hotelero.jpeg\",\"contentUrl\":\"https:\/\/nitu.mx\/wp-content\/uploads\/2024\/07\/Seminario-de-Eficiencia-Energetica-en-el-Sector-Hotelero.jpeg\",\"width\":1200,\"height\":675,\"caption\":\"Seminario de Eficiencia Energ\u00e9tica en el Sector Hotelero\"},{\"@type\":\"BreadcrumbList\",\"@id\":\"https:\/\/nitu.mx\/index.php\/2024\/07\/28\/finaliza-seminario-de-eficiencia-energetica-para-hoteles-en-quintana-roo\/#breadcrumb\",\"itemListElement\":[{\"@type\":\"ListItem\",\"position\":1,\"name\":\"Inicio\",\"item\":\"https:\/\/nitu.mx\/\"},{\"@type\":\"ListItem\",\"position\":2,\"name\":\"Finaliza Seminario de Eficiencia Energ\u00e9tica para Hoteles en Quintana Roo\"}]},{\"@type\":\"WebSite\",\"@id\":\"https:\/\/nitu.mx\/#website\",\"url\":\"https:\/\/nitu.mx\/\",\"name\":\"Nitu - Noticias de la Industria Turistica\",\"description\":\"Noticias de la Industria Turistica\",\"publisher\":{\"@id\":\"https:\/\/nitu.mx\/#\/schema\/person\/ae7a53426417292d3dd07b45a33e01bc\"},\"alternateName\":\"Noticias de la Industria Turistica\",\"potentialAction\":[{\"@type\":\"SearchAction\",\"target\":{\"@type\":\"EntryPoint\",\"urlTemplate\":\"https:\/\/nitu.mx\/?s={search_term_string}\"},\"query-input\":\"required name=search_term_string\"}],\"inLanguage\":\"es-MX\"},{\"@type\":[\"Person\",\"Organization\"],\"@id\":\"https:\/\/nitu.mx\/#\/schema\/person\/ae7a53426417292d3dd07b45a33e01bc\",\"name\":\"Arturo Medina\",\"image\":{\"@type\":\"ImageObject\",\"inLanguage\":\"es-MX\",\"@id\":\"https:\/\/nitu.mx\/#\/schema\/person\/image\/\",\"url\":\"https:\/\/nitu.mx\/wp-content\/uploads\/2024\/04\/4A315622-1904-4D5C-B022-878CDC840E04-90x90-1.jpeg\",\"contentUrl\":\"https:\/\/nitu.mx\/wp-content\/uploads\/2024\/04\/4A315622-1904-4D5C-B022-878CDC840E04-90x90-1.jpeg\",\"width\":90,\"height\":90,\"caption\":\"Arturo Medina\"},\"logo\":{\"@id\":\"https:\/\/nitu.mx\/#\/schema\/person\/image\/\"},\"description\":\"Director NITU.mx, Egresado de la Escuela de Periodismo Carlos Septi\u00e9n Garc\u00eda. Periodista y analista especializado en turismo desde hace 35 a\u00f1os, radicado en Canc\u00fan Q.Roo. arturo@nitu.mx\",\"sameAs\":[\"https:\/\/nitu.mx\",\"https:\/\/www.facebook.com\/NITUmx\/\",\"medinacancun\",\"https:\/\/twitter.com\/@Arturo_Medina_G\"]},{\"@type\":\"Person\",\"@id\":\"https:\/\/nitu.mx\/#\/schema\/person\/2ecd887b19dfd3382d1f14fc5acf24a8\",\"name\":\"Alejandra Moncisbays\",\"image\":{\"@type\":\"ImageObject\",\"inLanguage\":\"es-MX\",\"@id\":\"https:\/\/nitu.mx\/#\/schema\/person\/image\/\",\"url\":\"https:\/\/secure.gravatar.com\/avatar\/e74f7af0be172b7804dacfd0bfbef787?s=96&d=mm&r=g\",\"contentUrl\":\"https:\/\/secure.gravatar.com\/avatar\/e74f7af0be172b7804dacfd0bfbef787?s=96&d=mm&r=g\",\"caption\":\"Alejandra Moncisbays\"},\"description\":\"Curs\u00e9 la carrera de Periodismo y Comunicaci\u00f3n en la Facultad de Estudios Profesionales Acatl\u00e1n. Vivo en Canc\u00fan desde hace 24 a\u00f1os. Fui reportera de La Tarde de Canc\u00fan, y Novedades de Quintana Roo, colabor\u00e9 en TVCUN, edit\u00e9 Cancun\u00edssimo y colabor\u00e9 en las revistas Latitud21, entre otras, con principal enfoque en los sectores empresarial y tur\u00edstico. Desde hace varios a\u00f1os soy Agente de Seguros con c\u00e9dula de la Comisi\u00f3n Nacional de Seguros y Fianzas. Actualmente, me desarrollo en los \u00e1mbitos del periodismo y el sector asegurador.\",\"sameAs\":[\"https:\/\/nitu.mx\"],\"url\":\"https:\/\/nitu.mx\/index.php\/author\/alejandra\/\"}]}<\/script>\n<!-- \/ Yoast SEO plugin. -->","yoast_head_json":{"title":"Finaliza Seminario de Eficiencia Energ\u00e9tica para Hoteles en Quintana Roo - Nitu - Noticias de la Industria Turistica","robots":{"index":"index","follow":"follow","max-snippet":"max-snippet:-1","max-image-preview":"max-image-preview:large","max-video-preview":"max-video-preview:-1"},"canonical":"https:\/\/nitu.mx\/index.php\/2024\/07\/28\/finaliza-seminario-de-eficiencia-energetica-para-hoteles-en-quintana-roo\/","twitter_card":"summary_large_image","twitter_title":"Finaliza Seminario de Eficiencia Energ\u00e9tica para Hoteles en Quintana Roo - Nitu - Noticias de la Industria Turistica","twitter_description":"M\u00e1s de 70 hoteles de Quintana Roo participaron en el Seminario de Eficiencia Energ\u00e9tica en el Sector Hotelero, organizado por la Secretar\u00eda de Ecolog\u00eda y Medio Ambiente del Estado (SEMA). Este evento, respaldado por el Lawrence Berkeley National Laboratory y financiado por USAID, culmin\u00f3 con la entrega de constancias a los participantes. El seminario forma [&hellip;]","twitter_image":"https:\/\/nitu.mx\/wp-content\/uploads\/2024\/07\/Seminario-de-Eficiencia-Energetica-en-el-Sector-Hotelero.jpeg","twitter_creator":"@NITUmx","twitter_site":"@Arturo_Medina_G","twitter_misc":{"Escrito por":"Alejandra Moncisbays","Tiempo de lectura":"2 minutos"},"schema":{"@context":"https:\/\/schema.org","@graph":[{"@type":"Article","@id":"https:\/\/nitu.mx\/index.php\/2024\/07\/28\/finaliza-seminario-de-eficiencia-energetica-para-hoteles-en-quintana-roo\/#article","isPartOf":{"@id":"https:\/\/nitu.mx\/index.php\/2024\/07\/28\/finaliza-seminario-de-eficiencia-energetica-para-hoteles-en-quintana-roo\/"},"author":{"name":"Alejandra Moncisbays","@id":"https:\/\/nitu.mx\/#\/schema\/person\/2ecd887b19dfd3382d1f14fc5acf24a8"},"headline":"Finaliza Seminario de Eficiencia Energ\u00e9tica para Hoteles en Quintana Roo","datePublished":"2024-07-29T03:32:41+00:00","dateModified":"2024-07-29T03:32:42+00:00","mainEntityOfPage":{"@id":"https:\/\/nitu.mx\/index.php\/2024\/07\/28\/finaliza-seminario-de-eficiencia-energetica-para-hoteles-en-quintana-roo\/"},"wordCount":393,"commentCount":0,"publisher":{"@id":"https:\/\/nitu.mx\/#\/schema\/person\/ae7a53426417292d3dd07b45a33e01bc"},"image":{"@id":"https:\/\/nitu.mx\/index.php\/2024\/07\/28\/finaliza-seminario-de-eficiencia-energetica-para-hoteles-en-quintana-roo\/#primaryimage"},"thumbnailUrl":"https:\/\/nitu.mx\/wp-content\/uploads\/2024\/07\/Seminario-de-Eficiencia-Energetica-en-el-Sector-Hotelero.jpeg","keywords":["eficiencia energ\u00e9tica","Hoteles","Quintana Roo","SEMA","seminario"],"articleSection":["Hoteles","Medio Ambiente"],"inLanguage":"es-MX","potentialAction":[{"@type":"CommentAction","name":"Comment","target":["https:\/\/nitu.mx\/index.php\/2024\/07\/28\/finaliza-seminario-de-eficiencia-energetica-para-hoteles-en-quintana-roo\/#respond"]}]},{"@type":"WebPage","@id":"https:\/\/nitu.mx\/index.php\/2024\/07\/28\/finaliza-seminario-de-eficiencia-energetica-para-hoteles-en-quintana-roo\/","url":"https:\/\/nitu.mx\/index.php\/2024\/07\/28\/finaliza-seminario-de-eficiencia-energetica-para-hoteles-en-quintana-roo\/","name":"Finaliza Seminario de Eficiencia Energ\u00e9tica para Hoteles en Quintana Roo - Nitu - Noticias de la Industria Turistica","isPartOf":{"@id":"https:\/\/nitu.mx\/#website"},"primaryImageOfPage":{"@id":"https:\/\/nitu.mx\/index.php\/2024\/07\/28\/finaliza-seminario-de-eficiencia-energetica-para-hoteles-en-quintana-roo\/#primaryimage"},"image":{"@id":"https:\/\/nitu.mx\/index.php\/2024\/07\/28\/finaliza-seminario-de-eficiencia-energetica-para-hoteles-en-quintana-roo\/#primaryimage"},"thumbnailUrl":"https:\/\/nitu.mx\/wp-content\/uploads\/2024\/07\/Seminario-de-Eficiencia-Energetica-en-el-Sector-Hotelero.jpeg","datePublished":"2024-07-29T03:32:41+00:00","dateModified":"2024-07-29T03:32:42+00:00","breadcrumb":{"@id":"https:\/\/nitu.mx\/index.php\/2024\/07\/28\/finaliza-seminario-de-eficiencia-energetica-para-hoteles-en-quintana-roo\/#breadcrumb"},"inLanguage":"es-MX","potentialAction":[{"@type":"ReadAction","target":["https:\/\/nitu.mx\/index.php\/2024\/07\/28\/finaliza-seminario-de-eficiencia-energetica-para-hoteles-en-quintana-roo\/"]}]},{"@type":"ImageObject","inLanguage":"es-MX","@id":"https:\/\/nitu.mx\/index.php\/2024\/07\/28\/finaliza-seminario-de-eficiencia-energetica-para-hoteles-en-quintana-roo\/#primaryimage","url":"https:\/\/nitu.mx\/wp-content\/uploads\/2024\/07\/Seminario-de-Eficiencia-Energetica-en-el-Sector-Hotelero.jpeg","contentUrl":"https:\/\/nitu.mx\/wp-content\/uploads\/2024\/07\/Seminario-de-Eficiencia-Energetica-en-el-Sector-Hotelero.jpeg","width":1200,"height":675,"caption":"Seminario de Eficiencia Energ\u00e9tica en el Sector Hotelero"},{"@type":"BreadcrumbList","@id":"https:\/\/nitu.mx\/index.php\/2024\/07\/28\/finaliza-seminario-de-eficiencia-energetica-para-hoteles-en-quintana-roo\/#breadcrumb","itemListElement":[{"@type":"ListItem","position":1,"name":"Inicio","item":"https:\/\/nitu.mx\/"},{"@type":"ListItem","position":2,"name":"Finaliza Seminario de Eficiencia Energ\u00e9tica para Hoteles en Quintana Roo"}]},{"@type":"WebSite","@id":"https:\/\/nitu.mx\/#website","url":"https:\/\/nitu.mx\/","name":"Nitu - Noticias de la Industria Turistica","description":"Noticias de la Industria Turistica","publisher":{"@id":"https:\/\/nitu.mx\/#\/schema\/person\/ae7a53426417292d3dd07b45a33e01bc"},"alternateName":"Noticias de la Industria Turistica","potentialAction":[{"@type":"SearchAction","target":{"@type":"EntryPoint","urlTemplate":"https:\/\/nitu.mx\/?s={search_term_string}"},"query-input":"required name=search_term_string"}],"inLanguage":"es-MX"},{"@type":["Person","Organization"],"@id":"https:\/\/nitu.mx\/#\/schema\/person\/ae7a53426417292d3dd07b45a33e01bc","name":"Arturo Medina","image":{"@type":"ImageObject","inLanguage":"es-MX","@id":"https:\/\/nitu.mx\/#\/schema\/person\/image\/","url":"https:\/\/nitu.mx\/wp-content\/uploads\/2024\/04\/4A315622-1904-4D5C-B022-878CDC840E04-90x90-1.jpeg","contentUrl":"https:\/\/nitu.mx\/wp-content\/uploads\/2024\/04\/4A315622-1904-4D5C-B022-878CDC840E04-90x90-1.jpeg","width":90,"height":90,"caption":"Arturo Medina"},"logo":{"@id":"https:\/\/nitu.mx\/#\/schema\/person\/image\/"},"description":"Director NITU.mx, Egresado de la Escuela de Periodismo Carlos Septi\u00e9n Garc\u00eda. Periodista y analista especializado en turismo desde hace 35 a\u00f1os, radicado en Canc\u00fan Q.Roo. arturo@nitu.mx","sameAs":["https:\/\/nitu.mx","https:\/\/www.facebook.com\/NITUmx\/","medinacancun","https:\/\/twitter.com\/@Arturo_Medina_G"]},{"@type":"Person","@id":"https:\/\/nitu.mx\/#\/schema\/person\/2ecd887b19dfd3382d1f14fc5acf24a8","name":"Alejandra Moncisbays","image":{"@type":"ImageObject","inLanguage":"es-MX","@id":"https:\/\/nitu.mx\/#\/schema\/person\/image\/","url":"https:\/\/secure.gravatar.com\/avatar\/e74f7af0be172b7804dacfd0bfbef787?s=96&d=mm&r=g","contentUrl":"https:\/\/secure.gravatar.com\/avatar\/e74f7af0be172b7804dacfd0bfbef787?s=96&d=mm&r=g","caption":"Alejandra Moncisbays"},"description":"Curs\u00e9 la carrera de Periodismo y Comunicaci\u00f3n en la Facultad de Estudios Profesionales Acatl\u00e1n. Vivo en Canc\u00fan desde hace 24 a\u00f1os. Fui reportera de La Tarde de Canc\u00fan, y Novedades de Quintana Roo, colabor\u00e9 en TVCUN, edit\u00e9 Cancun\u00edssimo y colabor\u00e9 en las revistas Latitud21, entre otras, con principal enfoque en los sectores empresarial y tur\u00edstico. Desde hace varios a\u00f1os soy Agente de Seguros con c\u00e9dula de la Comisi\u00f3n Nacional de Seguros y Fianzas. Actualmente, me desarrollo en los \u00e1mbitos del periodismo y el sector asegurador.","sameAs":["https:\/\/nitu.mx"],"url":"https:\/\/nitu.mx\/index.php\/author\/alejandra\/"}]}},"views":682,"_links":{"self":[{"href":"https:\/\/nitu.mx\/index.php\/wp-json\/wp\/v2\/posts\/73448"}],"collection":[{"href":"https:\/\/nitu.mx\/index.php\/wp-json\/wp\/v2\/posts"}],"about":[{"href":"https:\/\/nitu.mx\/index.php\/wp-json\/wp\/v2\/types\/post"}],"author":[{"embeddable":true,"href":"https:\/\/nitu.mx\/index.php\/wp-json\/wp\/v2\/users\/3"}],"replies":[{"embeddable":true,"href":"https:\/\/nitu.mx\/index.php\/wp-json\/wp\/v2\/comments?post=73448"}],"version-history":[{"count":2,"href":"https:\/\/nitu.mx\/index.php\/wp-json\/wp\/v2\/posts\/73448\/revisions"}],"predecessor-version":[{"id":73475,"href":"https:\/\/nitu.mx\/index.php\/wp-json\/wp\/v2\/posts\/73448\/revisions\/73475"}],"wp:featuredmedia":[{"embeddable":true,"href":"https:\/\/nitu.mx\/index.php\/wp-json\/wp\/v2\/media\/73474"}],"wp:attachment":[{"href":"https:\/\/nitu.mx\/index.php\/wp-json\/wp\/v2\/media?parent=73448"}],"wp:term":[{"taxonomy":"category","embeddable":true,"href":"https:\/\/nitu.mx\/index.php\/wp-json\/wp\/v2\/categories?post=73448"},{"taxonomy":"post_tag","embeddable":true,"href":"https:\/\/nitu.mx\/index.php\/wp-json\/wp\/v2\/tags?post=73448"}],"curies":[{"name":"wp","href":"https:\/\/api.w.org\/{rel}","templated":true}]}}