{"id":73386,"date":"2024-07-25T06:45:27","date_gmt":"2024-07-25T12:45:27","guid":{"rendered":"https:\/\/nitu.mx\/?p=73386"},"modified":"2024-07-25T06:45:29","modified_gmt":"2024-07-25T12:45:29","slug":"encuentro-gastronomico-4-estaciones-de-sazon-celebro-su-edicion-de-verano","status":"publish","type":"post","link":"https:\/\/nitu.mx\/index.php\/2024\/07\/25\/encuentro-gastronomico-4-estaciones-de-sazon-celebro-su-edicion-de-verano\/","title":{"rendered":"Encuentro gastron\u00f3mico &#8220;4 Estaciones de Saz\u00f3n&#8221; celebr\u00f3 su edici\u00f3n de verano"},"content":{"rendered":"<p>Con la llegada del verano, Lomas Hospitality, en colaboraci\u00f3n con Food &amp; Travel M\u00e9xico, celebr\u00f3 la edici\u00f3n de verano del Encuentro Gastron\u00f3mico 4 Estaciones de Saz\u00f3n.<\/p>\n<p>El evento cont\u00f3 con la participaci\u00f3n de tres chefs latinoamericanas que protagonizaron cenas tem\u00e1ticas con men\u00fas \u00fanicos de la temporada, incluyendo un men\u00fa vegano. Las chefs Liz Galicia del Restaurante Sal\u00f3n Mezcalli, Rebecca Noel de El Mundo, y la invitada internacional Daniela Osorno del restaurante X.O., ubicado en el puesto 27 de los Latin America\u2019s 50 Best Restaurants, presentaron sus versiones de la cocina veraniega en cenas de seis tiempos.<\/p>\n<p>El festival comenz\u00f3 el 19 de julio con la chef Liz Galicia, reconocida por sus platillos en Sal\u00f3n Mezcalli y nombrada Reina del Chile en Nogada. Su men\u00fa incluy\u00f3 Kampachi crudo con aguacate y mayonesa de habanero, Tlacoyo de haba y camar\u00f3n con pipi\u00e1n rojo, pesca de temporada con crema de jalape\u00f1o, mole poblano con vegetales ahumados, chile en nogada y flan de galleta con dulce de capul\u00edn.<\/p>\n<p>El 20 de julio, la chef Daniela Osorno, desde Medell\u00edn, Colombia, ofreci\u00f3 un men\u00fa revolucionario con tartaleta de arracacha, langosta refrita, crudo de pesca con leche de tigre de mamey, gambas encocadas, pato con foie gras y helado de pecanas con chontaduro y mole.<\/p>\n<p>El festival concluy\u00f3 el 21 de julio con la chef Rebecca Noel, quien present\u00f3 una innovadora propuesta vegana con ensalada de endivias y achicoria, tartar de sand\u00eda, polenta con aderezo mediterr\u00e1neo, ravioli de pur\u00e9 de ch\u00edcharo, panacotta de matcha y mousse de chocolate.<\/p>\n<p>El Encuentro Gastron\u00f3mico 4 Estaciones de Saz\u00f3n tiene como prop\u00f3sito honrar y celebrar la diversidad de sabores e ingredientes de cada estaci\u00f3n, adem\u00e1s de generar conciencia sobre el respeto por la temporalidad de los ingredientes y destacar el trabajo detr\u00e1s de los ingredientes org\u00e1nicos.<\/p>\n","protected":false},"excerpt":{"rendered":"<p>Con la llegada del verano, Lomas Hospitality, en colaboraci\u00f3n con Food &amp; Travel M\u00e9xico, celebr\u00f3 la edici\u00f3n de verano del Encuentro Gastron\u00f3mico 4 Estaciones de Saz\u00f3n. El evento cont\u00f3 con la participaci\u00f3n de tres chefs latinoamericanas que protagonizaron cenas tem\u00e1ticas con men\u00fas \u00fanicos de la temporada, incluyendo un men\u00fa vegano. Las chefs Liz Galicia del [&hellip;]<\/p>\n","protected":false},"author":3,"featured_media":73388,"comment_status":"open","ping_status":"open","sticky":false,"template":"","format":"standard","meta":{"footnotes":""},"categories":[18475],"tags":[25780,25779],"yoast_head":"<!-- This site is optimized with the Yoast SEO plugin v22.2 - https:\/\/yoast.com\/wordpress\/plugins\/seo\/ -->\n<title>Encuentro gastron\u00f3mico &quot;4 Estaciones de Saz\u00f3n&quot; celebr\u00f3 su edici\u00f3n de verano - Nitu - Noticias de la Industria Turistica<\/title>\n<meta name=\"robots\" content=\"index, follow, max-snippet:-1, max-image-preview:large, max-video-preview:-1\" \/>\n<link rel=\"canonical\" href=\"https:\/\/nitu.mx\/index.php\/2024\/07\/25\/encuentro-gastronomico-4-estaciones-de-sazon-celebro-su-edicion-de-verano\/\" \/>\n<meta name=\"twitter:card\" content=\"summary_large_image\" \/>\n<meta name=\"twitter:title\" content=\"Encuentro gastron\u00f3mico &quot;4 Estaciones de Saz\u00f3n&quot; celebr\u00f3 su edici\u00f3n de verano - Nitu - Noticias de la Industria Turistica\" \/>\n<meta name=\"twitter:description\" content=\"Con la llegada del verano, Lomas Hospitality, en colaboraci\u00f3n con Food &amp; Travel M\u00e9xico, celebr\u00f3 la edici\u00f3n de verano del Encuentro Gastron\u00f3mico 4 Estaciones de Saz\u00f3n. El evento cont\u00f3 con la participaci\u00f3n de tres chefs latinoamericanas que protagonizaron cenas tem\u00e1ticas con men\u00fas \u00fanicos de la temporada, incluyendo un men\u00fa vegano. Las chefs Liz Galicia del [&hellip;]\" \/>\n<meta name=\"twitter:image\" content=\"https:\/\/nitu.mx\/wp-content\/uploads\/2024\/07\/4ESTACIONES.jpeg\" \/>\n<meta name=\"twitter:creator\" content=\"@NITUmx\" \/>\n<meta name=\"twitter:site\" content=\"@Arturo_Medina_G\" \/>\n<meta name=\"twitter:label1\" content=\"Escrito por\" \/>\n\t<meta name=\"twitter:data1\" content=\"Alejandra Moncisbays\" \/>\n\t<meta name=\"twitter:label2\" content=\"Tiempo de lectura\" \/>\n\t<meta name=\"twitter:data2\" content=\"2 minutos\" \/>\n<script type=\"application\/ld+json\" class=\"yoast-schema-graph\">{\"@context\":\"https:\/\/schema.org\",\"@graph\":[{\"@type\":\"Article\",\"@id\":\"https:\/\/nitu.mx\/index.php\/2024\/07\/25\/encuentro-gastronomico-4-estaciones-de-sazon-celebro-su-edicion-de-verano\/#article\",\"isPartOf\":{\"@id\":\"https:\/\/nitu.mx\/index.php\/2024\/07\/25\/encuentro-gastronomico-4-estaciones-de-sazon-celebro-su-edicion-de-verano\/\"},\"author\":{\"name\":\"Alejandra Moncisbays\",\"@id\":\"https:\/\/nitu.mx\/#\/schema\/person\/2ecd887b19dfd3382d1f14fc5acf24a8\"},\"headline\":\"Encuentro gastron\u00f3mico &#8220;4 Estaciones de Saz\u00f3n&#8221; celebr\u00f3 su edici\u00f3n de verano\",\"datePublished\":\"2024-07-25T12:45:27+00:00\",\"dateModified\":\"2024-07-25T12:45:29+00:00\",\"mainEntityOfPage\":{\"@id\":\"https:\/\/nitu.mx\/index.php\/2024\/07\/25\/encuentro-gastronomico-4-estaciones-de-sazon-celebro-su-edicion-de-verano\/\"},\"wordCount\":328,\"commentCount\":0,\"publisher\":{\"@id\":\"https:\/\/nitu.mx\/#\/schema\/person\/ae7a53426417292d3dd07b45a33e01bc\"},\"image\":{\"@id\":\"https:\/\/nitu.mx\/index.php\/2024\/07\/25\/encuentro-gastronomico-4-estaciones-de-sazon-celebro-su-edicion-de-verano\/#primaryimage\"},\"thumbnailUrl\":\"https:\/\/nitu.mx\/wp-content\/uploads\/2024\/07\/4ESTACIONES.jpeg\",\"keywords\":[\"\\\"4 Estaciones de Saz\u00f3n\\\"\",\"Encuentro Gastron\u00f3mico\"],\"articleSection\":[\"Caribe Mexicano\"],\"inLanguage\":\"es-MX\",\"potentialAction\":[{\"@type\":\"CommentAction\",\"name\":\"Comment\",\"target\":[\"https:\/\/nitu.mx\/index.php\/2024\/07\/25\/encuentro-gastronomico-4-estaciones-de-sazon-celebro-su-edicion-de-verano\/#respond\"]}]},{\"@type\":\"WebPage\",\"@id\":\"https:\/\/nitu.mx\/index.php\/2024\/07\/25\/encuentro-gastronomico-4-estaciones-de-sazon-celebro-su-edicion-de-verano\/\",\"url\":\"https:\/\/nitu.mx\/index.php\/2024\/07\/25\/encuentro-gastronomico-4-estaciones-de-sazon-celebro-su-edicion-de-verano\/\",\"name\":\"Encuentro gastron\u00f3mico \\\"4 Estaciones de Saz\u00f3n\\\" celebr\u00f3 su edici\u00f3n de verano - Nitu - Noticias de la Industria Turistica\",\"isPartOf\":{\"@id\":\"https:\/\/nitu.mx\/#website\"},\"primaryImageOfPage\":{\"@id\":\"https:\/\/nitu.mx\/index.php\/2024\/07\/25\/encuentro-gastronomico-4-estaciones-de-sazon-celebro-su-edicion-de-verano\/#primaryimage\"},\"image\":{\"@id\":\"https:\/\/nitu.mx\/index.php\/2024\/07\/25\/encuentro-gastronomico-4-estaciones-de-sazon-celebro-su-edicion-de-verano\/#primaryimage\"},\"thumbnailUrl\":\"https:\/\/nitu.mx\/wp-content\/uploads\/2024\/07\/4ESTACIONES.jpeg\",\"datePublished\":\"2024-07-25T12:45:27+00:00\",\"dateModified\":\"2024-07-25T12:45:29+00:00\",\"breadcrumb\":{\"@id\":\"https:\/\/nitu.mx\/index.php\/2024\/07\/25\/encuentro-gastronomico-4-estaciones-de-sazon-celebro-su-edicion-de-verano\/#breadcrumb\"},\"inLanguage\":\"es-MX\",\"potentialAction\":[{\"@type\":\"ReadAction\",\"target\":[\"https:\/\/nitu.mx\/index.php\/2024\/07\/25\/encuentro-gastronomico-4-estaciones-de-sazon-celebro-su-edicion-de-verano\/\"]}]},{\"@type\":\"ImageObject\",\"inLanguage\":\"es-MX\",\"@id\":\"https:\/\/nitu.mx\/index.php\/2024\/07\/25\/encuentro-gastronomico-4-estaciones-de-sazon-celebro-su-edicion-de-verano\/#primaryimage\",\"url\":\"https:\/\/nitu.mx\/wp-content\/uploads\/2024\/07\/4ESTACIONES.jpeg\",\"contentUrl\":\"https:\/\/nitu.mx\/wp-content\/uploads\/2024\/07\/4ESTACIONES.jpeg\",\"width\":1600,\"height\":1056},{\"@type\":\"BreadcrumbList\",\"@id\":\"https:\/\/nitu.mx\/index.php\/2024\/07\/25\/encuentro-gastronomico-4-estaciones-de-sazon-celebro-su-edicion-de-verano\/#breadcrumb\",\"itemListElement\":[{\"@type\":\"ListItem\",\"position\":1,\"name\":\"Inicio\",\"item\":\"https:\/\/nitu.mx\/\"},{\"@type\":\"ListItem\",\"position\":2,\"name\":\"Encuentro gastron\u00f3mico &#8220;4 Estaciones de Saz\u00f3n&#8221; celebr\u00f3 su edici\u00f3n de verano\"}]},{\"@type\":\"WebSite\",\"@id\":\"https:\/\/nitu.mx\/#website\",\"url\":\"https:\/\/nitu.mx\/\",\"name\":\"Nitu - Noticias de la Industria Turistica\",\"description\":\"Noticias de la Industria Turistica\",\"publisher\":{\"@id\":\"https:\/\/nitu.mx\/#\/schema\/person\/ae7a53426417292d3dd07b45a33e01bc\"},\"alternateName\":\"Noticias de la Industria Turistica\",\"potentialAction\":[{\"@type\":\"SearchAction\",\"target\":{\"@type\":\"EntryPoint\",\"urlTemplate\":\"https:\/\/nitu.mx\/?s={search_term_string}\"},\"query-input\":\"required name=search_term_string\"}],\"inLanguage\":\"es-MX\"},{\"@type\":[\"Person\",\"Organization\"],\"@id\":\"https:\/\/nitu.mx\/#\/schema\/person\/ae7a53426417292d3dd07b45a33e01bc\",\"name\":\"Arturo Medina\",\"image\":{\"@type\":\"ImageObject\",\"inLanguage\":\"es-MX\",\"@id\":\"https:\/\/nitu.mx\/#\/schema\/person\/image\/\",\"url\":\"https:\/\/nitu.mx\/wp-content\/uploads\/2024\/04\/4A315622-1904-4D5C-B022-878CDC840E04-90x90-1.jpeg\",\"contentUrl\":\"https:\/\/nitu.mx\/wp-content\/uploads\/2024\/04\/4A315622-1904-4D5C-B022-878CDC840E04-90x90-1.jpeg\",\"width\":90,\"height\":90,\"caption\":\"Arturo Medina\"},\"logo\":{\"@id\":\"https:\/\/nitu.mx\/#\/schema\/person\/image\/\"},\"description\":\"Director NITU.mx, Egresado de la Escuela de Periodismo Carlos Septi\u00e9n Garc\u00eda. Periodista y analista especializado en turismo desde hace 35 a\u00f1os, radicado en Canc\u00fan Q.Roo. arturo@nitu.mx\",\"sameAs\":[\"https:\/\/nitu.mx\",\"https:\/\/www.facebook.com\/NITUmx\/\",\"medinacancun\",\"https:\/\/twitter.com\/@Arturo_Medina_G\"]},{\"@type\":\"Person\",\"@id\":\"https:\/\/nitu.mx\/#\/schema\/person\/2ecd887b19dfd3382d1f14fc5acf24a8\",\"name\":\"Alejandra Moncisbays\",\"image\":{\"@type\":\"ImageObject\",\"inLanguage\":\"es-MX\",\"@id\":\"https:\/\/nitu.mx\/#\/schema\/person\/image\/\",\"url\":\"https:\/\/secure.gravatar.com\/avatar\/e74f7af0be172b7804dacfd0bfbef787?s=96&d=mm&r=g\",\"contentUrl\":\"https:\/\/secure.gravatar.com\/avatar\/e74f7af0be172b7804dacfd0bfbef787?s=96&d=mm&r=g\",\"caption\":\"Alejandra Moncisbays\"},\"description\":\"Curs\u00e9 la carrera de Periodismo y Comunicaci\u00f3n en la Facultad de Estudios Profesionales Acatl\u00e1n. Vivo en Canc\u00fan desde hace 24 a\u00f1os. Fui reportera de La Tarde de Canc\u00fan, y Novedades de Quintana Roo, colabor\u00e9 en TVCUN, edit\u00e9 Cancun\u00edssimo y colabor\u00e9 en las revistas Latitud21, entre otras, con principal enfoque en los sectores empresarial y tur\u00edstico. Desde hace varios a\u00f1os soy Agente de Seguros con c\u00e9dula de la Comisi\u00f3n Nacional de Seguros y Fianzas. Actualmente, me desarrollo en los \u00e1mbitos del periodismo y el sector asegurador.\",\"sameAs\":[\"https:\/\/nitu.mx\"],\"url\":\"https:\/\/nitu.mx\/index.php\/author\/alejandra\/\"}]}<\/script>\n<!-- \/ Yoast SEO plugin. -->","yoast_head_json":{"title":"Encuentro gastron\u00f3mico \"4 Estaciones de Saz\u00f3n\" celebr\u00f3 su edici\u00f3n de verano - Nitu - Noticias de la Industria Turistica","robots":{"index":"index","follow":"follow","max-snippet":"max-snippet:-1","max-image-preview":"max-image-preview:large","max-video-preview":"max-video-preview:-1"},"canonical":"https:\/\/nitu.mx\/index.php\/2024\/07\/25\/encuentro-gastronomico-4-estaciones-de-sazon-celebro-su-edicion-de-verano\/","twitter_card":"summary_large_image","twitter_title":"Encuentro gastron\u00f3mico \"4 Estaciones de Saz\u00f3n\" celebr\u00f3 su edici\u00f3n de verano - Nitu - Noticias de la Industria Turistica","twitter_description":"Con la llegada del verano, Lomas Hospitality, en colaboraci\u00f3n con Food &amp; Travel M\u00e9xico, celebr\u00f3 la edici\u00f3n de verano del Encuentro Gastron\u00f3mico 4 Estaciones de Saz\u00f3n. El evento cont\u00f3 con la participaci\u00f3n de tres chefs latinoamericanas que protagonizaron cenas tem\u00e1ticas con men\u00fas \u00fanicos de la temporada, incluyendo un men\u00fa vegano. Las chefs Liz Galicia del [&hellip;]","twitter_image":"https:\/\/nitu.mx\/wp-content\/uploads\/2024\/07\/4ESTACIONES.jpeg","twitter_creator":"@NITUmx","twitter_site":"@Arturo_Medina_G","twitter_misc":{"Escrito por":"Alejandra Moncisbays","Tiempo de lectura":"2 minutos"},"schema":{"@context":"https:\/\/schema.org","@graph":[{"@type":"Article","@id":"https:\/\/nitu.mx\/index.php\/2024\/07\/25\/encuentro-gastronomico-4-estaciones-de-sazon-celebro-su-edicion-de-verano\/#article","isPartOf":{"@id":"https:\/\/nitu.mx\/index.php\/2024\/07\/25\/encuentro-gastronomico-4-estaciones-de-sazon-celebro-su-edicion-de-verano\/"},"author":{"name":"Alejandra Moncisbays","@id":"https:\/\/nitu.mx\/#\/schema\/person\/2ecd887b19dfd3382d1f14fc5acf24a8"},"headline":"Encuentro gastron\u00f3mico &#8220;4 Estaciones de Saz\u00f3n&#8221; celebr\u00f3 su edici\u00f3n de verano","datePublished":"2024-07-25T12:45:27+00:00","dateModified":"2024-07-25T12:45:29+00:00","mainEntityOfPage":{"@id":"https:\/\/nitu.mx\/index.php\/2024\/07\/25\/encuentro-gastronomico-4-estaciones-de-sazon-celebro-su-edicion-de-verano\/"},"wordCount":328,"commentCount":0,"publisher":{"@id":"https:\/\/nitu.mx\/#\/schema\/person\/ae7a53426417292d3dd07b45a33e01bc"},"image":{"@id":"https:\/\/nitu.mx\/index.php\/2024\/07\/25\/encuentro-gastronomico-4-estaciones-de-sazon-celebro-su-edicion-de-verano\/#primaryimage"},"thumbnailUrl":"https:\/\/nitu.mx\/wp-content\/uploads\/2024\/07\/4ESTACIONES.jpeg","keywords":["\"4 Estaciones de Saz\u00f3n\"","Encuentro Gastron\u00f3mico"],"articleSection":["Caribe Mexicano"],"inLanguage":"es-MX","potentialAction":[{"@type":"CommentAction","name":"Comment","target":["https:\/\/nitu.mx\/index.php\/2024\/07\/25\/encuentro-gastronomico-4-estaciones-de-sazon-celebro-su-edicion-de-verano\/#respond"]}]},{"@type":"WebPage","@id":"https:\/\/nitu.mx\/index.php\/2024\/07\/25\/encuentro-gastronomico-4-estaciones-de-sazon-celebro-su-edicion-de-verano\/","url":"https:\/\/nitu.mx\/index.php\/2024\/07\/25\/encuentro-gastronomico-4-estaciones-de-sazon-celebro-su-edicion-de-verano\/","name":"Encuentro gastron\u00f3mico \"4 Estaciones de Saz\u00f3n\" celebr\u00f3 su edici\u00f3n de verano - Nitu - Noticias de la Industria Turistica","isPartOf":{"@id":"https:\/\/nitu.mx\/#website"},"primaryImageOfPage":{"@id":"https:\/\/nitu.mx\/index.php\/2024\/07\/25\/encuentro-gastronomico-4-estaciones-de-sazon-celebro-su-edicion-de-verano\/#primaryimage"},"image":{"@id":"https:\/\/nitu.mx\/index.php\/2024\/07\/25\/encuentro-gastronomico-4-estaciones-de-sazon-celebro-su-edicion-de-verano\/#primaryimage"},"thumbnailUrl":"https:\/\/nitu.mx\/wp-content\/uploads\/2024\/07\/4ESTACIONES.jpeg","datePublished":"2024-07-25T12:45:27+00:00","dateModified":"2024-07-25T12:45:29+00:00","breadcrumb":{"@id":"https:\/\/nitu.mx\/index.php\/2024\/07\/25\/encuentro-gastronomico-4-estaciones-de-sazon-celebro-su-edicion-de-verano\/#breadcrumb"},"inLanguage":"es-MX","potentialAction":[{"@type":"ReadAction","target":["https:\/\/nitu.mx\/index.php\/2024\/07\/25\/encuentro-gastronomico-4-estaciones-de-sazon-celebro-su-edicion-de-verano\/"]}]},{"@type":"ImageObject","inLanguage":"es-MX","@id":"https:\/\/nitu.mx\/index.php\/2024\/07\/25\/encuentro-gastronomico-4-estaciones-de-sazon-celebro-su-edicion-de-verano\/#primaryimage","url":"https:\/\/nitu.mx\/wp-content\/uploads\/2024\/07\/4ESTACIONES.jpeg","contentUrl":"https:\/\/nitu.mx\/wp-content\/uploads\/2024\/07\/4ESTACIONES.jpeg","width":1600,"height":1056},{"@type":"BreadcrumbList","@id":"https:\/\/nitu.mx\/index.php\/2024\/07\/25\/encuentro-gastronomico-4-estaciones-de-sazon-celebro-su-edicion-de-verano\/#breadcrumb","itemListElement":[{"@type":"ListItem","position":1,"name":"Inicio","item":"https:\/\/nitu.mx\/"},{"@type":"ListItem","position":2,"name":"Encuentro gastron\u00f3mico &#8220;4 Estaciones de Saz\u00f3n&#8221; celebr\u00f3 su edici\u00f3n de verano"}]},{"@type":"WebSite","@id":"https:\/\/nitu.mx\/#website","url":"https:\/\/nitu.mx\/","name":"Nitu - Noticias de la Industria Turistica","description":"Noticias de la Industria Turistica","publisher":{"@id":"https:\/\/nitu.mx\/#\/schema\/person\/ae7a53426417292d3dd07b45a33e01bc"},"alternateName":"Noticias de la Industria Turistica","potentialAction":[{"@type":"SearchAction","target":{"@type":"EntryPoint","urlTemplate":"https:\/\/nitu.mx\/?s={search_term_string}"},"query-input":"required name=search_term_string"}],"inLanguage":"es-MX"},{"@type":["Person","Organization"],"@id":"https:\/\/nitu.mx\/#\/schema\/person\/ae7a53426417292d3dd07b45a33e01bc","name":"Arturo Medina","image":{"@type":"ImageObject","inLanguage":"es-MX","@id":"https:\/\/nitu.mx\/#\/schema\/person\/image\/","url":"https:\/\/nitu.mx\/wp-content\/uploads\/2024\/04\/4A315622-1904-4D5C-B022-878CDC840E04-90x90-1.jpeg","contentUrl":"https:\/\/nitu.mx\/wp-content\/uploads\/2024\/04\/4A315622-1904-4D5C-B022-878CDC840E04-90x90-1.jpeg","width":90,"height":90,"caption":"Arturo Medina"},"logo":{"@id":"https:\/\/nitu.mx\/#\/schema\/person\/image\/"},"description":"Director NITU.mx, Egresado de la Escuela de Periodismo Carlos Septi\u00e9n Garc\u00eda. Periodista y analista especializado en turismo desde hace 35 a\u00f1os, radicado en Canc\u00fan Q.Roo. arturo@nitu.mx","sameAs":["https:\/\/nitu.mx","https:\/\/www.facebook.com\/NITUmx\/","medinacancun","https:\/\/twitter.com\/@Arturo_Medina_G"]},{"@type":"Person","@id":"https:\/\/nitu.mx\/#\/schema\/person\/2ecd887b19dfd3382d1f14fc5acf24a8","name":"Alejandra Moncisbays","image":{"@type":"ImageObject","inLanguage":"es-MX","@id":"https:\/\/nitu.mx\/#\/schema\/person\/image\/","url":"https:\/\/secure.gravatar.com\/avatar\/e74f7af0be172b7804dacfd0bfbef787?s=96&d=mm&r=g","contentUrl":"https:\/\/secure.gravatar.com\/avatar\/e74f7af0be172b7804dacfd0bfbef787?s=96&d=mm&r=g","caption":"Alejandra Moncisbays"},"description":"Curs\u00e9 la carrera de Periodismo y Comunicaci\u00f3n en la Facultad de Estudios Profesionales Acatl\u00e1n. Vivo en Canc\u00fan desde hace 24 a\u00f1os. Fui reportera de La Tarde de Canc\u00fan, y Novedades de Quintana Roo, colabor\u00e9 en TVCUN, edit\u00e9 Cancun\u00edssimo y colabor\u00e9 en las revistas Latitud21, entre otras, con principal enfoque en los sectores empresarial y tur\u00edstico. Desde hace varios a\u00f1os soy Agente de Seguros con c\u00e9dula de la Comisi\u00f3n Nacional de Seguros y Fianzas. Actualmente, me desarrollo en los \u00e1mbitos del periodismo y el sector asegurador.","sameAs":["https:\/\/nitu.mx"],"url":"https:\/\/nitu.mx\/index.php\/author\/alejandra\/"}]}},"views":482,"_links":{"self":[{"href":"https:\/\/nitu.mx\/index.php\/wp-json\/wp\/v2\/posts\/73386"}],"collection":[{"href":"https:\/\/nitu.mx\/index.php\/wp-json\/wp\/v2\/posts"}],"about":[{"href":"https:\/\/nitu.mx\/index.php\/wp-json\/wp\/v2\/types\/post"}],"author":[{"embeddable":true,"href":"https:\/\/nitu.mx\/index.php\/wp-json\/wp\/v2\/users\/3"}],"replies":[{"embeddable":true,"href":"https:\/\/nitu.mx\/index.php\/wp-json\/wp\/v2\/comments?post=73386"}],"version-history":[{"count":2,"href":"https:\/\/nitu.mx\/index.php\/wp-json\/wp\/v2\/posts\/73386\/revisions"}],"predecessor-version":[{"id":73406,"href":"https:\/\/nitu.mx\/index.php\/wp-json\/wp\/v2\/posts\/73386\/revisions\/73406"}],"wp:featuredmedia":[{"embeddable":true,"href":"https:\/\/nitu.mx\/index.php\/wp-json\/wp\/v2\/media\/73388"}],"wp:attachment":[{"href":"https:\/\/nitu.mx\/index.php\/wp-json\/wp\/v2\/media?parent=73386"}],"wp:term":[{"taxonomy":"category","embeddable":true,"href":"https:\/\/nitu.mx\/index.php\/wp-json\/wp\/v2\/categories?post=73386"},{"taxonomy":"post_tag","embeddable":true,"href":"https:\/\/nitu.mx\/index.php\/wp-json\/wp\/v2\/tags?post=73386"}],"curies":[{"name":"wp","href":"https:\/\/api.w.org\/{rel}","templated":true}]}}