{"id":73300,"date":"2024-07-22T02:10:42","date_gmt":"2024-07-22T08:10:42","guid":{"rendered":"https:\/\/nitu.mx\/?p=73300"},"modified":"2024-07-22T02:10:43","modified_gmt":"2024-07-22T08:10:43","slug":"aeromexico-refuerza-rutas-a-eu-con-boeing-737-max-8","status":"publish","type":"post","link":"https:\/\/nitu.mx\/index.php\/2024\/07\/22\/aeromexico-refuerza-rutas-a-eu-con-boeing-737-max-8\/","title":{"rendered":"Aerom\u00e9xico refuerza rutas a EU con Boeing 737 MAX 8"},"content":{"rendered":"<p>Aerom\u00e9xico aumentar\u00e1 la capacidad de asientos en sus vuelos a Dallas\/Fort Worth, Tampa y Washington\/Dulles a partir del 27 de octubre de 2024, reemplazando los Embraer 190 con Boeing 737 MAX 8. Con una capacidad de 166 pasajeros, estos aviones incrementar\u00e1n la oferta semanal en un 67%, alcanzando 2,324 asientos en total. Las tres rutas ser\u00e1n operadas desde Ciudad de M\u00e9xico con un vuelo diario.<\/p>\n<p><strong>Reducci\u00f3n temporal de frecuencias<\/strong><\/p>\n<p>Pese al aumento de capacidad en estos destinos, Aerom\u00e9xico ajustar\u00e1 temporalmente sus frecuencias y suspender\u00e1 algunos vuelos a Estados Unidos debido a la baja demanda en la temporada baja. Los cambios ser\u00e1n efectivos entre septiembre y octubre, afectando las siguientes rutas:<br \/>\n\u2022 Desde Guadalajara (GDL)<br \/>\no Atlanta (ATL): suspendido del 1 de septiembre al 27 de octubre.<br \/>\no Chicago\/O\u2019Hare (ORD): suspendido del 31 de agosto al 27 de octubre.<br \/>\no Fresno (FAT): suspendido del 1 de septiembre al 27 de octubre.<br \/>\no Sacramento (SMF): suspendido del 3 de septiembre al 27 de octubre.<br \/>\no Salt Lake City (SLC): reducci\u00f3n de 7 a 5 vuelos semanales.<br \/>\no San Francisco (SFO): suspendido del 2 de septiembre al 27 de octubre.<br \/>\n\u2022 Desde Monterrey (MTY)<br \/>\no Atlanta (ATL): reducci\u00f3n de 7 a 4 vuelos semanales.<br \/>\no Detroit (DTW): reducci\u00f3n de 7 a 5 vuelos semanales.<br \/>\n\u2022 Desde Quer\u00e9taro (QRO)<br \/>\no Detroit (DTW): reducci\u00f3n de 6 a 4 vuelos semanales.<br \/>\n\u2022 Desde Le\u00f3n\/Guanajuato (BJX)<br \/>\no Atlanta (ATL): reducci\u00f3n de 7 a 6 vuelos semanales.<br \/>\nEstas medidas responden a la baja demanda t\u00edpica de la temporada baja, con la expectativa de normalizar las operaciones para el invierno.<\/p>\n","protected":false},"excerpt":{"rendered":"<p>Aerom\u00e9xico aumentar\u00e1 la capacidad de asientos en sus vuelos a Dallas\/Fort Worth, Tampa y Washington\/Dulles a partir del 27 de octubre de 2024, reemplazando los Embraer 190 con Boeing 737 MAX 8. Con una capacidad de 166 pasajeros, estos aviones incrementar\u00e1n la oferta semanal en un 67%, alcanzando 2,324 asientos en total. Las tres rutas [&hellip;]<\/p>\n","protected":false},"author":3,"featured_media":46863,"comment_status":"open","ping_status":"open","sticky":false,"template":"","format":"standard","meta":{"footnotes":""},"categories":[29],"tags":[2259,30,1827,5168],"yoast_head":"<!-- This site is optimized with the Yoast SEO plugin v22.2 - https:\/\/yoast.com\/wordpress\/plugins\/seo\/ -->\n<title>Aerom\u00e9xico refuerza rutas a EU con Boeing 737 MAX 8 - Nitu - Noticias de la Industria Turistica<\/title>\n<meta name=\"robots\" content=\"index, follow, max-snippet:-1, max-image-preview:large, max-video-preview:-1\" \/>\n<link rel=\"canonical\" href=\"https:\/\/nitu.mx\/index.php\/2024\/07\/22\/aeromexico-refuerza-rutas-a-eu-con-boeing-737-max-8\/\" \/>\n<meta name=\"twitter:card\" content=\"summary_large_image\" \/>\n<meta name=\"twitter:title\" content=\"Aerom\u00e9xico refuerza rutas a EU con Boeing 737 MAX 8 - Nitu - Noticias de la Industria Turistica\" \/>\n<meta name=\"twitter:description\" content=\"Aerom\u00e9xico aumentar\u00e1 la capacidad de asientos en sus vuelos a Dallas\/Fort Worth, Tampa y Washington\/Dulles a partir del 27 de octubre de 2024, reemplazando los Embraer 190 con Boeing 737 MAX 8. Con una capacidad de 166 pasajeros, estos aviones incrementar\u00e1n la oferta semanal en un 67%, alcanzando 2,324 asientos en total. Las tres rutas [&hellip;]\" \/>\n<meta name=\"twitter:image\" content=\"https:\/\/nitu.mx\/wp-content\/uploads\/2020\/10\/Aeromexico-Cancun-Tijuana.jpg\" \/>\n<meta name=\"twitter:creator\" content=\"@NITUmx\" \/>\n<meta name=\"twitter:site\" content=\"@Arturo_Medina_G\" \/>\n<meta name=\"twitter:label1\" content=\"Escrito por\" \/>\n\t<meta name=\"twitter:data1\" content=\"Alejandra Moncisbays\" \/>\n\t<meta name=\"twitter:label2\" content=\"Tiempo de lectura\" \/>\n\t<meta name=\"twitter:data2\" content=\"1 minuto\" \/>\n<script type=\"application\/ld+json\" class=\"yoast-schema-graph\">{\"@context\":\"https:\/\/schema.org\",\"@graph\":[{\"@type\":\"Article\",\"@id\":\"https:\/\/nitu.mx\/index.php\/2024\/07\/22\/aeromexico-refuerza-rutas-a-eu-con-boeing-737-max-8\/#article\",\"isPartOf\":{\"@id\":\"https:\/\/nitu.mx\/index.php\/2024\/07\/22\/aeromexico-refuerza-rutas-a-eu-con-boeing-737-max-8\/\"},\"author\":{\"name\":\"Alejandra Moncisbays\",\"@id\":\"https:\/\/nitu.mx\/#\/schema\/person\/2ecd887b19dfd3382d1f14fc5acf24a8\"},\"headline\":\"Aerom\u00e9xico refuerza rutas a EU con Boeing 737 MAX 8\",\"datePublished\":\"2024-07-22T08:10:42+00:00\",\"dateModified\":\"2024-07-22T08:10:43+00:00\",\"mainEntityOfPage\":{\"@id\":\"https:\/\/nitu.mx\/index.php\/2024\/07\/22\/aeromexico-refuerza-rutas-a-eu-con-boeing-737-max-8\/\"},\"wordCount\":258,\"commentCount\":0,\"publisher\":{\"@id\":\"https:\/\/nitu.mx\/#\/schema\/person\/ae7a53426417292d3dd07b45a33e01bc\"},\"image\":{\"@id\":\"https:\/\/nitu.mx\/index.php\/2024\/07\/22\/aeromexico-refuerza-rutas-a-eu-con-boeing-737-max-8\/#primaryimage\"},\"thumbnailUrl\":\"https:\/\/nitu.mx\/wp-content\/uploads\/2020\/10\/Aeromexico-Cancun-Tijuana.jpg\",\"keywords\":[\"aerol\u00edneas\",\"Aerom\u00e9xico\",\"EU\",\"rutas\"],\"articleSection\":[\"Aerol\u00edneas\"],\"inLanguage\":\"es-MX\",\"potentialAction\":[{\"@type\":\"CommentAction\",\"name\":\"Comment\",\"target\":[\"https:\/\/nitu.mx\/index.php\/2024\/07\/22\/aeromexico-refuerza-rutas-a-eu-con-boeing-737-max-8\/#respond\"]}]},{\"@type\":\"WebPage\",\"@id\":\"https:\/\/nitu.mx\/index.php\/2024\/07\/22\/aeromexico-refuerza-rutas-a-eu-con-boeing-737-max-8\/\",\"url\":\"https:\/\/nitu.mx\/index.php\/2024\/07\/22\/aeromexico-refuerza-rutas-a-eu-con-boeing-737-max-8\/\",\"name\":\"Aerom\u00e9xico refuerza rutas a EU con Boeing 737 MAX 8 - Nitu - Noticias de la Industria Turistica\",\"isPartOf\":{\"@id\":\"https:\/\/nitu.mx\/#website\"},\"primaryImageOfPage\":{\"@id\":\"https:\/\/nitu.mx\/index.php\/2024\/07\/22\/aeromexico-refuerza-rutas-a-eu-con-boeing-737-max-8\/#primaryimage\"},\"image\":{\"@id\":\"https:\/\/nitu.mx\/index.php\/2024\/07\/22\/aeromexico-refuerza-rutas-a-eu-con-boeing-737-max-8\/#primaryimage\"},\"thumbnailUrl\":\"https:\/\/nitu.mx\/wp-content\/uploads\/2020\/10\/Aeromexico-Cancun-Tijuana.jpg\",\"datePublished\":\"2024-07-22T08:10:42+00:00\",\"dateModified\":\"2024-07-22T08:10:43+00:00\",\"breadcrumb\":{\"@id\":\"https:\/\/nitu.mx\/index.php\/2024\/07\/22\/aeromexico-refuerza-rutas-a-eu-con-boeing-737-max-8\/#breadcrumb\"},\"inLanguage\":\"es-MX\",\"potentialAction\":[{\"@type\":\"ReadAction\",\"target\":[\"https:\/\/nitu.mx\/index.php\/2024\/07\/22\/aeromexico-refuerza-rutas-a-eu-con-boeing-737-max-8\/\"]}]},{\"@type\":\"ImageObject\",\"inLanguage\":\"es-MX\",\"@id\":\"https:\/\/nitu.mx\/index.php\/2024\/07\/22\/aeromexico-refuerza-rutas-a-eu-con-boeing-737-max-8\/#primaryimage\",\"url\":\"https:\/\/nitu.mx\/wp-content\/uploads\/2020\/10\/Aeromexico-Cancun-Tijuana.jpg\",\"contentUrl\":\"https:\/\/nitu.mx\/wp-content\/uploads\/2020\/10\/Aeromexico-Cancun-Tijuana.jpg\",\"width\":1200,\"height\":675,\"caption\":\"Aerom\u00e9xico\"},{\"@type\":\"BreadcrumbList\",\"@id\":\"https:\/\/nitu.mx\/index.php\/2024\/07\/22\/aeromexico-refuerza-rutas-a-eu-con-boeing-737-max-8\/#breadcrumb\",\"itemListElement\":[{\"@type\":\"ListItem\",\"position\":1,\"name\":\"Inicio\",\"item\":\"https:\/\/nitu.mx\/\"},{\"@type\":\"ListItem\",\"position\":2,\"name\":\"Aerom\u00e9xico refuerza rutas a EU con Boeing 737 MAX 8\"}]},{\"@type\":\"WebSite\",\"@id\":\"https:\/\/nitu.mx\/#website\",\"url\":\"https:\/\/nitu.mx\/\",\"name\":\"Nitu - Noticias de la Industria Turistica\",\"description\":\"Noticias de la Industria Turistica\",\"publisher\":{\"@id\":\"https:\/\/nitu.mx\/#\/schema\/person\/ae7a53426417292d3dd07b45a33e01bc\"},\"alternateName\":\"Noticias de la Industria Turistica\",\"potentialAction\":[{\"@type\":\"SearchAction\",\"target\":{\"@type\":\"EntryPoint\",\"urlTemplate\":\"https:\/\/nitu.mx\/?s={search_term_string}\"},\"query-input\":\"required name=search_term_string\"}],\"inLanguage\":\"es-MX\"},{\"@type\":[\"Person\",\"Organization\"],\"@id\":\"https:\/\/nitu.mx\/#\/schema\/person\/ae7a53426417292d3dd07b45a33e01bc\",\"name\":\"Arturo Medina\",\"image\":{\"@type\":\"ImageObject\",\"inLanguage\":\"es-MX\",\"@id\":\"https:\/\/nitu.mx\/#\/schema\/person\/image\/\",\"url\":\"https:\/\/nitu.mx\/wp-content\/uploads\/2024\/04\/4A315622-1904-4D5C-B022-878CDC840E04-90x90-1.jpeg\",\"contentUrl\":\"https:\/\/nitu.mx\/wp-content\/uploads\/2024\/04\/4A315622-1904-4D5C-B022-878CDC840E04-90x90-1.jpeg\",\"width\":90,\"height\":90,\"caption\":\"Arturo Medina\"},\"logo\":{\"@id\":\"https:\/\/nitu.mx\/#\/schema\/person\/image\/\"},\"description\":\"Director NITU.mx, Egresado de la Escuela de Periodismo Carlos Septi\u00e9n Garc\u00eda. Periodista y analista especializado en turismo desde hace 35 a\u00f1os, radicado en Canc\u00fan Q.Roo. arturo@nitu.mx\",\"sameAs\":[\"https:\/\/nitu.mx\",\"https:\/\/www.facebook.com\/NITUmx\/\",\"medinacancun\",\"https:\/\/twitter.com\/@Arturo_Medina_G\"]},{\"@type\":\"Person\",\"@id\":\"https:\/\/nitu.mx\/#\/schema\/person\/2ecd887b19dfd3382d1f14fc5acf24a8\",\"name\":\"Alejandra Moncisbays\",\"image\":{\"@type\":\"ImageObject\",\"inLanguage\":\"es-MX\",\"@id\":\"https:\/\/nitu.mx\/#\/schema\/person\/image\/\",\"url\":\"https:\/\/secure.gravatar.com\/avatar\/e74f7af0be172b7804dacfd0bfbef787?s=96&d=mm&r=g\",\"contentUrl\":\"https:\/\/secure.gravatar.com\/avatar\/e74f7af0be172b7804dacfd0bfbef787?s=96&d=mm&r=g\",\"caption\":\"Alejandra Moncisbays\"},\"description\":\"Curs\u00e9 la carrera de Periodismo y Comunicaci\u00f3n en la Facultad de Estudios Profesionales Acatl\u00e1n. Vivo en Canc\u00fan desde hace 24 a\u00f1os. Fui reportera de La Tarde de Canc\u00fan, y Novedades de Quintana Roo, colabor\u00e9 en TVCUN, edit\u00e9 Cancun\u00edssimo y colabor\u00e9 en las revistas Latitud21, entre otras, con principal enfoque en los sectores empresarial y tur\u00edstico. Desde hace varios a\u00f1os soy Agente de Seguros con c\u00e9dula de la Comisi\u00f3n Nacional de Seguros y Fianzas. Actualmente, me desarrollo en los \u00e1mbitos del periodismo y el sector asegurador.\",\"sameAs\":[\"https:\/\/nitu.mx\"],\"url\":\"https:\/\/nitu.mx\/index.php\/author\/alejandra\/\"}]}<\/script>\n<!-- \/ Yoast SEO plugin. -->","yoast_head_json":{"title":"Aerom\u00e9xico refuerza rutas a EU con Boeing 737 MAX 8 - Nitu - Noticias de la Industria Turistica","robots":{"index":"index","follow":"follow","max-snippet":"max-snippet:-1","max-image-preview":"max-image-preview:large","max-video-preview":"max-video-preview:-1"},"canonical":"https:\/\/nitu.mx\/index.php\/2024\/07\/22\/aeromexico-refuerza-rutas-a-eu-con-boeing-737-max-8\/","twitter_card":"summary_large_image","twitter_title":"Aerom\u00e9xico refuerza rutas a EU con Boeing 737 MAX 8 - Nitu - Noticias de la Industria Turistica","twitter_description":"Aerom\u00e9xico aumentar\u00e1 la capacidad de asientos en sus vuelos a Dallas\/Fort Worth, Tampa y Washington\/Dulles a partir del 27 de octubre de 2024, reemplazando los Embraer 190 con Boeing 737 MAX 8. Con una capacidad de 166 pasajeros, estos aviones incrementar\u00e1n la oferta semanal en un 67%, alcanzando 2,324 asientos en total. Las tres rutas [&hellip;]","twitter_image":"https:\/\/nitu.mx\/wp-content\/uploads\/2020\/10\/Aeromexico-Cancun-Tijuana.jpg","twitter_creator":"@NITUmx","twitter_site":"@Arturo_Medina_G","twitter_misc":{"Escrito por":"Alejandra Moncisbays","Tiempo de lectura":"1 minuto"},"schema":{"@context":"https:\/\/schema.org","@graph":[{"@type":"Article","@id":"https:\/\/nitu.mx\/index.php\/2024\/07\/22\/aeromexico-refuerza-rutas-a-eu-con-boeing-737-max-8\/#article","isPartOf":{"@id":"https:\/\/nitu.mx\/index.php\/2024\/07\/22\/aeromexico-refuerza-rutas-a-eu-con-boeing-737-max-8\/"},"author":{"name":"Alejandra Moncisbays","@id":"https:\/\/nitu.mx\/#\/schema\/person\/2ecd887b19dfd3382d1f14fc5acf24a8"},"headline":"Aerom\u00e9xico refuerza rutas a EU con Boeing 737 MAX 8","datePublished":"2024-07-22T08:10:42+00:00","dateModified":"2024-07-22T08:10:43+00:00","mainEntityOfPage":{"@id":"https:\/\/nitu.mx\/index.php\/2024\/07\/22\/aeromexico-refuerza-rutas-a-eu-con-boeing-737-max-8\/"},"wordCount":258,"commentCount":0,"publisher":{"@id":"https:\/\/nitu.mx\/#\/schema\/person\/ae7a53426417292d3dd07b45a33e01bc"},"image":{"@id":"https:\/\/nitu.mx\/index.php\/2024\/07\/22\/aeromexico-refuerza-rutas-a-eu-con-boeing-737-max-8\/#primaryimage"},"thumbnailUrl":"https:\/\/nitu.mx\/wp-content\/uploads\/2020\/10\/Aeromexico-Cancun-Tijuana.jpg","keywords":["aerol\u00edneas","Aerom\u00e9xico","EU","rutas"],"articleSection":["Aerol\u00edneas"],"inLanguage":"es-MX","potentialAction":[{"@type":"CommentAction","name":"Comment","target":["https:\/\/nitu.mx\/index.php\/2024\/07\/22\/aeromexico-refuerza-rutas-a-eu-con-boeing-737-max-8\/#respond"]}]},{"@type":"WebPage","@id":"https:\/\/nitu.mx\/index.php\/2024\/07\/22\/aeromexico-refuerza-rutas-a-eu-con-boeing-737-max-8\/","url":"https:\/\/nitu.mx\/index.php\/2024\/07\/22\/aeromexico-refuerza-rutas-a-eu-con-boeing-737-max-8\/","name":"Aerom\u00e9xico refuerza rutas a EU con Boeing 737 MAX 8 - Nitu - Noticias de la Industria Turistica","isPartOf":{"@id":"https:\/\/nitu.mx\/#website"},"primaryImageOfPage":{"@id":"https:\/\/nitu.mx\/index.php\/2024\/07\/22\/aeromexico-refuerza-rutas-a-eu-con-boeing-737-max-8\/#primaryimage"},"image":{"@id":"https:\/\/nitu.mx\/index.php\/2024\/07\/22\/aeromexico-refuerza-rutas-a-eu-con-boeing-737-max-8\/#primaryimage"},"thumbnailUrl":"https:\/\/nitu.mx\/wp-content\/uploads\/2020\/10\/Aeromexico-Cancun-Tijuana.jpg","datePublished":"2024-07-22T08:10:42+00:00","dateModified":"2024-07-22T08:10:43+00:00","breadcrumb":{"@id":"https:\/\/nitu.mx\/index.php\/2024\/07\/22\/aeromexico-refuerza-rutas-a-eu-con-boeing-737-max-8\/#breadcrumb"},"inLanguage":"es-MX","potentialAction":[{"@type":"ReadAction","target":["https:\/\/nitu.mx\/index.php\/2024\/07\/22\/aeromexico-refuerza-rutas-a-eu-con-boeing-737-max-8\/"]}]},{"@type":"ImageObject","inLanguage":"es-MX","@id":"https:\/\/nitu.mx\/index.php\/2024\/07\/22\/aeromexico-refuerza-rutas-a-eu-con-boeing-737-max-8\/#primaryimage","url":"https:\/\/nitu.mx\/wp-content\/uploads\/2020\/10\/Aeromexico-Cancun-Tijuana.jpg","contentUrl":"https:\/\/nitu.mx\/wp-content\/uploads\/2020\/10\/Aeromexico-Cancun-Tijuana.jpg","width":1200,"height":675,"caption":"Aerom\u00e9xico"},{"@type":"BreadcrumbList","@id":"https:\/\/nitu.mx\/index.php\/2024\/07\/22\/aeromexico-refuerza-rutas-a-eu-con-boeing-737-max-8\/#breadcrumb","itemListElement":[{"@type":"ListItem","position":1,"name":"Inicio","item":"https:\/\/nitu.mx\/"},{"@type":"ListItem","position":2,"name":"Aerom\u00e9xico refuerza rutas a EU con Boeing 737 MAX 8"}]},{"@type":"WebSite","@id":"https:\/\/nitu.mx\/#website","url":"https:\/\/nitu.mx\/","name":"Nitu - Noticias de la Industria Turistica","description":"Noticias de la Industria Turistica","publisher":{"@id":"https:\/\/nitu.mx\/#\/schema\/person\/ae7a53426417292d3dd07b45a33e01bc"},"alternateName":"Noticias de la Industria Turistica","potentialAction":[{"@type":"SearchAction","target":{"@type":"EntryPoint","urlTemplate":"https:\/\/nitu.mx\/?s={search_term_string}"},"query-input":"required name=search_term_string"}],"inLanguage":"es-MX"},{"@type":["Person","Organization"],"@id":"https:\/\/nitu.mx\/#\/schema\/person\/ae7a53426417292d3dd07b45a33e01bc","name":"Arturo Medina","image":{"@type":"ImageObject","inLanguage":"es-MX","@id":"https:\/\/nitu.mx\/#\/schema\/person\/image\/","url":"https:\/\/nitu.mx\/wp-content\/uploads\/2024\/04\/4A315622-1904-4D5C-B022-878CDC840E04-90x90-1.jpeg","contentUrl":"https:\/\/nitu.mx\/wp-content\/uploads\/2024\/04\/4A315622-1904-4D5C-B022-878CDC840E04-90x90-1.jpeg","width":90,"height":90,"caption":"Arturo Medina"},"logo":{"@id":"https:\/\/nitu.mx\/#\/schema\/person\/image\/"},"description":"Director NITU.mx, Egresado de la Escuela de Periodismo Carlos Septi\u00e9n Garc\u00eda. Periodista y analista especializado en turismo desde hace 35 a\u00f1os, radicado en Canc\u00fan Q.Roo. arturo@nitu.mx","sameAs":["https:\/\/nitu.mx","https:\/\/www.facebook.com\/NITUmx\/","medinacancun","https:\/\/twitter.com\/@Arturo_Medina_G"]},{"@type":"Person","@id":"https:\/\/nitu.mx\/#\/schema\/person\/2ecd887b19dfd3382d1f14fc5acf24a8","name":"Alejandra Moncisbays","image":{"@type":"ImageObject","inLanguage":"es-MX","@id":"https:\/\/nitu.mx\/#\/schema\/person\/image\/","url":"https:\/\/secure.gravatar.com\/avatar\/e74f7af0be172b7804dacfd0bfbef787?s=96&d=mm&r=g","contentUrl":"https:\/\/secure.gravatar.com\/avatar\/e74f7af0be172b7804dacfd0bfbef787?s=96&d=mm&r=g","caption":"Alejandra Moncisbays"},"description":"Curs\u00e9 la carrera de Periodismo y Comunicaci\u00f3n en la Facultad de Estudios Profesionales Acatl\u00e1n. Vivo en Canc\u00fan desde hace 24 a\u00f1os. Fui reportera de La Tarde de Canc\u00fan, y Novedades de Quintana Roo, colabor\u00e9 en TVCUN, edit\u00e9 Cancun\u00edssimo y colabor\u00e9 en las revistas Latitud21, entre otras, con principal enfoque en los sectores empresarial y tur\u00edstico. Desde hace varios a\u00f1os soy Agente de Seguros con c\u00e9dula de la Comisi\u00f3n Nacional de Seguros y Fianzas. Actualmente, me desarrollo en los \u00e1mbitos del periodismo y el sector asegurador.","sameAs":["https:\/\/nitu.mx"],"url":"https:\/\/nitu.mx\/index.php\/author\/alejandra\/"}]}},"views":1140,"_links":{"self":[{"href":"https:\/\/nitu.mx\/index.php\/wp-json\/wp\/v2\/posts\/73300"}],"collection":[{"href":"https:\/\/nitu.mx\/index.php\/wp-json\/wp\/v2\/posts"}],"about":[{"href":"https:\/\/nitu.mx\/index.php\/wp-json\/wp\/v2\/types\/post"}],"author":[{"embeddable":true,"href":"https:\/\/nitu.mx\/index.php\/wp-json\/wp\/v2\/users\/3"}],"replies":[{"embeddable":true,"href":"https:\/\/nitu.mx\/index.php\/wp-json\/wp\/v2\/comments?post=73300"}],"version-history":[{"count":2,"href":"https:\/\/nitu.mx\/index.php\/wp-json\/wp\/v2\/posts\/73300\/revisions"}],"predecessor-version":[{"id":73317,"href":"https:\/\/nitu.mx\/index.php\/wp-json\/wp\/v2\/posts\/73300\/revisions\/73317"}],"wp:featuredmedia":[{"embeddable":true,"href":"https:\/\/nitu.mx\/index.php\/wp-json\/wp\/v2\/media\/46863"}],"wp:attachment":[{"href":"https:\/\/nitu.mx\/index.php\/wp-json\/wp\/v2\/media?parent=73300"}],"wp:term":[{"taxonomy":"category","embeddable":true,"href":"https:\/\/nitu.mx\/index.php\/wp-json\/wp\/v2\/categories?post=73300"},{"taxonomy":"post_tag","embeddable":true,"href":"https:\/\/nitu.mx\/index.php\/wp-json\/wp\/v2\/tags?post=73300"}],"curies":[{"name":"wp","href":"https:\/\/api.w.org\/{rel}","templated":true}]}}