{"id":7326,"date":"2017-02-26T23:34:14","date_gmt":"2017-02-27T04:34:14","guid":{"rendered":"http:\/\/www.dev.nitu.mx\/?p=7326"},"modified":"2017-02-27T00:48:57","modified_gmt":"2017-02-27T05:48:57","slug":"viajes-mexicanos-estados-unidos-baja-7-amav","status":"publish","type":"post","link":"https:\/\/nitu.mx\/index.php\/2017\/02\/26\/viajes-mexicanos-estados-unidos-baja-7-amav\/","title":{"rendered":"Viajes de mexicanos a Estados Unidos bajan 7%: AMAV"},"content":{"rendered":"<p>El presidente de la Asociaci\u00f3n Mexicana de Agencias de Viajes (AMAV), Julio C\u00e9sar Casta\u00f1eda Carri\u00f3n, destac\u00f3 que a nivel nacional, los viajes de mexicanos hacia los Estados Unidos, se redujeron siete por ciento, en comparaci\u00f3n con lo registrado en enero y febrero del a\u00f1o pasado.<\/p>\n<p>De acuerdo con el representante de los agentes de viajes, adem\u00e1s del encarecimiento del d\u00f3lar, el discurso xen\u00f3fobo del presidente Donald Trump, ha repercutido en el \u00e1nimo de los mexicanos por visitar el pa\u00eds del norte. \u201cLos viajeros han reducido sus viajes a Estados Unidos, y se han interesado en destinos como Canad\u00e1, Sudam\u00e9rica y Europa\u201d, coment\u00f3 Casta\u00f1eda.<\/p>\n<p>Factores como la eliminaci\u00f3n del requisito de la visa para Canad\u00e1, ha fortalecido el auge de viajeros hacia aquel pa\u00eds; mientras que la oferta de destinos en Sudam\u00e9rica ha crecido al ser m\u00e1s accesibles econ\u00f3micamente, y no depender del tipo de cambio con el d\u00f3lar. Por su parte, aunque Europa sigue siendo un destino costoso, sus precios no han variado significativamente, ya que el tipo de cambio entre el peso y el euro, han mantenido sus niveles.<\/p>\n<p>\u201cRealizar viajes de placer a Estados Unidos se est\u00e1 volviendo muy caro, as\u00ed como los viajes de compras, el cual se ha visto afectado, pues ya no resulta barato ir a hacer las compras a aquel pa\u00eds, pues es contraproducente\u201d, dijo el presidente de la AMAV.<\/p>\n<p>Aunado a eso, el discurso de odio y las restricciones impuestas por las autoridades estadounidenses, encabezadas por el presidente Trump, ha hecho que los viajeros mexicanos se desanimen por viajar hacia Estados Unidos, aunque hasta el momento, sigue siendo el segundo mercado m\u00e1s importante de aquel pa\u00eds, que le representa una derrama de 19 mil millones de d\u00f3lares anuales, como se ha informado en <em><strong>NITU.mx<\/strong><\/em>.\u00a0(<a title=\"Endurecen interrogatorios para entrar a Estados Unidos por era Trump\" href=\"http:\/\/www.dev.nitu.mx\/index.php\/2017\/02\/06\/endurecen-interrogatorios-para-entrar-a-estados-unidos-por-era-trump\/\" rel=\"bookmark\">Endurecen interrogatorios para entrar a Estados Unidos por era Trump<\/a>)<\/p>\n","protected":false},"excerpt":{"rendered":"<p>El presidente de la Asociaci\u00f3n Mexicana de Agencias de Viajes (AMAV), Julio C\u00e9sar Casta\u00f1eda Carri\u00f3n, destac\u00f3 que a nivel nacional, los viajes de mexicanos hacia los Estados Unidos, se redujeron siete por ciento, en comparaci\u00f3n con lo registrado en enero y febrero del a\u00f1o pasado. De acuerdo con el representante de los agentes de viajes, [&hellip;]<\/p>\n","protected":false},"author":5,"featured_media":7330,"comment_status":"open","ping_status":"open","sticky":false,"template":"","format":"standard","meta":{"footnotes":""},"categories":[3,6],"tags":[741,957,100,2973],"yoast_head":"<!-- This site is optimized with the Yoast SEO plugin v22.2 - https:\/\/yoast.com\/wordpress\/plugins\/seo\/ -->\n<title>Viajes de mexicanos a Estados Unidos bajan 7%: AMAV - Nitu - Noticias de la Industria Turistica<\/title>\n<meta name=\"description\" content=\"El presidente de la AMAV destac\u00f3 que a los viajes de mexicanos hacia los Estados Unidos, se redujeron siete por ciento, en comparaci\u00f3n con 2016.\" \/>\n<meta name=\"robots\" content=\"index, follow, max-snippet:-1, max-image-preview:large, max-video-preview:-1\" \/>\n<link rel=\"canonical\" href=\"https:\/\/nitu.mx\/index.php\/2017\/02\/26\/viajes-mexicanos-estados-unidos-baja-7-amav\/\" \/>\n<meta name=\"twitter:card\" content=\"summary_large_image\" \/>\n<meta name=\"twitter:title\" content=\"Viajes de mexicanos a Estados Unidos bajan 7%: AMAV - Nitu - Noticias de la Industria Turistica\" \/>\n<meta name=\"twitter:description\" content=\"El presidente de la AMAV destac\u00f3 que a los viajes de mexicanos hacia los Estados Unidos, se redujeron siete por ciento, en comparaci\u00f3n con 2016.\" \/>\n<meta name=\"twitter:image\" content=\"https:\/\/nitu.mx\/wp-content\/uploads\/2017\/02\/julio-amav.jpg\" \/>\n<meta name=\"twitter:creator\" content=\"@NITUmx\" \/>\n<meta name=\"twitter:site\" content=\"@Arturo_Medina_G\" \/>\n<meta name=\"twitter:label1\" content=\"Escrito por\" \/>\n\t<meta name=\"twitter:data1\" content=\"Mari Soto\" \/>\n\t<meta name=\"twitter:label2\" content=\"Tiempo de lectura\" \/>\n\t<meta name=\"twitter:data2\" content=\"2 minutos\" \/>\n<script type=\"application\/ld+json\" class=\"yoast-schema-graph\">{\"@context\":\"https:\/\/schema.org\",\"@graph\":[{\"@type\":\"Article\",\"@id\":\"https:\/\/nitu.mx\/index.php\/2017\/02\/26\/viajes-mexicanos-estados-unidos-baja-7-amav\/#article\",\"isPartOf\":{\"@id\":\"https:\/\/nitu.mx\/index.php\/2017\/02\/26\/viajes-mexicanos-estados-unidos-baja-7-amav\/\"},\"author\":{\"name\":\"Mari Soto\",\"@id\":\"https:\/\/nitu.mx\/#\/schema\/person\/afc52e313e27e660739556d421d3d6b4\"},\"headline\":\"Viajes de mexicanos a Estados Unidos bajan 7%: AMAV\",\"datePublished\":\"2017-02-27T04:34:14+00:00\",\"dateModified\":\"2017-02-27T05:48:57+00:00\",\"mainEntityOfPage\":{\"@id\":\"https:\/\/nitu.mx\/index.php\/2017\/02\/26\/viajes-mexicanos-estados-unidos-baja-7-amav\/\"},\"wordCount\":331,\"commentCount\":0,\"publisher\":{\"@id\":\"https:\/\/nitu.mx\/#\/schema\/person\/ae7a53426417292d3dd07b45a33e01bc\"},\"image\":{\"@id\":\"https:\/\/nitu.mx\/index.php\/2017\/02\/26\/viajes-mexicanos-estados-unidos-baja-7-amav\/#primaryimage\"},\"thumbnailUrl\":\"https:\/\/nitu.mx\/wp-content\/uploads\/2017\/02\/julio-amav.jpg\",\"keywords\":[\"Asociaci\u00f3n Mexicana de Agencias de Viajes (Amav)\",\"Donald Trump\",\"Estados Unidos\",\"Julio C\u00e9sar Casta\u00f1eda Carri\u00f3n\"],\"articleSection\":[\"Agencias de Viajes\",\"M\u00e9xico\"],\"inLanguage\":\"es-MX\",\"potentialAction\":[{\"@type\":\"CommentAction\",\"name\":\"Comment\",\"target\":[\"https:\/\/nitu.mx\/index.php\/2017\/02\/26\/viajes-mexicanos-estados-unidos-baja-7-amav\/#respond\"]}]},{\"@type\":\"WebPage\",\"@id\":\"https:\/\/nitu.mx\/index.php\/2017\/02\/26\/viajes-mexicanos-estados-unidos-baja-7-amav\/\",\"url\":\"https:\/\/nitu.mx\/index.php\/2017\/02\/26\/viajes-mexicanos-estados-unidos-baja-7-amav\/\",\"name\":\"Viajes de mexicanos a Estados Unidos bajan 7%: AMAV - Nitu - Noticias de la Industria Turistica\",\"isPartOf\":{\"@id\":\"https:\/\/nitu.mx\/#website\"},\"primaryImageOfPage\":{\"@id\":\"https:\/\/nitu.mx\/index.php\/2017\/02\/26\/viajes-mexicanos-estados-unidos-baja-7-amav\/#primaryimage\"},\"image\":{\"@id\":\"https:\/\/nitu.mx\/index.php\/2017\/02\/26\/viajes-mexicanos-estados-unidos-baja-7-amav\/#primaryimage\"},\"thumbnailUrl\":\"https:\/\/nitu.mx\/wp-content\/uploads\/2017\/02\/julio-amav.jpg\",\"datePublished\":\"2017-02-27T04:34:14+00:00\",\"dateModified\":\"2017-02-27T05:48:57+00:00\",\"description\":\"El presidente de la AMAV destac\u00f3 que a los viajes de mexicanos hacia los Estados Unidos, se redujeron siete por ciento, en comparaci\u00f3n con 2016.\",\"breadcrumb\":{\"@id\":\"https:\/\/nitu.mx\/index.php\/2017\/02\/26\/viajes-mexicanos-estados-unidos-baja-7-amav\/#breadcrumb\"},\"inLanguage\":\"es-MX\",\"potentialAction\":[{\"@type\":\"ReadAction\",\"target\":[\"https:\/\/nitu.mx\/index.php\/2017\/02\/26\/viajes-mexicanos-estados-unidos-baja-7-amav\/\"]}]},{\"@type\":\"ImageObject\",\"inLanguage\":\"es-MX\",\"@id\":\"https:\/\/nitu.mx\/index.php\/2017\/02\/26\/viajes-mexicanos-estados-unidos-baja-7-amav\/#primaryimage\",\"url\":\"https:\/\/nitu.mx\/wp-content\/uploads\/2017\/02\/julio-amav.jpg\",\"contentUrl\":\"https:\/\/nitu.mx\/wp-content\/uploads\/2017\/02\/julio-amav.jpg\",\"width\":850,\"height\":480,\"caption\":\"AMAV\"},{\"@type\":\"BreadcrumbList\",\"@id\":\"https:\/\/nitu.mx\/index.php\/2017\/02\/26\/viajes-mexicanos-estados-unidos-baja-7-amav\/#breadcrumb\",\"itemListElement\":[{\"@type\":\"ListItem\",\"position\":1,\"name\":\"Inicio\",\"item\":\"https:\/\/nitu.mx\/\"},{\"@type\":\"ListItem\",\"position\":2,\"name\":\"Viajes de mexicanos a Estados Unidos bajan 7%: AMAV\"}]},{\"@type\":\"WebSite\",\"@id\":\"https:\/\/nitu.mx\/#website\",\"url\":\"https:\/\/nitu.mx\/\",\"name\":\"Nitu - Noticias de la Industria Turistica\",\"description\":\"Noticias de la Industria Turistica\",\"publisher\":{\"@id\":\"https:\/\/nitu.mx\/#\/schema\/person\/ae7a53426417292d3dd07b45a33e01bc\"},\"alternateName\":\"Noticias de la Industria Turistica\",\"potentialAction\":[{\"@type\":\"SearchAction\",\"target\":{\"@type\":\"EntryPoint\",\"urlTemplate\":\"https:\/\/nitu.mx\/?s={search_term_string}\"},\"query-input\":\"required name=search_term_string\"}],\"inLanguage\":\"es-MX\"},{\"@type\":[\"Person\",\"Organization\"],\"@id\":\"https:\/\/nitu.mx\/#\/schema\/person\/ae7a53426417292d3dd07b45a33e01bc\",\"name\":\"Arturo Medina\",\"image\":{\"@type\":\"ImageObject\",\"inLanguage\":\"es-MX\",\"@id\":\"https:\/\/nitu.mx\/#\/schema\/person\/image\/\",\"url\":\"https:\/\/nitu.mx\/wp-content\/uploads\/2024\/04\/4A315622-1904-4D5C-B022-878CDC840E04-90x90-1.jpeg\",\"contentUrl\":\"https:\/\/nitu.mx\/wp-content\/uploads\/2024\/04\/4A315622-1904-4D5C-B022-878CDC840E04-90x90-1.jpeg\",\"width\":90,\"height\":90,\"caption\":\"Arturo Medina\"},\"logo\":{\"@id\":\"https:\/\/nitu.mx\/#\/schema\/person\/image\/\"},\"description\":\"Director NITU.mx, Egresado de la Escuela de Periodismo Carlos Septi\u00e9n Garc\u00eda. Periodista y analista especializado en turismo desde hace 35 a\u00f1os, radicado en Canc\u00fan Q.Roo. arturo@nitu.mx\",\"sameAs\":[\"https:\/\/nitu.mx\",\"https:\/\/www.facebook.com\/NITUmx\/\",\"medinacancun\",\"https:\/\/twitter.com\/@Arturo_Medina_G\"]},{\"@type\":\"Person\",\"@id\":\"https:\/\/nitu.mx\/#\/schema\/person\/afc52e313e27e660739556d421d3d6b4\",\"name\":\"Mari Soto\",\"image\":{\"@type\":\"ImageObject\",\"inLanguage\":\"es-MX\",\"@id\":\"https:\/\/nitu.mx\/#\/schema\/person\/image\/\",\"url\":\"https:\/\/secure.gravatar.com\/avatar\/2619c282a180a20d89fcaea82a6736e2?s=96&d=mm&r=g\",\"contentUrl\":\"https:\/\/secure.gravatar.com\/avatar\/2619c282a180a20d89fcaea82a6736e2?s=96&d=mm&r=g\",\"caption\":\"Mari Soto\"},\"sameAs\":[\"https:\/\/nitu.mx\"],\"url\":\"https:\/\/nitu.mx\/index.php\/author\/guadalupe\/\"}]}<\/script>\n<!-- \/ Yoast SEO plugin. -->","yoast_head_json":{"title":"Viajes de mexicanos a Estados Unidos bajan 7%: AMAV - Nitu - Noticias de la Industria Turistica","description":"El presidente de la AMAV destac\u00f3 que a los viajes de mexicanos hacia los Estados Unidos, se redujeron siete por ciento, en comparaci\u00f3n con 2016.","robots":{"index":"index","follow":"follow","max-snippet":"max-snippet:-1","max-image-preview":"max-image-preview:large","max-video-preview":"max-video-preview:-1"},"canonical":"https:\/\/nitu.mx\/index.php\/2017\/02\/26\/viajes-mexicanos-estados-unidos-baja-7-amav\/","twitter_card":"summary_large_image","twitter_title":"Viajes de mexicanos a Estados Unidos bajan 7%: AMAV - Nitu - Noticias de la Industria Turistica","twitter_description":"El presidente de la AMAV destac\u00f3 que a los viajes de mexicanos hacia los Estados Unidos, se redujeron siete por ciento, en comparaci\u00f3n con 2016.","twitter_image":"https:\/\/nitu.mx\/wp-content\/uploads\/2017\/02\/julio-amav.jpg","twitter_creator":"@NITUmx","twitter_site":"@Arturo_Medina_G","twitter_misc":{"Escrito por":"Mari Soto","Tiempo de lectura":"2 minutos"},"schema":{"@context":"https:\/\/schema.org","@graph":[{"@type":"Article","@id":"https:\/\/nitu.mx\/index.php\/2017\/02\/26\/viajes-mexicanos-estados-unidos-baja-7-amav\/#article","isPartOf":{"@id":"https:\/\/nitu.mx\/index.php\/2017\/02\/26\/viajes-mexicanos-estados-unidos-baja-7-amav\/"},"author":{"name":"Mari Soto","@id":"https:\/\/nitu.mx\/#\/schema\/person\/afc52e313e27e660739556d421d3d6b4"},"headline":"Viajes de mexicanos a Estados Unidos bajan 7%: AMAV","datePublished":"2017-02-27T04:34:14+00:00","dateModified":"2017-02-27T05:48:57+00:00","mainEntityOfPage":{"@id":"https:\/\/nitu.mx\/index.php\/2017\/02\/26\/viajes-mexicanos-estados-unidos-baja-7-amav\/"},"wordCount":331,"commentCount":0,"publisher":{"@id":"https:\/\/nitu.mx\/#\/schema\/person\/ae7a53426417292d3dd07b45a33e01bc"},"image":{"@id":"https:\/\/nitu.mx\/index.php\/2017\/02\/26\/viajes-mexicanos-estados-unidos-baja-7-amav\/#primaryimage"},"thumbnailUrl":"https:\/\/nitu.mx\/wp-content\/uploads\/2017\/02\/julio-amav.jpg","keywords":["Asociaci\u00f3n Mexicana de Agencias de Viajes (Amav)","Donald Trump","Estados Unidos","Julio C\u00e9sar Casta\u00f1eda Carri\u00f3n"],"articleSection":["Agencias de Viajes","M\u00e9xico"],"inLanguage":"es-MX","potentialAction":[{"@type":"CommentAction","name":"Comment","target":["https:\/\/nitu.mx\/index.php\/2017\/02\/26\/viajes-mexicanos-estados-unidos-baja-7-amav\/#respond"]}]},{"@type":"WebPage","@id":"https:\/\/nitu.mx\/index.php\/2017\/02\/26\/viajes-mexicanos-estados-unidos-baja-7-amav\/","url":"https:\/\/nitu.mx\/index.php\/2017\/02\/26\/viajes-mexicanos-estados-unidos-baja-7-amav\/","name":"Viajes de mexicanos a Estados Unidos bajan 7%: AMAV - Nitu - Noticias de la Industria Turistica","isPartOf":{"@id":"https:\/\/nitu.mx\/#website"},"primaryImageOfPage":{"@id":"https:\/\/nitu.mx\/index.php\/2017\/02\/26\/viajes-mexicanos-estados-unidos-baja-7-amav\/#primaryimage"},"image":{"@id":"https:\/\/nitu.mx\/index.php\/2017\/02\/26\/viajes-mexicanos-estados-unidos-baja-7-amav\/#primaryimage"},"thumbnailUrl":"https:\/\/nitu.mx\/wp-content\/uploads\/2017\/02\/julio-amav.jpg","datePublished":"2017-02-27T04:34:14+00:00","dateModified":"2017-02-27T05:48:57+00:00","description":"El presidente de la AMAV destac\u00f3 que a los viajes de mexicanos hacia los Estados Unidos, se redujeron siete por ciento, en comparaci\u00f3n con 2016.","breadcrumb":{"@id":"https:\/\/nitu.mx\/index.php\/2017\/02\/26\/viajes-mexicanos-estados-unidos-baja-7-amav\/#breadcrumb"},"inLanguage":"es-MX","potentialAction":[{"@type":"ReadAction","target":["https:\/\/nitu.mx\/index.php\/2017\/02\/26\/viajes-mexicanos-estados-unidos-baja-7-amav\/"]}]},{"@type":"ImageObject","inLanguage":"es-MX","@id":"https:\/\/nitu.mx\/index.php\/2017\/02\/26\/viajes-mexicanos-estados-unidos-baja-7-amav\/#primaryimage","url":"https:\/\/nitu.mx\/wp-content\/uploads\/2017\/02\/julio-amav.jpg","contentUrl":"https:\/\/nitu.mx\/wp-content\/uploads\/2017\/02\/julio-amav.jpg","width":850,"height":480,"caption":"AMAV"},{"@type":"BreadcrumbList","@id":"https:\/\/nitu.mx\/index.php\/2017\/02\/26\/viajes-mexicanos-estados-unidos-baja-7-amav\/#breadcrumb","itemListElement":[{"@type":"ListItem","position":1,"name":"Inicio","item":"https:\/\/nitu.mx\/"},{"@type":"ListItem","position":2,"name":"Viajes de mexicanos a Estados Unidos bajan 7%: AMAV"}]},{"@type":"WebSite","@id":"https:\/\/nitu.mx\/#website","url":"https:\/\/nitu.mx\/","name":"Nitu - Noticias de la Industria Turistica","description":"Noticias de la Industria Turistica","publisher":{"@id":"https:\/\/nitu.mx\/#\/schema\/person\/ae7a53426417292d3dd07b45a33e01bc"},"alternateName":"Noticias de la Industria Turistica","potentialAction":[{"@type":"SearchAction","target":{"@type":"EntryPoint","urlTemplate":"https:\/\/nitu.mx\/?s={search_term_string}"},"query-input":"required name=search_term_string"}],"inLanguage":"es-MX"},{"@type":["Person","Organization"],"@id":"https:\/\/nitu.mx\/#\/schema\/person\/ae7a53426417292d3dd07b45a33e01bc","name":"Arturo Medina","image":{"@type":"ImageObject","inLanguage":"es-MX","@id":"https:\/\/nitu.mx\/#\/schema\/person\/image\/","url":"https:\/\/nitu.mx\/wp-content\/uploads\/2024\/04\/4A315622-1904-4D5C-B022-878CDC840E04-90x90-1.jpeg","contentUrl":"https:\/\/nitu.mx\/wp-content\/uploads\/2024\/04\/4A315622-1904-4D5C-B022-878CDC840E04-90x90-1.jpeg","width":90,"height":90,"caption":"Arturo Medina"},"logo":{"@id":"https:\/\/nitu.mx\/#\/schema\/person\/image\/"},"description":"Director NITU.mx, Egresado de la Escuela de Periodismo Carlos Septi\u00e9n Garc\u00eda. Periodista y analista especializado en turismo desde hace 35 a\u00f1os, radicado en Canc\u00fan Q.Roo. arturo@nitu.mx","sameAs":["https:\/\/nitu.mx","https:\/\/www.facebook.com\/NITUmx\/","medinacancun","https:\/\/twitter.com\/@Arturo_Medina_G"]},{"@type":"Person","@id":"https:\/\/nitu.mx\/#\/schema\/person\/afc52e313e27e660739556d421d3d6b4","name":"Mari Soto","image":{"@type":"ImageObject","inLanguage":"es-MX","@id":"https:\/\/nitu.mx\/#\/schema\/person\/image\/","url":"https:\/\/secure.gravatar.com\/avatar\/2619c282a180a20d89fcaea82a6736e2?s=96&d=mm&r=g","contentUrl":"https:\/\/secure.gravatar.com\/avatar\/2619c282a180a20d89fcaea82a6736e2?s=96&d=mm&r=g","caption":"Mari Soto"},"sameAs":["https:\/\/nitu.mx"],"url":"https:\/\/nitu.mx\/index.php\/author\/guadalupe\/"}]}},"views":315,"_links":{"self":[{"href":"https:\/\/nitu.mx\/index.php\/wp-json\/wp\/v2\/posts\/7326"}],"collection":[{"href":"https:\/\/nitu.mx\/index.php\/wp-json\/wp\/v2\/posts"}],"about":[{"href":"https:\/\/nitu.mx\/index.php\/wp-json\/wp\/v2\/types\/post"}],"author":[{"embeddable":true,"href":"https:\/\/nitu.mx\/index.php\/wp-json\/wp\/v2\/users\/5"}],"replies":[{"embeddable":true,"href":"https:\/\/nitu.mx\/index.php\/wp-json\/wp\/v2\/comments?post=7326"}],"version-history":[{"count":2,"href":"https:\/\/nitu.mx\/index.php\/wp-json\/wp\/v2\/posts\/7326\/revisions"}],"predecessor-version":[{"id":7348,"href":"https:\/\/nitu.mx\/index.php\/wp-json\/wp\/v2\/posts\/7326\/revisions\/7348"}],"wp:featuredmedia":[{"embeddable":true,"href":"https:\/\/nitu.mx\/index.php\/wp-json\/wp\/v2\/media\/7330"}],"wp:attachment":[{"href":"https:\/\/nitu.mx\/index.php\/wp-json\/wp\/v2\/media?parent=7326"}],"wp:term":[{"taxonomy":"category","embeddable":true,"href":"https:\/\/nitu.mx\/index.php\/wp-json\/wp\/v2\/categories?post=7326"},{"taxonomy":"post_tag","embeddable":true,"href":"https:\/\/nitu.mx\/index.php\/wp-json\/wp\/v2\/tags?post=7326"}],"curies":[{"name":"wp","href":"https:\/\/api.w.org\/{rel}","templated":true}]}}