{"id":73227,"date":"2024-07-19T00:33:45","date_gmt":"2024-07-19T06:33:45","guid":{"rendered":"https:\/\/nitu.mx\/?p=73227"},"modified":"2024-07-19T05:51:42","modified_gmt":"2024-07-19T11:51:42","slug":"volaris-recibe-un-nuevo-airbus-a321neo-desde-hamburgo","status":"publish","type":"post","link":"https:\/\/nitu.mx\/index.php\/2024\/07\/19\/volaris-recibe-un-nuevo-airbus-a321neo-desde-hamburgo\/","title":{"rendered":"Volaris recibe un nuevo Airbus A321neo desde Hamburgo"},"content":{"rendered":"<p>Volaris, dirigida por Enrique Beltranena, recibi\u00f3 a finales de junio de 2024 su avi\u00f3n n\u00famero 136, matr\u00edcula XA-VUL. Este Airbus A321neo, con capacidad para 239 pasajeros, fue entregado en la planta de Hamburgo, Alemania.<\/p>\n<p>\u2022 Entregas: Durante el segundo trimestre de 2024, Volaris recibi\u00f3 dos nuevos aviones (XA-VUK y XA-VUL).<br \/>\n\u2022 Flota total: Grupo Volaris suma 136 aviones de la familia A320.<br \/>\n\u2022 Futuras entregas: Se esperan m\u00e1s aviones en los pr\u00f3ximos meses.<\/p>\n<p>Operaciones Nacionales<br \/>\nEste nuevo avi\u00f3n fortalecer\u00e1 la presencia de Volaris en destinos nacionales. Inicialmente, estar\u00e1 basado en el Aeropuerto Internacional de Tijuana (TIJ) y cubrir\u00e1 rutas hacia Canc\u00fan (CUN), Mazatl\u00e1n (MZT), Guanajuato (BJX), y Los Cabos (SJD), adem\u00e1s de la ruta Canc\u00fan \u2013 Monterrey. Actualmente, Volaris opera m\u00e1s de 203 rutas.<br \/>\nCompromiso con la Modernizaci\u00f3n<\/p>\n<p>Volaris espera la llegada de m\u00e1s aviones de la familia Airbus A320 Family en los pr\u00f3ximos a\u00f1os. Algunos de estos aviones reemplazar\u00e1n a los equipos m\u00e1s antiguos, mientras que otros se sumar\u00e1n a la flota existente.<\/p>\n<p>Enrique Beltranena, Presidente y Director General de Volaris, coment\u00f3 sobre la llegada del nuevo avi\u00f3n: &#8220;Iniciamos el segundo semestre del a\u00f1o con un nuevo avi\u00f3n, el 136, que contin\u00faa consolidando una de las flotas m\u00e1s modernas de la regi\u00f3n, y mantiene nuestro compromiso de ofrecer m\u00e1s y mejores opciones de conectividad con una mayor oferta de asientos.&#8221;<\/p>\n","protected":false},"excerpt":{"rendered":"<p>Volaris, dirigida por Enrique Beltranena, recibi\u00f3 a finales de junio de 2024 su avi\u00f3n n\u00famero 136, matr\u00edcula XA-VUL. Este Airbus A321neo, con capacidad para 239 pasajeros, fue entregado en la planta de Hamburgo, Alemania. \u2022 Entregas: Durante el segundo trimestre de 2024, Volaris recibi\u00f3 dos nuevos aviones (XA-VUK y XA-VUL). \u2022 Flota total: Grupo Volaris [&hellip;]<\/p>\n","protected":false},"author":3,"featured_media":73243,"comment_status":"open","ping_status":"open","sticky":false,"template":"","format":"standard","meta":{"footnotes":""},"categories":[29],"tags":[7838,9212,131],"yoast_head":"<!-- This site is optimized with the Yoast SEO plugin v22.2 - https:\/\/yoast.com\/wordpress\/plugins\/seo\/ -->\n<title>Volaris recibe un nuevo Airbus A321neo desde Hamburgo - Nitu - Noticias de la Industria Turistica<\/title>\n<meta name=\"robots\" content=\"index, follow, max-snippet:-1, max-image-preview:large, max-video-preview:-1\" \/>\n<link rel=\"canonical\" href=\"https:\/\/nitu.mx\/index.php\/2024\/07\/19\/volaris-recibe-un-nuevo-airbus-a321neo-desde-hamburgo\/\" \/>\n<meta name=\"twitter:card\" content=\"summary_large_image\" \/>\n<meta name=\"twitter:title\" content=\"Volaris recibe un nuevo Airbus A321neo desde Hamburgo - Nitu - Noticias de la Industria Turistica\" \/>\n<meta name=\"twitter:description\" content=\"Volaris, dirigida por Enrique Beltranena, recibi\u00f3 a finales de junio de 2024 su avi\u00f3n n\u00famero 136, matr\u00edcula XA-VUL. Este Airbus A321neo, con capacidad para 239 pasajeros, fue entregado en la planta de Hamburgo, Alemania. \u2022 Entregas: Durante el segundo trimestre de 2024, Volaris recibi\u00f3 dos nuevos aviones (XA-VUK y XA-VUL). \u2022 Flota total: Grupo Volaris [&hellip;]\" \/>\n<meta name=\"twitter:image\" content=\"https:\/\/nitu.mx\/wp-content\/uploads\/2024\/07\/VOLARIS-A321-NEO.jpg\" \/>\n<meta name=\"twitter:creator\" content=\"@NITUmx\" \/>\n<meta name=\"twitter:site\" content=\"@Arturo_Medina_G\" \/>\n<meta name=\"twitter:label1\" content=\"Escrito por\" \/>\n\t<meta name=\"twitter:data1\" content=\"Alejandra Moncisbays\" \/>\n\t<meta name=\"twitter:label2\" content=\"Tiempo de lectura\" \/>\n\t<meta name=\"twitter:data2\" content=\"1 minuto\" \/>\n<script type=\"application\/ld+json\" class=\"yoast-schema-graph\">{\"@context\":\"https:\/\/schema.org\",\"@graph\":[{\"@type\":\"Article\",\"@id\":\"https:\/\/nitu.mx\/index.php\/2024\/07\/19\/volaris-recibe-un-nuevo-airbus-a321neo-desde-hamburgo\/#article\",\"isPartOf\":{\"@id\":\"https:\/\/nitu.mx\/index.php\/2024\/07\/19\/volaris-recibe-un-nuevo-airbus-a321neo-desde-hamburgo\/\"},\"author\":{\"name\":\"Alejandra Moncisbays\",\"@id\":\"https:\/\/nitu.mx\/#\/schema\/person\/2ecd887b19dfd3382d1f14fc5acf24a8\"},\"headline\":\"Volaris recibe un nuevo Airbus A321neo desde Hamburgo\",\"datePublished\":\"2024-07-19T06:33:45+00:00\",\"dateModified\":\"2024-07-19T11:51:42+00:00\",\"mainEntityOfPage\":{\"@id\":\"https:\/\/nitu.mx\/index.php\/2024\/07\/19\/volaris-recibe-un-nuevo-airbus-a321neo-desde-hamburgo\/\"},\"wordCount\":245,\"commentCount\":0,\"publisher\":{\"@id\":\"https:\/\/nitu.mx\/#\/schema\/person\/ae7a53426417292d3dd07b45a33e01bc\"},\"image\":{\"@id\":\"https:\/\/nitu.mx\/index.php\/2024\/07\/19\/volaris-recibe-un-nuevo-airbus-a321neo-desde-hamburgo\/#primaryimage\"},\"thumbnailUrl\":\"https:\/\/nitu.mx\/wp-content\/uploads\/2024\/07\/VOLARIS-A321-NEO.jpg\",\"keywords\":[\"Airbus A321neo\",\"Hamburgo\",\"Volaris\"],\"articleSection\":[\"Aerol\u00edneas\"],\"inLanguage\":\"es-MX\",\"potentialAction\":[{\"@type\":\"CommentAction\",\"name\":\"Comment\",\"target\":[\"https:\/\/nitu.mx\/index.php\/2024\/07\/19\/volaris-recibe-un-nuevo-airbus-a321neo-desde-hamburgo\/#respond\"]}]},{\"@type\":\"WebPage\",\"@id\":\"https:\/\/nitu.mx\/index.php\/2024\/07\/19\/volaris-recibe-un-nuevo-airbus-a321neo-desde-hamburgo\/\",\"url\":\"https:\/\/nitu.mx\/index.php\/2024\/07\/19\/volaris-recibe-un-nuevo-airbus-a321neo-desde-hamburgo\/\",\"name\":\"Volaris recibe un nuevo Airbus A321neo desde Hamburgo - Nitu - Noticias de la Industria Turistica\",\"isPartOf\":{\"@id\":\"https:\/\/nitu.mx\/#website\"},\"primaryImageOfPage\":{\"@id\":\"https:\/\/nitu.mx\/index.php\/2024\/07\/19\/volaris-recibe-un-nuevo-airbus-a321neo-desde-hamburgo\/#primaryimage\"},\"image\":{\"@id\":\"https:\/\/nitu.mx\/index.php\/2024\/07\/19\/volaris-recibe-un-nuevo-airbus-a321neo-desde-hamburgo\/#primaryimage\"},\"thumbnailUrl\":\"https:\/\/nitu.mx\/wp-content\/uploads\/2024\/07\/VOLARIS-A321-NEO.jpg\",\"datePublished\":\"2024-07-19T06:33:45+00:00\",\"dateModified\":\"2024-07-19T11:51:42+00:00\",\"breadcrumb\":{\"@id\":\"https:\/\/nitu.mx\/index.php\/2024\/07\/19\/volaris-recibe-un-nuevo-airbus-a321neo-desde-hamburgo\/#breadcrumb\"},\"inLanguage\":\"es-MX\",\"potentialAction\":[{\"@type\":\"ReadAction\",\"target\":[\"https:\/\/nitu.mx\/index.php\/2024\/07\/19\/volaris-recibe-un-nuevo-airbus-a321neo-desde-hamburgo\/\"]}]},{\"@type\":\"ImageObject\",\"inLanguage\":\"es-MX\",\"@id\":\"https:\/\/nitu.mx\/index.php\/2024\/07\/19\/volaris-recibe-un-nuevo-airbus-a321neo-desde-hamburgo\/#primaryimage\",\"url\":\"https:\/\/nitu.mx\/wp-content\/uploads\/2024\/07\/VOLARIS-A321-NEO.jpg\",\"contentUrl\":\"https:\/\/nitu.mx\/wp-content\/uploads\/2024\/07\/VOLARIS-A321-NEO.jpg\",\"width\":1200,\"height\":675,\"caption\":\"VOLARIS A321 NEO\"},{\"@type\":\"BreadcrumbList\",\"@id\":\"https:\/\/nitu.mx\/index.php\/2024\/07\/19\/volaris-recibe-un-nuevo-airbus-a321neo-desde-hamburgo\/#breadcrumb\",\"itemListElement\":[{\"@type\":\"ListItem\",\"position\":1,\"name\":\"Inicio\",\"item\":\"https:\/\/nitu.mx\/\"},{\"@type\":\"ListItem\",\"position\":2,\"name\":\"Volaris recibe un nuevo Airbus A321neo desde Hamburgo\"}]},{\"@type\":\"WebSite\",\"@id\":\"https:\/\/nitu.mx\/#website\",\"url\":\"https:\/\/nitu.mx\/\",\"name\":\"Nitu - Noticias de la Industria Turistica\",\"description\":\"Noticias de la Industria Turistica\",\"publisher\":{\"@id\":\"https:\/\/nitu.mx\/#\/schema\/person\/ae7a53426417292d3dd07b45a33e01bc\"},\"alternateName\":\"Noticias de la Industria Turistica\",\"potentialAction\":[{\"@type\":\"SearchAction\",\"target\":{\"@type\":\"EntryPoint\",\"urlTemplate\":\"https:\/\/nitu.mx\/?s={search_term_string}\"},\"query-input\":\"required name=search_term_string\"}],\"inLanguage\":\"es-MX\"},{\"@type\":[\"Person\",\"Organization\"],\"@id\":\"https:\/\/nitu.mx\/#\/schema\/person\/ae7a53426417292d3dd07b45a33e01bc\",\"name\":\"Arturo Medina\",\"image\":{\"@type\":\"ImageObject\",\"inLanguage\":\"es-MX\",\"@id\":\"https:\/\/nitu.mx\/#\/schema\/person\/image\/\",\"url\":\"https:\/\/nitu.mx\/wp-content\/uploads\/2024\/04\/4A315622-1904-4D5C-B022-878CDC840E04-90x90-1.jpeg\",\"contentUrl\":\"https:\/\/nitu.mx\/wp-content\/uploads\/2024\/04\/4A315622-1904-4D5C-B022-878CDC840E04-90x90-1.jpeg\",\"width\":90,\"height\":90,\"caption\":\"Arturo Medina\"},\"logo\":{\"@id\":\"https:\/\/nitu.mx\/#\/schema\/person\/image\/\"},\"description\":\"Director NITU.mx, Egresado de la Escuela de Periodismo Carlos Septi\u00e9n Garc\u00eda. Periodista y analista especializado en turismo desde hace 35 a\u00f1os, radicado en Canc\u00fan Q.Roo. arturo@nitu.mx\",\"sameAs\":[\"https:\/\/nitu.mx\",\"https:\/\/www.facebook.com\/NITUmx\/\",\"medinacancun\",\"https:\/\/twitter.com\/@Arturo_Medina_G\"]},{\"@type\":\"Person\",\"@id\":\"https:\/\/nitu.mx\/#\/schema\/person\/2ecd887b19dfd3382d1f14fc5acf24a8\",\"name\":\"Alejandra Moncisbays\",\"image\":{\"@type\":\"ImageObject\",\"inLanguage\":\"es-MX\",\"@id\":\"https:\/\/nitu.mx\/#\/schema\/person\/image\/\",\"url\":\"https:\/\/secure.gravatar.com\/avatar\/e74f7af0be172b7804dacfd0bfbef787?s=96&d=mm&r=g\",\"contentUrl\":\"https:\/\/secure.gravatar.com\/avatar\/e74f7af0be172b7804dacfd0bfbef787?s=96&d=mm&r=g\",\"caption\":\"Alejandra Moncisbays\"},\"description\":\"Curs\u00e9 la carrera de Periodismo y Comunicaci\u00f3n en la Facultad de Estudios Profesionales Acatl\u00e1n. Vivo en Canc\u00fan desde hace 24 a\u00f1os. Fui reportera de La Tarde de Canc\u00fan, y Novedades de Quintana Roo, colabor\u00e9 en TVCUN, edit\u00e9 Cancun\u00edssimo y colabor\u00e9 en las revistas Latitud21, entre otras, con principal enfoque en los sectores empresarial y tur\u00edstico. Desde hace varios a\u00f1os soy Agente de Seguros con c\u00e9dula de la Comisi\u00f3n Nacional de Seguros y Fianzas. Actualmente, me desarrollo en los \u00e1mbitos del periodismo y el sector asegurador.\",\"sameAs\":[\"https:\/\/nitu.mx\"],\"url\":\"https:\/\/nitu.mx\/index.php\/author\/alejandra\/\"}]}<\/script>\n<!-- \/ Yoast SEO plugin. -->","yoast_head_json":{"title":"Volaris recibe un nuevo Airbus A321neo desde Hamburgo - Nitu - Noticias de la Industria Turistica","robots":{"index":"index","follow":"follow","max-snippet":"max-snippet:-1","max-image-preview":"max-image-preview:large","max-video-preview":"max-video-preview:-1"},"canonical":"https:\/\/nitu.mx\/index.php\/2024\/07\/19\/volaris-recibe-un-nuevo-airbus-a321neo-desde-hamburgo\/","twitter_card":"summary_large_image","twitter_title":"Volaris recibe un nuevo Airbus A321neo desde Hamburgo - Nitu - Noticias de la Industria Turistica","twitter_description":"Volaris, dirigida por Enrique Beltranena, recibi\u00f3 a finales de junio de 2024 su avi\u00f3n n\u00famero 136, matr\u00edcula XA-VUL. Este Airbus A321neo, con capacidad para 239 pasajeros, fue entregado en la planta de Hamburgo, Alemania. \u2022 Entregas: Durante el segundo trimestre de 2024, Volaris recibi\u00f3 dos nuevos aviones (XA-VUK y XA-VUL). \u2022 Flota total: Grupo Volaris [&hellip;]","twitter_image":"https:\/\/nitu.mx\/wp-content\/uploads\/2024\/07\/VOLARIS-A321-NEO.jpg","twitter_creator":"@NITUmx","twitter_site":"@Arturo_Medina_G","twitter_misc":{"Escrito por":"Alejandra Moncisbays","Tiempo de lectura":"1 minuto"},"schema":{"@context":"https:\/\/schema.org","@graph":[{"@type":"Article","@id":"https:\/\/nitu.mx\/index.php\/2024\/07\/19\/volaris-recibe-un-nuevo-airbus-a321neo-desde-hamburgo\/#article","isPartOf":{"@id":"https:\/\/nitu.mx\/index.php\/2024\/07\/19\/volaris-recibe-un-nuevo-airbus-a321neo-desde-hamburgo\/"},"author":{"name":"Alejandra Moncisbays","@id":"https:\/\/nitu.mx\/#\/schema\/person\/2ecd887b19dfd3382d1f14fc5acf24a8"},"headline":"Volaris recibe un nuevo Airbus A321neo desde Hamburgo","datePublished":"2024-07-19T06:33:45+00:00","dateModified":"2024-07-19T11:51:42+00:00","mainEntityOfPage":{"@id":"https:\/\/nitu.mx\/index.php\/2024\/07\/19\/volaris-recibe-un-nuevo-airbus-a321neo-desde-hamburgo\/"},"wordCount":245,"commentCount":0,"publisher":{"@id":"https:\/\/nitu.mx\/#\/schema\/person\/ae7a53426417292d3dd07b45a33e01bc"},"image":{"@id":"https:\/\/nitu.mx\/index.php\/2024\/07\/19\/volaris-recibe-un-nuevo-airbus-a321neo-desde-hamburgo\/#primaryimage"},"thumbnailUrl":"https:\/\/nitu.mx\/wp-content\/uploads\/2024\/07\/VOLARIS-A321-NEO.jpg","keywords":["Airbus A321neo","Hamburgo","Volaris"],"articleSection":["Aerol\u00edneas"],"inLanguage":"es-MX","potentialAction":[{"@type":"CommentAction","name":"Comment","target":["https:\/\/nitu.mx\/index.php\/2024\/07\/19\/volaris-recibe-un-nuevo-airbus-a321neo-desde-hamburgo\/#respond"]}]},{"@type":"WebPage","@id":"https:\/\/nitu.mx\/index.php\/2024\/07\/19\/volaris-recibe-un-nuevo-airbus-a321neo-desde-hamburgo\/","url":"https:\/\/nitu.mx\/index.php\/2024\/07\/19\/volaris-recibe-un-nuevo-airbus-a321neo-desde-hamburgo\/","name":"Volaris recibe un nuevo Airbus A321neo desde Hamburgo - Nitu - Noticias de la Industria Turistica","isPartOf":{"@id":"https:\/\/nitu.mx\/#website"},"primaryImageOfPage":{"@id":"https:\/\/nitu.mx\/index.php\/2024\/07\/19\/volaris-recibe-un-nuevo-airbus-a321neo-desde-hamburgo\/#primaryimage"},"image":{"@id":"https:\/\/nitu.mx\/index.php\/2024\/07\/19\/volaris-recibe-un-nuevo-airbus-a321neo-desde-hamburgo\/#primaryimage"},"thumbnailUrl":"https:\/\/nitu.mx\/wp-content\/uploads\/2024\/07\/VOLARIS-A321-NEO.jpg","datePublished":"2024-07-19T06:33:45+00:00","dateModified":"2024-07-19T11:51:42+00:00","breadcrumb":{"@id":"https:\/\/nitu.mx\/index.php\/2024\/07\/19\/volaris-recibe-un-nuevo-airbus-a321neo-desde-hamburgo\/#breadcrumb"},"inLanguage":"es-MX","potentialAction":[{"@type":"ReadAction","target":["https:\/\/nitu.mx\/index.php\/2024\/07\/19\/volaris-recibe-un-nuevo-airbus-a321neo-desde-hamburgo\/"]}]},{"@type":"ImageObject","inLanguage":"es-MX","@id":"https:\/\/nitu.mx\/index.php\/2024\/07\/19\/volaris-recibe-un-nuevo-airbus-a321neo-desde-hamburgo\/#primaryimage","url":"https:\/\/nitu.mx\/wp-content\/uploads\/2024\/07\/VOLARIS-A321-NEO.jpg","contentUrl":"https:\/\/nitu.mx\/wp-content\/uploads\/2024\/07\/VOLARIS-A321-NEO.jpg","width":1200,"height":675,"caption":"VOLARIS A321 NEO"},{"@type":"BreadcrumbList","@id":"https:\/\/nitu.mx\/index.php\/2024\/07\/19\/volaris-recibe-un-nuevo-airbus-a321neo-desde-hamburgo\/#breadcrumb","itemListElement":[{"@type":"ListItem","position":1,"name":"Inicio","item":"https:\/\/nitu.mx\/"},{"@type":"ListItem","position":2,"name":"Volaris recibe un nuevo Airbus A321neo desde Hamburgo"}]},{"@type":"WebSite","@id":"https:\/\/nitu.mx\/#website","url":"https:\/\/nitu.mx\/","name":"Nitu - Noticias de la Industria Turistica","description":"Noticias de la Industria Turistica","publisher":{"@id":"https:\/\/nitu.mx\/#\/schema\/person\/ae7a53426417292d3dd07b45a33e01bc"},"alternateName":"Noticias de la Industria Turistica","potentialAction":[{"@type":"SearchAction","target":{"@type":"EntryPoint","urlTemplate":"https:\/\/nitu.mx\/?s={search_term_string}"},"query-input":"required name=search_term_string"}],"inLanguage":"es-MX"},{"@type":["Person","Organization"],"@id":"https:\/\/nitu.mx\/#\/schema\/person\/ae7a53426417292d3dd07b45a33e01bc","name":"Arturo Medina","image":{"@type":"ImageObject","inLanguage":"es-MX","@id":"https:\/\/nitu.mx\/#\/schema\/person\/image\/","url":"https:\/\/nitu.mx\/wp-content\/uploads\/2024\/04\/4A315622-1904-4D5C-B022-878CDC840E04-90x90-1.jpeg","contentUrl":"https:\/\/nitu.mx\/wp-content\/uploads\/2024\/04\/4A315622-1904-4D5C-B022-878CDC840E04-90x90-1.jpeg","width":90,"height":90,"caption":"Arturo Medina"},"logo":{"@id":"https:\/\/nitu.mx\/#\/schema\/person\/image\/"},"description":"Director NITU.mx, Egresado de la Escuela de Periodismo Carlos Septi\u00e9n Garc\u00eda. Periodista y analista especializado en turismo desde hace 35 a\u00f1os, radicado en Canc\u00fan Q.Roo. arturo@nitu.mx","sameAs":["https:\/\/nitu.mx","https:\/\/www.facebook.com\/NITUmx\/","medinacancun","https:\/\/twitter.com\/@Arturo_Medina_G"]},{"@type":"Person","@id":"https:\/\/nitu.mx\/#\/schema\/person\/2ecd887b19dfd3382d1f14fc5acf24a8","name":"Alejandra Moncisbays","image":{"@type":"ImageObject","inLanguage":"es-MX","@id":"https:\/\/nitu.mx\/#\/schema\/person\/image\/","url":"https:\/\/secure.gravatar.com\/avatar\/e74f7af0be172b7804dacfd0bfbef787?s=96&d=mm&r=g","contentUrl":"https:\/\/secure.gravatar.com\/avatar\/e74f7af0be172b7804dacfd0bfbef787?s=96&d=mm&r=g","caption":"Alejandra Moncisbays"},"description":"Curs\u00e9 la carrera de Periodismo y Comunicaci\u00f3n en la Facultad de Estudios Profesionales Acatl\u00e1n. Vivo en Canc\u00fan desde hace 24 a\u00f1os. Fui reportera de La Tarde de Canc\u00fan, y Novedades de Quintana Roo, colabor\u00e9 en TVCUN, edit\u00e9 Cancun\u00edssimo y colabor\u00e9 en las revistas Latitud21, entre otras, con principal enfoque en los sectores empresarial y tur\u00edstico. Desde hace varios a\u00f1os soy Agente de Seguros con c\u00e9dula de la Comisi\u00f3n Nacional de Seguros y Fianzas. Actualmente, me desarrollo en los \u00e1mbitos del periodismo y el sector asegurador.","sameAs":["https:\/\/nitu.mx"],"url":"https:\/\/nitu.mx\/index.php\/author\/alejandra\/"}]}},"views":914,"_links":{"self":[{"href":"https:\/\/nitu.mx\/index.php\/wp-json\/wp\/v2\/posts\/73227"}],"collection":[{"href":"https:\/\/nitu.mx\/index.php\/wp-json\/wp\/v2\/posts"}],"about":[{"href":"https:\/\/nitu.mx\/index.php\/wp-json\/wp\/v2\/types\/post"}],"author":[{"embeddable":true,"href":"https:\/\/nitu.mx\/index.php\/wp-json\/wp\/v2\/users\/3"}],"replies":[{"embeddable":true,"href":"https:\/\/nitu.mx\/index.php\/wp-json\/wp\/v2\/comments?post=73227"}],"version-history":[{"count":2,"href":"https:\/\/nitu.mx\/index.php\/wp-json\/wp\/v2\/posts\/73227\/revisions"}],"predecessor-version":[{"id":73244,"href":"https:\/\/nitu.mx\/index.php\/wp-json\/wp\/v2\/posts\/73227\/revisions\/73244"}],"wp:featuredmedia":[{"embeddable":true,"href":"https:\/\/nitu.mx\/index.php\/wp-json\/wp\/v2\/media\/73243"}],"wp:attachment":[{"href":"https:\/\/nitu.mx\/index.php\/wp-json\/wp\/v2\/media?parent=73227"}],"wp:term":[{"taxonomy":"category","embeddable":true,"href":"https:\/\/nitu.mx\/index.php\/wp-json\/wp\/v2\/categories?post=73227"},{"taxonomy":"post_tag","embeddable":true,"href":"https:\/\/nitu.mx\/index.php\/wp-json\/wp\/v2\/tags?post=73227"}],"curies":[{"name":"wp","href":"https:\/\/api.w.org\/{rel}","templated":true}]}}