{"id":73224,"date":"2024-07-19T00:30:59","date_gmt":"2024-07-19T06:30:59","guid":{"rendered":"https:\/\/nitu.mx\/?p=73224"},"modified":"2024-07-19T05:51:51","modified_gmt":"2024-07-19T11:51:51","slug":"aeropuerto-de-guadalajara-estrena-segunda-pista-con-vuelo-de-volaris","status":"publish","type":"post","link":"https:\/\/nitu.mx\/index.php\/2024\/07\/19\/aeropuerto-de-guadalajara-estrena-segunda-pista-con-vuelo-de-volaris\/","title":{"rendered":"Aeropuerto de Guadalajara estrena segunda pista con vuelo de Volaris"},"content":{"rendered":"<p>El pr\u00f3ximo martes 23 de julio, el Aeropuerto de Guadalajara pondr\u00e1 en marcha su segunda pista, destac\u00e1ndose como uno de los pocos aeropuertos en el pa\u00eds con dos pistas. El coordinador de Desarrollo Econ\u00f3mico, Xavier Orendain de Obeso, coment\u00f3: &#8220;Pr\u00e1cticamente ning\u00fan aeropuerto tiene dos pistas en el pa\u00eds&#8221;.<\/p>\n<p>El primer vuelo en esta nueva pista ser\u00e1 realizado por la aerol\u00ednea Volaris a las 10:30 horas. Los detalles completos ser\u00e1n proporcionados por las autoridades del Grupo Aeroportuario del Pac\u00edfico (GAP), empresa concesionaria de la terminal a\u00e9rea. Orendain de Obeso agradeci\u00f3 al GAP por su inversi\u00f3n global de 15 mil millones de pesos en la remodelaci\u00f3n del aeropuerto.<\/p>\n<p>&#8220;Nosotros competimos contra nosotros mismos y el pr\u00f3ximo martes a las 10:30 la segunda pista estar\u00e1 operativa&#8221;, destac\u00f3 Orendain de Obeso. Esta nueva infraestructura permitir\u00e1 a los pasajeros, tanto los que salen como los que llegan, viajar con la dignidad que merece un aeropuerto como el de Guadalajara.<\/p>\n<p>Desde su punto de vista, la segunda pista duplicar\u00e1 la capacidad de operaciones a\u00e9reas tanto de carga como de pasajeros. &#8220;Guadalajara es el aeropuerto de carga en valor m\u00e1s importante del pa\u00eds y esperemos que el aeropuerto siga ayudando en esa meta&#8221;, se\u00f1al\u00f3.<\/p>\n<p>Orendain de Obeso record\u00f3 que solo el aeropuerto de M\u00e9rida, en Yucat\u00e1n, cuenta con una segunda pista, construida con la intervenci\u00f3n de Estados Unidos durante la Segunda Guerra Mundial. La nueva pista en Jalisco refleja las oportunidades del estado para crecer y atraer inversiones, con informaci\u00f3n de Transponder 1200.<\/p>\n<p>El GAP present\u00f3 recientemente su plan maestro para los pr\u00f3ximos cinco a\u00f1os, que incluye desarrollos viales e industriales, adem\u00e1s del proyecto ejecutivo del BRT del Aeropuerto a Guadalajara. El gobernador Enrique Alfaro Ram\u00edrez, quien ha impulsado un aeropuerto digno para la ciudad desde su tiempo como presidente municipal de Tlajomulco, agradeci\u00f3 al GAP y sus accionistas por su confianza en Guadalajara.<\/p>\n<p>&#8220;El primer vuelo en esta segunda pista es de Volaris&#8221;, explic\u00f3 Orendain de Obeso, y agreg\u00f3 que Volaris anunciar\u00e1 una gran inversi\u00f3n en Jalisco en los pr\u00f3ximos d\u00edas. &#8220;Las nacionales siguen llegando al estado con confianza y creemos que es muy simb\u00f3lico no solamente que el gobernador est\u00e9 en la inauguraci\u00f3n sino que se estrene con un vuelo de una aerol\u00ednea nacional&#8221;.<\/p>\n","protected":false},"excerpt":{"rendered":"<p>El pr\u00f3ximo martes 23 de julio, el Aeropuerto de Guadalajara pondr\u00e1 en marcha su segunda pista, destac\u00e1ndose como uno de los pocos aeropuertos en el pa\u00eds con dos pistas. El coordinador de Desarrollo Econ\u00f3mico, Xavier Orendain de Obeso, coment\u00f3: &#8220;Pr\u00e1cticamente ning\u00fan aeropuerto tiene dos pistas en el pa\u00eds&#8221;. El primer vuelo en esta nueva pista [&hellip;]<\/p>\n","protected":false},"author":3,"featured_media":53676,"comment_status":"open","ping_status":"open","sticky":false,"template":"","format":"standard","meta":{"footnotes":""},"categories":[19462],"tags":[5346,4314,5139,4042],"yoast_head":"<!-- This site is optimized with the Yoast SEO plugin v22.2 - https:\/\/yoast.com\/wordpress\/plugins\/seo\/ -->\n<title>Aeropuerto de Guadalajara estrena segunda pista con vuelo de Volaris - Nitu - Noticias de la Industria Turistica<\/title>\n<meta name=\"robots\" content=\"index, follow, max-snippet:-1, max-image-preview:large, max-video-preview:-1\" \/>\n<link rel=\"canonical\" href=\"https:\/\/nitu.mx\/index.php\/2024\/07\/19\/aeropuerto-de-guadalajara-estrena-segunda-pista-con-vuelo-de-volaris\/\" \/>\n<meta name=\"twitter:card\" content=\"summary_large_image\" \/>\n<meta name=\"twitter:title\" content=\"Aeropuerto de Guadalajara estrena segunda pista con vuelo de Volaris - Nitu - Noticias de la Industria Turistica\" \/>\n<meta name=\"twitter:description\" content=\"El pr\u00f3ximo martes 23 de julio, el Aeropuerto de Guadalajara pondr\u00e1 en marcha su segunda pista, destac\u00e1ndose como uno de los pocos aeropuertos en el pa\u00eds con dos pistas. El coordinador de Desarrollo Econ\u00f3mico, Xavier Orendain de Obeso, coment\u00f3: &#8220;Pr\u00e1cticamente ning\u00fan aeropuerto tiene dos pistas en el pa\u00eds&#8221;. El primer vuelo en esta nueva pista [&hellip;]\" \/>\n<meta name=\"twitter:image\" content=\"https:\/\/nitu.mx\/wp-content\/uploads\/2021\/07\/guadalajara-aeropuerto-.jpeg\" \/>\n<meta name=\"twitter:creator\" content=\"@NITUmx\" \/>\n<meta name=\"twitter:site\" content=\"@Arturo_Medina_G\" \/>\n<meta name=\"twitter:label1\" content=\"Escrito por\" \/>\n\t<meta name=\"twitter:data1\" content=\"Alejandra Moncisbays\" \/>\n\t<meta name=\"twitter:label2\" content=\"Tiempo de lectura\" \/>\n\t<meta name=\"twitter:data2\" content=\"2 minutos\" \/>\n<script type=\"application\/ld+json\" class=\"yoast-schema-graph\">{\"@context\":\"https:\/\/schema.org\",\"@graph\":[{\"@type\":\"Article\",\"@id\":\"https:\/\/nitu.mx\/index.php\/2024\/07\/19\/aeropuerto-de-guadalajara-estrena-segunda-pista-con-vuelo-de-volaris\/#article\",\"isPartOf\":{\"@id\":\"https:\/\/nitu.mx\/index.php\/2024\/07\/19\/aeropuerto-de-guadalajara-estrena-segunda-pista-con-vuelo-de-volaris\/\"},\"author\":{\"name\":\"Alejandra Moncisbays\",\"@id\":\"https:\/\/nitu.mx\/#\/schema\/person\/2ecd887b19dfd3382d1f14fc5acf24a8\"},\"headline\":\"Aeropuerto de Guadalajara estrena segunda pista con vuelo de Volaris\",\"datePublished\":\"2024-07-19T06:30:59+00:00\",\"dateModified\":\"2024-07-19T11:51:51+00:00\",\"mainEntityOfPage\":{\"@id\":\"https:\/\/nitu.mx\/index.php\/2024\/07\/19\/aeropuerto-de-guadalajara-estrena-segunda-pista-con-vuelo-de-volaris\/\"},\"wordCount\":406,\"commentCount\":0,\"publisher\":{\"@id\":\"https:\/\/nitu.mx\/#\/schema\/person\/ae7a53426417292d3dd07b45a33e01bc\"},\"image\":{\"@id\":\"https:\/\/nitu.mx\/index.php\/2024\/07\/19\/aeropuerto-de-guadalajara-estrena-segunda-pista-con-vuelo-de-volaris\/#primaryimage\"},\"thumbnailUrl\":\"https:\/\/nitu.mx\/wp-content\/uploads\/2021\/07\/guadalajara-aeropuerto-.jpeg\",\"keywords\":[\"Aeropuerto de Guadalajara\",\"pista\",\"vuelo\",\"Vuelos\"],\"articleSection\":[\"Aeropuertos\"],\"inLanguage\":\"es-MX\",\"potentialAction\":[{\"@type\":\"CommentAction\",\"name\":\"Comment\",\"target\":[\"https:\/\/nitu.mx\/index.php\/2024\/07\/19\/aeropuerto-de-guadalajara-estrena-segunda-pista-con-vuelo-de-volaris\/#respond\"]}]},{\"@type\":\"WebPage\",\"@id\":\"https:\/\/nitu.mx\/index.php\/2024\/07\/19\/aeropuerto-de-guadalajara-estrena-segunda-pista-con-vuelo-de-volaris\/\",\"url\":\"https:\/\/nitu.mx\/index.php\/2024\/07\/19\/aeropuerto-de-guadalajara-estrena-segunda-pista-con-vuelo-de-volaris\/\",\"name\":\"Aeropuerto de Guadalajara estrena segunda pista con vuelo de Volaris - Nitu - Noticias de la Industria Turistica\",\"isPartOf\":{\"@id\":\"https:\/\/nitu.mx\/#website\"},\"primaryImageOfPage\":{\"@id\":\"https:\/\/nitu.mx\/index.php\/2024\/07\/19\/aeropuerto-de-guadalajara-estrena-segunda-pista-con-vuelo-de-volaris\/#primaryimage\"},\"image\":{\"@id\":\"https:\/\/nitu.mx\/index.php\/2024\/07\/19\/aeropuerto-de-guadalajara-estrena-segunda-pista-con-vuelo-de-volaris\/#primaryimage\"},\"thumbnailUrl\":\"https:\/\/nitu.mx\/wp-content\/uploads\/2021\/07\/guadalajara-aeropuerto-.jpeg\",\"datePublished\":\"2024-07-19T06:30:59+00:00\",\"dateModified\":\"2024-07-19T11:51:51+00:00\",\"breadcrumb\":{\"@id\":\"https:\/\/nitu.mx\/index.php\/2024\/07\/19\/aeropuerto-de-guadalajara-estrena-segunda-pista-con-vuelo-de-volaris\/#breadcrumb\"},\"inLanguage\":\"es-MX\",\"potentialAction\":[{\"@type\":\"ReadAction\",\"target\":[\"https:\/\/nitu.mx\/index.php\/2024\/07\/19\/aeropuerto-de-guadalajara-estrena-segunda-pista-con-vuelo-de-volaris\/\"]}]},{\"@type\":\"ImageObject\",\"inLanguage\":\"es-MX\",\"@id\":\"https:\/\/nitu.mx\/index.php\/2024\/07\/19\/aeropuerto-de-guadalajara-estrena-segunda-pista-con-vuelo-de-volaris\/#primaryimage\",\"url\":\"https:\/\/nitu.mx\/wp-content\/uploads\/2021\/07\/guadalajara-aeropuerto-.jpeg\",\"contentUrl\":\"https:\/\/nitu.mx\/wp-content\/uploads\/2021\/07\/guadalajara-aeropuerto-.jpeg\",\"width\":318,\"height\":159},{\"@type\":\"BreadcrumbList\",\"@id\":\"https:\/\/nitu.mx\/index.php\/2024\/07\/19\/aeropuerto-de-guadalajara-estrena-segunda-pista-con-vuelo-de-volaris\/#breadcrumb\",\"itemListElement\":[{\"@type\":\"ListItem\",\"position\":1,\"name\":\"Inicio\",\"item\":\"https:\/\/nitu.mx\/\"},{\"@type\":\"ListItem\",\"position\":2,\"name\":\"Aeropuerto de Guadalajara estrena segunda pista con vuelo de Volaris\"}]},{\"@type\":\"WebSite\",\"@id\":\"https:\/\/nitu.mx\/#website\",\"url\":\"https:\/\/nitu.mx\/\",\"name\":\"Nitu - Noticias de la Industria Turistica\",\"description\":\"Noticias de la Industria Turistica\",\"publisher\":{\"@id\":\"https:\/\/nitu.mx\/#\/schema\/person\/ae7a53426417292d3dd07b45a33e01bc\"},\"alternateName\":\"Noticias de la Industria Turistica\",\"potentialAction\":[{\"@type\":\"SearchAction\",\"target\":{\"@type\":\"EntryPoint\",\"urlTemplate\":\"https:\/\/nitu.mx\/?s={search_term_string}\"},\"query-input\":\"required name=search_term_string\"}],\"inLanguage\":\"es-MX\"},{\"@type\":[\"Person\",\"Organization\"],\"@id\":\"https:\/\/nitu.mx\/#\/schema\/person\/ae7a53426417292d3dd07b45a33e01bc\",\"name\":\"Arturo Medina\",\"image\":{\"@type\":\"ImageObject\",\"inLanguage\":\"es-MX\",\"@id\":\"https:\/\/nitu.mx\/#\/schema\/person\/image\/\",\"url\":\"https:\/\/nitu.mx\/wp-content\/uploads\/2024\/04\/4A315622-1904-4D5C-B022-878CDC840E04-90x90-1.jpeg\",\"contentUrl\":\"https:\/\/nitu.mx\/wp-content\/uploads\/2024\/04\/4A315622-1904-4D5C-B022-878CDC840E04-90x90-1.jpeg\",\"width\":90,\"height\":90,\"caption\":\"Arturo Medina\"},\"logo\":{\"@id\":\"https:\/\/nitu.mx\/#\/schema\/person\/image\/\"},\"description\":\"Director NITU.mx, Egresado de la Escuela de Periodismo Carlos Septi\u00e9n Garc\u00eda. Periodista y analista especializado en turismo desde hace 35 a\u00f1os, radicado en Canc\u00fan Q.Roo. arturo@nitu.mx\",\"sameAs\":[\"https:\/\/nitu.mx\",\"https:\/\/www.facebook.com\/NITUmx\/\",\"medinacancun\",\"https:\/\/twitter.com\/@Arturo_Medina_G\"]},{\"@type\":\"Person\",\"@id\":\"https:\/\/nitu.mx\/#\/schema\/person\/2ecd887b19dfd3382d1f14fc5acf24a8\",\"name\":\"Alejandra Moncisbays\",\"image\":{\"@type\":\"ImageObject\",\"inLanguage\":\"es-MX\",\"@id\":\"https:\/\/nitu.mx\/#\/schema\/person\/image\/\",\"url\":\"https:\/\/secure.gravatar.com\/avatar\/e74f7af0be172b7804dacfd0bfbef787?s=96&d=mm&r=g\",\"contentUrl\":\"https:\/\/secure.gravatar.com\/avatar\/e74f7af0be172b7804dacfd0bfbef787?s=96&d=mm&r=g\",\"caption\":\"Alejandra Moncisbays\"},\"description\":\"Curs\u00e9 la carrera de Periodismo y Comunicaci\u00f3n en la Facultad de Estudios Profesionales Acatl\u00e1n. Vivo en Canc\u00fan desde hace 24 a\u00f1os. Fui reportera de La Tarde de Canc\u00fan, y Novedades de Quintana Roo, colabor\u00e9 en TVCUN, edit\u00e9 Cancun\u00edssimo y colabor\u00e9 en las revistas Latitud21, entre otras, con principal enfoque en los sectores empresarial y tur\u00edstico. Desde hace varios a\u00f1os soy Agente de Seguros con c\u00e9dula de la Comisi\u00f3n Nacional de Seguros y Fianzas. Actualmente, me desarrollo en los \u00e1mbitos del periodismo y el sector asegurador.\",\"sameAs\":[\"https:\/\/nitu.mx\"],\"url\":\"https:\/\/nitu.mx\/index.php\/author\/alejandra\/\"}]}<\/script>\n<!-- \/ Yoast SEO plugin. -->","yoast_head_json":{"title":"Aeropuerto de Guadalajara estrena segunda pista con vuelo de Volaris - Nitu - Noticias de la Industria Turistica","robots":{"index":"index","follow":"follow","max-snippet":"max-snippet:-1","max-image-preview":"max-image-preview:large","max-video-preview":"max-video-preview:-1"},"canonical":"https:\/\/nitu.mx\/index.php\/2024\/07\/19\/aeropuerto-de-guadalajara-estrena-segunda-pista-con-vuelo-de-volaris\/","twitter_card":"summary_large_image","twitter_title":"Aeropuerto de Guadalajara estrena segunda pista con vuelo de Volaris - Nitu - Noticias de la Industria Turistica","twitter_description":"El pr\u00f3ximo martes 23 de julio, el Aeropuerto de Guadalajara pondr\u00e1 en marcha su segunda pista, destac\u00e1ndose como uno de los pocos aeropuertos en el pa\u00eds con dos pistas. El coordinador de Desarrollo Econ\u00f3mico, Xavier Orendain de Obeso, coment\u00f3: &#8220;Pr\u00e1cticamente ning\u00fan aeropuerto tiene dos pistas en el pa\u00eds&#8221;. El primer vuelo en esta nueva pista [&hellip;]","twitter_image":"https:\/\/nitu.mx\/wp-content\/uploads\/2021\/07\/guadalajara-aeropuerto-.jpeg","twitter_creator":"@NITUmx","twitter_site":"@Arturo_Medina_G","twitter_misc":{"Escrito por":"Alejandra Moncisbays","Tiempo de lectura":"2 minutos"},"schema":{"@context":"https:\/\/schema.org","@graph":[{"@type":"Article","@id":"https:\/\/nitu.mx\/index.php\/2024\/07\/19\/aeropuerto-de-guadalajara-estrena-segunda-pista-con-vuelo-de-volaris\/#article","isPartOf":{"@id":"https:\/\/nitu.mx\/index.php\/2024\/07\/19\/aeropuerto-de-guadalajara-estrena-segunda-pista-con-vuelo-de-volaris\/"},"author":{"name":"Alejandra Moncisbays","@id":"https:\/\/nitu.mx\/#\/schema\/person\/2ecd887b19dfd3382d1f14fc5acf24a8"},"headline":"Aeropuerto de Guadalajara estrena segunda pista con vuelo de Volaris","datePublished":"2024-07-19T06:30:59+00:00","dateModified":"2024-07-19T11:51:51+00:00","mainEntityOfPage":{"@id":"https:\/\/nitu.mx\/index.php\/2024\/07\/19\/aeropuerto-de-guadalajara-estrena-segunda-pista-con-vuelo-de-volaris\/"},"wordCount":406,"commentCount":0,"publisher":{"@id":"https:\/\/nitu.mx\/#\/schema\/person\/ae7a53426417292d3dd07b45a33e01bc"},"image":{"@id":"https:\/\/nitu.mx\/index.php\/2024\/07\/19\/aeropuerto-de-guadalajara-estrena-segunda-pista-con-vuelo-de-volaris\/#primaryimage"},"thumbnailUrl":"https:\/\/nitu.mx\/wp-content\/uploads\/2021\/07\/guadalajara-aeropuerto-.jpeg","keywords":["Aeropuerto de Guadalajara","pista","vuelo","Vuelos"],"articleSection":["Aeropuertos"],"inLanguage":"es-MX","potentialAction":[{"@type":"CommentAction","name":"Comment","target":["https:\/\/nitu.mx\/index.php\/2024\/07\/19\/aeropuerto-de-guadalajara-estrena-segunda-pista-con-vuelo-de-volaris\/#respond"]}]},{"@type":"WebPage","@id":"https:\/\/nitu.mx\/index.php\/2024\/07\/19\/aeropuerto-de-guadalajara-estrena-segunda-pista-con-vuelo-de-volaris\/","url":"https:\/\/nitu.mx\/index.php\/2024\/07\/19\/aeropuerto-de-guadalajara-estrena-segunda-pista-con-vuelo-de-volaris\/","name":"Aeropuerto de Guadalajara estrena segunda pista con vuelo de Volaris - Nitu - Noticias de la Industria Turistica","isPartOf":{"@id":"https:\/\/nitu.mx\/#website"},"primaryImageOfPage":{"@id":"https:\/\/nitu.mx\/index.php\/2024\/07\/19\/aeropuerto-de-guadalajara-estrena-segunda-pista-con-vuelo-de-volaris\/#primaryimage"},"image":{"@id":"https:\/\/nitu.mx\/index.php\/2024\/07\/19\/aeropuerto-de-guadalajara-estrena-segunda-pista-con-vuelo-de-volaris\/#primaryimage"},"thumbnailUrl":"https:\/\/nitu.mx\/wp-content\/uploads\/2021\/07\/guadalajara-aeropuerto-.jpeg","datePublished":"2024-07-19T06:30:59+00:00","dateModified":"2024-07-19T11:51:51+00:00","breadcrumb":{"@id":"https:\/\/nitu.mx\/index.php\/2024\/07\/19\/aeropuerto-de-guadalajara-estrena-segunda-pista-con-vuelo-de-volaris\/#breadcrumb"},"inLanguage":"es-MX","potentialAction":[{"@type":"ReadAction","target":["https:\/\/nitu.mx\/index.php\/2024\/07\/19\/aeropuerto-de-guadalajara-estrena-segunda-pista-con-vuelo-de-volaris\/"]}]},{"@type":"ImageObject","inLanguage":"es-MX","@id":"https:\/\/nitu.mx\/index.php\/2024\/07\/19\/aeropuerto-de-guadalajara-estrena-segunda-pista-con-vuelo-de-volaris\/#primaryimage","url":"https:\/\/nitu.mx\/wp-content\/uploads\/2021\/07\/guadalajara-aeropuerto-.jpeg","contentUrl":"https:\/\/nitu.mx\/wp-content\/uploads\/2021\/07\/guadalajara-aeropuerto-.jpeg","width":318,"height":159},{"@type":"BreadcrumbList","@id":"https:\/\/nitu.mx\/index.php\/2024\/07\/19\/aeropuerto-de-guadalajara-estrena-segunda-pista-con-vuelo-de-volaris\/#breadcrumb","itemListElement":[{"@type":"ListItem","position":1,"name":"Inicio","item":"https:\/\/nitu.mx\/"},{"@type":"ListItem","position":2,"name":"Aeropuerto de Guadalajara estrena segunda pista con vuelo de Volaris"}]},{"@type":"WebSite","@id":"https:\/\/nitu.mx\/#website","url":"https:\/\/nitu.mx\/","name":"Nitu - Noticias de la Industria Turistica","description":"Noticias de la Industria Turistica","publisher":{"@id":"https:\/\/nitu.mx\/#\/schema\/person\/ae7a53426417292d3dd07b45a33e01bc"},"alternateName":"Noticias de la Industria Turistica","potentialAction":[{"@type":"SearchAction","target":{"@type":"EntryPoint","urlTemplate":"https:\/\/nitu.mx\/?s={search_term_string}"},"query-input":"required name=search_term_string"}],"inLanguage":"es-MX"},{"@type":["Person","Organization"],"@id":"https:\/\/nitu.mx\/#\/schema\/person\/ae7a53426417292d3dd07b45a33e01bc","name":"Arturo Medina","image":{"@type":"ImageObject","inLanguage":"es-MX","@id":"https:\/\/nitu.mx\/#\/schema\/person\/image\/","url":"https:\/\/nitu.mx\/wp-content\/uploads\/2024\/04\/4A315622-1904-4D5C-B022-878CDC840E04-90x90-1.jpeg","contentUrl":"https:\/\/nitu.mx\/wp-content\/uploads\/2024\/04\/4A315622-1904-4D5C-B022-878CDC840E04-90x90-1.jpeg","width":90,"height":90,"caption":"Arturo Medina"},"logo":{"@id":"https:\/\/nitu.mx\/#\/schema\/person\/image\/"},"description":"Director NITU.mx, Egresado de la Escuela de Periodismo Carlos Septi\u00e9n Garc\u00eda. Periodista y analista especializado en turismo desde hace 35 a\u00f1os, radicado en Canc\u00fan Q.Roo. arturo@nitu.mx","sameAs":["https:\/\/nitu.mx","https:\/\/www.facebook.com\/NITUmx\/","medinacancun","https:\/\/twitter.com\/@Arturo_Medina_G"]},{"@type":"Person","@id":"https:\/\/nitu.mx\/#\/schema\/person\/2ecd887b19dfd3382d1f14fc5acf24a8","name":"Alejandra Moncisbays","image":{"@type":"ImageObject","inLanguage":"es-MX","@id":"https:\/\/nitu.mx\/#\/schema\/person\/image\/","url":"https:\/\/secure.gravatar.com\/avatar\/e74f7af0be172b7804dacfd0bfbef787?s=96&d=mm&r=g","contentUrl":"https:\/\/secure.gravatar.com\/avatar\/e74f7af0be172b7804dacfd0bfbef787?s=96&d=mm&r=g","caption":"Alejandra Moncisbays"},"description":"Curs\u00e9 la carrera de Periodismo y Comunicaci\u00f3n en la Facultad de Estudios Profesionales Acatl\u00e1n. Vivo en Canc\u00fan desde hace 24 a\u00f1os. Fui reportera de La Tarde de Canc\u00fan, y Novedades de Quintana Roo, colabor\u00e9 en TVCUN, edit\u00e9 Cancun\u00edssimo y colabor\u00e9 en las revistas Latitud21, entre otras, con principal enfoque en los sectores empresarial y tur\u00edstico. Desde hace varios a\u00f1os soy Agente de Seguros con c\u00e9dula de la Comisi\u00f3n Nacional de Seguros y Fianzas. Actualmente, me desarrollo en los \u00e1mbitos del periodismo y el sector asegurador.","sameAs":["https:\/\/nitu.mx"],"url":"https:\/\/nitu.mx\/index.php\/author\/alejandra\/"}]}},"views":746,"_links":{"self":[{"href":"https:\/\/nitu.mx\/index.php\/wp-json\/wp\/v2\/posts\/73224"}],"collection":[{"href":"https:\/\/nitu.mx\/index.php\/wp-json\/wp\/v2\/posts"}],"about":[{"href":"https:\/\/nitu.mx\/index.php\/wp-json\/wp\/v2\/types\/post"}],"author":[{"embeddable":true,"href":"https:\/\/nitu.mx\/index.php\/wp-json\/wp\/v2\/users\/3"}],"replies":[{"embeddable":true,"href":"https:\/\/nitu.mx\/index.php\/wp-json\/wp\/v2\/comments?post=73224"}],"version-history":[{"count":3,"href":"https:\/\/nitu.mx\/index.php\/wp-json\/wp\/v2\/posts\/73224\/revisions"}],"predecessor-version":[{"id":73241,"href":"https:\/\/nitu.mx\/index.php\/wp-json\/wp\/v2\/posts\/73224\/revisions\/73241"}],"wp:featuredmedia":[{"embeddable":true,"href":"https:\/\/nitu.mx\/index.php\/wp-json\/wp\/v2\/media\/53676"}],"wp:attachment":[{"href":"https:\/\/nitu.mx\/index.php\/wp-json\/wp\/v2\/media?parent=73224"}],"wp:term":[{"taxonomy":"category","embeddable":true,"href":"https:\/\/nitu.mx\/index.php\/wp-json\/wp\/v2\/categories?post=73224"},{"taxonomy":"post_tag","embeddable":true,"href":"https:\/\/nitu.mx\/index.php\/wp-json\/wp\/v2\/tags?post=73224"}],"curies":[{"name":"wp","href":"https:\/\/api.w.org\/{rel}","templated":true}]}}