{"id":72904,"date":"2024-07-08T20:54:36","date_gmt":"2024-07-09T02:54:36","guid":{"rendered":"https:\/\/nitu.mx\/?p=72904"},"modified":"2024-07-08T20:54:38","modified_gmt":"2024-07-09T02:54:38","slug":"volaris-no-repunta-en-pasajeros-ni-capacidad-solo-en-ocupacion-con-86","status":"publish","type":"post","link":"https:\/\/nitu.mx\/index.php\/2024\/07\/08\/volaris-no-repunta-en-pasajeros-ni-capacidad-solo-en-ocupacion-con-86\/","title":{"rendered":"Volaris no repunta en pasajeros ni capacidad, solo en ocupaci\u00f3n con 86%"},"content":{"rendered":"\n<p>Volaris, la aerol\u00ednea de ultra bajo costo que opera en M\u00e9xico, Estados Unidos, Centro y Sudam\u00e9rica, reporta sus resultados preliminares de tr\u00e1fico de<strong>\u00a0<\/strong>junio de 2024, cuyo \u00fanico indicador que mostr\u00f3 un incremento  fue la ocupaci\u00f3n, mientras que la capacidad y el tr\u00e1fico de pasajeros sigue acumulando cifras a la baja, tanto en su comparativo interanual, como en el acumulado del a\u00f1o. <\/p>\n\n\n\n<p>El mes pasado, el factor de ocupaci\u00f3n increment\u00f3 2.2 pp comparado con el a\u00f1o anterior, ubic\u00e1ndose en 85.6%, dado que los RPMs solo disminuyeron 11.4%. Los RPMs en el mercado dom\u00e9stico mexicano disminuyeron 16.2%, mientras que los RPMs internacionales disminuyeron 1.8%. Durante el mes, Volaris transport\u00f3 2.4 millones de pasajeros, esto es 10.1 menos que en junio de 2023, y resalta que la principal ca\u00edda es en el mercado nacional con 12.3% menos, mientras que el internacional solo disminuy\u00f3 2.6%.<\/p>\n\n\n\n<p>En junio de 2024, la capacidad (ASMs) de Volaris disminuy\u00f3 13.7% en comparaci\u00f3n con el a\u00f1o anterior, debido a las aeronaves en tierra, a causa de las inspecciones aceleradas de motores Pratt &amp; Whitney.\u00a0<\/p>\n\n\n\n<p>El presidente ejecutivo y director general de Volaris, Enrique Beltranena, dijo:\u00a0\u201cNuestro plan de mitigaci\u00f3n de flota va por buen camino y est\u00e1 dando resultados positivos. Como parte de este plan, redujimos capacidad en el mercado dom\u00e9stico mexicano y la reasignamos al mercado internacional, lo que result\u00f3 en una reducci\u00f3n total de capacidad de aproximadamente el 14% en junio&#8221;. <\/p>\n\n\n\n<p>Beltranena agreg\u00f3 que &#8220;la demanda en el mercado dom\u00e9stico sigue siendo fuerte y nuestra capacidad en el mercado internacional sigue madurando con una mezcla de mercado bien equilibrada enfocada en maximizar la rentabilidad. Mirando hacia adelante, nuestras tendencias de reservas para la temporada alta de verano muestran un desempe\u00f1o s\u00f3lido, en l\u00ednea con nuestras expectativas en ambos mercados&#8221;. (<a href=\"https:\/\/nitu.mx\/index.php\/2024\/07\/04\/volaris-abre-nuevo-canal-de-whatsapp-para-reforzar-comunicacion-con-sus-clientes\/\">Volaris abre nuevo canal de WhatsApp para reforzar comunicaci\u00f3n con sus clientes<\/a>).<\/p>\n","protected":false},"excerpt":{"rendered":"<p>Volaris, la aerol\u00ednea de ultra bajo costo que opera en M\u00e9xico, Estados Unidos, Centro y Sudam\u00e9rica, reporta sus resultados preliminares de tr\u00e1fico de\u00a0junio de 2024, cuyo \u00fanico indicador que mostr\u00f3 un incremento fue la ocupaci\u00f3n, mientras que la capacidad y el tr\u00e1fico de pasajeros sigue acumulando cifras a la baja, tanto en su comparativo interanual, [&hellip;]<\/p>\n","protected":false},"author":17,"featured_media":27038,"comment_status":"open","ping_status":"open","sticky":false,"template":"","format":"standard","meta":{"footnotes":""},"categories":[29],"tags":[10426,435,6280,3771,131],"yoast_head":"<!-- This site is optimized with the Yoast SEO plugin v22.2 - https:\/\/yoast.com\/wordpress\/plugins\/seo\/ -->\n<title>Volaris no repunta en pasajeros ni capacidad, solo en ocupaci\u00f3n con 86% - Nitu - Noticias de la Industria Turistica<\/title>\n<meta name=\"robots\" content=\"index, follow, max-snippet:-1, max-image-preview:large, max-video-preview:-1\" \/>\n<link rel=\"canonical\" href=\"https:\/\/nitu.mx\/index.php\/2024\/07\/08\/volaris-no-repunta-en-pasajeros-ni-capacidad-solo-en-ocupacion-con-86\/\" \/>\n<meta name=\"twitter:card\" content=\"summary_large_image\" \/>\n<meta name=\"twitter:title\" content=\"Volaris no repunta en pasajeros ni capacidad, solo en ocupaci\u00f3n con 86% - Nitu - Noticias de la Industria Turistica\" \/>\n<meta name=\"twitter:description\" content=\"Volaris, la aerol\u00ednea de ultra bajo costo que opera en M\u00e9xico, Estados Unidos, Centro y Sudam\u00e9rica, reporta sus resultados preliminares de tr\u00e1fico de\u00a0junio de 2024, cuyo \u00fanico indicador que mostr\u00f3 un incremento fue la ocupaci\u00f3n, mientras que la capacidad y el tr\u00e1fico de pasajeros sigue acumulando cifras a la baja, tanto en su comparativo interanual, [&hellip;]\" \/>\n<meta name=\"twitter:image\" content=\"https:\/\/nitu.mx\/wp-content\/uploads\/2018\/11\/Avi\u00f3n-A320neo-Volaris.jpg\" \/>\n<meta name=\"twitter:creator\" content=\"@NITUmx\" \/>\n<meta name=\"twitter:site\" content=\"@Arturo_Medina_G\" \/>\n<meta name=\"twitter:label1\" content=\"Escrito por\" \/>\n\t<meta name=\"twitter:data1\" content=\"Redacci\u00f3n\" \/>\n\t<meta name=\"twitter:label2\" content=\"Tiempo de lectura\" \/>\n\t<meta name=\"twitter:data2\" content=\"2 minutos\" \/>\n<script type=\"application\/ld+json\" class=\"yoast-schema-graph\">{\"@context\":\"https:\/\/schema.org\",\"@graph\":[{\"@type\":\"Article\",\"@id\":\"https:\/\/nitu.mx\/index.php\/2024\/07\/08\/volaris-no-repunta-en-pasajeros-ni-capacidad-solo-en-ocupacion-con-86\/#article\",\"isPartOf\":{\"@id\":\"https:\/\/nitu.mx\/index.php\/2024\/07\/08\/volaris-no-repunta-en-pasajeros-ni-capacidad-solo-en-ocupacion-con-86\/\"},\"author\":{\"name\":\"Redacci\u00f3n\",\"@id\":\"https:\/\/nitu.mx\/#\/schema\/person\/4a28fe9bd65924f7c90623773daf1b0b\"},\"headline\":\"Volaris no repunta en pasajeros ni capacidad, solo en ocupaci\u00f3n con 86%\",\"datePublished\":\"2024-07-09T02:54:36+00:00\",\"dateModified\":\"2024-07-09T02:54:38+00:00\",\"mainEntityOfPage\":{\"@id\":\"https:\/\/nitu.mx\/index.php\/2024\/07\/08\/volaris-no-repunta-en-pasajeros-ni-capacidad-solo-en-ocupacion-con-86\/\"},\"wordCount\":325,\"commentCount\":0,\"publisher\":{\"@id\":\"https:\/\/nitu.mx\/#\/schema\/person\/ae7a53426417292d3dd07b45a33e01bc\"},\"image\":{\"@id\":\"https:\/\/nitu.mx\/index.php\/2024\/07\/08\/volaris-no-repunta-en-pasajeros-ni-capacidad-solo-en-ocupacion-con-86\/#primaryimage\"},\"thumbnailUrl\":\"https:\/\/nitu.mx\/wp-content\/uploads\/2018\/11\/Avi\u00f3n-A320neo-Volaris.jpg\",\"keywords\":[\"capacidad\",\"Enrique Beltranena\",\"ocupaci\u00f3n\",\"pasajeros\",\"Volaris\"],\"articleSection\":[\"Aerol\u00edneas\"],\"inLanguage\":\"es-MX\",\"potentialAction\":[{\"@type\":\"CommentAction\",\"name\":\"Comment\",\"target\":[\"https:\/\/nitu.mx\/index.php\/2024\/07\/08\/volaris-no-repunta-en-pasajeros-ni-capacidad-solo-en-ocupacion-con-86\/#respond\"]}]},{\"@type\":\"WebPage\",\"@id\":\"https:\/\/nitu.mx\/index.php\/2024\/07\/08\/volaris-no-repunta-en-pasajeros-ni-capacidad-solo-en-ocupacion-con-86\/\",\"url\":\"https:\/\/nitu.mx\/index.php\/2024\/07\/08\/volaris-no-repunta-en-pasajeros-ni-capacidad-solo-en-ocupacion-con-86\/\",\"name\":\"Volaris no repunta en pasajeros ni capacidad, solo en ocupaci\u00f3n con 86% - Nitu - Noticias de la Industria Turistica\",\"isPartOf\":{\"@id\":\"https:\/\/nitu.mx\/#website\"},\"primaryImageOfPage\":{\"@id\":\"https:\/\/nitu.mx\/index.php\/2024\/07\/08\/volaris-no-repunta-en-pasajeros-ni-capacidad-solo-en-ocupacion-con-86\/#primaryimage\"},\"image\":{\"@id\":\"https:\/\/nitu.mx\/index.php\/2024\/07\/08\/volaris-no-repunta-en-pasajeros-ni-capacidad-solo-en-ocupacion-con-86\/#primaryimage\"},\"thumbnailUrl\":\"https:\/\/nitu.mx\/wp-content\/uploads\/2018\/11\/Avi\u00f3n-A320neo-Volaris.jpg\",\"datePublished\":\"2024-07-09T02:54:36+00:00\",\"dateModified\":\"2024-07-09T02:54:38+00:00\",\"breadcrumb\":{\"@id\":\"https:\/\/nitu.mx\/index.php\/2024\/07\/08\/volaris-no-repunta-en-pasajeros-ni-capacidad-solo-en-ocupacion-con-86\/#breadcrumb\"},\"inLanguage\":\"es-MX\",\"potentialAction\":[{\"@type\":\"ReadAction\",\"target\":[\"https:\/\/nitu.mx\/index.php\/2024\/07\/08\/volaris-no-repunta-en-pasajeros-ni-capacidad-solo-en-ocupacion-con-86\/\"]}]},{\"@type\":\"ImageObject\",\"inLanguage\":\"es-MX\",\"@id\":\"https:\/\/nitu.mx\/index.php\/2024\/07\/08\/volaris-no-repunta-en-pasajeros-ni-capacidad-solo-en-ocupacion-con-86\/#primaryimage\",\"url\":\"https:\/\/nitu.mx\/wp-content\/uploads\/2018\/11\/Avi\u00f3n-A320neo-Volaris.jpg\",\"contentUrl\":\"https:\/\/nitu.mx\/wp-content\/uploads\/2018\/11\/Avi\u00f3n-A320neo-Volaris.jpg\",\"width\":850,\"height\":480,\"caption\":\"Volaris BMV v.business Baja California Sur\"},{\"@type\":\"BreadcrumbList\",\"@id\":\"https:\/\/nitu.mx\/index.php\/2024\/07\/08\/volaris-no-repunta-en-pasajeros-ni-capacidad-solo-en-ocupacion-con-86\/#breadcrumb\",\"itemListElement\":[{\"@type\":\"ListItem\",\"position\":1,\"name\":\"Inicio\",\"item\":\"https:\/\/nitu.mx\/\"},{\"@type\":\"ListItem\",\"position\":2,\"name\":\"Volaris no repunta en pasajeros ni capacidad, solo en ocupaci\u00f3n con 86%\"}]},{\"@type\":\"WebSite\",\"@id\":\"https:\/\/nitu.mx\/#website\",\"url\":\"https:\/\/nitu.mx\/\",\"name\":\"Nitu - Noticias de la Industria Turistica\",\"description\":\"Noticias de la Industria Turistica\",\"publisher\":{\"@id\":\"https:\/\/nitu.mx\/#\/schema\/person\/ae7a53426417292d3dd07b45a33e01bc\"},\"alternateName\":\"Noticias de la Industria Turistica\",\"potentialAction\":[{\"@type\":\"SearchAction\",\"target\":{\"@type\":\"EntryPoint\",\"urlTemplate\":\"https:\/\/nitu.mx\/?s={search_term_string}\"},\"query-input\":\"required name=search_term_string\"}],\"inLanguage\":\"es-MX\"},{\"@type\":[\"Person\",\"Organization\"],\"@id\":\"https:\/\/nitu.mx\/#\/schema\/person\/ae7a53426417292d3dd07b45a33e01bc\",\"name\":\"Arturo Medina\",\"image\":{\"@type\":\"ImageObject\",\"inLanguage\":\"es-MX\",\"@id\":\"https:\/\/nitu.mx\/#\/schema\/person\/image\/\",\"url\":\"https:\/\/nitu.mx\/wp-content\/uploads\/2024\/04\/4A315622-1904-4D5C-B022-878CDC840E04-90x90-1.jpeg\",\"contentUrl\":\"https:\/\/nitu.mx\/wp-content\/uploads\/2024\/04\/4A315622-1904-4D5C-B022-878CDC840E04-90x90-1.jpeg\",\"width\":90,\"height\":90,\"caption\":\"Arturo Medina\"},\"logo\":{\"@id\":\"https:\/\/nitu.mx\/#\/schema\/person\/image\/\"},\"description\":\"Director NITU.mx, Egresado de la Escuela de Periodismo Carlos Septi\u00e9n Garc\u00eda. Periodista y analista especializado en turismo desde hace 35 a\u00f1os, radicado en Canc\u00fan Q.Roo. arturo@nitu.mx\",\"sameAs\":[\"https:\/\/nitu.mx\",\"https:\/\/www.facebook.com\/NITUmx\/\",\"medinacancun\",\"https:\/\/twitter.com\/@Arturo_Medina_G\"]},{\"@type\":\"Person\",\"@id\":\"https:\/\/nitu.mx\/#\/schema\/person\/4a28fe9bd65924f7c90623773daf1b0b\",\"name\":\"Redacci\u00f3n\",\"image\":{\"@type\":\"ImageObject\",\"inLanguage\":\"es-MX\",\"@id\":\"https:\/\/nitu.mx\/#\/schema\/person\/image\/\",\"url\":\"https:\/\/secure.gravatar.com\/avatar\/5dd011c8ccfc5cd7e4c81e42252aab38?s=96&d=mm&r=g\",\"contentUrl\":\"https:\/\/secure.gravatar.com\/avatar\/5dd011c8ccfc5cd7e4c81e42252aab38?s=96&d=mm&r=g\",\"caption\":\"Redacci\u00f3n\"},\"url\":\"https:\/\/nitu.mx\/index.php\/author\/redaccion\/\"}]}<\/script>\n<!-- \/ Yoast SEO plugin. -->","yoast_head_json":{"title":"Volaris no repunta en pasajeros ni capacidad, solo en ocupaci\u00f3n con 86% - Nitu - Noticias de la Industria Turistica","robots":{"index":"index","follow":"follow","max-snippet":"max-snippet:-1","max-image-preview":"max-image-preview:large","max-video-preview":"max-video-preview:-1"},"canonical":"https:\/\/nitu.mx\/index.php\/2024\/07\/08\/volaris-no-repunta-en-pasajeros-ni-capacidad-solo-en-ocupacion-con-86\/","twitter_card":"summary_large_image","twitter_title":"Volaris no repunta en pasajeros ni capacidad, solo en ocupaci\u00f3n con 86% - Nitu - Noticias de la Industria Turistica","twitter_description":"Volaris, la aerol\u00ednea de ultra bajo costo que opera en M\u00e9xico, Estados Unidos, Centro y Sudam\u00e9rica, reporta sus resultados preliminares de tr\u00e1fico de\u00a0junio de 2024, cuyo \u00fanico indicador que mostr\u00f3 un incremento fue la ocupaci\u00f3n, mientras que la capacidad y el tr\u00e1fico de pasajeros sigue acumulando cifras a la baja, tanto en su comparativo interanual, [&hellip;]","twitter_image":"https:\/\/nitu.mx\/wp-content\/uploads\/2018\/11\/Avi\u00f3n-A320neo-Volaris.jpg","twitter_creator":"@NITUmx","twitter_site":"@Arturo_Medina_G","twitter_misc":{"Escrito por":"Redacci\u00f3n","Tiempo de lectura":"2 minutos"},"schema":{"@context":"https:\/\/schema.org","@graph":[{"@type":"Article","@id":"https:\/\/nitu.mx\/index.php\/2024\/07\/08\/volaris-no-repunta-en-pasajeros-ni-capacidad-solo-en-ocupacion-con-86\/#article","isPartOf":{"@id":"https:\/\/nitu.mx\/index.php\/2024\/07\/08\/volaris-no-repunta-en-pasajeros-ni-capacidad-solo-en-ocupacion-con-86\/"},"author":{"name":"Redacci\u00f3n","@id":"https:\/\/nitu.mx\/#\/schema\/person\/4a28fe9bd65924f7c90623773daf1b0b"},"headline":"Volaris no repunta en pasajeros ni capacidad, solo en ocupaci\u00f3n con 86%","datePublished":"2024-07-09T02:54:36+00:00","dateModified":"2024-07-09T02:54:38+00:00","mainEntityOfPage":{"@id":"https:\/\/nitu.mx\/index.php\/2024\/07\/08\/volaris-no-repunta-en-pasajeros-ni-capacidad-solo-en-ocupacion-con-86\/"},"wordCount":325,"commentCount":0,"publisher":{"@id":"https:\/\/nitu.mx\/#\/schema\/person\/ae7a53426417292d3dd07b45a33e01bc"},"image":{"@id":"https:\/\/nitu.mx\/index.php\/2024\/07\/08\/volaris-no-repunta-en-pasajeros-ni-capacidad-solo-en-ocupacion-con-86\/#primaryimage"},"thumbnailUrl":"https:\/\/nitu.mx\/wp-content\/uploads\/2018\/11\/Avi\u00f3n-A320neo-Volaris.jpg","keywords":["capacidad","Enrique Beltranena","ocupaci\u00f3n","pasajeros","Volaris"],"articleSection":["Aerol\u00edneas"],"inLanguage":"es-MX","potentialAction":[{"@type":"CommentAction","name":"Comment","target":["https:\/\/nitu.mx\/index.php\/2024\/07\/08\/volaris-no-repunta-en-pasajeros-ni-capacidad-solo-en-ocupacion-con-86\/#respond"]}]},{"@type":"WebPage","@id":"https:\/\/nitu.mx\/index.php\/2024\/07\/08\/volaris-no-repunta-en-pasajeros-ni-capacidad-solo-en-ocupacion-con-86\/","url":"https:\/\/nitu.mx\/index.php\/2024\/07\/08\/volaris-no-repunta-en-pasajeros-ni-capacidad-solo-en-ocupacion-con-86\/","name":"Volaris no repunta en pasajeros ni capacidad, solo en ocupaci\u00f3n con 86% - Nitu - Noticias de la Industria Turistica","isPartOf":{"@id":"https:\/\/nitu.mx\/#website"},"primaryImageOfPage":{"@id":"https:\/\/nitu.mx\/index.php\/2024\/07\/08\/volaris-no-repunta-en-pasajeros-ni-capacidad-solo-en-ocupacion-con-86\/#primaryimage"},"image":{"@id":"https:\/\/nitu.mx\/index.php\/2024\/07\/08\/volaris-no-repunta-en-pasajeros-ni-capacidad-solo-en-ocupacion-con-86\/#primaryimage"},"thumbnailUrl":"https:\/\/nitu.mx\/wp-content\/uploads\/2018\/11\/Avi\u00f3n-A320neo-Volaris.jpg","datePublished":"2024-07-09T02:54:36+00:00","dateModified":"2024-07-09T02:54:38+00:00","breadcrumb":{"@id":"https:\/\/nitu.mx\/index.php\/2024\/07\/08\/volaris-no-repunta-en-pasajeros-ni-capacidad-solo-en-ocupacion-con-86\/#breadcrumb"},"inLanguage":"es-MX","potentialAction":[{"@type":"ReadAction","target":["https:\/\/nitu.mx\/index.php\/2024\/07\/08\/volaris-no-repunta-en-pasajeros-ni-capacidad-solo-en-ocupacion-con-86\/"]}]},{"@type":"ImageObject","inLanguage":"es-MX","@id":"https:\/\/nitu.mx\/index.php\/2024\/07\/08\/volaris-no-repunta-en-pasajeros-ni-capacidad-solo-en-ocupacion-con-86\/#primaryimage","url":"https:\/\/nitu.mx\/wp-content\/uploads\/2018\/11\/Avi\u00f3n-A320neo-Volaris.jpg","contentUrl":"https:\/\/nitu.mx\/wp-content\/uploads\/2018\/11\/Avi\u00f3n-A320neo-Volaris.jpg","width":850,"height":480,"caption":"Volaris BMV v.business Baja California Sur"},{"@type":"BreadcrumbList","@id":"https:\/\/nitu.mx\/index.php\/2024\/07\/08\/volaris-no-repunta-en-pasajeros-ni-capacidad-solo-en-ocupacion-con-86\/#breadcrumb","itemListElement":[{"@type":"ListItem","position":1,"name":"Inicio","item":"https:\/\/nitu.mx\/"},{"@type":"ListItem","position":2,"name":"Volaris no repunta en pasajeros ni capacidad, solo en ocupaci\u00f3n con 86%"}]},{"@type":"WebSite","@id":"https:\/\/nitu.mx\/#website","url":"https:\/\/nitu.mx\/","name":"Nitu - Noticias de la Industria Turistica","description":"Noticias de la Industria Turistica","publisher":{"@id":"https:\/\/nitu.mx\/#\/schema\/person\/ae7a53426417292d3dd07b45a33e01bc"},"alternateName":"Noticias de la Industria Turistica","potentialAction":[{"@type":"SearchAction","target":{"@type":"EntryPoint","urlTemplate":"https:\/\/nitu.mx\/?s={search_term_string}"},"query-input":"required name=search_term_string"}],"inLanguage":"es-MX"},{"@type":["Person","Organization"],"@id":"https:\/\/nitu.mx\/#\/schema\/person\/ae7a53426417292d3dd07b45a33e01bc","name":"Arturo Medina","image":{"@type":"ImageObject","inLanguage":"es-MX","@id":"https:\/\/nitu.mx\/#\/schema\/person\/image\/","url":"https:\/\/nitu.mx\/wp-content\/uploads\/2024\/04\/4A315622-1904-4D5C-B022-878CDC840E04-90x90-1.jpeg","contentUrl":"https:\/\/nitu.mx\/wp-content\/uploads\/2024\/04\/4A315622-1904-4D5C-B022-878CDC840E04-90x90-1.jpeg","width":90,"height":90,"caption":"Arturo Medina"},"logo":{"@id":"https:\/\/nitu.mx\/#\/schema\/person\/image\/"},"description":"Director NITU.mx, Egresado de la Escuela de Periodismo Carlos Septi\u00e9n Garc\u00eda. Periodista y analista especializado en turismo desde hace 35 a\u00f1os, radicado en Canc\u00fan Q.Roo. arturo@nitu.mx","sameAs":["https:\/\/nitu.mx","https:\/\/www.facebook.com\/NITUmx\/","medinacancun","https:\/\/twitter.com\/@Arturo_Medina_G"]},{"@type":"Person","@id":"https:\/\/nitu.mx\/#\/schema\/person\/4a28fe9bd65924f7c90623773daf1b0b","name":"Redacci\u00f3n","image":{"@type":"ImageObject","inLanguage":"es-MX","@id":"https:\/\/nitu.mx\/#\/schema\/person\/image\/","url":"https:\/\/secure.gravatar.com\/avatar\/5dd011c8ccfc5cd7e4c81e42252aab38?s=96&d=mm&r=g","contentUrl":"https:\/\/secure.gravatar.com\/avatar\/5dd011c8ccfc5cd7e4c81e42252aab38?s=96&d=mm&r=g","caption":"Redacci\u00f3n"},"url":"https:\/\/nitu.mx\/index.php\/author\/redaccion\/"}]}},"views":943,"_links":{"self":[{"href":"https:\/\/nitu.mx\/index.php\/wp-json\/wp\/v2\/posts\/72904"}],"collection":[{"href":"https:\/\/nitu.mx\/index.php\/wp-json\/wp\/v2\/posts"}],"about":[{"href":"https:\/\/nitu.mx\/index.php\/wp-json\/wp\/v2\/types\/post"}],"author":[{"embeddable":true,"href":"https:\/\/nitu.mx\/index.php\/wp-json\/wp\/v2\/users\/17"}],"replies":[{"embeddable":true,"href":"https:\/\/nitu.mx\/index.php\/wp-json\/wp\/v2\/comments?post=72904"}],"version-history":[{"count":1,"href":"https:\/\/nitu.mx\/index.php\/wp-json\/wp\/v2\/posts\/72904\/revisions"}],"predecessor-version":[{"id":72906,"href":"https:\/\/nitu.mx\/index.php\/wp-json\/wp\/v2\/posts\/72904\/revisions\/72906"}],"wp:featuredmedia":[{"embeddable":true,"href":"https:\/\/nitu.mx\/index.php\/wp-json\/wp\/v2\/media\/27038"}],"wp:attachment":[{"href":"https:\/\/nitu.mx\/index.php\/wp-json\/wp\/v2\/media?parent=72904"}],"wp:term":[{"taxonomy":"category","embeddable":true,"href":"https:\/\/nitu.mx\/index.php\/wp-json\/wp\/v2\/categories?post=72904"},{"taxonomy":"post_tag","embeddable":true,"href":"https:\/\/nitu.mx\/index.php\/wp-json\/wp\/v2\/tags?post=72904"}],"curies":[{"name":"wp","href":"https:\/\/api.w.org\/{rel}","templated":true}]}}