{"id":72764,"date":"2024-07-03T20:47:36","date_gmt":"2024-07-04T02:47:36","guid":{"rendered":"https:\/\/nitu.mx\/?p=72764"},"modified":"2024-07-03T20:47:36","modified_gmt":"2024-07-04T02:47:36","slug":"puerto-vallarta-concluye-su-exitosa-caravana-de-capacitacion-en-estados-unidos","status":"publish","type":"post","link":"https:\/\/nitu.mx\/index.php\/2024\/07\/03\/puerto-vallarta-concluye-su-exitosa-caravana-de-capacitacion-en-estados-unidos\/","title":{"rendered":"Puerto Vallarta concluye su exitosa caravana de capacitaci\u00f3n en Estados Unidos"},"content":{"rendered":"\n<p>El Fideicomiso de Turismo de Puerto Vallarta contin\u00faa con una intensa agenda de trabajo para incentivar las temporadas de verano e invierno en Norteam\u00e9rica. Para cerrar el mes de junio, llev\u00f3 a cabo una serie de seminarios en cuatro importantes ciudades del oeste medio de Estados Unidos en compa\u00f1\u00eda de la Oficina de Visitantes y Convenciones de Guadalajara; esto con el fin de agregar valor a la oferta de nuestros destinos y rincones de Jalisco.<\/p>\n\n\n\n<p>Adem\u00e1s de asesores de viajes con quienes se tuvo acercamiento previo en importantes eventos de la industria tur\u00edstica realizados este a\u00f1o como Las Vegas Travel Agent Forum, The ASTA Travel Advisor Conference, GTM West y EDGE Conference, estos seminarios reunieron a agentes de viajes top en producci\u00f3n convocados por aliados comerciales como ALG Vacations, Delta Vacations, Aerom\u00e9xico y Volaris.<\/p>\n\n\n\n<p>La asistencia a estos seminarios permiti\u00f3 reforzar la relaci\u00f3n con ellos, as\u00ed como brindarles una capacitaci\u00f3n completa acerca de Puerto Vallarta y sus incontables atractivos tur\u00edsticos que lo hacen un destino \u00fanico, entre ellos su cartelera de eventos fijos, la gran oferta gastron\u00f3mica con m\u00e1s de 2,000 restaurantes y la enorme variedad de tours y actividades al aire libre.<\/p>\n\n\n\n<p>En esta ocasi\u00f3n, acompa\u00f1aron al destino los hoteles Grand Park Royal, Hoteles Buenaventura, Krystal Hotels y Meli\u00e1 Puerto Vallarta, teniendo la oportunidad de mostrar a los agentes estadounidenses su oferta de hospedaje con opciones para todo tipo de viajeros: personas que viajan solas, familias con ni\u00f1os, parejas y s\u00f3lo adultos, por mencionar algunas.<\/p>\n\n\n\n<p>Luis Villase\u00f1or, director del Fideicomiso de Turismo de Puerto Vallarta, se\u00f1al\u00f3: \u201cseguimos convocando a los mejores promotores de nuestro principal mercado internacional para reforzar y enriquecer sus conocimientos acerca del destino, brind\u00e1ndoles mayores herramientas de venta con el fin de incentivar las temporadas de verano e invierno\u201d.<\/p>\n\n\n\n<p>En esta caravana se capacitaron asesores de viajes l\u00edderes en la industria, a quienes tambi\u00e9n se les dio a conocer la conexi\u00f3n a\u00e9rea directa que tiene el destino desde Chicago, as\u00ed como la conectividad a trav\u00e9s de importantes HUBS como Atlanta, Dallas, Denver y Houston. (<a href=\"https:\/\/nitu.mx\/index.php\/2024\/06\/19\/puerto-vallarta-y-price-travel-estrategia-para-atraer-mas-turistas\/\">Puerto Vallarta y Price Travel: estrategia para atraer m\u00e1s turistas<\/a>).<\/p>\n","protected":false},"excerpt":{"rendered":"<p>El Fideicomiso de Turismo de Puerto Vallarta contin\u00faa con una intensa agenda de trabajo para incentivar las temporadas de verano e invierno en Norteam\u00e9rica. Para cerrar el mes de junio, llev\u00f3 a cabo una serie de seminarios en cuatro importantes ciudades del oeste medio de Estados Unidos en compa\u00f1\u00eda de la Oficina de Visitantes y [&hellip;]<\/p>\n","protected":false},"author":17,"featured_media":72766,"comment_status":"open","ping_status":"open","sticky":false,"template":"","format":"standard","meta":{"footnotes":""},"categories":[5],"tags":[13543,100,10326,490,471],"yoast_head":"<!-- This site is optimized with the Yoast SEO plugin v22.2 - https:\/\/yoast.com\/wordpress\/plugins\/seo\/ -->\n<title>Puerto Vallarta concluye su exitosa caravana de capacitaci\u00f3n en Estados Unidos - Nitu - Noticias de la Industria Turistica<\/title>\n<meta name=\"robots\" content=\"index, follow, max-snippet:-1, max-image-preview:large, max-video-preview:-1\" \/>\n<link rel=\"canonical\" href=\"https:\/\/nitu.mx\/index.php\/2024\/07\/03\/puerto-vallarta-concluye-su-exitosa-caravana-de-capacitacion-en-estados-unidos\/\" \/>\n<meta name=\"twitter:card\" content=\"summary_large_image\" \/>\n<meta name=\"twitter:title\" content=\"Puerto Vallarta concluye su exitosa caravana de capacitaci\u00f3n en Estados Unidos - Nitu - Noticias de la Industria Turistica\" \/>\n<meta name=\"twitter:description\" content=\"El Fideicomiso de Turismo de Puerto Vallarta contin\u00faa con una intensa agenda de trabajo para incentivar las temporadas de verano e invierno en Norteam\u00e9rica. Para cerrar el mes de junio, llev\u00f3 a cabo una serie de seminarios en cuatro importantes ciudades del oeste medio de Estados Unidos en compa\u00f1\u00eda de la Oficina de Visitantes y [&hellip;]\" \/>\n<meta name=\"twitter:image\" content=\"https:\/\/nitu.mx\/wp-content\/uploads\/2024\/07\/Puerto-Vallarta-caravana-Estados-Unidos.jpg\" \/>\n<meta name=\"twitter:creator\" content=\"@NITUmx\" \/>\n<meta name=\"twitter:site\" content=\"@Arturo_Medina_G\" \/>\n<meta name=\"twitter:label1\" content=\"Escrito por\" \/>\n\t<meta name=\"twitter:data1\" content=\"Redacci\u00f3n\" \/>\n\t<meta name=\"twitter:label2\" content=\"Tiempo de lectura\" \/>\n\t<meta name=\"twitter:data2\" content=\"2 minutos\" \/>\n<script type=\"application\/ld+json\" class=\"yoast-schema-graph\">{\"@context\":\"https:\/\/schema.org\",\"@graph\":[{\"@type\":\"Article\",\"@id\":\"https:\/\/nitu.mx\/index.php\/2024\/07\/03\/puerto-vallarta-concluye-su-exitosa-caravana-de-capacitacion-en-estados-unidos\/#article\",\"isPartOf\":{\"@id\":\"https:\/\/nitu.mx\/index.php\/2024\/07\/03\/puerto-vallarta-concluye-su-exitosa-caravana-de-capacitacion-en-estados-unidos\/\"},\"author\":{\"name\":\"Redacci\u00f3n\",\"@id\":\"https:\/\/nitu.mx\/#\/schema\/person\/4a28fe9bd65924f7c90623773daf1b0b\"},\"headline\":\"Puerto Vallarta concluye su exitosa caravana de capacitaci\u00f3n en Estados Unidos\",\"datePublished\":\"2024-07-04T02:47:36+00:00\",\"dateModified\":\"2024-07-04T02:47:36+00:00\",\"mainEntityOfPage\":{\"@id\":\"https:\/\/nitu.mx\/index.php\/2024\/07\/03\/puerto-vallarta-concluye-su-exitosa-caravana-de-capacitacion-en-estados-unidos\/\"},\"wordCount\":385,\"commentCount\":0,\"publisher\":{\"@id\":\"https:\/\/nitu.mx\/#\/schema\/person\/ae7a53426417292d3dd07b45a33e01bc\"},\"image\":{\"@id\":\"https:\/\/nitu.mx\/index.php\/2024\/07\/03\/puerto-vallarta-concluye-su-exitosa-caravana-de-capacitacion-en-estados-unidos\/#primaryimage\"},\"thumbnailUrl\":\"https:\/\/nitu.mx\/wp-content\/uploads\/2024\/07\/Puerto-Vallarta-caravana-Estados-Unidos.jpg\",\"keywords\":[\"caravana\",\"Estados Unidos\",\"Fidetur\",\"Guadalajara\",\"Puerto Vallarta\"],\"articleSection\":[\"Destinos\"],\"inLanguage\":\"es-MX\",\"potentialAction\":[{\"@type\":\"CommentAction\",\"name\":\"Comment\",\"target\":[\"https:\/\/nitu.mx\/index.php\/2024\/07\/03\/puerto-vallarta-concluye-su-exitosa-caravana-de-capacitacion-en-estados-unidos\/#respond\"]}]},{\"@type\":\"WebPage\",\"@id\":\"https:\/\/nitu.mx\/index.php\/2024\/07\/03\/puerto-vallarta-concluye-su-exitosa-caravana-de-capacitacion-en-estados-unidos\/\",\"url\":\"https:\/\/nitu.mx\/index.php\/2024\/07\/03\/puerto-vallarta-concluye-su-exitosa-caravana-de-capacitacion-en-estados-unidos\/\",\"name\":\"Puerto Vallarta concluye su exitosa caravana de capacitaci\u00f3n en Estados Unidos - Nitu - Noticias de la Industria Turistica\",\"isPartOf\":{\"@id\":\"https:\/\/nitu.mx\/#website\"},\"primaryImageOfPage\":{\"@id\":\"https:\/\/nitu.mx\/index.php\/2024\/07\/03\/puerto-vallarta-concluye-su-exitosa-caravana-de-capacitacion-en-estados-unidos\/#primaryimage\"},\"image\":{\"@id\":\"https:\/\/nitu.mx\/index.php\/2024\/07\/03\/puerto-vallarta-concluye-su-exitosa-caravana-de-capacitacion-en-estados-unidos\/#primaryimage\"},\"thumbnailUrl\":\"https:\/\/nitu.mx\/wp-content\/uploads\/2024\/07\/Puerto-Vallarta-caravana-Estados-Unidos.jpg\",\"datePublished\":\"2024-07-04T02:47:36+00:00\",\"dateModified\":\"2024-07-04T02:47:36+00:00\",\"breadcrumb\":{\"@id\":\"https:\/\/nitu.mx\/index.php\/2024\/07\/03\/puerto-vallarta-concluye-su-exitosa-caravana-de-capacitacion-en-estados-unidos\/#breadcrumb\"},\"inLanguage\":\"es-MX\",\"potentialAction\":[{\"@type\":\"ReadAction\",\"target\":[\"https:\/\/nitu.mx\/index.php\/2024\/07\/03\/puerto-vallarta-concluye-su-exitosa-caravana-de-capacitacion-en-estados-unidos\/\"]}]},{\"@type\":\"ImageObject\",\"inLanguage\":\"es-MX\",\"@id\":\"https:\/\/nitu.mx\/index.php\/2024\/07\/03\/puerto-vallarta-concluye-su-exitosa-caravana-de-capacitacion-en-estados-unidos\/#primaryimage\",\"url\":\"https:\/\/nitu.mx\/wp-content\/uploads\/2024\/07\/Puerto-Vallarta-caravana-Estados-Unidos.jpg\",\"contentUrl\":\"https:\/\/nitu.mx\/wp-content\/uploads\/2024\/07\/Puerto-Vallarta-caravana-Estados-Unidos.jpg\",\"width\":1200,\"height\":675,\"caption\":\"Puerto Vallarta caravana Estados Unidos\"},{\"@type\":\"BreadcrumbList\",\"@id\":\"https:\/\/nitu.mx\/index.php\/2024\/07\/03\/puerto-vallarta-concluye-su-exitosa-caravana-de-capacitacion-en-estados-unidos\/#breadcrumb\",\"itemListElement\":[{\"@type\":\"ListItem\",\"position\":1,\"name\":\"Inicio\",\"item\":\"https:\/\/nitu.mx\/\"},{\"@type\":\"ListItem\",\"position\":2,\"name\":\"Puerto Vallarta concluye su exitosa caravana de capacitaci\u00f3n en Estados Unidos\"}]},{\"@type\":\"WebSite\",\"@id\":\"https:\/\/nitu.mx\/#website\",\"url\":\"https:\/\/nitu.mx\/\",\"name\":\"Nitu - Noticias de la Industria Turistica\",\"description\":\"Noticias de la Industria Turistica\",\"publisher\":{\"@id\":\"https:\/\/nitu.mx\/#\/schema\/person\/ae7a53426417292d3dd07b45a33e01bc\"},\"alternateName\":\"Noticias de la Industria Turistica\",\"potentialAction\":[{\"@type\":\"SearchAction\",\"target\":{\"@type\":\"EntryPoint\",\"urlTemplate\":\"https:\/\/nitu.mx\/?s={search_term_string}\"},\"query-input\":\"required name=search_term_string\"}],\"inLanguage\":\"es-MX\"},{\"@type\":[\"Person\",\"Organization\"],\"@id\":\"https:\/\/nitu.mx\/#\/schema\/person\/ae7a53426417292d3dd07b45a33e01bc\",\"name\":\"Arturo Medina\",\"image\":{\"@type\":\"ImageObject\",\"inLanguage\":\"es-MX\",\"@id\":\"https:\/\/nitu.mx\/#\/schema\/person\/image\/\",\"url\":\"https:\/\/nitu.mx\/wp-content\/uploads\/2024\/04\/4A315622-1904-4D5C-B022-878CDC840E04-90x90-1.jpeg\",\"contentUrl\":\"https:\/\/nitu.mx\/wp-content\/uploads\/2024\/04\/4A315622-1904-4D5C-B022-878CDC840E04-90x90-1.jpeg\",\"width\":90,\"height\":90,\"caption\":\"Arturo Medina\"},\"logo\":{\"@id\":\"https:\/\/nitu.mx\/#\/schema\/person\/image\/\"},\"description\":\"Director NITU.mx, Egresado de la Escuela de Periodismo Carlos Septi\u00e9n Garc\u00eda. Periodista y analista especializado en turismo desde hace 35 a\u00f1os, radicado en Canc\u00fan Q.Roo. arturo@nitu.mx\",\"sameAs\":[\"https:\/\/nitu.mx\",\"https:\/\/www.facebook.com\/NITUmx\/\",\"medinacancun\",\"https:\/\/twitter.com\/@Arturo_Medina_G\"]},{\"@type\":\"Person\",\"@id\":\"https:\/\/nitu.mx\/#\/schema\/person\/4a28fe9bd65924f7c90623773daf1b0b\",\"name\":\"Redacci\u00f3n\",\"image\":{\"@type\":\"ImageObject\",\"inLanguage\":\"es-MX\",\"@id\":\"https:\/\/nitu.mx\/#\/schema\/person\/image\/\",\"url\":\"https:\/\/secure.gravatar.com\/avatar\/5dd011c8ccfc5cd7e4c81e42252aab38?s=96&d=mm&r=g\",\"contentUrl\":\"https:\/\/secure.gravatar.com\/avatar\/5dd011c8ccfc5cd7e4c81e42252aab38?s=96&d=mm&r=g\",\"caption\":\"Redacci\u00f3n\"},\"url\":\"https:\/\/nitu.mx\/index.php\/author\/redaccion\/\"}]}<\/script>\n<!-- \/ Yoast SEO plugin. -->","yoast_head_json":{"title":"Puerto Vallarta concluye su exitosa caravana de capacitaci\u00f3n en Estados Unidos - Nitu - Noticias de la Industria Turistica","robots":{"index":"index","follow":"follow","max-snippet":"max-snippet:-1","max-image-preview":"max-image-preview:large","max-video-preview":"max-video-preview:-1"},"canonical":"https:\/\/nitu.mx\/index.php\/2024\/07\/03\/puerto-vallarta-concluye-su-exitosa-caravana-de-capacitacion-en-estados-unidos\/","twitter_card":"summary_large_image","twitter_title":"Puerto Vallarta concluye su exitosa caravana de capacitaci\u00f3n en Estados Unidos - Nitu - Noticias de la Industria Turistica","twitter_description":"El Fideicomiso de Turismo de Puerto Vallarta contin\u00faa con una intensa agenda de trabajo para incentivar las temporadas de verano e invierno en Norteam\u00e9rica. Para cerrar el mes de junio, llev\u00f3 a cabo una serie de seminarios en cuatro importantes ciudades del oeste medio de Estados Unidos en compa\u00f1\u00eda de la Oficina de Visitantes y [&hellip;]","twitter_image":"https:\/\/nitu.mx\/wp-content\/uploads\/2024\/07\/Puerto-Vallarta-caravana-Estados-Unidos.jpg","twitter_creator":"@NITUmx","twitter_site":"@Arturo_Medina_G","twitter_misc":{"Escrito por":"Redacci\u00f3n","Tiempo de lectura":"2 minutos"},"schema":{"@context":"https:\/\/schema.org","@graph":[{"@type":"Article","@id":"https:\/\/nitu.mx\/index.php\/2024\/07\/03\/puerto-vallarta-concluye-su-exitosa-caravana-de-capacitacion-en-estados-unidos\/#article","isPartOf":{"@id":"https:\/\/nitu.mx\/index.php\/2024\/07\/03\/puerto-vallarta-concluye-su-exitosa-caravana-de-capacitacion-en-estados-unidos\/"},"author":{"name":"Redacci\u00f3n","@id":"https:\/\/nitu.mx\/#\/schema\/person\/4a28fe9bd65924f7c90623773daf1b0b"},"headline":"Puerto Vallarta concluye su exitosa caravana de capacitaci\u00f3n en Estados Unidos","datePublished":"2024-07-04T02:47:36+00:00","dateModified":"2024-07-04T02:47:36+00:00","mainEntityOfPage":{"@id":"https:\/\/nitu.mx\/index.php\/2024\/07\/03\/puerto-vallarta-concluye-su-exitosa-caravana-de-capacitacion-en-estados-unidos\/"},"wordCount":385,"commentCount":0,"publisher":{"@id":"https:\/\/nitu.mx\/#\/schema\/person\/ae7a53426417292d3dd07b45a33e01bc"},"image":{"@id":"https:\/\/nitu.mx\/index.php\/2024\/07\/03\/puerto-vallarta-concluye-su-exitosa-caravana-de-capacitacion-en-estados-unidos\/#primaryimage"},"thumbnailUrl":"https:\/\/nitu.mx\/wp-content\/uploads\/2024\/07\/Puerto-Vallarta-caravana-Estados-Unidos.jpg","keywords":["caravana","Estados Unidos","Fidetur","Guadalajara","Puerto Vallarta"],"articleSection":["Destinos"],"inLanguage":"es-MX","potentialAction":[{"@type":"CommentAction","name":"Comment","target":["https:\/\/nitu.mx\/index.php\/2024\/07\/03\/puerto-vallarta-concluye-su-exitosa-caravana-de-capacitacion-en-estados-unidos\/#respond"]}]},{"@type":"WebPage","@id":"https:\/\/nitu.mx\/index.php\/2024\/07\/03\/puerto-vallarta-concluye-su-exitosa-caravana-de-capacitacion-en-estados-unidos\/","url":"https:\/\/nitu.mx\/index.php\/2024\/07\/03\/puerto-vallarta-concluye-su-exitosa-caravana-de-capacitacion-en-estados-unidos\/","name":"Puerto Vallarta concluye su exitosa caravana de capacitaci\u00f3n en Estados Unidos - Nitu - Noticias de la Industria Turistica","isPartOf":{"@id":"https:\/\/nitu.mx\/#website"},"primaryImageOfPage":{"@id":"https:\/\/nitu.mx\/index.php\/2024\/07\/03\/puerto-vallarta-concluye-su-exitosa-caravana-de-capacitacion-en-estados-unidos\/#primaryimage"},"image":{"@id":"https:\/\/nitu.mx\/index.php\/2024\/07\/03\/puerto-vallarta-concluye-su-exitosa-caravana-de-capacitacion-en-estados-unidos\/#primaryimage"},"thumbnailUrl":"https:\/\/nitu.mx\/wp-content\/uploads\/2024\/07\/Puerto-Vallarta-caravana-Estados-Unidos.jpg","datePublished":"2024-07-04T02:47:36+00:00","dateModified":"2024-07-04T02:47:36+00:00","breadcrumb":{"@id":"https:\/\/nitu.mx\/index.php\/2024\/07\/03\/puerto-vallarta-concluye-su-exitosa-caravana-de-capacitacion-en-estados-unidos\/#breadcrumb"},"inLanguage":"es-MX","potentialAction":[{"@type":"ReadAction","target":["https:\/\/nitu.mx\/index.php\/2024\/07\/03\/puerto-vallarta-concluye-su-exitosa-caravana-de-capacitacion-en-estados-unidos\/"]}]},{"@type":"ImageObject","inLanguage":"es-MX","@id":"https:\/\/nitu.mx\/index.php\/2024\/07\/03\/puerto-vallarta-concluye-su-exitosa-caravana-de-capacitacion-en-estados-unidos\/#primaryimage","url":"https:\/\/nitu.mx\/wp-content\/uploads\/2024\/07\/Puerto-Vallarta-caravana-Estados-Unidos.jpg","contentUrl":"https:\/\/nitu.mx\/wp-content\/uploads\/2024\/07\/Puerto-Vallarta-caravana-Estados-Unidos.jpg","width":1200,"height":675,"caption":"Puerto Vallarta caravana Estados Unidos"},{"@type":"BreadcrumbList","@id":"https:\/\/nitu.mx\/index.php\/2024\/07\/03\/puerto-vallarta-concluye-su-exitosa-caravana-de-capacitacion-en-estados-unidos\/#breadcrumb","itemListElement":[{"@type":"ListItem","position":1,"name":"Inicio","item":"https:\/\/nitu.mx\/"},{"@type":"ListItem","position":2,"name":"Puerto Vallarta concluye su exitosa caravana de capacitaci\u00f3n en Estados Unidos"}]},{"@type":"WebSite","@id":"https:\/\/nitu.mx\/#website","url":"https:\/\/nitu.mx\/","name":"Nitu - Noticias de la Industria Turistica","description":"Noticias de la Industria Turistica","publisher":{"@id":"https:\/\/nitu.mx\/#\/schema\/person\/ae7a53426417292d3dd07b45a33e01bc"},"alternateName":"Noticias de la Industria Turistica","potentialAction":[{"@type":"SearchAction","target":{"@type":"EntryPoint","urlTemplate":"https:\/\/nitu.mx\/?s={search_term_string}"},"query-input":"required name=search_term_string"}],"inLanguage":"es-MX"},{"@type":["Person","Organization"],"@id":"https:\/\/nitu.mx\/#\/schema\/person\/ae7a53426417292d3dd07b45a33e01bc","name":"Arturo Medina","image":{"@type":"ImageObject","inLanguage":"es-MX","@id":"https:\/\/nitu.mx\/#\/schema\/person\/image\/","url":"https:\/\/nitu.mx\/wp-content\/uploads\/2024\/04\/4A315622-1904-4D5C-B022-878CDC840E04-90x90-1.jpeg","contentUrl":"https:\/\/nitu.mx\/wp-content\/uploads\/2024\/04\/4A315622-1904-4D5C-B022-878CDC840E04-90x90-1.jpeg","width":90,"height":90,"caption":"Arturo Medina"},"logo":{"@id":"https:\/\/nitu.mx\/#\/schema\/person\/image\/"},"description":"Director NITU.mx, Egresado de la Escuela de Periodismo Carlos Septi\u00e9n Garc\u00eda. Periodista y analista especializado en turismo desde hace 35 a\u00f1os, radicado en Canc\u00fan Q.Roo. arturo@nitu.mx","sameAs":["https:\/\/nitu.mx","https:\/\/www.facebook.com\/NITUmx\/","medinacancun","https:\/\/twitter.com\/@Arturo_Medina_G"]},{"@type":"Person","@id":"https:\/\/nitu.mx\/#\/schema\/person\/4a28fe9bd65924f7c90623773daf1b0b","name":"Redacci\u00f3n","image":{"@type":"ImageObject","inLanguage":"es-MX","@id":"https:\/\/nitu.mx\/#\/schema\/person\/image\/","url":"https:\/\/secure.gravatar.com\/avatar\/5dd011c8ccfc5cd7e4c81e42252aab38?s=96&d=mm&r=g","contentUrl":"https:\/\/secure.gravatar.com\/avatar\/5dd011c8ccfc5cd7e4c81e42252aab38?s=96&d=mm&r=g","caption":"Redacci\u00f3n"},"url":"https:\/\/nitu.mx\/index.php\/author\/redaccion\/"}]}},"views":700,"_links":{"self":[{"href":"https:\/\/nitu.mx\/index.php\/wp-json\/wp\/v2\/posts\/72764"}],"collection":[{"href":"https:\/\/nitu.mx\/index.php\/wp-json\/wp\/v2\/posts"}],"about":[{"href":"https:\/\/nitu.mx\/index.php\/wp-json\/wp\/v2\/types\/post"}],"author":[{"embeddable":true,"href":"https:\/\/nitu.mx\/index.php\/wp-json\/wp\/v2\/users\/17"}],"replies":[{"embeddable":true,"href":"https:\/\/nitu.mx\/index.php\/wp-json\/wp\/v2\/comments?post=72764"}],"version-history":[{"count":1,"href":"https:\/\/nitu.mx\/index.php\/wp-json\/wp\/v2\/posts\/72764\/revisions"}],"predecessor-version":[{"id":72767,"href":"https:\/\/nitu.mx\/index.php\/wp-json\/wp\/v2\/posts\/72764\/revisions\/72767"}],"wp:featuredmedia":[{"embeddable":true,"href":"https:\/\/nitu.mx\/index.php\/wp-json\/wp\/v2\/media\/72766"}],"wp:attachment":[{"href":"https:\/\/nitu.mx\/index.php\/wp-json\/wp\/v2\/media?parent=72764"}],"wp:term":[{"taxonomy":"category","embeddable":true,"href":"https:\/\/nitu.mx\/index.php\/wp-json\/wp\/v2\/categories?post=72764"},{"taxonomy":"post_tag","embeddable":true,"href":"https:\/\/nitu.mx\/index.php\/wp-json\/wp\/v2\/tags?post=72764"}],"curies":[{"name":"wp","href":"https:\/\/api.w.org\/{rel}","templated":true}]}}