{"id":72703,"date":"2024-07-03T00:35:39","date_gmt":"2024-07-03T06:35:39","guid":{"rendered":"https:\/\/nitu.mx\/?p=72703"},"modified":"2024-07-03T06:37:47","modified_gmt":"2024-07-03T12:37:47","slug":"aeromexico-y-delta-lanzan-nuevas-rutas-a-eu-desde-cdmx","status":"publish","type":"post","link":"https:\/\/nitu.mx\/index.php\/2024\/07\/03\/aeromexico-y-delta-lanzan-nuevas-rutas-a-eu-desde-cdmx\/","title":{"rendered":"Aerom\u00e9xico y Delta Lanzan Nuevas Rutas a EU desde CDMX"},"content":{"rendered":"<p>Aerom\u00e9xico, en alianza con Delta Air Lines, abrir\u00e1 tres nuevas rutas desde el Aeropuerto Internacional de la Ciudad de M\u00e9xico (AICM) a Raleigh-Durham, Tampa Bay y Washington D.C. A partir de julio, se ofrecer\u00e1n siete frecuencias semanales para cada destino, sumando m\u00e1s de 90 vuelos diarios entre M\u00e9xico y Estados Unidos.<\/p>\n<p>Esta expansi\u00f3n forma parte del Acuerdo de Colaboraci\u00f3n Conjunta entre ambas aerol\u00edneas, que ya ha lanzado m\u00e1s de 10 rutas este a\u00f1o. A pesar de advertencias del gobierno estadounidense sobre la alianza, Aerom\u00e9xico y Delta contin\u00faan ampliando sus servicios.<\/p>\n<p>El gobierno mexicano ha defendido la alianza, se\u00f1alando que su cancelaci\u00f3n podr\u00eda reducir la oferta de asientos en 1.5 millones por a\u00f1o y afectar 18 rutas binacionales. Adem\u00e1s, ha subrayado que la reducci\u00f3n de operaciones en el AICM es una medida para manejar la saturaci\u00f3n del aeropuerto, que recibe m\u00e1s de 40 millones de pasajeros anuales.<\/p>\n<p>Para mejorar el acceso a la capital mexicana, se ha construido el Aeropuerto Internacional Felipe \u00c1ngeles (AIFA) en el Estado de M\u00e9xico. Las aerol\u00edneas podr\u00e1n apelar la decisi\u00f3n de Estados Unidos, con un veredicto final previsto para octubre.<\/p>\n","protected":false},"excerpt":{"rendered":"<p>Aerom\u00e9xico, en alianza con Delta Air Lines, abrir\u00e1 tres nuevas rutas desde el Aeropuerto Internacional de la Ciudad de M\u00e9xico (AICM) a Raleigh-Durham, Tampa Bay y Washington D.C. A partir de julio, se ofrecer\u00e1n siete frecuencias semanales para cada destino, sumando m\u00e1s de 90 vuelos diarios entre M\u00e9xico y Estados Unidos. Esta expansi\u00f3n forma parte [&hellip;]<\/p>\n","protected":false},"author":3,"featured_media":54076,"comment_status":"open","ping_status":"open","sticky":false,"template":"","format":"standard","meta":{"footnotes":""},"categories":[29],"tags":[30,25649,1520,5168,23988],"yoast_head":"<!-- This site is optimized with the Yoast SEO plugin v22.2 - https:\/\/yoast.com\/wordpress\/plugins\/seo\/ -->\n<title>Aerom\u00e9xico y Delta Lanzan Nuevas Rutas a EU desde CDMX - Nitu - Noticias de la Industria Turistica<\/title>\n<meta name=\"robots\" content=\"index, follow, max-snippet:-1, max-image-preview:large, max-video-preview:-1\" \/>\n<link rel=\"canonical\" href=\"https:\/\/nitu.mx\/index.php\/2024\/07\/03\/aeromexico-y-delta-lanzan-nuevas-rutas-a-eu-desde-cdmx\/\" \/>\n<meta name=\"twitter:card\" content=\"summary_large_image\" \/>\n<meta name=\"twitter:title\" content=\"Aerom\u00e9xico y Delta Lanzan Nuevas Rutas a EU desde CDMX - Nitu - Noticias de la Industria Turistica\" \/>\n<meta name=\"twitter:description\" content=\"Aerom\u00e9xico, en alianza con Delta Air Lines, abrir\u00e1 tres nuevas rutas desde el Aeropuerto Internacional de la Ciudad de M\u00e9xico (AICM) a Raleigh-Durham, Tampa Bay y Washington D.C. A partir de julio, se ofrecer\u00e1n siete frecuencias semanales para cada destino, sumando m\u00e1s de 90 vuelos diarios entre M\u00e9xico y Estados Unidos. Esta expansi\u00f3n forma parte [&hellip;]\" \/>\n<meta name=\"twitter:image\" content=\"https:\/\/nitu.mx\/wp-content\/uploads\/2021\/07\/Aeromexico-737-MAX.jpg\" \/>\n<meta name=\"twitter:creator\" content=\"@NITUmx\" \/>\n<meta name=\"twitter:site\" content=\"@Arturo_Medina_G\" \/>\n<meta name=\"twitter:label1\" content=\"Escrito por\" \/>\n\t<meta name=\"twitter:data1\" content=\"Alejandra Moncisbays\" \/>\n\t<meta name=\"twitter:label2\" content=\"Tiempo de lectura\" \/>\n\t<meta name=\"twitter:data2\" content=\"1 minuto\" \/>\n<script type=\"application\/ld+json\" class=\"yoast-schema-graph\">{\"@context\":\"https:\/\/schema.org\",\"@graph\":[{\"@type\":\"Article\",\"@id\":\"https:\/\/nitu.mx\/index.php\/2024\/07\/03\/aeromexico-y-delta-lanzan-nuevas-rutas-a-eu-desde-cdmx\/#article\",\"isPartOf\":{\"@id\":\"https:\/\/nitu.mx\/index.php\/2024\/07\/03\/aeromexico-y-delta-lanzan-nuevas-rutas-a-eu-desde-cdmx\/\"},\"author\":{\"name\":\"Alejandra Moncisbays\",\"@id\":\"https:\/\/nitu.mx\/#\/schema\/person\/2ecd887b19dfd3382d1f14fc5acf24a8\"},\"headline\":\"Aerom\u00e9xico y Delta Lanzan Nuevas Rutas a EU desde CDMX\",\"datePublished\":\"2024-07-03T06:35:39+00:00\",\"dateModified\":\"2024-07-03T12:37:47+00:00\",\"mainEntityOfPage\":{\"@id\":\"https:\/\/nitu.mx\/index.php\/2024\/07\/03\/aeromexico-y-delta-lanzan-nuevas-rutas-a-eu-desde-cdmx\/\"},\"wordCount\":215,\"commentCount\":0,\"publisher\":{\"@id\":\"https:\/\/nitu.mx\/#\/schema\/person\/ae7a53426417292d3dd07b45a33e01bc\"},\"image\":{\"@id\":\"https:\/\/nitu.mx\/index.php\/2024\/07\/03\/aeromexico-y-delta-lanzan-nuevas-rutas-a-eu-desde-cdmx\/#primaryimage\"},\"thumbnailUrl\":\"https:\/\/nitu.mx\/wp-content\/uploads\/2021\/07\/Aeromexico-737-MAX.jpg\",\"keywords\":[\"Aerom\u00e9xico\",\"Aeropuerto Internacional de la Ciudad de M\u00e9xico (AICM) a Raleigh-Durham\",\"Delta Air Lines\",\"rutas\",\"Tampa Bay\"],\"articleSection\":[\"Aerol\u00edneas\"],\"inLanguage\":\"es-MX\",\"potentialAction\":[{\"@type\":\"CommentAction\",\"name\":\"Comment\",\"target\":[\"https:\/\/nitu.mx\/index.php\/2024\/07\/03\/aeromexico-y-delta-lanzan-nuevas-rutas-a-eu-desde-cdmx\/#respond\"]}]},{\"@type\":\"WebPage\",\"@id\":\"https:\/\/nitu.mx\/index.php\/2024\/07\/03\/aeromexico-y-delta-lanzan-nuevas-rutas-a-eu-desde-cdmx\/\",\"url\":\"https:\/\/nitu.mx\/index.php\/2024\/07\/03\/aeromexico-y-delta-lanzan-nuevas-rutas-a-eu-desde-cdmx\/\",\"name\":\"Aerom\u00e9xico y Delta Lanzan Nuevas Rutas a EU desde CDMX - Nitu - Noticias de la Industria Turistica\",\"isPartOf\":{\"@id\":\"https:\/\/nitu.mx\/#website\"},\"primaryImageOfPage\":{\"@id\":\"https:\/\/nitu.mx\/index.php\/2024\/07\/03\/aeromexico-y-delta-lanzan-nuevas-rutas-a-eu-desde-cdmx\/#primaryimage\"},\"image\":{\"@id\":\"https:\/\/nitu.mx\/index.php\/2024\/07\/03\/aeromexico-y-delta-lanzan-nuevas-rutas-a-eu-desde-cdmx\/#primaryimage\"},\"thumbnailUrl\":\"https:\/\/nitu.mx\/wp-content\/uploads\/2021\/07\/Aeromexico-737-MAX.jpg\",\"datePublished\":\"2024-07-03T06:35:39+00:00\",\"dateModified\":\"2024-07-03T12:37:47+00:00\",\"breadcrumb\":{\"@id\":\"https:\/\/nitu.mx\/index.php\/2024\/07\/03\/aeromexico-y-delta-lanzan-nuevas-rutas-a-eu-desde-cdmx\/#breadcrumb\"},\"inLanguage\":\"es-MX\",\"potentialAction\":[{\"@type\":\"ReadAction\",\"target\":[\"https:\/\/nitu.mx\/index.php\/2024\/07\/03\/aeromexico-y-delta-lanzan-nuevas-rutas-a-eu-desde-cdmx\/\"]}]},{\"@type\":\"ImageObject\",\"inLanguage\":\"es-MX\",\"@id\":\"https:\/\/nitu.mx\/index.php\/2024\/07\/03\/aeromexico-y-delta-lanzan-nuevas-rutas-a-eu-desde-cdmx\/#primaryimage\",\"url\":\"https:\/\/nitu.mx\/wp-content\/uploads\/2021\/07\/Aeromexico-737-MAX.jpg\",\"contentUrl\":\"https:\/\/nitu.mx\/wp-content\/uploads\/2021\/07\/Aeromexico-737-MAX.jpg\",\"width\":1200,\"height\":675,\"caption\":\"Aerom\u00e9xico\"},{\"@type\":\"BreadcrumbList\",\"@id\":\"https:\/\/nitu.mx\/index.php\/2024\/07\/03\/aeromexico-y-delta-lanzan-nuevas-rutas-a-eu-desde-cdmx\/#breadcrumb\",\"itemListElement\":[{\"@type\":\"ListItem\",\"position\":1,\"name\":\"Inicio\",\"item\":\"https:\/\/nitu.mx\/\"},{\"@type\":\"ListItem\",\"position\":2,\"name\":\"Aerom\u00e9xico y Delta Lanzan Nuevas Rutas a EU desde CDMX\"}]},{\"@type\":\"WebSite\",\"@id\":\"https:\/\/nitu.mx\/#website\",\"url\":\"https:\/\/nitu.mx\/\",\"name\":\"Nitu - Noticias de la Industria Turistica\",\"description\":\"Noticias de la Industria Turistica\",\"publisher\":{\"@id\":\"https:\/\/nitu.mx\/#\/schema\/person\/ae7a53426417292d3dd07b45a33e01bc\"},\"alternateName\":\"Noticias de la Industria Turistica\",\"potentialAction\":[{\"@type\":\"SearchAction\",\"target\":{\"@type\":\"EntryPoint\",\"urlTemplate\":\"https:\/\/nitu.mx\/?s={search_term_string}\"},\"query-input\":\"required name=search_term_string\"}],\"inLanguage\":\"es-MX\"},{\"@type\":[\"Person\",\"Organization\"],\"@id\":\"https:\/\/nitu.mx\/#\/schema\/person\/ae7a53426417292d3dd07b45a33e01bc\",\"name\":\"Arturo Medina\",\"image\":{\"@type\":\"ImageObject\",\"inLanguage\":\"es-MX\",\"@id\":\"https:\/\/nitu.mx\/#\/schema\/person\/image\/\",\"url\":\"https:\/\/nitu.mx\/wp-content\/uploads\/2024\/04\/4A315622-1904-4D5C-B022-878CDC840E04-90x90-1.jpeg\",\"contentUrl\":\"https:\/\/nitu.mx\/wp-content\/uploads\/2024\/04\/4A315622-1904-4D5C-B022-878CDC840E04-90x90-1.jpeg\",\"width\":90,\"height\":90,\"caption\":\"Arturo Medina\"},\"logo\":{\"@id\":\"https:\/\/nitu.mx\/#\/schema\/person\/image\/\"},\"description\":\"Director NITU.mx, Egresado de la Escuela de Periodismo Carlos Septi\u00e9n Garc\u00eda. Periodista y analista especializado en turismo desde hace 35 a\u00f1os, radicado en Canc\u00fan Q.Roo. arturo@nitu.mx\",\"sameAs\":[\"https:\/\/nitu.mx\",\"https:\/\/www.facebook.com\/NITUmx\/\",\"medinacancun\",\"https:\/\/twitter.com\/@Arturo_Medina_G\"]},{\"@type\":\"Person\",\"@id\":\"https:\/\/nitu.mx\/#\/schema\/person\/2ecd887b19dfd3382d1f14fc5acf24a8\",\"name\":\"Alejandra Moncisbays\",\"image\":{\"@type\":\"ImageObject\",\"inLanguage\":\"es-MX\",\"@id\":\"https:\/\/nitu.mx\/#\/schema\/person\/image\/\",\"url\":\"https:\/\/secure.gravatar.com\/avatar\/e74f7af0be172b7804dacfd0bfbef787?s=96&d=mm&r=g\",\"contentUrl\":\"https:\/\/secure.gravatar.com\/avatar\/e74f7af0be172b7804dacfd0bfbef787?s=96&d=mm&r=g\",\"caption\":\"Alejandra Moncisbays\"},\"description\":\"Curs\u00e9 la carrera de Periodismo y Comunicaci\u00f3n en la Facultad de Estudios Profesionales Acatl\u00e1n. Vivo en Canc\u00fan desde hace 24 a\u00f1os. Fui reportera de La Tarde de Canc\u00fan, y Novedades de Quintana Roo, colabor\u00e9 en TVCUN, edit\u00e9 Cancun\u00edssimo y colabor\u00e9 en las revistas Latitud21, entre otras, con principal enfoque en los sectores empresarial y tur\u00edstico. Desde hace varios a\u00f1os soy Agente de Seguros con c\u00e9dula de la Comisi\u00f3n Nacional de Seguros y Fianzas. Actualmente, me desarrollo en los \u00e1mbitos del periodismo y el sector asegurador.\",\"sameAs\":[\"https:\/\/nitu.mx\"],\"url\":\"https:\/\/nitu.mx\/index.php\/author\/alejandra\/\"}]}<\/script>\n<!-- \/ Yoast SEO plugin. -->","yoast_head_json":{"title":"Aerom\u00e9xico y Delta Lanzan Nuevas Rutas a EU desde CDMX - Nitu - Noticias de la Industria Turistica","robots":{"index":"index","follow":"follow","max-snippet":"max-snippet:-1","max-image-preview":"max-image-preview:large","max-video-preview":"max-video-preview:-1"},"canonical":"https:\/\/nitu.mx\/index.php\/2024\/07\/03\/aeromexico-y-delta-lanzan-nuevas-rutas-a-eu-desde-cdmx\/","twitter_card":"summary_large_image","twitter_title":"Aerom\u00e9xico y Delta Lanzan Nuevas Rutas a EU desde CDMX - Nitu - Noticias de la Industria Turistica","twitter_description":"Aerom\u00e9xico, en alianza con Delta Air Lines, abrir\u00e1 tres nuevas rutas desde el Aeropuerto Internacional de la Ciudad de M\u00e9xico (AICM) a Raleigh-Durham, Tampa Bay y Washington D.C. A partir de julio, se ofrecer\u00e1n siete frecuencias semanales para cada destino, sumando m\u00e1s de 90 vuelos diarios entre M\u00e9xico y Estados Unidos. Esta expansi\u00f3n forma parte [&hellip;]","twitter_image":"https:\/\/nitu.mx\/wp-content\/uploads\/2021\/07\/Aeromexico-737-MAX.jpg","twitter_creator":"@NITUmx","twitter_site":"@Arturo_Medina_G","twitter_misc":{"Escrito por":"Alejandra Moncisbays","Tiempo de lectura":"1 minuto"},"schema":{"@context":"https:\/\/schema.org","@graph":[{"@type":"Article","@id":"https:\/\/nitu.mx\/index.php\/2024\/07\/03\/aeromexico-y-delta-lanzan-nuevas-rutas-a-eu-desde-cdmx\/#article","isPartOf":{"@id":"https:\/\/nitu.mx\/index.php\/2024\/07\/03\/aeromexico-y-delta-lanzan-nuevas-rutas-a-eu-desde-cdmx\/"},"author":{"name":"Alejandra Moncisbays","@id":"https:\/\/nitu.mx\/#\/schema\/person\/2ecd887b19dfd3382d1f14fc5acf24a8"},"headline":"Aerom\u00e9xico y Delta Lanzan Nuevas Rutas a EU desde CDMX","datePublished":"2024-07-03T06:35:39+00:00","dateModified":"2024-07-03T12:37:47+00:00","mainEntityOfPage":{"@id":"https:\/\/nitu.mx\/index.php\/2024\/07\/03\/aeromexico-y-delta-lanzan-nuevas-rutas-a-eu-desde-cdmx\/"},"wordCount":215,"commentCount":0,"publisher":{"@id":"https:\/\/nitu.mx\/#\/schema\/person\/ae7a53426417292d3dd07b45a33e01bc"},"image":{"@id":"https:\/\/nitu.mx\/index.php\/2024\/07\/03\/aeromexico-y-delta-lanzan-nuevas-rutas-a-eu-desde-cdmx\/#primaryimage"},"thumbnailUrl":"https:\/\/nitu.mx\/wp-content\/uploads\/2021\/07\/Aeromexico-737-MAX.jpg","keywords":["Aerom\u00e9xico","Aeropuerto Internacional de la Ciudad de M\u00e9xico (AICM) a Raleigh-Durham","Delta Air Lines","rutas","Tampa Bay"],"articleSection":["Aerol\u00edneas"],"inLanguage":"es-MX","potentialAction":[{"@type":"CommentAction","name":"Comment","target":["https:\/\/nitu.mx\/index.php\/2024\/07\/03\/aeromexico-y-delta-lanzan-nuevas-rutas-a-eu-desde-cdmx\/#respond"]}]},{"@type":"WebPage","@id":"https:\/\/nitu.mx\/index.php\/2024\/07\/03\/aeromexico-y-delta-lanzan-nuevas-rutas-a-eu-desde-cdmx\/","url":"https:\/\/nitu.mx\/index.php\/2024\/07\/03\/aeromexico-y-delta-lanzan-nuevas-rutas-a-eu-desde-cdmx\/","name":"Aerom\u00e9xico y Delta Lanzan Nuevas Rutas a EU desde CDMX - Nitu - Noticias de la Industria Turistica","isPartOf":{"@id":"https:\/\/nitu.mx\/#website"},"primaryImageOfPage":{"@id":"https:\/\/nitu.mx\/index.php\/2024\/07\/03\/aeromexico-y-delta-lanzan-nuevas-rutas-a-eu-desde-cdmx\/#primaryimage"},"image":{"@id":"https:\/\/nitu.mx\/index.php\/2024\/07\/03\/aeromexico-y-delta-lanzan-nuevas-rutas-a-eu-desde-cdmx\/#primaryimage"},"thumbnailUrl":"https:\/\/nitu.mx\/wp-content\/uploads\/2021\/07\/Aeromexico-737-MAX.jpg","datePublished":"2024-07-03T06:35:39+00:00","dateModified":"2024-07-03T12:37:47+00:00","breadcrumb":{"@id":"https:\/\/nitu.mx\/index.php\/2024\/07\/03\/aeromexico-y-delta-lanzan-nuevas-rutas-a-eu-desde-cdmx\/#breadcrumb"},"inLanguage":"es-MX","potentialAction":[{"@type":"ReadAction","target":["https:\/\/nitu.mx\/index.php\/2024\/07\/03\/aeromexico-y-delta-lanzan-nuevas-rutas-a-eu-desde-cdmx\/"]}]},{"@type":"ImageObject","inLanguage":"es-MX","@id":"https:\/\/nitu.mx\/index.php\/2024\/07\/03\/aeromexico-y-delta-lanzan-nuevas-rutas-a-eu-desde-cdmx\/#primaryimage","url":"https:\/\/nitu.mx\/wp-content\/uploads\/2021\/07\/Aeromexico-737-MAX.jpg","contentUrl":"https:\/\/nitu.mx\/wp-content\/uploads\/2021\/07\/Aeromexico-737-MAX.jpg","width":1200,"height":675,"caption":"Aerom\u00e9xico"},{"@type":"BreadcrumbList","@id":"https:\/\/nitu.mx\/index.php\/2024\/07\/03\/aeromexico-y-delta-lanzan-nuevas-rutas-a-eu-desde-cdmx\/#breadcrumb","itemListElement":[{"@type":"ListItem","position":1,"name":"Inicio","item":"https:\/\/nitu.mx\/"},{"@type":"ListItem","position":2,"name":"Aerom\u00e9xico y Delta Lanzan Nuevas Rutas a EU desde CDMX"}]},{"@type":"WebSite","@id":"https:\/\/nitu.mx\/#website","url":"https:\/\/nitu.mx\/","name":"Nitu - Noticias de la Industria Turistica","description":"Noticias de la Industria Turistica","publisher":{"@id":"https:\/\/nitu.mx\/#\/schema\/person\/ae7a53426417292d3dd07b45a33e01bc"},"alternateName":"Noticias de la Industria Turistica","potentialAction":[{"@type":"SearchAction","target":{"@type":"EntryPoint","urlTemplate":"https:\/\/nitu.mx\/?s={search_term_string}"},"query-input":"required name=search_term_string"}],"inLanguage":"es-MX"},{"@type":["Person","Organization"],"@id":"https:\/\/nitu.mx\/#\/schema\/person\/ae7a53426417292d3dd07b45a33e01bc","name":"Arturo Medina","image":{"@type":"ImageObject","inLanguage":"es-MX","@id":"https:\/\/nitu.mx\/#\/schema\/person\/image\/","url":"https:\/\/nitu.mx\/wp-content\/uploads\/2024\/04\/4A315622-1904-4D5C-B022-878CDC840E04-90x90-1.jpeg","contentUrl":"https:\/\/nitu.mx\/wp-content\/uploads\/2024\/04\/4A315622-1904-4D5C-B022-878CDC840E04-90x90-1.jpeg","width":90,"height":90,"caption":"Arturo Medina"},"logo":{"@id":"https:\/\/nitu.mx\/#\/schema\/person\/image\/"},"description":"Director NITU.mx, Egresado de la Escuela de Periodismo Carlos Septi\u00e9n Garc\u00eda. Periodista y analista especializado en turismo desde hace 35 a\u00f1os, radicado en Canc\u00fan Q.Roo. arturo@nitu.mx","sameAs":["https:\/\/nitu.mx","https:\/\/www.facebook.com\/NITUmx\/","medinacancun","https:\/\/twitter.com\/@Arturo_Medina_G"]},{"@type":"Person","@id":"https:\/\/nitu.mx\/#\/schema\/person\/2ecd887b19dfd3382d1f14fc5acf24a8","name":"Alejandra Moncisbays","image":{"@type":"ImageObject","inLanguage":"es-MX","@id":"https:\/\/nitu.mx\/#\/schema\/person\/image\/","url":"https:\/\/secure.gravatar.com\/avatar\/e74f7af0be172b7804dacfd0bfbef787?s=96&d=mm&r=g","contentUrl":"https:\/\/secure.gravatar.com\/avatar\/e74f7af0be172b7804dacfd0bfbef787?s=96&d=mm&r=g","caption":"Alejandra Moncisbays"},"description":"Curs\u00e9 la carrera de Periodismo y Comunicaci\u00f3n en la Facultad de Estudios Profesionales Acatl\u00e1n. Vivo en Canc\u00fan desde hace 24 a\u00f1os. Fui reportera de La Tarde de Canc\u00fan, y Novedades de Quintana Roo, colabor\u00e9 en TVCUN, edit\u00e9 Cancun\u00edssimo y colabor\u00e9 en las revistas Latitud21, entre otras, con principal enfoque en los sectores empresarial y tur\u00edstico. Desde hace varios a\u00f1os soy Agente de Seguros con c\u00e9dula de la Comisi\u00f3n Nacional de Seguros y Fianzas. Actualmente, me desarrollo en los \u00e1mbitos del periodismo y el sector asegurador.","sameAs":["https:\/\/nitu.mx"],"url":"https:\/\/nitu.mx\/index.php\/author\/alejandra\/"}]}},"views":721,"_links":{"self":[{"href":"https:\/\/nitu.mx\/index.php\/wp-json\/wp\/v2\/posts\/72703"}],"collection":[{"href":"https:\/\/nitu.mx\/index.php\/wp-json\/wp\/v2\/posts"}],"about":[{"href":"https:\/\/nitu.mx\/index.php\/wp-json\/wp\/v2\/types\/post"}],"author":[{"embeddable":true,"href":"https:\/\/nitu.mx\/index.php\/wp-json\/wp\/v2\/users\/3"}],"replies":[{"embeddable":true,"href":"https:\/\/nitu.mx\/index.php\/wp-json\/wp\/v2\/comments?post=72703"}],"version-history":[{"count":1,"href":"https:\/\/nitu.mx\/index.php\/wp-json\/wp\/v2\/posts\/72703\/revisions"}],"predecessor-version":[{"id":72704,"href":"https:\/\/nitu.mx\/index.php\/wp-json\/wp\/v2\/posts\/72703\/revisions\/72704"}],"wp:featuredmedia":[{"embeddable":true,"href":"https:\/\/nitu.mx\/index.php\/wp-json\/wp\/v2\/media\/54076"}],"wp:attachment":[{"href":"https:\/\/nitu.mx\/index.php\/wp-json\/wp\/v2\/media?parent=72703"}],"wp:term":[{"taxonomy":"category","embeddable":true,"href":"https:\/\/nitu.mx\/index.php\/wp-json\/wp\/v2\/categories?post=72703"},{"taxonomy":"post_tag","embeddable":true,"href":"https:\/\/nitu.mx\/index.php\/wp-json\/wp\/v2\/tags?post=72703"}],"curies":[{"name":"wp","href":"https:\/\/api.w.org\/{rel}","templated":true}]}}