{"id":72620,"date":"2024-07-01T00:05:11","date_gmt":"2024-07-01T06:05:11","guid":{"rendered":"https:\/\/nitu.mx\/?p=72620"},"modified":"2024-07-01T10:02:02","modified_gmt":"2024-07-01T16:02:02","slug":"tulum-supera-al-aifa-en-trafico-internacional","status":"publish","type":"post","link":"https:\/\/nitu.mx\/index.php\/2024\/07\/01\/tulum-supera-al-aifa-en-trafico-internacional\/","title":{"rendered":"Tulum supera al AIFA en tr\u00e1fico internacional"},"content":{"rendered":"<p>El Aeropuerto Internacional de Tulum &#8220;Felipe Carrillo Puerto&#8221; registr\u00f3 un notable desempe\u00f1o en mayo, transportando a 64 mil pasajeros en vuelos internacionales, el mejor mes desde su inauguraci\u00f3n el 1 de diciembre. Este logro lo posicion\u00f3 en la octava posici\u00f3n en el ranking de tr\u00e1fico internacional, superando a los aeropuertos de Morelia, Quer\u00e9taro, Cozumel y el Aeropuerto Internacional Felipe \u00c1ngeles (AIFA), que inici\u00f3 operaciones en marzo de 2022.<\/p>\n<p>De cara a las vacaciones de verano, el &#8220;Felipe Carrillo Puerto&#8221; se ubica detr\u00e1s de los aeropuertos de Canc\u00fan, Ciudad de M\u00e9xico, Guadalajara, Los Cabos, Puerto Vallarta, Monterrey y Guanajuato, seg\u00fan la Agencia Federal de Aviaci\u00f3n Civil (AFAC).<br \/>\nEste aeropuerto, el cuarto internacional en Quintana Roo para operaciones comerciales, ofrece nueve rutas a Estados Unidos, dos a Canad\u00e1 y una nueva conexi\u00f3n con Panam\u00e1 a trav\u00e9s de Copa Airlines. En diciembre, se espera la apertura de una ruta a Frankfurt, Alemania.<\/p>\n<p>Las aerol\u00edneas que operan en Tulum incluyen American Airlines, Delta Airlines, United Airlines, Air Canad\u00e1, Jet Blue y Copa Airlines, con Lufthansa\/Discovery uni\u00e9ndose en diciembre. Las aerol\u00edneas nacionales son Aerom\u00e9xico, Volaris, Mexicana y Viva Aerobus.<br \/>\nCon capacidad para atender a 5.5 millones de personas anualmente, el aeropuerto cuenta con 13 salas de abordar, m\u00e1s de mil butacas, 500 cajones de estacionamiento y un centro de operaciones aeroportuarias. Es administrado por el Grupo Aeroportuario, Ferroviario, de Servicios Auxiliares y Conexos Olmeca-Maya-Mexica.<\/p>\n<p>M\u00e9xico, seg\u00fan la ONU Turismo, recibi\u00f3 a 42.2 millones de turistas internacionales en 2023, ocupando el sexto lugar entre las naciones m\u00e1s visitadas por segundo a\u00f1o consecutivo. En 2021, fue el segundo pa\u00eds m\u00e1s visitado, despu\u00e9s de mantener sus fronteras abiertas durante la pandemia.<\/p>\n<p>Brian Rodr\u00edguez, analista de Monex, se\u00f1al\u00f3 que M\u00e9xico ha sido hist\u00f3ricamente un destino tur\u00edstico atractivo, lo que ha beneficiado a los grupos aeroportuarios del pa\u00eds.<\/p>\n","protected":false},"excerpt":{"rendered":"<p>El Aeropuerto Internacional de Tulum &#8220;Felipe Carrillo Puerto&#8221; registr\u00f3 un notable desempe\u00f1o en mayo, transportando a 64 mil pasajeros en vuelos internacionales, el mejor mes desde su inauguraci\u00f3n el 1 de diciembre. Este logro lo posicion\u00f3 en la octava posici\u00f3n en el ranking de tr\u00e1fico internacional, superando a los aeropuertos de Morelia, Quer\u00e9taro, Cozumel y [&hellip;]<\/p>\n","protected":false},"author":3,"featured_media":72640,"comment_status":"open","ping_status":"open","sticky":false,"template":"","format":"standard","meta":{"footnotes":""},"categories":[19462],"tags":[2625,14341,21925,43,24717,390],"yoast_head":"<!-- This site is optimized with the Yoast SEO plugin v22.2 - https:\/\/yoast.com\/wordpress\/plugins\/seo\/ -->\n<title>Tulum supera al AIFA en tr\u00e1fico internacional - Nitu - Noticias de la Industria Turistica<\/title>\n<meta name=\"robots\" content=\"index, follow, max-snippet:-1, max-image-preview:large, max-video-preview:-1\" \/>\n<link rel=\"canonical\" href=\"https:\/\/nitu.mx\/index.php\/2024\/07\/01\/tulum-supera-al-aifa-en-trafico-internacional\/\" \/>\n<meta name=\"twitter:card\" content=\"summary_large_image\" \/>\n<meta name=\"twitter:title\" content=\"Tulum supera al AIFA en tr\u00e1fico internacional - Nitu - Noticias de la Industria Turistica\" \/>\n<meta name=\"twitter:description\" content=\"El Aeropuerto Internacional de Tulum &#8220;Felipe Carrillo Puerto&#8221; registr\u00f3 un notable desempe\u00f1o en mayo, transportando a 64 mil pasajeros en vuelos internacionales, el mejor mes desde su inauguraci\u00f3n el 1 de diciembre. Este logro lo posicion\u00f3 en la octava posici\u00f3n en el ranking de tr\u00e1fico internacional, superando a los aeropuertos de Morelia, Quer\u00e9taro, Cozumel y [&hellip;]\" \/>\n<meta name=\"twitter:image\" content=\"https:\/\/nitu.mx\/wp-content\/uploads\/2024\/06\/aeropuerto-Tulum.jpg\" \/>\n<meta name=\"twitter:creator\" content=\"@NITUmx\" \/>\n<meta name=\"twitter:site\" content=\"@Arturo_Medina_G\" \/>\n<meta name=\"twitter:label1\" content=\"Escrito por\" \/>\n\t<meta name=\"twitter:data1\" content=\"Alejandra Moncisbays\" \/>\n\t<meta name=\"twitter:label2\" content=\"Tiempo de lectura\" \/>\n\t<meta name=\"twitter:data2\" content=\"2 minutos\" \/>\n<script type=\"application\/ld+json\" class=\"yoast-schema-graph\">{\"@context\":\"https:\/\/schema.org\",\"@graph\":[{\"@type\":\"Article\",\"@id\":\"https:\/\/nitu.mx\/index.php\/2024\/07\/01\/tulum-supera-al-aifa-en-trafico-internacional\/#article\",\"isPartOf\":{\"@id\":\"https:\/\/nitu.mx\/index.php\/2024\/07\/01\/tulum-supera-al-aifa-en-trafico-internacional\/\"},\"author\":{\"name\":\"Alejandra Moncisbays\",\"@id\":\"https:\/\/nitu.mx\/#\/schema\/person\/2ecd887b19dfd3382d1f14fc5acf24a8\"},\"headline\":\"Tulum supera al AIFA en tr\u00e1fico internacional\",\"datePublished\":\"2024-07-01T06:05:11+00:00\",\"dateModified\":\"2024-07-01T16:02:02+00:00\",\"mainEntityOfPage\":{\"@id\":\"https:\/\/nitu.mx\/index.php\/2024\/07\/01\/tulum-supera-al-aifa-en-trafico-internacional\/\"},\"wordCount\":328,\"commentCount\":0,\"publisher\":{\"@id\":\"https:\/\/nitu.mx\/#\/schema\/person\/ae7a53426417292d3dd07b45a33e01bc\"},\"image\":{\"@id\":\"https:\/\/nitu.mx\/index.php\/2024\/07\/01\/tulum-supera-al-aifa-en-trafico-internacional\/#primaryimage\"},\"thumbnailUrl\":\"https:\/\/nitu.mx\/wp-content\/uploads\/2024\/06\/aeropuerto-Tulum.jpg\",\"keywords\":[\"aeropuertos\",\"AFAC\",\"AIFA\",\"Canc\u00fan\",\"ONU Turismo\",\"Tulum\"],\"articleSection\":[\"Aeropuertos\"],\"inLanguage\":\"es-MX\",\"potentialAction\":[{\"@type\":\"CommentAction\",\"name\":\"Comment\",\"target\":[\"https:\/\/nitu.mx\/index.php\/2024\/07\/01\/tulum-supera-al-aifa-en-trafico-internacional\/#respond\"]}]},{\"@type\":\"WebPage\",\"@id\":\"https:\/\/nitu.mx\/index.php\/2024\/07\/01\/tulum-supera-al-aifa-en-trafico-internacional\/\",\"url\":\"https:\/\/nitu.mx\/index.php\/2024\/07\/01\/tulum-supera-al-aifa-en-trafico-internacional\/\",\"name\":\"Tulum supera al AIFA en tr\u00e1fico internacional - Nitu - Noticias de la Industria Turistica\",\"isPartOf\":{\"@id\":\"https:\/\/nitu.mx\/#website\"},\"primaryImageOfPage\":{\"@id\":\"https:\/\/nitu.mx\/index.php\/2024\/07\/01\/tulum-supera-al-aifa-en-trafico-internacional\/#primaryimage\"},\"image\":{\"@id\":\"https:\/\/nitu.mx\/index.php\/2024\/07\/01\/tulum-supera-al-aifa-en-trafico-internacional\/#primaryimage\"},\"thumbnailUrl\":\"https:\/\/nitu.mx\/wp-content\/uploads\/2024\/06\/aeropuerto-Tulum.jpg\",\"datePublished\":\"2024-07-01T06:05:11+00:00\",\"dateModified\":\"2024-07-01T16:02:02+00:00\",\"breadcrumb\":{\"@id\":\"https:\/\/nitu.mx\/index.php\/2024\/07\/01\/tulum-supera-al-aifa-en-trafico-internacional\/#breadcrumb\"},\"inLanguage\":\"es-MX\",\"potentialAction\":[{\"@type\":\"ReadAction\",\"target\":[\"https:\/\/nitu.mx\/index.php\/2024\/07\/01\/tulum-supera-al-aifa-en-trafico-internacional\/\"]}]},{\"@type\":\"ImageObject\",\"inLanguage\":\"es-MX\",\"@id\":\"https:\/\/nitu.mx\/index.php\/2024\/07\/01\/tulum-supera-al-aifa-en-trafico-internacional\/#primaryimage\",\"url\":\"https:\/\/nitu.mx\/wp-content\/uploads\/2024\/06\/aeropuerto-Tulum.jpg\",\"contentUrl\":\"https:\/\/nitu.mx\/wp-content\/uploads\/2024\/06\/aeropuerto-Tulum.jpg\",\"width\":1200,\"height\":675,\"caption\":\"aeropuerto Tulum\"},{\"@type\":\"BreadcrumbList\",\"@id\":\"https:\/\/nitu.mx\/index.php\/2024\/07\/01\/tulum-supera-al-aifa-en-trafico-internacional\/#breadcrumb\",\"itemListElement\":[{\"@type\":\"ListItem\",\"position\":1,\"name\":\"Inicio\",\"item\":\"https:\/\/nitu.mx\/\"},{\"@type\":\"ListItem\",\"position\":2,\"name\":\"Tulum supera al AIFA en tr\u00e1fico internacional\"}]},{\"@type\":\"WebSite\",\"@id\":\"https:\/\/nitu.mx\/#website\",\"url\":\"https:\/\/nitu.mx\/\",\"name\":\"Nitu - Noticias de la Industria Turistica\",\"description\":\"Noticias de la Industria Turistica\",\"publisher\":{\"@id\":\"https:\/\/nitu.mx\/#\/schema\/person\/ae7a53426417292d3dd07b45a33e01bc\"},\"alternateName\":\"Noticias de la Industria Turistica\",\"potentialAction\":[{\"@type\":\"SearchAction\",\"target\":{\"@type\":\"EntryPoint\",\"urlTemplate\":\"https:\/\/nitu.mx\/?s={search_term_string}\"},\"query-input\":\"required name=search_term_string\"}],\"inLanguage\":\"es-MX\"},{\"@type\":[\"Person\",\"Organization\"],\"@id\":\"https:\/\/nitu.mx\/#\/schema\/person\/ae7a53426417292d3dd07b45a33e01bc\",\"name\":\"Arturo Medina\",\"image\":{\"@type\":\"ImageObject\",\"inLanguage\":\"es-MX\",\"@id\":\"https:\/\/nitu.mx\/#\/schema\/person\/image\/\",\"url\":\"https:\/\/nitu.mx\/wp-content\/uploads\/2024\/04\/4A315622-1904-4D5C-B022-878CDC840E04-90x90-1.jpeg\",\"contentUrl\":\"https:\/\/nitu.mx\/wp-content\/uploads\/2024\/04\/4A315622-1904-4D5C-B022-878CDC840E04-90x90-1.jpeg\",\"width\":90,\"height\":90,\"caption\":\"Arturo Medina\"},\"logo\":{\"@id\":\"https:\/\/nitu.mx\/#\/schema\/person\/image\/\"},\"description\":\"Director NITU.mx, Egresado de la Escuela de Periodismo Carlos Septi\u00e9n Garc\u00eda. Periodista y analista especializado en turismo desde hace 35 a\u00f1os, radicado en Canc\u00fan Q.Roo. arturo@nitu.mx\",\"sameAs\":[\"https:\/\/nitu.mx\",\"https:\/\/www.facebook.com\/NITUmx\/\",\"medinacancun\",\"https:\/\/twitter.com\/@Arturo_Medina_G\"]},{\"@type\":\"Person\",\"@id\":\"https:\/\/nitu.mx\/#\/schema\/person\/2ecd887b19dfd3382d1f14fc5acf24a8\",\"name\":\"Alejandra Moncisbays\",\"image\":{\"@type\":\"ImageObject\",\"inLanguage\":\"es-MX\",\"@id\":\"https:\/\/nitu.mx\/#\/schema\/person\/image\/\",\"url\":\"https:\/\/secure.gravatar.com\/avatar\/e74f7af0be172b7804dacfd0bfbef787?s=96&d=mm&r=g\",\"contentUrl\":\"https:\/\/secure.gravatar.com\/avatar\/e74f7af0be172b7804dacfd0bfbef787?s=96&d=mm&r=g\",\"caption\":\"Alejandra Moncisbays\"},\"description\":\"Curs\u00e9 la carrera de Periodismo y Comunicaci\u00f3n en la Facultad de Estudios Profesionales Acatl\u00e1n. Vivo en Canc\u00fan desde hace 24 a\u00f1os. Fui reportera de La Tarde de Canc\u00fan, y Novedades de Quintana Roo, colabor\u00e9 en TVCUN, edit\u00e9 Cancun\u00edssimo y colabor\u00e9 en las revistas Latitud21, entre otras, con principal enfoque en los sectores empresarial y tur\u00edstico. Desde hace varios a\u00f1os soy Agente de Seguros con c\u00e9dula de la Comisi\u00f3n Nacional de Seguros y Fianzas. Actualmente, me desarrollo en los \u00e1mbitos del periodismo y el sector asegurador.\",\"sameAs\":[\"https:\/\/nitu.mx\"],\"url\":\"https:\/\/nitu.mx\/index.php\/author\/alejandra\/\"}]}<\/script>\n<!-- \/ Yoast SEO plugin. -->","yoast_head_json":{"title":"Tulum supera al AIFA en tr\u00e1fico internacional - Nitu - Noticias de la Industria Turistica","robots":{"index":"index","follow":"follow","max-snippet":"max-snippet:-1","max-image-preview":"max-image-preview:large","max-video-preview":"max-video-preview:-1"},"canonical":"https:\/\/nitu.mx\/index.php\/2024\/07\/01\/tulum-supera-al-aifa-en-trafico-internacional\/","twitter_card":"summary_large_image","twitter_title":"Tulum supera al AIFA en tr\u00e1fico internacional - Nitu - Noticias de la Industria Turistica","twitter_description":"El Aeropuerto Internacional de Tulum &#8220;Felipe Carrillo Puerto&#8221; registr\u00f3 un notable desempe\u00f1o en mayo, transportando a 64 mil pasajeros en vuelos internacionales, el mejor mes desde su inauguraci\u00f3n el 1 de diciembre. Este logro lo posicion\u00f3 en la octava posici\u00f3n en el ranking de tr\u00e1fico internacional, superando a los aeropuertos de Morelia, Quer\u00e9taro, Cozumel y [&hellip;]","twitter_image":"https:\/\/nitu.mx\/wp-content\/uploads\/2024\/06\/aeropuerto-Tulum.jpg","twitter_creator":"@NITUmx","twitter_site":"@Arturo_Medina_G","twitter_misc":{"Escrito por":"Alejandra Moncisbays","Tiempo de lectura":"2 minutos"},"schema":{"@context":"https:\/\/schema.org","@graph":[{"@type":"Article","@id":"https:\/\/nitu.mx\/index.php\/2024\/07\/01\/tulum-supera-al-aifa-en-trafico-internacional\/#article","isPartOf":{"@id":"https:\/\/nitu.mx\/index.php\/2024\/07\/01\/tulum-supera-al-aifa-en-trafico-internacional\/"},"author":{"name":"Alejandra Moncisbays","@id":"https:\/\/nitu.mx\/#\/schema\/person\/2ecd887b19dfd3382d1f14fc5acf24a8"},"headline":"Tulum supera al AIFA en tr\u00e1fico internacional","datePublished":"2024-07-01T06:05:11+00:00","dateModified":"2024-07-01T16:02:02+00:00","mainEntityOfPage":{"@id":"https:\/\/nitu.mx\/index.php\/2024\/07\/01\/tulum-supera-al-aifa-en-trafico-internacional\/"},"wordCount":328,"commentCount":0,"publisher":{"@id":"https:\/\/nitu.mx\/#\/schema\/person\/ae7a53426417292d3dd07b45a33e01bc"},"image":{"@id":"https:\/\/nitu.mx\/index.php\/2024\/07\/01\/tulum-supera-al-aifa-en-trafico-internacional\/#primaryimage"},"thumbnailUrl":"https:\/\/nitu.mx\/wp-content\/uploads\/2024\/06\/aeropuerto-Tulum.jpg","keywords":["aeropuertos","AFAC","AIFA","Canc\u00fan","ONU Turismo","Tulum"],"articleSection":["Aeropuertos"],"inLanguage":"es-MX","potentialAction":[{"@type":"CommentAction","name":"Comment","target":["https:\/\/nitu.mx\/index.php\/2024\/07\/01\/tulum-supera-al-aifa-en-trafico-internacional\/#respond"]}]},{"@type":"WebPage","@id":"https:\/\/nitu.mx\/index.php\/2024\/07\/01\/tulum-supera-al-aifa-en-trafico-internacional\/","url":"https:\/\/nitu.mx\/index.php\/2024\/07\/01\/tulum-supera-al-aifa-en-trafico-internacional\/","name":"Tulum supera al AIFA en tr\u00e1fico internacional - Nitu - Noticias de la Industria Turistica","isPartOf":{"@id":"https:\/\/nitu.mx\/#website"},"primaryImageOfPage":{"@id":"https:\/\/nitu.mx\/index.php\/2024\/07\/01\/tulum-supera-al-aifa-en-trafico-internacional\/#primaryimage"},"image":{"@id":"https:\/\/nitu.mx\/index.php\/2024\/07\/01\/tulum-supera-al-aifa-en-trafico-internacional\/#primaryimage"},"thumbnailUrl":"https:\/\/nitu.mx\/wp-content\/uploads\/2024\/06\/aeropuerto-Tulum.jpg","datePublished":"2024-07-01T06:05:11+00:00","dateModified":"2024-07-01T16:02:02+00:00","breadcrumb":{"@id":"https:\/\/nitu.mx\/index.php\/2024\/07\/01\/tulum-supera-al-aifa-en-trafico-internacional\/#breadcrumb"},"inLanguage":"es-MX","potentialAction":[{"@type":"ReadAction","target":["https:\/\/nitu.mx\/index.php\/2024\/07\/01\/tulum-supera-al-aifa-en-trafico-internacional\/"]}]},{"@type":"ImageObject","inLanguage":"es-MX","@id":"https:\/\/nitu.mx\/index.php\/2024\/07\/01\/tulum-supera-al-aifa-en-trafico-internacional\/#primaryimage","url":"https:\/\/nitu.mx\/wp-content\/uploads\/2024\/06\/aeropuerto-Tulum.jpg","contentUrl":"https:\/\/nitu.mx\/wp-content\/uploads\/2024\/06\/aeropuerto-Tulum.jpg","width":1200,"height":675,"caption":"aeropuerto Tulum"},{"@type":"BreadcrumbList","@id":"https:\/\/nitu.mx\/index.php\/2024\/07\/01\/tulum-supera-al-aifa-en-trafico-internacional\/#breadcrumb","itemListElement":[{"@type":"ListItem","position":1,"name":"Inicio","item":"https:\/\/nitu.mx\/"},{"@type":"ListItem","position":2,"name":"Tulum supera al AIFA en tr\u00e1fico internacional"}]},{"@type":"WebSite","@id":"https:\/\/nitu.mx\/#website","url":"https:\/\/nitu.mx\/","name":"Nitu - Noticias de la Industria Turistica","description":"Noticias de la Industria Turistica","publisher":{"@id":"https:\/\/nitu.mx\/#\/schema\/person\/ae7a53426417292d3dd07b45a33e01bc"},"alternateName":"Noticias de la Industria Turistica","potentialAction":[{"@type":"SearchAction","target":{"@type":"EntryPoint","urlTemplate":"https:\/\/nitu.mx\/?s={search_term_string}"},"query-input":"required name=search_term_string"}],"inLanguage":"es-MX"},{"@type":["Person","Organization"],"@id":"https:\/\/nitu.mx\/#\/schema\/person\/ae7a53426417292d3dd07b45a33e01bc","name":"Arturo Medina","image":{"@type":"ImageObject","inLanguage":"es-MX","@id":"https:\/\/nitu.mx\/#\/schema\/person\/image\/","url":"https:\/\/nitu.mx\/wp-content\/uploads\/2024\/04\/4A315622-1904-4D5C-B022-878CDC840E04-90x90-1.jpeg","contentUrl":"https:\/\/nitu.mx\/wp-content\/uploads\/2024\/04\/4A315622-1904-4D5C-B022-878CDC840E04-90x90-1.jpeg","width":90,"height":90,"caption":"Arturo Medina"},"logo":{"@id":"https:\/\/nitu.mx\/#\/schema\/person\/image\/"},"description":"Director NITU.mx, Egresado de la Escuela de Periodismo Carlos Septi\u00e9n Garc\u00eda. Periodista y analista especializado en turismo desde hace 35 a\u00f1os, radicado en Canc\u00fan Q.Roo. arturo@nitu.mx","sameAs":["https:\/\/nitu.mx","https:\/\/www.facebook.com\/NITUmx\/","medinacancun","https:\/\/twitter.com\/@Arturo_Medina_G"]},{"@type":"Person","@id":"https:\/\/nitu.mx\/#\/schema\/person\/2ecd887b19dfd3382d1f14fc5acf24a8","name":"Alejandra Moncisbays","image":{"@type":"ImageObject","inLanguage":"es-MX","@id":"https:\/\/nitu.mx\/#\/schema\/person\/image\/","url":"https:\/\/secure.gravatar.com\/avatar\/e74f7af0be172b7804dacfd0bfbef787?s=96&d=mm&r=g","contentUrl":"https:\/\/secure.gravatar.com\/avatar\/e74f7af0be172b7804dacfd0bfbef787?s=96&d=mm&r=g","caption":"Alejandra Moncisbays"},"description":"Curs\u00e9 la carrera de Periodismo y Comunicaci\u00f3n en la Facultad de Estudios Profesionales Acatl\u00e1n. Vivo en Canc\u00fan desde hace 24 a\u00f1os. Fui reportera de La Tarde de Canc\u00fan, y Novedades de Quintana Roo, colabor\u00e9 en TVCUN, edit\u00e9 Cancun\u00edssimo y colabor\u00e9 en las revistas Latitud21, entre otras, con principal enfoque en los sectores empresarial y tur\u00edstico. Desde hace varios a\u00f1os soy Agente de Seguros con c\u00e9dula de la Comisi\u00f3n Nacional de Seguros y Fianzas. Actualmente, me desarrollo en los \u00e1mbitos del periodismo y el sector asegurador.","sameAs":["https:\/\/nitu.mx"],"url":"https:\/\/nitu.mx\/index.php\/author\/alejandra\/"}]}},"views":724,"_links":{"self":[{"href":"https:\/\/nitu.mx\/index.php\/wp-json\/wp\/v2\/posts\/72620"}],"collection":[{"href":"https:\/\/nitu.mx\/index.php\/wp-json\/wp\/v2\/posts"}],"about":[{"href":"https:\/\/nitu.mx\/index.php\/wp-json\/wp\/v2\/types\/post"}],"author":[{"embeddable":true,"href":"https:\/\/nitu.mx\/index.php\/wp-json\/wp\/v2\/users\/3"}],"replies":[{"embeddable":true,"href":"https:\/\/nitu.mx\/index.php\/wp-json\/wp\/v2\/comments?post=72620"}],"version-history":[{"count":2,"href":"https:\/\/nitu.mx\/index.php\/wp-json\/wp\/v2\/posts\/72620\/revisions"}],"predecessor-version":[{"id":72641,"href":"https:\/\/nitu.mx\/index.php\/wp-json\/wp\/v2\/posts\/72620\/revisions\/72641"}],"wp:featuredmedia":[{"embeddable":true,"href":"https:\/\/nitu.mx\/index.php\/wp-json\/wp\/v2\/media\/72640"}],"wp:attachment":[{"href":"https:\/\/nitu.mx\/index.php\/wp-json\/wp\/v2\/media?parent=72620"}],"wp:term":[{"taxonomy":"category","embeddable":true,"href":"https:\/\/nitu.mx\/index.php\/wp-json\/wp\/v2\/categories?post=72620"},{"taxonomy":"post_tag","embeddable":true,"href":"https:\/\/nitu.mx\/index.php\/wp-json\/wp\/v2\/tags?post=72620"}],"curies":[{"name":"wp","href":"https:\/\/api.w.org\/{rel}","templated":true}]}}