{"id":72602,"date":"2024-06-30T16:11:15","date_gmt":"2024-06-30T22:11:15","guid":{"rendered":"https:\/\/nitu.mx\/?p=72602"},"modified":"2024-06-30T23:44:58","modified_gmt":"2024-07-01T05:44:58","slug":"volaris-recibio-su-avion-numero-135","status":"publish","type":"post","link":"https:\/\/nitu.mx\/index.php\/2024\/06\/30\/volaris-recibio-su-avion-numero-135\/","title":{"rendered":"Volaris recibi\u00f3 su avi\u00f3n n\u00famero 135"},"content":{"rendered":"\n<p><strong>\u00a0<\/strong>Volaris, la aerol\u00ednea de ultra bajo costo que opera en M\u00e9xico, Estados Unidos, Centro y Sudam\u00e9rica, anunci\u00f3 la incorporaci\u00f3n de su nueva aeronave A321neo proveniente de la planta de Hamburgo, Alemania, incrementando de este modo su actual flota a 135 aviones, con la cual se consolida como la aerol\u00ednea con una de las flotas m\u00e1s j\u00f3venes y modernas de la regi\u00f3n.<\/p>\n\n\n\n<p>Con esta nueva aeronave A321neo, matr\u00edcula XA-VUK y con una capacidad para 239 personas, Volaris refrenda su compromiso de ofrecer a sus clientes un mayor servicio de calidad y una operaci\u00f3n con las mejores opciones de conectividad. <\/p>\n\n\n\n<p>El nuevo avi\u00f3n permitir\u00e1 incrementar las operaciones y capacidad en rutas de la aerol\u00ednea desde Tijuana a las ciudades de Culiac\u00e1n, Mazatl\u00e1n, Los Cabos, Guadalajara, Guanajuato, Tepic y la Ciudad de M\u00e9xico, as\u00ed como de Culiac\u00e1n a Los Cabos.<\/p>\n\n\n\n<p>\u201cHoy incrementamos nuestra flota a 135 aviones, impulsando de manera constante la conectividad y haciendo m\u00e1s eficiente nuestra operaci\u00f3n en este primer semestre del a\u00f1o donde hemos dado la bienvenida a un total de seis aeronaves que ampl\u00edan nuestra oferta de asientos para que cada vez m\u00e1s personas decidan volar con nosotros a trav\u00e9s de la mejor flota y con las tarifas m\u00e1s competitivas del mercado&#8221;, se\u00f1al\u00f3 Enrique Beltranena, presidente y director general de Volaris.<\/p>\n\n\n\n<p>De este modo Volaris puede brindar a cada vez m\u00e1s clientes una mayor conectividad y el servicio de calidad que la ha distinguido, gracias a la constante b\u00fasqueda de mayor capacidad, de la mano de la mejor flota que brinda Airbus y sus aviones de \u00faltima generaci\u00f3n.<\/p>\n\n\n\n<h2 class=\"wp-block-heading\">Volaris patrocina Tianguis Internacional de Pueblos M\u00e1gicos<\/h2>\n\n\n\n<p>La aerol\u00ednea fue patrocinadora de la tercera edici\u00f3n del Tianguis Internacional de Pueblos M\u00e1gicos que se llev\u00f3 a cabo en San Antonio, Texas, del 28 al 30 de junio, en donde asistieron m\u00e1s de 30 socios comerciales de Volaris.<\/p>\n\n\n\n<p>\u201cEstamos muy emocionados de patrocinar una vez m\u00e1s esta maravillosa iniciativa que busca promover en el exterior nuestros Pueblos M\u00e1gicos, los cuales est\u00e1n presentes en el tianguis con representaciones art\u00edsticas, exposiciones culturales y gastronom\u00eda regional para mostrar al mundo lo que M\u00e9xico tiene por ofrecer. Para Volaris es de suma importancia ser parte de estos eventos, los cuales van en l\u00ednea y fortalecen nuestro compromiso de impulsar el desarrollo tur\u00edstico y econ\u00f3mico de M\u00e9xico, a partir de una mayor y mejor oferta de conectividad a\u00e9rea\u201d, dijo Mar\u00eda Fernanda Pereda Gonz\u00e1lez, Gerente de Ventas y Desarrollo de Mercados USA de Volaris.<\/p>\n\n\n\n<p>Actualmente Volaris opera 56 rutas a 23 importantes destinos en la Uni\u00f3n Americana, posicion\u00e1ndonos como uno de los principales puentes que conectan a las comunidades latinas con sus familias y amigos en M\u00e9xico y Centroam\u00e9rica, y tambi\u00e9n a los viajeros estadounidenses que buscan disfrutar atractivos destinos tur\u00edsticos en la regi\u00f3n. (<a href=\"https:\/\/nitu.mx\/index.php\/2024\/06\/26\/volaris-ofrece-a-sus-clientes-peaje-libre-al-aifa\/\">Volaris ofrece a sus clientes peaje libre al AIFA<\/a>).<\/p>\n\n\n\n<p> <\/p>\n","protected":false},"excerpt":{"rendered":"<p>\u00a0Volaris, la aerol\u00ednea de ultra bajo costo que opera en M\u00e9xico, Estados Unidos, Centro y Sudam\u00e9rica, anunci\u00f3 la incorporaci\u00f3n de su nueva aeronave A321neo proveniente de la planta de Hamburgo, Alemania, incrementando de este modo su actual flota a 135 aviones, con la cual se consolida como la aerol\u00ednea con una de las flotas m\u00e1s [&hellip;]<\/p>\n","protected":false},"author":17,"featured_media":72604,"comment_status":"open","ping_status":"open","sticky":false,"template":"","format":"standard","meta":{"footnotes":""},"categories":[29],"tags":[7258,435,23265,131],"yoast_head":"<!-- This site is optimized with the Yoast SEO plugin v22.2 - https:\/\/yoast.com\/wordpress\/plugins\/seo\/ -->\n<title>Volaris recibi\u00f3 su avi\u00f3n n\u00famero 135 - Nitu - Noticias de la Industria Turistica<\/title>\n<meta name=\"robots\" content=\"index, follow, max-snippet:-1, max-image-preview:large, max-video-preview:-1\" \/>\n<link rel=\"canonical\" href=\"https:\/\/nitu.mx\/index.php\/2024\/06\/30\/volaris-recibio-su-avion-numero-135\/\" \/>\n<meta name=\"twitter:card\" content=\"summary_large_image\" \/>\n<meta name=\"twitter:title\" content=\"Volaris recibi\u00f3 su avi\u00f3n n\u00famero 135 - Nitu - Noticias de la Industria Turistica\" \/>\n<meta name=\"twitter:description\" content=\"\u00a0Volaris, la aerol\u00ednea de ultra bajo costo que opera en M\u00e9xico, Estados Unidos, Centro y Sudam\u00e9rica, anunci\u00f3 la incorporaci\u00f3n de su nueva aeronave A321neo proveniente de la planta de Hamburgo, Alemania, incrementando de este modo su actual flota a 135 aviones, con la cual se consolida como la aerol\u00ednea con una de las flotas m\u00e1s [&hellip;]\" \/>\n<meta name=\"twitter:image\" content=\"https:\/\/nitu.mx\/wp-content\/uploads\/2024\/06\/Volaris-Avion-135.jpg\" \/>\n<meta name=\"twitter:creator\" content=\"@NITUmx\" \/>\n<meta name=\"twitter:site\" content=\"@Arturo_Medina_G\" \/>\n<meta name=\"twitter:label1\" content=\"Escrito por\" \/>\n\t<meta name=\"twitter:data1\" content=\"Redacci\u00f3n\" \/>\n\t<meta name=\"twitter:label2\" content=\"Tiempo de lectura\" \/>\n\t<meta name=\"twitter:data2\" content=\"3 minutos\" \/>\n<script type=\"application\/ld+json\" class=\"yoast-schema-graph\">{\"@context\":\"https:\/\/schema.org\",\"@graph\":[{\"@type\":\"Article\",\"@id\":\"https:\/\/nitu.mx\/index.php\/2024\/06\/30\/volaris-recibio-su-avion-numero-135\/#article\",\"isPartOf\":{\"@id\":\"https:\/\/nitu.mx\/index.php\/2024\/06\/30\/volaris-recibio-su-avion-numero-135\/\"},\"author\":{\"name\":\"Redacci\u00f3n\",\"@id\":\"https:\/\/nitu.mx\/#\/schema\/person\/4a28fe9bd65924f7c90623773daf1b0b\"},\"headline\":\"Volaris recibi\u00f3 su avi\u00f3n n\u00famero 135\",\"datePublished\":\"2024-06-30T22:11:15+00:00\",\"dateModified\":\"2024-07-01T05:44:58+00:00\",\"mainEntityOfPage\":{\"@id\":\"https:\/\/nitu.mx\/index.php\/2024\/06\/30\/volaris-recibio-su-avion-numero-135\/\"},\"wordCount\":517,\"commentCount\":0,\"publisher\":{\"@id\":\"https:\/\/nitu.mx\/#\/schema\/person\/ae7a53426417292d3dd07b45a33e01bc\"},\"image\":{\"@id\":\"https:\/\/nitu.mx\/index.php\/2024\/06\/30\/volaris-recibio-su-avion-numero-135\/#primaryimage\"},\"thumbnailUrl\":\"https:\/\/nitu.mx\/wp-content\/uploads\/2024\/06\/Volaris-Avion-135.jpg\",\"keywords\":[\"A321neo\",\"Enrique Beltranena\",\"Tianguis Internacional de Pueblos M\u00e1gicos\",\"Volaris\"],\"articleSection\":[\"Aerol\u00edneas\"],\"inLanguage\":\"es-MX\",\"potentialAction\":[{\"@type\":\"CommentAction\",\"name\":\"Comment\",\"target\":[\"https:\/\/nitu.mx\/index.php\/2024\/06\/30\/volaris-recibio-su-avion-numero-135\/#respond\"]}]},{\"@type\":\"WebPage\",\"@id\":\"https:\/\/nitu.mx\/index.php\/2024\/06\/30\/volaris-recibio-su-avion-numero-135\/\",\"url\":\"https:\/\/nitu.mx\/index.php\/2024\/06\/30\/volaris-recibio-su-avion-numero-135\/\",\"name\":\"Volaris recibi\u00f3 su avi\u00f3n n\u00famero 135 - Nitu - Noticias de la Industria Turistica\",\"isPartOf\":{\"@id\":\"https:\/\/nitu.mx\/#website\"},\"primaryImageOfPage\":{\"@id\":\"https:\/\/nitu.mx\/index.php\/2024\/06\/30\/volaris-recibio-su-avion-numero-135\/#primaryimage\"},\"image\":{\"@id\":\"https:\/\/nitu.mx\/index.php\/2024\/06\/30\/volaris-recibio-su-avion-numero-135\/#primaryimage\"},\"thumbnailUrl\":\"https:\/\/nitu.mx\/wp-content\/uploads\/2024\/06\/Volaris-Avion-135.jpg\",\"datePublished\":\"2024-06-30T22:11:15+00:00\",\"dateModified\":\"2024-07-01T05:44:58+00:00\",\"breadcrumb\":{\"@id\":\"https:\/\/nitu.mx\/index.php\/2024\/06\/30\/volaris-recibio-su-avion-numero-135\/#breadcrumb\"},\"inLanguage\":\"es-MX\",\"potentialAction\":[{\"@type\":\"ReadAction\",\"target\":[\"https:\/\/nitu.mx\/index.php\/2024\/06\/30\/volaris-recibio-su-avion-numero-135\/\"]}]},{\"@type\":\"ImageObject\",\"inLanguage\":\"es-MX\",\"@id\":\"https:\/\/nitu.mx\/index.php\/2024\/06\/30\/volaris-recibio-su-avion-numero-135\/#primaryimage\",\"url\":\"https:\/\/nitu.mx\/wp-content\/uploads\/2024\/06\/Volaris-Avion-135.jpg\",\"contentUrl\":\"https:\/\/nitu.mx\/wp-content\/uploads\/2024\/06\/Volaris-Avion-135.jpg\",\"width\":1200,\"height\":675,\"caption\":\"Volaris Avi\u00f3n 135\"},{\"@type\":\"BreadcrumbList\",\"@id\":\"https:\/\/nitu.mx\/index.php\/2024\/06\/30\/volaris-recibio-su-avion-numero-135\/#breadcrumb\",\"itemListElement\":[{\"@type\":\"ListItem\",\"position\":1,\"name\":\"Inicio\",\"item\":\"https:\/\/nitu.mx\/\"},{\"@type\":\"ListItem\",\"position\":2,\"name\":\"Volaris recibi\u00f3 su avi\u00f3n n\u00famero 135\"}]},{\"@type\":\"WebSite\",\"@id\":\"https:\/\/nitu.mx\/#website\",\"url\":\"https:\/\/nitu.mx\/\",\"name\":\"Nitu - Noticias de la Industria Turistica\",\"description\":\"Noticias de la Industria Turistica\",\"publisher\":{\"@id\":\"https:\/\/nitu.mx\/#\/schema\/person\/ae7a53426417292d3dd07b45a33e01bc\"},\"alternateName\":\"Noticias de la Industria Turistica\",\"potentialAction\":[{\"@type\":\"SearchAction\",\"target\":{\"@type\":\"EntryPoint\",\"urlTemplate\":\"https:\/\/nitu.mx\/?s={search_term_string}\"},\"query-input\":\"required name=search_term_string\"}],\"inLanguage\":\"es-MX\"},{\"@type\":[\"Person\",\"Organization\"],\"@id\":\"https:\/\/nitu.mx\/#\/schema\/person\/ae7a53426417292d3dd07b45a33e01bc\",\"name\":\"Arturo Medina\",\"image\":{\"@type\":\"ImageObject\",\"inLanguage\":\"es-MX\",\"@id\":\"https:\/\/nitu.mx\/#\/schema\/person\/image\/\",\"url\":\"https:\/\/nitu.mx\/wp-content\/uploads\/2024\/04\/4A315622-1904-4D5C-B022-878CDC840E04-90x90-1.jpeg\",\"contentUrl\":\"https:\/\/nitu.mx\/wp-content\/uploads\/2024\/04\/4A315622-1904-4D5C-B022-878CDC840E04-90x90-1.jpeg\",\"width\":90,\"height\":90,\"caption\":\"Arturo Medina\"},\"logo\":{\"@id\":\"https:\/\/nitu.mx\/#\/schema\/person\/image\/\"},\"description\":\"Director NITU.mx, Egresado de la Escuela de Periodismo Carlos Septi\u00e9n Garc\u00eda. Periodista y analista especializado en turismo desde hace 35 a\u00f1os, radicado en Canc\u00fan Q.Roo. arturo@nitu.mx\",\"sameAs\":[\"https:\/\/nitu.mx\",\"https:\/\/www.facebook.com\/NITUmx\/\",\"medinacancun\",\"https:\/\/twitter.com\/@Arturo_Medina_G\"]},{\"@type\":\"Person\",\"@id\":\"https:\/\/nitu.mx\/#\/schema\/person\/4a28fe9bd65924f7c90623773daf1b0b\",\"name\":\"Redacci\u00f3n\",\"image\":{\"@type\":\"ImageObject\",\"inLanguage\":\"es-MX\",\"@id\":\"https:\/\/nitu.mx\/#\/schema\/person\/image\/\",\"url\":\"https:\/\/secure.gravatar.com\/avatar\/5dd011c8ccfc5cd7e4c81e42252aab38?s=96&d=mm&r=g\",\"contentUrl\":\"https:\/\/secure.gravatar.com\/avatar\/5dd011c8ccfc5cd7e4c81e42252aab38?s=96&d=mm&r=g\",\"caption\":\"Redacci\u00f3n\"},\"url\":\"https:\/\/nitu.mx\/index.php\/author\/redaccion\/\"}]}<\/script>\n<!-- \/ Yoast SEO plugin. -->","yoast_head_json":{"title":"Volaris recibi\u00f3 su avi\u00f3n n\u00famero 135 - Nitu - Noticias de la Industria Turistica","robots":{"index":"index","follow":"follow","max-snippet":"max-snippet:-1","max-image-preview":"max-image-preview:large","max-video-preview":"max-video-preview:-1"},"canonical":"https:\/\/nitu.mx\/index.php\/2024\/06\/30\/volaris-recibio-su-avion-numero-135\/","twitter_card":"summary_large_image","twitter_title":"Volaris recibi\u00f3 su avi\u00f3n n\u00famero 135 - Nitu - Noticias de la Industria Turistica","twitter_description":"\u00a0Volaris, la aerol\u00ednea de ultra bajo costo que opera en M\u00e9xico, Estados Unidos, Centro y Sudam\u00e9rica, anunci\u00f3 la incorporaci\u00f3n de su nueva aeronave A321neo proveniente de la planta de Hamburgo, Alemania, incrementando de este modo su actual flota a 135 aviones, con la cual se consolida como la aerol\u00ednea con una de las flotas m\u00e1s [&hellip;]","twitter_image":"https:\/\/nitu.mx\/wp-content\/uploads\/2024\/06\/Volaris-Avion-135.jpg","twitter_creator":"@NITUmx","twitter_site":"@Arturo_Medina_G","twitter_misc":{"Escrito por":"Redacci\u00f3n","Tiempo de lectura":"3 minutos"},"schema":{"@context":"https:\/\/schema.org","@graph":[{"@type":"Article","@id":"https:\/\/nitu.mx\/index.php\/2024\/06\/30\/volaris-recibio-su-avion-numero-135\/#article","isPartOf":{"@id":"https:\/\/nitu.mx\/index.php\/2024\/06\/30\/volaris-recibio-su-avion-numero-135\/"},"author":{"name":"Redacci\u00f3n","@id":"https:\/\/nitu.mx\/#\/schema\/person\/4a28fe9bd65924f7c90623773daf1b0b"},"headline":"Volaris recibi\u00f3 su avi\u00f3n n\u00famero 135","datePublished":"2024-06-30T22:11:15+00:00","dateModified":"2024-07-01T05:44:58+00:00","mainEntityOfPage":{"@id":"https:\/\/nitu.mx\/index.php\/2024\/06\/30\/volaris-recibio-su-avion-numero-135\/"},"wordCount":517,"commentCount":0,"publisher":{"@id":"https:\/\/nitu.mx\/#\/schema\/person\/ae7a53426417292d3dd07b45a33e01bc"},"image":{"@id":"https:\/\/nitu.mx\/index.php\/2024\/06\/30\/volaris-recibio-su-avion-numero-135\/#primaryimage"},"thumbnailUrl":"https:\/\/nitu.mx\/wp-content\/uploads\/2024\/06\/Volaris-Avion-135.jpg","keywords":["A321neo","Enrique Beltranena","Tianguis Internacional de Pueblos M\u00e1gicos","Volaris"],"articleSection":["Aerol\u00edneas"],"inLanguage":"es-MX","potentialAction":[{"@type":"CommentAction","name":"Comment","target":["https:\/\/nitu.mx\/index.php\/2024\/06\/30\/volaris-recibio-su-avion-numero-135\/#respond"]}]},{"@type":"WebPage","@id":"https:\/\/nitu.mx\/index.php\/2024\/06\/30\/volaris-recibio-su-avion-numero-135\/","url":"https:\/\/nitu.mx\/index.php\/2024\/06\/30\/volaris-recibio-su-avion-numero-135\/","name":"Volaris recibi\u00f3 su avi\u00f3n n\u00famero 135 - Nitu - Noticias de la Industria Turistica","isPartOf":{"@id":"https:\/\/nitu.mx\/#website"},"primaryImageOfPage":{"@id":"https:\/\/nitu.mx\/index.php\/2024\/06\/30\/volaris-recibio-su-avion-numero-135\/#primaryimage"},"image":{"@id":"https:\/\/nitu.mx\/index.php\/2024\/06\/30\/volaris-recibio-su-avion-numero-135\/#primaryimage"},"thumbnailUrl":"https:\/\/nitu.mx\/wp-content\/uploads\/2024\/06\/Volaris-Avion-135.jpg","datePublished":"2024-06-30T22:11:15+00:00","dateModified":"2024-07-01T05:44:58+00:00","breadcrumb":{"@id":"https:\/\/nitu.mx\/index.php\/2024\/06\/30\/volaris-recibio-su-avion-numero-135\/#breadcrumb"},"inLanguage":"es-MX","potentialAction":[{"@type":"ReadAction","target":["https:\/\/nitu.mx\/index.php\/2024\/06\/30\/volaris-recibio-su-avion-numero-135\/"]}]},{"@type":"ImageObject","inLanguage":"es-MX","@id":"https:\/\/nitu.mx\/index.php\/2024\/06\/30\/volaris-recibio-su-avion-numero-135\/#primaryimage","url":"https:\/\/nitu.mx\/wp-content\/uploads\/2024\/06\/Volaris-Avion-135.jpg","contentUrl":"https:\/\/nitu.mx\/wp-content\/uploads\/2024\/06\/Volaris-Avion-135.jpg","width":1200,"height":675,"caption":"Volaris Avi\u00f3n 135"},{"@type":"BreadcrumbList","@id":"https:\/\/nitu.mx\/index.php\/2024\/06\/30\/volaris-recibio-su-avion-numero-135\/#breadcrumb","itemListElement":[{"@type":"ListItem","position":1,"name":"Inicio","item":"https:\/\/nitu.mx\/"},{"@type":"ListItem","position":2,"name":"Volaris recibi\u00f3 su avi\u00f3n n\u00famero 135"}]},{"@type":"WebSite","@id":"https:\/\/nitu.mx\/#website","url":"https:\/\/nitu.mx\/","name":"Nitu - Noticias de la Industria Turistica","description":"Noticias de la Industria Turistica","publisher":{"@id":"https:\/\/nitu.mx\/#\/schema\/person\/ae7a53426417292d3dd07b45a33e01bc"},"alternateName":"Noticias de la Industria Turistica","potentialAction":[{"@type":"SearchAction","target":{"@type":"EntryPoint","urlTemplate":"https:\/\/nitu.mx\/?s={search_term_string}"},"query-input":"required name=search_term_string"}],"inLanguage":"es-MX"},{"@type":["Person","Organization"],"@id":"https:\/\/nitu.mx\/#\/schema\/person\/ae7a53426417292d3dd07b45a33e01bc","name":"Arturo Medina","image":{"@type":"ImageObject","inLanguage":"es-MX","@id":"https:\/\/nitu.mx\/#\/schema\/person\/image\/","url":"https:\/\/nitu.mx\/wp-content\/uploads\/2024\/04\/4A315622-1904-4D5C-B022-878CDC840E04-90x90-1.jpeg","contentUrl":"https:\/\/nitu.mx\/wp-content\/uploads\/2024\/04\/4A315622-1904-4D5C-B022-878CDC840E04-90x90-1.jpeg","width":90,"height":90,"caption":"Arturo Medina"},"logo":{"@id":"https:\/\/nitu.mx\/#\/schema\/person\/image\/"},"description":"Director NITU.mx, Egresado de la Escuela de Periodismo Carlos Septi\u00e9n Garc\u00eda. Periodista y analista especializado en turismo desde hace 35 a\u00f1os, radicado en Canc\u00fan Q.Roo. arturo@nitu.mx","sameAs":["https:\/\/nitu.mx","https:\/\/www.facebook.com\/NITUmx\/","medinacancun","https:\/\/twitter.com\/@Arturo_Medina_G"]},{"@type":"Person","@id":"https:\/\/nitu.mx\/#\/schema\/person\/4a28fe9bd65924f7c90623773daf1b0b","name":"Redacci\u00f3n","image":{"@type":"ImageObject","inLanguage":"es-MX","@id":"https:\/\/nitu.mx\/#\/schema\/person\/image\/","url":"https:\/\/secure.gravatar.com\/avatar\/5dd011c8ccfc5cd7e4c81e42252aab38?s=96&d=mm&r=g","contentUrl":"https:\/\/secure.gravatar.com\/avatar\/5dd011c8ccfc5cd7e4c81e42252aab38?s=96&d=mm&r=g","caption":"Redacci\u00f3n"},"url":"https:\/\/nitu.mx\/index.php\/author\/redaccion\/"}]}},"views":426,"_links":{"self":[{"href":"https:\/\/nitu.mx\/index.php\/wp-json\/wp\/v2\/posts\/72602"}],"collection":[{"href":"https:\/\/nitu.mx\/index.php\/wp-json\/wp\/v2\/posts"}],"about":[{"href":"https:\/\/nitu.mx\/index.php\/wp-json\/wp\/v2\/types\/post"}],"author":[{"embeddable":true,"href":"https:\/\/nitu.mx\/index.php\/wp-json\/wp\/v2\/users\/17"}],"replies":[{"embeddable":true,"href":"https:\/\/nitu.mx\/index.php\/wp-json\/wp\/v2\/comments?post=72602"}],"version-history":[{"count":1,"href":"https:\/\/nitu.mx\/index.php\/wp-json\/wp\/v2\/posts\/72602\/revisions"}],"predecessor-version":[{"id":72605,"href":"https:\/\/nitu.mx\/index.php\/wp-json\/wp\/v2\/posts\/72602\/revisions\/72605"}],"wp:featuredmedia":[{"embeddable":true,"href":"https:\/\/nitu.mx\/index.php\/wp-json\/wp\/v2\/media\/72604"}],"wp:attachment":[{"href":"https:\/\/nitu.mx\/index.php\/wp-json\/wp\/v2\/media?parent=72602"}],"wp:term":[{"taxonomy":"category","embeddable":true,"href":"https:\/\/nitu.mx\/index.php\/wp-json\/wp\/v2\/categories?post=72602"},{"taxonomy":"post_tag","embeddable":true,"href":"https:\/\/nitu.mx\/index.php\/wp-json\/wp\/v2\/tags?post=72602"}],"curies":[{"name":"wp","href":"https:\/\/api.w.org\/{rel}","templated":true}]}}