{"id":72551,"date":"2024-06-27T23:39:34","date_gmt":"2024-06-28T05:39:34","guid":{"rendered":"https:\/\/nitu.mx\/?p=72551"},"modified":"2024-06-27T23:39:35","modified_gmt":"2024-06-28T05:39:35","slug":"advertencia-de-paro-nacional-posibles-retrasos-en-el-aeropuerto-internacional-de-cancun","status":"publish","type":"post","link":"https:\/\/nitu.mx\/index.php\/2024\/06\/27\/advertencia-de-paro-nacional-posibles-retrasos-en-el-aeropuerto-internacional-de-cancun\/","title":{"rendered":"Advertencia de Paro Nacional: Posibles retrasos en el Aeropuerto Internacional de Canc\u00fan"},"content":{"rendered":"<p>Personal de empresas que prestan servicios en el Aeropuerto Internacional de Canc\u00fan ha informado a sus colaboradores sobre un comunicado emitido por la asociaci\u00f3n Transportistas Unidos ante la falta de pago por sus servicios. Este grupo ha anunciado un paro nacional que incluir\u00e1 el bloqueo de carreteras, afectando tambi\u00e9n las v\u00edas de acceso al aeropuerto.<\/p>\n<p>El Aeropuerto Internacional de Canc\u00fan, el segundo m\u00e1s importante de M\u00e9xico y el primero en vuelos internacionales del pa\u00eds, podr\u00eda experimentar serios inconvenientes debido a esta acci\u00f3n. El paro est\u00e1 programado para ma\u00f1ana y podr\u00eda causar demoras significativas en varios servicios necesarios durante el d\u00eda.<br \/>El paro se justifica ante la falta de pago a los transportistas proveedores de roca bas\u00e1ltica, que se ha usado para la construcci\u00f3n del Tren Maya, quienes tienen meses reclamando el dinero convenido sin obtener respuesta, seg\u00fan se\u00f1alan.<\/p>\n<p>Se advierte a los viajeros que anticipen retrasos y planifiquen con antelaci\u00f3n. Las autoridades y las empresas involucradas est\u00e1n tomando medidas para minimizar el impacto, pero es crucial que los pasajeros y empleados est\u00e9n preparados para posibles interrupciones en su itinerario. (<a href=\"https:\/\/nitu.mx\/index.php\/2024\/06\/24\/buscan-conectar-tren-maya-y-aeropuerto-internacional-de-cancun\/\">Buscan conectar Tren Maya y Aeropuerto Internacional de Canc\u00fan<\/a>).<\/p>\n<p>\u00a0<\/p>\n\n<div class=\"wp-block-image\">\n<figure class=\"aligncenter size-full\"><img decoding=\"async\" loading=\"lazy\" width=\"750\" height=\"909\" src=\"https:\/\/nitu.mx\/wp-content\/uploads\/2024\/06\/PAROTRANSPORTISTAS.jpeg\" alt=\"\" class=\"wp-image-72552\" srcset=\"https:\/\/nitu.mx\/wp-content\/uploads\/2024\/06\/PAROTRANSPORTISTAS.jpeg 750w, https:\/\/nitu.mx\/wp-content\/uploads\/2024\/06\/PAROTRANSPORTISTAS-248x300.jpeg 248w\" sizes=\"(max-width: 750px) 100vw, 750px\" \/><\/figure><\/div>","protected":false},"excerpt":{"rendered":"<p>Personal de empresas que prestan servicios en el Aeropuerto Internacional de Canc\u00fan ha informado a sus colaboradores sobre un comunicado emitido por la asociaci\u00f3n Transportistas Unidos ante la falta de pago por sus servicios. Este grupo ha anunciado un paro nacional que incluir\u00e1 el bloqueo de carreteras, afectando tambi\u00e9n las v\u00edas de acceso al aeropuerto. [&hellip;]<\/p>\n","protected":false},"author":3,"featured_media":65575,"comment_status":"open","ping_status":"open","sticky":false,"template":"","format":"standard","meta":{"footnotes":""},"categories":[19462,21403],"tags":[766,43,6892,25520,4042],"yoast_head":"<!-- This site is optimized with the Yoast SEO plugin v22.2 - https:\/\/yoast.com\/wordpress\/plugins\/seo\/ -->\n<title>Advertencia de Paro Nacional: Posibles retrasos en el Aeropuerto Internacional de Canc\u00fan - Nitu - Noticias de la Industria Turistica<\/title>\n<meta name=\"robots\" content=\"index, follow, max-snippet:-1, max-image-preview:large, max-video-preview:-1\" \/>\n<link rel=\"canonical\" href=\"https:\/\/nitu.mx\/index.php\/2024\/06\/27\/advertencia-de-paro-nacional-posibles-retrasos-en-el-aeropuerto-internacional-de-cancun\/\" \/>\n<meta name=\"twitter:card\" content=\"summary_large_image\" \/>\n<meta name=\"twitter:title\" content=\"Advertencia de Paro Nacional: Posibles retrasos en el Aeropuerto Internacional de Canc\u00fan - Nitu - Noticias de la Industria Turistica\" \/>\n<meta name=\"twitter:description\" content=\"Personal de empresas que prestan servicios en el Aeropuerto Internacional de Canc\u00fan ha informado a sus colaboradores sobre un comunicado emitido por la asociaci\u00f3n Transportistas Unidos ante la falta de pago por sus servicios. Este grupo ha anunciado un paro nacional que incluir\u00e1 el bloqueo de carreteras, afectando tambi\u00e9n las v\u00edas de acceso al aeropuerto. [&hellip;]\" \/>\n<meta name=\"twitter:image\" content=\"https:\/\/nitu.mx\/wp-content\/uploads\/2023\/08\/cancun-aeropuerto.jpg\" \/>\n<meta name=\"twitter:creator\" content=\"@NITUmx\" \/>\n<meta name=\"twitter:site\" content=\"@Arturo_Medina_G\" \/>\n<meta name=\"twitter:label1\" content=\"Escrito por\" \/>\n\t<meta name=\"twitter:data1\" content=\"Alejandra Moncisbays\" \/>\n\t<meta name=\"twitter:label2\" content=\"Tiempo de lectura\" \/>\n\t<meta name=\"twitter:data2\" content=\"1 minuto\" \/>\n<script type=\"application\/ld+json\" class=\"yoast-schema-graph\">{\"@context\":\"https:\/\/schema.org\",\"@graph\":[{\"@type\":\"Article\",\"@id\":\"https:\/\/nitu.mx\/index.php\/2024\/06\/27\/advertencia-de-paro-nacional-posibles-retrasos-en-el-aeropuerto-internacional-de-cancun\/#article\",\"isPartOf\":{\"@id\":\"https:\/\/nitu.mx\/index.php\/2024\/06\/27\/advertencia-de-paro-nacional-posibles-retrasos-en-el-aeropuerto-internacional-de-cancun\/\"},\"author\":{\"name\":\"Alejandra Moncisbays\",\"@id\":\"https:\/\/nitu.mx\/#\/schema\/person\/2ecd887b19dfd3382d1f14fc5acf24a8\"},\"headline\":\"Advertencia de Paro Nacional: Posibles retrasos en el Aeropuerto Internacional de Canc\u00fan\",\"datePublished\":\"2024-06-28T05:39:34+00:00\",\"dateModified\":\"2024-06-28T05:39:35+00:00\",\"mainEntityOfPage\":{\"@id\":\"https:\/\/nitu.mx\/index.php\/2024\/06\/27\/advertencia-de-paro-nacional-posibles-retrasos-en-el-aeropuerto-internacional-de-cancun\/\"},\"wordCount\":222,\"commentCount\":0,\"publisher\":{\"@id\":\"https:\/\/nitu.mx\/#\/schema\/person\/ae7a53426417292d3dd07b45a33e01bc\"},\"image\":{\"@id\":\"https:\/\/nitu.mx\/index.php\/2024\/06\/27\/advertencia-de-paro-nacional-posibles-retrasos-en-el-aeropuerto-internacional-de-cancun\/#primaryimage\"},\"thumbnailUrl\":\"https:\/\/nitu.mx\/wp-content\/uploads\/2023\/08\/cancun-aeropuerto.jpg\",\"keywords\":[\"Aeropuerto Internacional de Canc\u00fan\",\"Canc\u00fan\",\"paro\",\"restrasos\",\"Vuelos\"],\"articleSection\":[\"Aeropuertos\",\"Canc\u00fan\"],\"inLanguage\":\"es-MX\",\"potentialAction\":[{\"@type\":\"CommentAction\",\"name\":\"Comment\",\"target\":[\"https:\/\/nitu.mx\/index.php\/2024\/06\/27\/advertencia-de-paro-nacional-posibles-retrasos-en-el-aeropuerto-internacional-de-cancun\/#respond\"]}]},{\"@type\":\"WebPage\",\"@id\":\"https:\/\/nitu.mx\/index.php\/2024\/06\/27\/advertencia-de-paro-nacional-posibles-retrasos-en-el-aeropuerto-internacional-de-cancun\/\",\"url\":\"https:\/\/nitu.mx\/index.php\/2024\/06\/27\/advertencia-de-paro-nacional-posibles-retrasos-en-el-aeropuerto-internacional-de-cancun\/\",\"name\":\"Advertencia de Paro Nacional: Posibles retrasos en el Aeropuerto Internacional de Canc\u00fan - Nitu - Noticias de la Industria Turistica\",\"isPartOf\":{\"@id\":\"https:\/\/nitu.mx\/#website\"},\"primaryImageOfPage\":{\"@id\":\"https:\/\/nitu.mx\/index.php\/2024\/06\/27\/advertencia-de-paro-nacional-posibles-retrasos-en-el-aeropuerto-internacional-de-cancun\/#primaryimage\"},\"image\":{\"@id\":\"https:\/\/nitu.mx\/index.php\/2024\/06\/27\/advertencia-de-paro-nacional-posibles-retrasos-en-el-aeropuerto-internacional-de-cancun\/#primaryimage\"},\"thumbnailUrl\":\"https:\/\/nitu.mx\/wp-content\/uploads\/2023\/08\/cancun-aeropuerto.jpg\",\"datePublished\":\"2024-06-28T05:39:34+00:00\",\"dateModified\":\"2024-06-28T05:39:35+00:00\",\"breadcrumb\":{\"@id\":\"https:\/\/nitu.mx\/index.php\/2024\/06\/27\/advertencia-de-paro-nacional-posibles-retrasos-en-el-aeropuerto-internacional-de-cancun\/#breadcrumb\"},\"inLanguage\":\"es-MX\",\"potentialAction\":[{\"@type\":\"ReadAction\",\"target\":[\"https:\/\/nitu.mx\/index.php\/2024\/06\/27\/advertencia-de-paro-nacional-posibles-retrasos-en-el-aeropuerto-internacional-de-cancun\/\"]}]},{\"@type\":\"ImageObject\",\"inLanguage\":\"es-MX\",\"@id\":\"https:\/\/nitu.mx\/index.php\/2024\/06\/27\/advertencia-de-paro-nacional-posibles-retrasos-en-el-aeropuerto-internacional-de-cancun\/#primaryimage\",\"url\":\"https:\/\/nitu.mx\/wp-content\/uploads\/2023\/08\/cancun-aeropuerto.jpg\",\"contentUrl\":\"https:\/\/nitu.mx\/wp-content\/uploads\/2023\/08\/cancun-aeropuerto.jpg\",\"width\":1600,\"height\":1068,\"caption\":\"cancun aeropuerto\"},{\"@type\":\"BreadcrumbList\",\"@id\":\"https:\/\/nitu.mx\/index.php\/2024\/06\/27\/advertencia-de-paro-nacional-posibles-retrasos-en-el-aeropuerto-internacional-de-cancun\/#breadcrumb\",\"itemListElement\":[{\"@type\":\"ListItem\",\"position\":1,\"name\":\"Inicio\",\"item\":\"https:\/\/nitu.mx\/\"},{\"@type\":\"ListItem\",\"position\":2,\"name\":\"Advertencia de Paro Nacional: Posibles retrasos en el Aeropuerto Internacional de Canc\u00fan\"}]},{\"@type\":\"WebSite\",\"@id\":\"https:\/\/nitu.mx\/#website\",\"url\":\"https:\/\/nitu.mx\/\",\"name\":\"Nitu - Noticias de la Industria Turistica\",\"description\":\"Noticias de la Industria Turistica\",\"publisher\":{\"@id\":\"https:\/\/nitu.mx\/#\/schema\/person\/ae7a53426417292d3dd07b45a33e01bc\"},\"alternateName\":\"Noticias de la Industria Turistica\",\"potentialAction\":[{\"@type\":\"SearchAction\",\"target\":{\"@type\":\"EntryPoint\",\"urlTemplate\":\"https:\/\/nitu.mx\/?s={search_term_string}\"},\"query-input\":\"required name=search_term_string\"}],\"inLanguage\":\"es-MX\"},{\"@type\":[\"Person\",\"Organization\"],\"@id\":\"https:\/\/nitu.mx\/#\/schema\/person\/ae7a53426417292d3dd07b45a33e01bc\",\"name\":\"Arturo Medina\",\"image\":{\"@type\":\"ImageObject\",\"inLanguage\":\"es-MX\",\"@id\":\"https:\/\/nitu.mx\/#\/schema\/person\/image\/\",\"url\":\"https:\/\/nitu.mx\/wp-content\/uploads\/2024\/04\/4A315622-1904-4D5C-B022-878CDC840E04-90x90-1.jpeg\",\"contentUrl\":\"https:\/\/nitu.mx\/wp-content\/uploads\/2024\/04\/4A315622-1904-4D5C-B022-878CDC840E04-90x90-1.jpeg\",\"width\":90,\"height\":90,\"caption\":\"Arturo Medina\"},\"logo\":{\"@id\":\"https:\/\/nitu.mx\/#\/schema\/person\/image\/\"},\"description\":\"Director NITU.mx, Egresado de la Escuela de Periodismo Carlos Septi\u00e9n Garc\u00eda. Periodista y analista especializado en turismo desde hace 35 a\u00f1os, radicado en Canc\u00fan Q.Roo. arturo@nitu.mx\",\"sameAs\":[\"https:\/\/nitu.mx\",\"https:\/\/www.facebook.com\/NITUmx\/\",\"medinacancun\",\"https:\/\/twitter.com\/@Arturo_Medina_G\"]},{\"@type\":\"Person\",\"@id\":\"https:\/\/nitu.mx\/#\/schema\/person\/2ecd887b19dfd3382d1f14fc5acf24a8\",\"name\":\"Alejandra Moncisbays\",\"image\":{\"@type\":\"ImageObject\",\"inLanguage\":\"es-MX\",\"@id\":\"https:\/\/nitu.mx\/#\/schema\/person\/image\/\",\"url\":\"https:\/\/secure.gravatar.com\/avatar\/e74f7af0be172b7804dacfd0bfbef787?s=96&d=mm&r=g\",\"contentUrl\":\"https:\/\/secure.gravatar.com\/avatar\/e74f7af0be172b7804dacfd0bfbef787?s=96&d=mm&r=g\",\"caption\":\"Alejandra Moncisbays\"},\"description\":\"Curs\u00e9 la carrera de Periodismo y Comunicaci\u00f3n en la Facultad de Estudios Profesionales Acatl\u00e1n. Vivo en Canc\u00fan desde hace 24 a\u00f1os. Fui reportera de La Tarde de Canc\u00fan, y Novedades de Quintana Roo, colabor\u00e9 en TVCUN, edit\u00e9 Cancun\u00edssimo y colabor\u00e9 en las revistas Latitud21, entre otras, con principal enfoque en los sectores empresarial y tur\u00edstico. Desde hace varios a\u00f1os soy Agente de Seguros con c\u00e9dula de la Comisi\u00f3n Nacional de Seguros y Fianzas. Actualmente, me desarrollo en los \u00e1mbitos del periodismo y el sector asegurador.\",\"sameAs\":[\"https:\/\/nitu.mx\"],\"url\":\"https:\/\/nitu.mx\/index.php\/author\/alejandra\/\"}]}<\/script>\n<!-- \/ Yoast SEO plugin. -->","yoast_head_json":{"title":"Advertencia de Paro Nacional: Posibles retrasos en el Aeropuerto Internacional de Canc\u00fan - Nitu - Noticias de la Industria Turistica","robots":{"index":"index","follow":"follow","max-snippet":"max-snippet:-1","max-image-preview":"max-image-preview:large","max-video-preview":"max-video-preview:-1"},"canonical":"https:\/\/nitu.mx\/index.php\/2024\/06\/27\/advertencia-de-paro-nacional-posibles-retrasos-en-el-aeropuerto-internacional-de-cancun\/","twitter_card":"summary_large_image","twitter_title":"Advertencia de Paro Nacional: Posibles retrasos en el Aeropuerto Internacional de Canc\u00fan - Nitu - Noticias de la Industria Turistica","twitter_description":"Personal de empresas que prestan servicios en el Aeropuerto Internacional de Canc\u00fan ha informado a sus colaboradores sobre un comunicado emitido por la asociaci\u00f3n Transportistas Unidos ante la falta de pago por sus servicios. Este grupo ha anunciado un paro nacional que incluir\u00e1 el bloqueo de carreteras, afectando tambi\u00e9n las v\u00edas de acceso al aeropuerto. [&hellip;]","twitter_image":"https:\/\/nitu.mx\/wp-content\/uploads\/2023\/08\/cancun-aeropuerto.jpg","twitter_creator":"@NITUmx","twitter_site":"@Arturo_Medina_G","twitter_misc":{"Escrito por":"Alejandra Moncisbays","Tiempo de lectura":"1 minuto"},"schema":{"@context":"https:\/\/schema.org","@graph":[{"@type":"Article","@id":"https:\/\/nitu.mx\/index.php\/2024\/06\/27\/advertencia-de-paro-nacional-posibles-retrasos-en-el-aeropuerto-internacional-de-cancun\/#article","isPartOf":{"@id":"https:\/\/nitu.mx\/index.php\/2024\/06\/27\/advertencia-de-paro-nacional-posibles-retrasos-en-el-aeropuerto-internacional-de-cancun\/"},"author":{"name":"Alejandra Moncisbays","@id":"https:\/\/nitu.mx\/#\/schema\/person\/2ecd887b19dfd3382d1f14fc5acf24a8"},"headline":"Advertencia de Paro Nacional: Posibles retrasos en el Aeropuerto Internacional de Canc\u00fan","datePublished":"2024-06-28T05:39:34+00:00","dateModified":"2024-06-28T05:39:35+00:00","mainEntityOfPage":{"@id":"https:\/\/nitu.mx\/index.php\/2024\/06\/27\/advertencia-de-paro-nacional-posibles-retrasos-en-el-aeropuerto-internacional-de-cancun\/"},"wordCount":222,"commentCount":0,"publisher":{"@id":"https:\/\/nitu.mx\/#\/schema\/person\/ae7a53426417292d3dd07b45a33e01bc"},"image":{"@id":"https:\/\/nitu.mx\/index.php\/2024\/06\/27\/advertencia-de-paro-nacional-posibles-retrasos-en-el-aeropuerto-internacional-de-cancun\/#primaryimage"},"thumbnailUrl":"https:\/\/nitu.mx\/wp-content\/uploads\/2023\/08\/cancun-aeropuerto.jpg","keywords":["Aeropuerto Internacional de Canc\u00fan","Canc\u00fan","paro","restrasos","Vuelos"],"articleSection":["Aeropuertos","Canc\u00fan"],"inLanguage":"es-MX","potentialAction":[{"@type":"CommentAction","name":"Comment","target":["https:\/\/nitu.mx\/index.php\/2024\/06\/27\/advertencia-de-paro-nacional-posibles-retrasos-en-el-aeropuerto-internacional-de-cancun\/#respond"]}]},{"@type":"WebPage","@id":"https:\/\/nitu.mx\/index.php\/2024\/06\/27\/advertencia-de-paro-nacional-posibles-retrasos-en-el-aeropuerto-internacional-de-cancun\/","url":"https:\/\/nitu.mx\/index.php\/2024\/06\/27\/advertencia-de-paro-nacional-posibles-retrasos-en-el-aeropuerto-internacional-de-cancun\/","name":"Advertencia de Paro Nacional: Posibles retrasos en el Aeropuerto Internacional de Canc\u00fan - Nitu - Noticias de la Industria Turistica","isPartOf":{"@id":"https:\/\/nitu.mx\/#website"},"primaryImageOfPage":{"@id":"https:\/\/nitu.mx\/index.php\/2024\/06\/27\/advertencia-de-paro-nacional-posibles-retrasos-en-el-aeropuerto-internacional-de-cancun\/#primaryimage"},"image":{"@id":"https:\/\/nitu.mx\/index.php\/2024\/06\/27\/advertencia-de-paro-nacional-posibles-retrasos-en-el-aeropuerto-internacional-de-cancun\/#primaryimage"},"thumbnailUrl":"https:\/\/nitu.mx\/wp-content\/uploads\/2023\/08\/cancun-aeropuerto.jpg","datePublished":"2024-06-28T05:39:34+00:00","dateModified":"2024-06-28T05:39:35+00:00","breadcrumb":{"@id":"https:\/\/nitu.mx\/index.php\/2024\/06\/27\/advertencia-de-paro-nacional-posibles-retrasos-en-el-aeropuerto-internacional-de-cancun\/#breadcrumb"},"inLanguage":"es-MX","potentialAction":[{"@type":"ReadAction","target":["https:\/\/nitu.mx\/index.php\/2024\/06\/27\/advertencia-de-paro-nacional-posibles-retrasos-en-el-aeropuerto-internacional-de-cancun\/"]}]},{"@type":"ImageObject","inLanguage":"es-MX","@id":"https:\/\/nitu.mx\/index.php\/2024\/06\/27\/advertencia-de-paro-nacional-posibles-retrasos-en-el-aeropuerto-internacional-de-cancun\/#primaryimage","url":"https:\/\/nitu.mx\/wp-content\/uploads\/2023\/08\/cancun-aeropuerto.jpg","contentUrl":"https:\/\/nitu.mx\/wp-content\/uploads\/2023\/08\/cancun-aeropuerto.jpg","width":1600,"height":1068,"caption":"cancun aeropuerto"},{"@type":"BreadcrumbList","@id":"https:\/\/nitu.mx\/index.php\/2024\/06\/27\/advertencia-de-paro-nacional-posibles-retrasos-en-el-aeropuerto-internacional-de-cancun\/#breadcrumb","itemListElement":[{"@type":"ListItem","position":1,"name":"Inicio","item":"https:\/\/nitu.mx\/"},{"@type":"ListItem","position":2,"name":"Advertencia de Paro Nacional: Posibles retrasos en el Aeropuerto Internacional de Canc\u00fan"}]},{"@type":"WebSite","@id":"https:\/\/nitu.mx\/#website","url":"https:\/\/nitu.mx\/","name":"Nitu - Noticias de la Industria Turistica","description":"Noticias de la Industria Turistica","publisher":{"@id":"https:\/\/nitu.mx\/#\/schema\/person\/ae7a53426417292d3dd07b45a33e01bc"},"alternateName":"Noticias de la Industria Turistica","potentialAction":[{"@type":"SearchAction","target":{"@type":"EntryPoint","urlTemplate":"https:\/\/nitu.mx\/?s={search_term_string}"},"query-input":"required name=search_term_string"}],"inLanguage":"es-MX"},{"@type":["Person","Organization"],"@id":"https:\/\/nitu.mx\/#\/schema\/person\/ae7a53426417292d3dd07b45a33e01bc","name":"Arturo Medina","image":{"@type":"ImageObject","inLanguage":"es-MX","@id":"https:\/\/nitu.mx\/#\/schema\/person\/image\/","url":"https:\/\/nitu.mx\/wp-content\/uploads\/2024\/04\/4A315622-1904-4D5C-B022-878CDC840E04-90x90-1.jpeg","contentUrl":"https:\/\/nitu.mx\/wp-content\/uploads\/2024\/04\/4A315622-1904-4D5C-B022-878CDC840E04-90x90-1.jpeg","width":90,"height":90,"caption":"Arturo Medina"},"logo":{"@id":"https:\/\/nitu.mx\/#\/schema\/person\/image\/"},"description":"Director NITU.mx, Egresado de la Escuela de Periodismo Carlos Septi\u00e9n Garc\u00eda. Periodista y analista especializado en turismo desde hace 35 a\u00f1os, radicado en Canc\u00fan Q.Roo. arturo@nitu.mx","sameAs":["https:\/\/nitu.mx","https:\/\/www.facebook.com\/NITUmx\/","medinacancun","https:\/\/twitter.com\/@Arturo_Medina_G"]},{"@type":"Person","@id":"https:\/\/nitu.mx\/#\/schema\/person\/2ecd887b19dfd3382d1f14fc5acf24a8","name":"Alejandra Moncisbays","image":{"@type":"ImageObject","inLanguage":"es-MX","@id":"https:\/\/nitu.mx\/#\/schema\/person\/image\/","url":"https:\/\/secure.gravatar.com\/avatar\/e74f7af0be172b7804dacfd0bfbef787?s=96&d=mm&r=g","contentUrl":"https:\/\/secure.gravatar.com\/avatar\/e74f7af0be172b7804dacfd0bfbef787?s=96&d=mm&r=g","caption":"Alejandra Moncisbays"},"description":"Curs\u00e9 la carrera de Periodismo y Comunicaci\u00f3n en la Facultad de Estudios Profesionales Acatl\u00e1n. Vivo en Canc\u00fan desde hace 24 a\u00f1os. Fui reportera de La Tarde de Canc\u00fan, y Novedades de Quintana Roo, colabor\u00e9 en TVCUN, edit\u00e9 Cancun\u00edssimo y colabor\u00e9 en las revistas Latitud21, entre otras, con principal enfoque en los sectores empresarial y tur\u00edstico. Desde hace varios a\u00f1os soy Agente de Seguros con c\u00e9dula de la Comisi\u00f3n Nacional de Seguros y Fianzas. Actualmente, me desarrollo en los \u00e1mbitos del periodismo y el sector asegurador.","sameAs":["https:\/\/nitu.mx"],"url":"https:\/\/nitu.mx\/index.php\/author\/alejandra\/"}]}},"views":716,"_links":{"self":[{"href":"https:\/\/nitu.mx\/index.php\/wp-json\/wp\/v2\/posts\/72551"}],"collection":[{"href":"https:\/\/nitu.mx\/index.php\/wp-json\/wp\/v2\/posts"}],"about":[{"href":"https:\/\/nitu.mx\/index.php\/wp-json\/wp\/v2\/types\/post"}],"author":[{"embeddable":true,"href":"https:\/\/nitu.mx\/index.php\/wp-json\/wp\/v2\/users\/3"}],"replies":[{"embeddable":true,"href":"https:\/\/nitu.mx\/index.php\/wp-json\/wp\/v2\/comments?post=72551"}],"version-history":[{"count":4,"href":"https:\/\/nitu.mx\/index.php\/wp-json\/wp\/v2\/posts\/72551\/revisions"}],"predecessor-version":[{"id":72589,"href":"https:\/\/nitu.mx\/index.php\/wp-json\/wp\/v2\/posts\/72551\/revisions\/72589"}],"wp:featuredmedia":[{"embeddable":true,"href":"https:\/\/nitu.mx\/index.php\/wp-json\/wp\/v2\/media\/65575"}],"wp:attachment":[{"href":"https:\/\/nitu.mx\/index.php\/wp-json\/wp\/v2\/media?parent=72551"}],"wp:term":[{"taxonomy":"category","embeddable":true,"href":"https:\/\/nitu.mx\/index.php\/wp-json\/wp\/v2\/categories?post=72551"},{"taxonomy":"post_tag","embeddable":true,"href":"https:\/\/nitu.mx\/index.php\/wp-json\/wp\/v2\/tags?post=72551"}],"curies":[{"name":"wp","href":"https:\/\/api.w.org\/{rel}","templated":true}]}}