{"id":72423,"date":"2024-06-24T23:28:27","date_gmt":"2024-06-25T05:28:27","guid":{"rendered":"https:\/\/nitu.mx\/?p=72423"},"modified":"2024-06-24T23:28:27","modified_gmt":"2024-06-25T05:28:27","slug":"nazaret-carbonari-asume-la-direccion-del-waldorf-astoria-cancun","status":"publish","type":"post","link":"https:\/\/nitu.mx\/index.php\/2024\/06\/24\/nazaret-carbonari-asume-la-direccion-del-waldorf-astoria-cancun\/","title":{"rendered":"Nazaret Carbonari asume la direcci\u00f3n del Waldorf Astoria Canc\u00fan"},"content":{"rendered":"<p>Nazaret Carbonari ha sido nombrada nueva directora general del Waldorf Astoria Canc\u00fan, tras una destacada trayectoria en la industria hotelera. Carbonari, quien previamente lider\u00f3 el Canopy by Hilton Cancun La Isla, ahora toma las riendas del prestigioso resort de Hilton.<\/p>\n<p>El Waldorf Astoria Canc\u00fan, inaugurado a finales de 2022, est\u00e1 ubicado a 15 minutos del Aeropuerto Internacional de Canc\u00fan. Rodeado de manglares y con un vest\u00edbulo de m\u00e1rmol que ofrece vistas impresionantes al Mar Caribe, es el primer resort de nueva construcci\u00f3n de la marca Hilton en el Caribe y Latinoam\u00e9rica. El hotel cuenta con 173 habitaciones y suites, todas con balcones y vistas panor\u00e1micas del oc\u00e9ano, adem\u00e1s de amplias ba\u00f1eras.<\/p>\n<p>Carbonari tiene una s\u00f3lida experiencia en el sector, habiendo trabajado en Canopy by Hilton Cancun La Isla desde agosto de 2021 hasta mayo de 2024. Antes de eso, se desempe\u00f1\u00f3 como directora de Operaciones en W Hotels en Chile por casi tres a\u00f1os. Tambi\u00e9n cuenta con experiencia en Panam\u00e1 y fue directora de Alimentos y Bebidas en The Westin Cancun Resort &amp; Spa.<\/p>\n<p>Formada en la Escuela Superior de Hoteler\u00eda, Carbonari aporta una gran experiencia y conocimiento a su nuevo rol en Waldorf Astoria Canc\u00fan. Su nombramiento marca un nuevo cap\u00edtulo para este lujoso resort, que sigue posicion\u00e1ndose como un destino destacado en la regi\u00f3n. (<a href=\"https:\/\/nitu.mx\/index.php\/2024\/06\/09\/waldorf-astoria-cancun-y-los-cabos-se-unen-para-lanzar-exclusivo-pasaporte-culinario\/\">Waldorf Astoria Canc\u00fan y Los Cabos se unen para lanzar exclusivo pasaporte culinario<\/a>).<\/p>\n","protected":false},"excerpt":{"rendered":"<p>Nazaret Carbonari ha sido nombrada nueva directora general del Waldorf Astoria Canc\u00fan, tras una destacada trayectoria en la industria hotelera. Carbonari, quien previamente lider\u00f3 el Canopy by Hilton Cancun La Isla, ahora toma las riendas del prestigioso resort de Hilton. El Waldorf Astoria Canc\u00fan, inaugurado a finales de 2022, est\u00e1 ubicado a 15 minutos del [&hellip;]<\/p>\n","protected":false},"author":3,"featured_media":72425,"comment_status":"open","ping_status":"open","sticky":false,"template":"","format":"standard","meta":{"footnotes":""},"categories":[2],"tags":[43,25492,17028],"yoast_head":"<!-- This site is optimized with the Yoast SEO plugin v22.2 - https:\/\/yoast.com\/wordpress\/plugins\/seo\/ -->\n<title>Nazaret Carbonari asume la direcci\u00f3n del Waldorf Astoria Canc\u00fan - Nitu - Noticias de la Industria Turistica<\/title>\n<meta name=\"robots\" content=\"index, follow, max-snippet:-1, max-image-preview:large, max-video-preview:-1\" \/>\n<link rel=\"canonical\" href=\"https:\/\/nitu.mx\/index.php\/2024\/06\/24\/nazaret-carbonari-asume-la-direccion-del-waldorf-astoria-cancun\/\" \/>\n<meta name=\"twitter:card\" content=\"summary_large_image\" \/>\n<meta name=\"twitter:title\" content=\"Nazaret Carbonari asume la direcci\u00f3n del Waldorf Astoria Canc\u00fan - Nitu - Noticias de la Industria Turistica\" \/>\n<meta name=\"twitter:description\" content=\"Nazaret Carbonari ha sido nombrada nueva directora general del Waldorf Astoria Canc\u00fan, tras una destacada trayectoria en la industria hotelera. Carbonari, quien previamente lider\u00f3 el Canopy by Hilton Cancun La Isla, ahora toma las riendas del prestigioso resort de Hilton. El Waldorf Astoria Canc\u00fan, inaugurado a finales de 2022, est\u00e1 ubicado a 15 minutos del [&hellip;]\" \/>\n<meta name=\"twitter:image\" content=\"https:\/\/nitu.mx\/wp-content\/uploads\/2024\/06\/NAZARETCARBONARI.jpeg\" \/>\n<meta name=\"twitter:creator\" content=\"@NITUmx\" \/>\n<meta name=\"twitter:site\" content=\"@Arturo_Medina_G\" \/>\n<meta name=\"twitter:label1\" content=\"Escrito por\" \/>\n\t<meta name=\"twitter:data1\" content=\"Alejandra Moncisbays\" \/>\n\t<meta name=\"twitter:label2\" content=\"Tiempo de lectura\" \/>\n\t<meta name=\"twitter:data2\" content=\"1 minuto\" \/>\n<script type=\"application\/ld+json\" class=\"yoast-schema-graph\">{\"@context\":\"https:\/\/schema.org\",\"@graph\":[{\"@type\":\"Article\",\"@id\":\"https:\/\/nitu.mx\/index.php\/2024\/06\/24\/nazaret-carbonari-asume-la-direccion-del-waldorf-astoria-cancun\/#article\",\"isPartOf\":{\"@id\":\"https:\/\/nitu.mx\/index.php\/2024\/06\/24\/nazaret-carbonari-asume-la-direccion-del-waldorf-astoria-cancun\/\"},\"author\":{\"name\":\"Alejandra Moncisbays\",\"@id\":\"https:\/\/nitu.mx\/#\/schema\/person\/2ecd887b19dfd3382d1f14fc5acf24a8\"},\"headline\":\"Nazaret Carbonari asume la direcci\u00f3n del Waldorf Astoria Canc\u00fan\",\"datePublished\":\"2024-06-25T05:28:27+00:00\",\"dateModified\":\"2024-06-25T05:28:27+00:00\",\"mainEntityOfPage\":{\"@id\":\"https:\/\/nitu.mx\/index.php\/2024\/06\/24\/nazaret-carbonari-asume-la-direccion-del-waldorf-astoria-cancun\/\"},\"wordCount\":255,\"commentCount\":0,\"publisher\":{\"@id\":\"https:\/\/nitu.mx\/#\/schema\/person\/ae7a53426417292d3dd07b45a33e01bc\"},\"image\":{\"@id\":\"https:\/\/nitu.mx\/index.php\/2024\/06\/24\/nazaret-carbonari-asume-la-direccion-del-waldorf-astoria-cancun\/#primaryimage\"},\"thumbnailUrl\":\"https:\/\/nitu.mx\/wp-content\/uploads\/2024\/06\/NAZARETCARBONARI.jpeg\",\"keywords\":[\"Canc\u00fan\",\"Nazaret Carbonari\",\"Waldorf Astoria Canc\u00fan\"],\"articleSection\":[\"Hoteles\"],\"inLanguage\":\"es-MX\",\"potentialAction\":[{\"@type\":\"CommentAction\",\"name\":\"Comment\",\"target\":[\"https:\/\/nitu.mx\/index.php\/2024\/06\/24\/nazaret-carbonari-asume-la-direccion-del-waldorf-astoria-cancun\/#respond\"]}]},{\"@type\":\"WebPage\",\"@id\":\"https:\/\/nitu.mx\/index.php\/2024\/06\/24\/nazaret-carbonari-asume-la-direccion-del-waldorf-astoria-cancun\/\",\"url\":\"https:\/\/nitu.mx\/index.php\/2024\/06\/24\/nazaret-carbonari-asume-la-direccion-del-waldorf-astoria-cancun\/\",\"name\":\"Nazaret Carbonari asume la direcci\u00f3n del Waldorf Astoria Canc\u00fan - Nitu - Noticias de la Industria Turistica\",\"isPartOf\":{\"@id\":\"https:\/\/nitu.mx\/#website\"},\"primaryImageOfPage\":{\"@id\":\"https:\/\/nitu.mx\/index.php\/2024\/06\/24\/nazaret-carbonari-asume-la-direccion-del-waldorf-astoria-cancun\/#primaryimage\"},\"image\":{\"@id\":\"https:\/\/nitu.mx\/index.php\/2024\/06\/24\/nazaret-carbonari-asume-la-direccion-del-waldorf-astoria-cancun\/#primaryimage\"},\"thumbnailUrl\":\"https:\/\/nitu.mx\/wp-content\/uploads\/2024\/06\/NAZARETCARBONARI.jpeg\",\"datePublished\":\"2024-06-25T05:28:27+00:00\",\"dateModified\":\"2024-06-25T05:28:27+00:00\",\"breadcrumb\":{\"@id\":\"https:\/\/nitu.mx\/index.php\/2024\/06\/24\/nazaret-carbonari-asume-la-direccion-del-waldorf-astoria-cancun\/#breadcrumb\"},\"inLanguage\":\"es-MX\",\"potentialAction\":[{\"@type\":\"ReadAction\",\"target\":[\"https:\/\/nitu.mx\/index.php\/2024\/06\/24\/nazaret-carbonari-asume-la-direccion-del-waldorf-astoria-cancun\/\"]}]},{\"@type\":\"ImageObject\",\"inLanguage\":\"es-MX\",\"@id\":\"https:\/\/nitu.mx\/index.php\/2024\/06\/24\/nazaret-carbonari-asume-la-direccion-del-waldorf-astoria-cancun\/#primaryimage\",\"url\":\"https:\/\/nitu.mx\/wp-content\/uploads\/2024\/06\/NAZARETCARBONARI.jpeg\",\"contentUrl\":\"https:\/\/nitu.mx\/wp-content\/uploads\/2024\/06\/NAZARETCARBONARI.jpeg\",\"width\":479,\"height\":582,\"caption\":\"NAZARET CARBONARI\"},{\"@type\":\"BreadcrumbList\",\"@id\":\"https:\/\/nitu.mx\/index.php\/2024\/06\/24\/nazaret-carbonari-asume-la-direccion-del-waldorf-astoria-cancun\/#breadcrumb\",\"itemListElement\":[{\"@type\":\"ListItem\",\"position\":1,\"name\":\"Inicio\",\"item\":\"https:\/\/nitu.mx\/\"},{\"@type\":\"ListItem\",\"position\":2,\"name\":\"Nazaret Carbonari asume la direcci\u00f3n del Waldorf Astoria Canc\u00fan\"}]},{\"@type\":\"WebSite\",\"@id\":\"https:\/\/nitu.mx\/#website\",\"url\":\"https:\/\/nitu.mx\/\",\"name\":\"Nitu - Noticias de la Industria Turistica\",\"description\":\"Noticias de la Industria Turistica\",\"publisher\":{\"@id\":\"https:\/\/nitu.mx\/#\/schema\/person\/ae7a53426417292d3dd07b45a33e01bc\"},\"alternateName\":\"Noticias de la Industria Turistica\",\"potentialAction\":[{\"@type\":\"SearchAction\",\"target\":{\"@type\":\"EntryPoint\",\"urlTemplate\":\"https:\/\/nitu.mx\/?s={search_term_string}\"},\"query-input\":\"required name=search_term_string\"}],\"inLanguage\":\"es-MX\"},{\"@type\":[\"Person\",\"Organization\"],\"@id\":\"https:\/\/nitu.mx\/#\/schema\/person\/ae7a53426417292d3dd07b45a33e01bc\",\"name\":\"Arturo Medina\",\"image\":{\"@type\":\"ImageObject\",\"inLanguage\":\"es-MX\",\"@id\":\"https:\/\/nitu.mx\/#\/schema\/person\/image\/\",\"url\":\"https:\/\/nitu.mx\/wp-content\/uploads\/2024\/04\/4A315622-1904-4D5C-B022-878CDC840E04-90x90-1.jpeg\",\"contentUrl\":\"https:\/\/nitu.mx\/wp-content\/uploads\/2024\/04\/4A315622-1904-4D5C-B022-878CDC840E04-90x90-1.jpeg\",\"width\":90,\"height\":90,\"caption\":\"Arturo Medina\"},\"logo\":{\"@id\":\"https:\/\/nitu.mx\/#\/schema\/person\/image\/\"},\"description\":\"Director NITU.mx, Egresado de la Escuela de Periodismo Carlos Septi\u00e9n Garc\u00eda. Periodista y analista especializado en turismo desde hace 35 a\u00f1os, radicado en Canc\u00fan Q.Roo. arturo@nitu.mx\",\"sameAs\":[\"https:\/\/nitu.mx\",\"https:\/\/www.facebook.com\/NITUmx\/\",\"medinacancun\",\"https:\/\/twitter.com\/@Arturo_Medina_G\"]},{\"@type\":\"Person\",\"@id\":\"https:\/\/nitu.mx\/#\/schema\/person\/2ecd887b19dfd3382d1f14fc5acf24a8\",\"name\":\"Alejandra Moncisbays\",\"image\":{\"@type\":\"ImageObject\",\"inLanguage\":\"es-MX\",\"@id\":\"https:\/\/nitu.mx\/#\/schema\/person\/image\/\",\"url\":\"https:\/\/secure.gravatar.com\/avatar\/e74f7af0be172b7804dacfd0bfbef787?s=96&d=mm&r=g\",\"contentUrl\":\"https:\/\/secure.gravatar.com\/avatar\/e74f7af0be172b7804dacfd0bfbef787?s=96&d=mm&r=g\",\"caption\":\"Alejandra Moncisbays\"},\"description\":\"Curs\u00e9 la carrera de Periodismo y Comunicaci\u00f3n en la Facultad de Estudios Profesionales Acatl\u00e1n. Vivo en Canc\u00fan desde hace 24 a\u00f1os. Fui reportera de La Tarde de Canc\u00fan, y Novedades de Quintana Roo, colabor\u00e9 en TVCUN, edit\u00e9 Cancun\u00edssimo y colabor\u00e9 en las revistas Latitud21, entre otras, con principal enfoque en los sectores empresarial y tur\u00edstico. Desde hace varios a\u00f1os soy Agente de Seguros con c\u00e9dula de la Comisi\u00f3n Nacional de Seguros y Fianzas. Actualmente, me desarrollo en los \u00e1mbitos del periodismo y el sector asegurador.\",\"sameAs\":[\"https:\/\/nitu.mx\"],\"url\":\"https:\/\/nitu.mx\/index.php\/author\/alejandra\/\"}]}<\/script>\n<!-- \/ Yoast SEO plugin. -->","yoast_head_json":{"title":"Nazaret Carbonari asume la direcci\u00f3n del Waldorf Astoria Canc\u00fan - Nitu - Noticias de la Industria Turistica","robots":{"index":"index","follow":"follow","max-snippet":"max-snippet:-1","max-image-preview":"max-image-preview:large","max-video-preview":"max-video-preview:-1"},"canonical":"https:\/\/nitu.mx\/index.php\/2024\/06\/24\/nazaret-carbonari-asume-la-direccion-del-waldorf-astoria-cancun\/","twitter_card":"summary_large_image","twitter_title":"Nazaret Carbonari asume la direcci\u00f3n del Waldorf Astoria Canc\u00fan - Nitu - Noticias de la Industria Turistica","twitter_description":"Nazaret Carbonari ha sido nombrada nueva directora general del Waldorf Astoria Canc\u00fan, tras una destacada trayectoria en la industria hotelera. Carbonari, quien previamente lider\u00f3 el Canopy by Hilton Cancun La Isla, ahora toma las riendas del prestigioso resort de Hilton. El Waldorf Astoria Canc\u00fan, inaugurado a finales de 2022, est\u00e1 ubicado a 15 minutos del [&hellip;]","twitter_image":"https:\/\/nitu.mx\/wp-content\/uploads\/2024\/06\/NAZARETCARBONARI.jpeg","twitter_creator":"@NITUmx","twitter_site":"@Arturo_Medina_G","twitter_misc":{"Escrito por":"Alejandra Moncisbays","Tiempo de lectura":"1 minuto"},"schema":{"@context":"https:\/\/schema.org","@graph":[{"@type":"Article","@id":"https:\/\/nitu.mx\/index.php\/2024\/06\/24\/nazaret-carbonari-asume-la-direccion-del-waldorf-astoria-cancun\/#article","isPartOf":{"@id":"https:\/\/nitu.mx\/index.php\/2024\/06\/24\/nazaret-carbonari-asume-la-direccion-del-waldorf-astoria-cancun\/"},"author":{"name":"Alejandra Moncisbays","@id":"https:\/\/nitu.mx\/#\/schema\/person\/2ecd887b19dfd3382d1f14fc5acf24a8"},"headline":"Nazaret Carbonari asume la direcci\u00f3n del Waldorf Astoria Canc\u00fan","datePublished":"2024-06-25T05:28:27+00:00","dateModified":"2024-06-25T05:28:27+00:00","mainEntityOfPage":{"@id":"https:\/\/nitu.mx\/index.php\/2024\/06\/24\/nazaret-carbonari-asume-la-direccion-del-waldorf-astoria-cancun\/"},"wordCount":255,"commentCount":0,"publisher":{"@id":"https:\/\/nitu.mx\/#\/schema\/person\/ae7a53426417292d3dd07b45a33e01bc"},"image":{"@id":"https:\/\/nitu.mx\/index.php\/2024\/06\/24\/nazaret-carbonari-asume-la-direccion-del-waldorf-astoria-cancun\/#primaryimage"},"thumbnailUrl":"https:\/\/nitu.mx\/wp-content\/uploads\/2024\/06\/NAZARETCARBONARI.jpeg","keywords":["Canc\u00fan","Nazaret Carbonari","Waldorf Astoria Canc\u00fan"],"articleSection":["Hoteles"],"inLanguage":"es-MX","potentialAction":[{"@type":"CommentAction","name":"Comment","target":["https:\/\/nitu.mx\/index.php\/2024\/06\/24\/nazaret-carbonari-asume-la-direccion-del-waldorf-astoria-cancun\/#respond"]}]},{"@type":"WebPage","@id":"https:\/\/nitu.mx\/index.php\/2024\/06\/24\/nazaret-carbonari-asume-la-direccion-del-waldorf-astoria-cancun\/","url":"https:\/\/nitu.mx\/index.php\/2024\/06\/24\/nazaret-carbonari-asume-la-direccion-del-waldorf-astoria-cancun\/","name":"Nazaret Carbonari asume la direcci\u00f3n del Waldorf Astoria Canc\u00fan - Nitu - Noticias de la Industria Turistica","isPartOf":{"@id":"https:\/\/nitu.mx\/#website"},"primaryImageOfPage":{"@id":"https:\/\/nitu.mx\/index.php\/2024\/06\/24\/nazaret-carbonari-asume-la-direccion-del-waldorf-astoria-cancun\/#primaryimage"},"image":{"@id":"https:\/\/nitu.mx\/index.php\/2024\/06\/24\/nazaret-carbonari-asume-la-direccion-del-waldorf-astoria-cancun\/#primaryimage"},"thumbnailUrl":"https:\/\/nitu.mx\/wp-content\/uploads\/2024\/06\/NAZARETCARBONARI.jpeg","datePublished":"2024-06-25T05:28:27+00:00","dateModified":"2024-06-25T05:28:27+00:00","breadcrumb":{"@id":"https:\/\/nitu.mx\/index.php\/2024\/06\/24\/nazaret-carbonari-asume-la-direccion-del-waldorf-astoria-cancun\/#breadcrumb"},"inLanguage":"es-MX","potentialAction":[{"@type":"ReadAction","target":["https:\/\/nitu.mx\/index.php\/2024\/06\/24\/nazaret-carbonari-asume-la-direccion-del-waldorf-astoria-cancun\/"]}]},{"@type":"ImageObject","inLanguage":"es-MX","@id":"https:\/\/nitu.mx\/index.php\/2024\/06\/24\/nazaret-carbonari-asume-la-direccion-del-waldorf-astoria-cancun\/#primaryimage","url":"https:\/\/nitu.mx\/wp-content\/uploads\/2024\/06\/NAZARETCARBONARI.jpeg","contentUrl":"https:\/\/nitu.mx\/wp-content\/uploads\/2024\/06\/NAZARETCARBONARI.jpeg","width":479,"height":582,"caption":"NAZARET CARBONARI"},{"@type":"BreadcrumbList","@id":"https:\/\/nitu.mx\/index.php\/2024\/06\/24\/nazaret-carbonari-asume-la-direccion-del-waldorf-astoria-cancun\/#breadcrumb","itemListElement":[{"@type":"ListItem","position":1,"name":"Inicio","item":"https:\/\/nitu.mx\/"},{"@type":"ListItem","position":2,"name":"Nazaret Carbonari asume la direcci\u00f3n del Waldorf Astoria Canc\u00fan"}]},{"@type":"WebSite","@id":"https:\/\/nitu.mx\/#website","url":"https:\/\/nitu.mx\/","name":"Nitu - Noticias de la Industria Turistica","description":"Noticias de la Industria Turistica","publisher":{"@id":"https:\/\/nitu.mx\/#\/schema\/person\/ae7a53426417292d3dd07b45a33e01bc"},"alternateName":"Noticias de la Industria Turistica","potentialAction":[{"@type":"SearchAction","target":{"@type":"EntryPoint","urlTemplate":"https:\/\/nitu.mx\/?s={search_term_string}"},"query-input":"required name=search_term_string"}],"inLanguage":"es-MX"},{"@type":["Person","Organization"],"@id":"https:\/\/nitu.mx\/#\/schema\/person\/ae7a53426417292d3dd07b45a33e01bc","name":"Arturo Medina","image":{"@type":"ImageObject","inLanguage":"es-MX","@id":"https:\/\/nitu.mx\/#\/schema\/person\/image\/","url":"https:\/\/nitu.mx\/wp-content\/uploads\/2024\/04\/4A315622-1904-4D5C-B022-878CDC840E04-90x90-1.jpeg","contentUrl":"https:\/\/nitu.mx\/wp-content\/uploads\/2024\/04\/4A315622-1904-4D5C-B022-878CDC840E04-90x90-1.jpeg","width":90,"height":90,"caption":"Arturo Medina"},"logo":{"@id":"https:\/\/nitu.mx\/#\/schema\/person\/image\/"},"description":"Director NITU.mx, Egresado de la Escuela de Periodismo Carlos Septi\u00e9n Garc\u00eda. Periodista y analista especializado en turismo desde hace 35 a\u00f1os, radicado en Canc\u00fan Q.Roo. arturo@nitu.mx","sameAs":["https:\/\/nitu.mx","https:\/\/www.facebook.com\/NITUmx\/","medinacancun","https:\/\/twitter.com\/@Arturo_Medina_G"]},{"@type":"Person","@id":"https:\/\/nitu.mx\/#\/schema\/person\/2ecd887b19dfd3382d1f14fc5acf24a8","name":"Alejandra Moncisbays","image":{"@type":"ImageObject","inLanguage":"es-MX","@id":"https:\/\/nitu.mx\/#\/schema\/person\/image\/","url":"https:\/\/secure.gravatar.com\/avatar\/e74f7af0be172b7804dacfd0bfbef787?s=96&d=mm&r=g","contentUrl":"https:\/\/secure.gravatar.com\/avatar\/e74f7af0be172b7804dacfd0bfbef787?s=96&d=mm&r=g","caption":"Alejandra Moncisbays"},"description":"Curs\u00e9 la carrera de Periodismo y Comunicaci\u00f3n en la Facultad de Estudios Profesionales Acatl\u00e1n. Vivo en Canc\u00fan desde hace 24 a\u00f1os. Fui reportera de La Tarde de Canc\u00fan, y Novedades de Quintana Roo, colabor\u00e9 en TVCUN, edit\u00e9 Cancun\u00edssimo y colabor\u00e9 en las revistas Latitud21, entre otras, con principal enfoque en los sectores empresarial y tur\u00edstico. Desde hace varios a\u00f1os soy Agente de Seguros con c\u00e9dula de la Comisi\u00f3n Nacional de Seguros y Fianzas. Actualmente, me desarrollo en los \u00e1mbitos del periodismo y el sector asegurador.","sameAs":["https:\/\/nitu.mx"],"url":"https:\/\/nitu.mx\/index.php\/author\/alejandra\/"}]}},"views":1147,"_links":{"self":[{"href":"https:\/\/nitu.mx\/index.php\/wp-json\/wp\/v2\/posts\/72423"}],"collection":[{"href":"https:\/\/nitu.mx\/index.php\/wp-json\/wp\/v2\/posts"}],"about":[{"href":"https:\/\/nitu.mx\/index.php\/wp-json\/wp\/v2\/types\/post"}],"author":[{"embeddable":true,"href":"https:\/\/nitu.mx\/index.php\/wp-json\/wp\/v2\/users\/3"}],"replies":[{"embeddable":true,"href":"https:\/\/nitu.mx\/index.php\/wp-json\/wp\/v2\/comments?post=72423"}],"version-history":[{"count":2,"href":"https:\/\/nitu.mx\/index.php\/wp-json\/wp\/v2\/posts\/72423\/revisions"}],"predecessor-version":[{"id":72440,"href":"https:\/\/nitu.mx\/index.php\/wp-json\/wp\/v2\/posts\/72423\/revisions\/72440"}],"wp:featuredmedia":[{"embeddable":true,"href":"https:\/\/nitu.mx\/index.php\/wp-json\/wp\/v2\/media\/72425"}],"wp:attachment":[{"href":"https:\/\/nitu.mx\/index.php\/wp-json\/wp\/v2\/media?parent=72423"}],"wp:term":[{"taxonomy":"category","embeddable":true,"href":"https:\/\/nitu.mx\/index.php\/wp-json\/wp\/v2\/categories?post=72423"},{"taxonomy":"post_tag","embeddable":true,"href":"https:\/\/nitu.mx\/index.php\/wp-json\/wp\/v2\/tags?post=72423"}],"curies":[{"name":"wp","href":"https:\/\/api.w.org\/{rel}","templated":true}]}}