{"id":72059,"date":"2024-06-13T00:43:19","date_gmt":"2024-06-13T06:43:19","guid":{"rendered":"https:\/\/nitu.mx\/?p=72059"},"modified":"2024-06-13T00:43:20","modified_gmt":"2024-06-13T06:43:20","slug":"volaris-lanza-su-nueva-ruta-tijuana-las-vegas","status":"publish","type":"post","link":"https:\/\/nitu.mx\/index.php\/2024\/06\/13\/volaris-lanza-su-nueva-ruta-tijuana-las-vegas\/","title":{"rendered":"Volaris lanza su nueva ruta Tijuana &#8211; Las Vegas"},"content":{"rendered":"<p>Volaris ha anunciado el lanzamiento de su nueva ruta internacional que conectar\u00e1 Tijuana con Las Vegas, operando a partir del pr\u00f3ximo mes de octubre con tres frecuencias semanales: martes, jueves y domingo.<\/p>\n<p>Tijuana, una ciudad estrat\u00e9gica por su proximidad a la Cuenca del Pac\u00edfico y California, es un importante centro industrial de M\u00e9xico con una larga tradici\u00f3n manufacturera. Las Vegas, conocida como la Capital Mundial del Entretenimiento, es uno de los destinos tur\u00edsticos m\u00e1s visitados en Estados Unidos, famoso por sus casinos, espect\u00e1culos y eventos deportivos.<\/p>\n<p>Holger Blankenstein, Vicepresidente Ejecutivo de Volaris, destac\u00f3 que la nueva ruta busca ofrecer m\u00e1s opciones de viaje y mejorar las experiencias de vuelo, atendiendo la demanda de un mercado con alto potencial como Las Vegas. Este enlace directo entre Tijuana y Las Vegas fortalecer\u00e1 los lazos culturales y econ\u00f3micos entre ambas ciudades.<\/p>\n<p>Los boletos para esta nueva ruta ya est\u00e1n disponibles para su compra, con vuelos a partir del 29 de octubre. La incorporaci\u00f3n de esta ruta es parte del plan de expansi\u00f3n de Volaris, que contin\u00faa ampliando su conectividad a\u00e9rea entre M\u00e9xico, Estados Unidos, Centro y Sudam\u00e9rica.<\/p>\n","protected":false},"excerpt":{"rendered":"<p>Volaris ha anunciado el lanzamiento de su nueva ruta internacional que conectar\u00e1 Tijuana con Las Vegas, operando a partir del pr\u00f3ximo mes de octubre con tres frecuencias semanales: martes, jueves y domingo. Tijuana, una ciudad estrat\u00e9gica por su proximidad a la Cuenca del Pac\u00edfico y California, es un importante centro industrial de M\u00e9xico con una [&hellip;]<\/p>\n","protected":false},"author":3,"featured_media":65344,"comment_status":"open","ping_status":"open","sticky":false,"template":"","format":"standard","meta":{"footnotes":""},"categories":[29],"tags":[6354,453,6480,489,131],"yoast_head":"<!-- This site is optimized with the Yoast SEO plugin v22.2 - https:\/\/yoast.com\/wordpress\/plugins\/seo\/ -->\n<title>Volaris lanza su nueva ruta Tijuana - Las Vegas - Nitu - Noticias de la Industria Turistica<\/title>\n<meta name=\"robots\" content=\"index, follow, max-snippet:-1, max-image-preview:large, max-video-preview:-1\" \/>\n<link rel=\"canonical\" href=\"https:\/\/nitu.mx\/index.php\/2024\/06\/13\/volaris-lanza-su-nueva-ruta-tijuana-las-vegas\/\" \/>\n<meta name=\"twitter:card\" content=\"summary_large_image\" \/>\n<meta name=\"twitter:title\" content=\"Volaris lanza su nueva ruta Tijuana - Las Vegas - Nitu - Noticias de la Industria Turistica\" \/>\n<meta name=\"twitter:description\" content=\"Volaris ha anunciado el lanzamiento de su nueva ruta internacional que conectar\u00e1 Tijuana con Las Vegas, operando a partir del pr\u00f3ximo mes de octubre con tres frecuencias semanales: martes, jueves y domingo. Tijuana, una ciudad estrat\u00e9gica por su proximidad a la Cuenca del Pac\u00edfico y California, es un importante centro industrial de M\u00e9xico con una [&hellip;]\" \/>\n<meta name=\"twitter:image\" content=\"https:\/\/nitu.mx\/wp-content\/uploads\/2023\/07\/Volaris-avi\u00f3n-124.jpg\" \/>\n<meta name=\"twitter:creator\" content=\"@NITUmx\" \/>\n<meta name=\"twitter:site\" content=\"@Arturo_Medina_G\" \/>\n<meta name=\"twitter:label1\" content=\"Escrito por\" \/>\n\t<meta name=\"twitter:data1\" content=\"Alejandra Moncisbays\" \/>\n\t<meta name=\"twitter:label2\" content=\"Tiempo de lectura\" \/>\n\t<meta name=\"twitter:data2\" content=\"1 minuto\" \/>\n<script type=\"application\/ld+json\" class=\"yoast-schema-graph\">{\"@context\":\"https:\/\/schema.org\",\"@graph\":[{\"@type\":\"Article\",\"@id\":\"https:\/\/nitu.mx\/index.php\/2024\/06\/13\/volaris-lanza-su-nueva-ruta-tijuana-las-vegas\/#article\",\"isPartOf\":{\"@id\":\"https:\/\/nitu.mx\/index.php\/2024\/06\/13\/volaris-lanza-su-nueva-ruta-tijuana-las-vegas\/\"},\"author\":{\"name\":\"Alejandra Moncisbays\",\"@id\":\"https:\/\/nitu.mx\/#\/schema\/person\/2ecd887b19dfd3382d1f14fc5acf24a8\"},\"headline\":\"Volaris lanza su nueva ruta Tijuana &#8211; Las Vegas\",\"datePublished\":\"2024-06-13T06:43:19+00:00\",\"dateModified\":\"2024-06-13T06:43:20+00:00\",\"mainEntityOfPage\":{\"@id\":\"https:\/\/nitu.mx\/index.php\/2024\/06\/13\/volaris-lanza-su-nueva-ruta-tijuana-las-vegas\/\"},\"wordCount\":209,\"commentCount\":0,\"publisher\":{\"@id\":\"https:\/\/nitu.mx\/#\/schema\/person\/ae7a53426417292d3dd07b45a33e01bc\"},\"image\":{\"@id\":\"https:\/\/nitu.mx\/index.php\/2024\/06\/13\/volaris-lanza-su-nueva-ruta-tijuana-las-vegas\/#primaryimage\"},\"thumbnailUrl\":\"https:\/\/nitu.mx\/wp-content\/uploads\/2023\/07\/Volaris-avi\u00f3n-124.jpg\",\"keywords\":[\"internacional\",\"Las Vegas\",\"ruta\",\"Tijuana\",\"Volaris\"],\"articleSection\":[\"Aerol\u00edneas\"],\"inLanguage\":\"es-MX\",\"potentialAction\":[{\"@type\":\"CommentAction\",\"name\":\"Comment\",\"target\":[\"https:\/\/nitu.mx\/index.php\/2024\/06\/13\/volaris-lanza-su-nueva-ruta-tijuana-las-vegas\/#respond\"]}]},{\"@type\":\"WebPage\",\"@id\":\"https:\/\/nitu.mx\/index.php\/2024\/06\/13\/volaris-lanza-su-nueva-ruta-tijuana-las-vegas\/\",\"url\":\"https:\/\/nitu.mx\/index.php\/2024\/06\/13\/volaris-lanza-su-nueva-ruta-tijuana-las-vegas\/\",\"name\":\"Volaris lanza su nueva ruta Tijuana - Las Vegas - Nitu - Noticias de la Industria Turistica\",\"isPartOf\":{\"@id\":\"https:\/\/nitu.mx\/#website\"},\"primaryImageOfPage\":{\"@id\":\"https:\/\/nitu.mx\/index.php\/2024\/06\/13\/volaris-lanza-su-nueva-ruta-tijuana-las-vegas\/#primaryimage\"},\"image\":{\"@id\":\"https:\/\/nitu.mx\/index.php\/2024\/06\/13\/volaris-lanza-su-nueva-ruta-tijuana-las-vegas\/#primaryimage\"},\"thumbnailUrl\":\"https:\/\/nitu.mx\/wp-content\/uploads\/2023\/07\/Volaris-avi\u00f3n-124.jpg\",\"datePublished\":\"2024-06-13T06:43:19+00:00\",\"dateModified\":\"2024-06-13T06:43:20+00:00\",\"breadcrumb\":{\"@id\":\"https:\/\/nitu.mx\/index.php\/2024\/06\/13\/volaris-lanza-su-nueva-ruta-tijuana-las-vegas\/#breadcrumb\"},\"inLanguage\":\"es-MX\",\"potentialAction\":[{\"@type\":\"ReadAction\",\"target\":[\"https:\/\/nitu.mx\/index.php\/2024\/06\/13\/volaris-lanza-su-nueva-ruta-tijuana-las-vegas\/\"]}]},{\"@type\":\"ImageObject\",\"inLanguage\":\"es-MX\",\"@id\":\"https:\/\/nitu.mx\/index.php\/2024\/06\/13\/volaris-lanza-su-nueva-ruta-tijuana-las-vegas\/#primaryimage\",\"url\":\"https:\/\/nitu.mx\/wp-content\/uploads\/2023\/07\/Volaris-avi\u00f3n-124.jpg\",\"contentUrl\":\"https:\/\/nitu.mx\/wp-content\/uploads\/2023\/07\/Volaris-avi\u00f3n-124.jpg\",\"width\":1200,\"height\":675,\"caption\":\"Volaris\"},{\"@type\":\"BreadcrumbList\",\"@id\":\"https:\/\/nitu.mx\/index.php\/2024\/06\/13\/volaris-lanza-su-nueva-ruta-tijuana-las-vegas\/#breadcrumb\",\"itemListElement\":[{\"@type\":\"ListItem\",\"position\":1,\"name\":\"Inicio\",\"item\":\"https:\/\/nitu.mx\/\"},{\"@type\":\"ListItem\",\"position\":2,\"name\":\"Volaris lanza su nueva ruta Tijuana &#8211; Las Vegas\"}]},{\"@type\":\"WebSite\",\"@id\":\"https:\/\/nitu.mx\/#website\",\"url\":\"https:\/\/nitu.mx\/\",\"name\":\"Nitu - Noticias de la Industria Turistica\",\"description\":\"Noticias de la Industria Turistica\",\"publisher\":{\"@id\":\"https:\/\/nitu.mx\/#\/schema\/person\/ae7a53426417292d3dd07b45a33e01bc\"},\"alternateName\":\"Noticias de la Industria Turistica\",\"potentialAction\":[{\"@type\":\"SearchAction\",\"target\":{\"@type\":\"EntryPoint\",\"urlTemplate\":\"https:\/\/nitu.mx\/?s={search_term_string}\"},\"query-input\":\"required name=search_term_string\"}],\"inLanguage\":\"es-MX\"},{\"@type\":[\"Person\",\"Organization\"],\"@id\":\"https:\/\/nitu.mx\/#\/schema\/person\/ae7a53426417292d3dd07b45a33e01bc\",\"name\":\"Arturo Medina\",\"image\":{\"@type\":\"ImageObject\",\"inLanguage\":\"es-MX\",\"@id\":\"https:\/\/nitu.mx\/#\/schema\/person\/image\/\",\"url\":\"https:\/\/nitu.mx\/wp-content\/uploads\/2024\/04\/4A315622-1904-4D5C-B022-878CDC840E04-90x90-1.jpeg\",\"contentUrl\":\"https:\/\/nitu.mx\/wp-content\/uploads\/2024\/04\/4A315622-1904-4D5C-B022-878CDC840E04-90x90-1.jpeg\",\"width\":90,\"height\":90,\"caption\":\"Arturo Medina\"},\"logo\":{\"@id\":\"https:\/\/nitu.mx\/#\/schema\/person\/image\/\"},\"description\":\"Director NITU.mx, Egresado de la Escuela de Periodismo Carlos Septi\u00e9n Garc\u00eda. Periodista y analista especializado en turismo desde hace 35 a\u00f1os, radicado en Canc\u00fan Q.Roo. arturo@nitu.mx\",\"sameAs\":[\"https:\/\/nitu.mx\",\"https:\/\/www.facebook.com\/NITUmx\/\",\"medinacancun\",\"https:\/\/twitter.com\/@Arturo_Medina_G\"]},{\"@type\":\"Person\",\"@id\":\"https:\/\/nitu.mx\/#\/schema\/person\/2ecd887b19dfd3382d1f14fc5acf24a8\",\"name\":\"Alejandra Moncisbays\",\"image\":{\"@type\":\"ImageObject\",\"inLanguage\":\"es-MX\",\"@id\":\"https:\/\/nitu.mx\/#\/schema\/person\/image\/\",\"url\":\"https:\/\/secure.gravatar.com\/avatar\/e74f7af0be172b7804dacfd0bfbef787?s=96&d=mm&r=g\",\"contentUrl\":\"https:\/\/secure.gravatar.com\/avatar\/e74f7af0be172b7804dacfd0bfbef787?s=96&d=mm&r=g\",\"caption\":\"Alejandra Moncisbays\"},\"description\":\"Curs\u00e9 la carrera de Periodismo y Comunicaci\u00f3n en la Facultad de Estudios Profesionales Acatl\u00e1n. Vivo en Canc\u00fan desde hace 24 a\u00f1os. Fui reportera de La Tarde de Canc\u00fan, y Novedades de Quintana Roo, colabor\u00e9 en TVCUN, edit\u00e9 Cancun\u00edssimo y colabor\u00e9 en las revistas Latitud21, entre otras, con principal enfoque en los sectores empresarial y tur\u00edstico. Desde hace varios a\u00f1os soy Agente de Seguros con c\u00e9dula de la Comisi\u00f3n Nacional de Seguros y Fianzas. Actualmente, me desarrollo en los \u00e1mbitos del periodismo y el sector asegurador.\",\"sameAs\":[\"https:\/\/nitu.mx\"],\"url\":\"https:\/\/nitu.mx\/index.php\/author\/alejandra\/\"}]}<\/script>\n<!-- \/ Yoast SEO plugin. -->","yoast_head_json":{"title":"Volaris lanza su nueva ruta Tijuana - Las Vegas - Nitu - Noticias de la Industria Turistica","robots":{"index":"index","follow":"follow","max-snippet":"max-snippet:-1","max-image-preview":"max-image-preview:large","max-video-preview":"max-video-preview:-1"},"canonical":"https:\/\/nitu.mx\/index.php\/2024\/06\/13\/volaris-lanza-su-nueva-ruta-tijuana-las-vegas\/","twitter_card":"summary_large_image","twitter_title":"Volaris lanza su nueva ruta Tijuana - Las Vegas - Nitu - Noticias de la Industria Turistica","twitter_description":"Volaris ha anunciado el lanzamiento de su nueva ruta internacional que conectar\u00e1 Tijuana con Las Vegas, operando a partir del pr\u00f3ximo mes de octubre con tres frecuencias semanales: martes, jueves y domingo. Tijuana, una ciudad estrat\u00e9gica por su proximidad a la Cuenca del Pac\u00edfico y California, es un importante centro industrial de M\u00e9xico con una [&hellip;]","twitter_image":"https:\/\/nitu.mx\/wp-content\/uploads\/2023\/07\/Volaris-avi\u00f3n-124.jpg","twitter_creator":"@NITUmx","twitter_site":"@Arturo_Medina_G","twitter_misc":{"Escrito por":"Alejandra Moncisbays","Tiempo de lectura":"1 minuto"},"schema":{"@context":"https:\/\/schema.org","@graph":[{"@type":"Article","@id":"https:\/\/nitu.mx\/index.php\/2024\/06\/13\/volaris-lanza-su-nueva-ruta-tijuana-las-vegas\/#article","isPartOf":{"@id":"https:\/\/nitu.mx\/index.php\/2024\/06\/13\/volaris-lanza-su-nueva-ruta-tijuana-las-vegas\/"},"author":{"name":"Alejandra Moncisbays","@id":"https:\/\/nitu.mx\/#\/schema\/person\/2ecd887b19dfd3382d1f14fc5acf24a8"},"headline":"Volaris lanza su nueva ruta Tijuana &#8211; Las Vegas","datePublished":"2024-06-13T06:43:19+00:00","dateModified":"2024-06-13T06:43:20+00:00","mainEntityOfPage":{"@id":"https:\/\/nitu.mx\/index.php\/2024\/06\/13\/volaris-lanza-su-nueva-ruta-tijuana-las-vegas\/"},"wordCount":209,"commentCount":0,"publisher":{"@id":"https:\/\/nitu.mx\/#\/schema\/person\/ae7a53426417292d3dd07b45a33e01bc"},"image":{"@id":"https:\/\/nitu.mx\/index.php\/2024\/06\/13\/volaris-lanza-su-nueva-ruta-tijuana-las-vegas\/#primaryimage"},"thumbnailUrl":"https:\/\/nitu.mx\/wp-content\/uploads\/2023\/07\/Volaris-avi\u00f3n-124.jpg","keywords":["internacional","Las Vegas","ruta","Tijuana","Volaris"],"articleSection":["Aerol\u00edneas"],"inLanguage":"es-MX","potentialAction":[{"@type":"CommentAction","name":"Comment","target":["https:\/\/nitu.mx\/index.php\/2024\/06\/13\/volaris-lanza-su-nueva-ruta-tijuana-las-vegas\/#respond"]}]},{"@type":"WebPage","@id":"https:\/\/nitu.mx\/index.php\/2024\/06\/13\/volaris-lanza-su-nueva-ruta-tijuana-las-vegas\/","url":"https:\/\/nitu.mx\/index.php\/2024\/06\/13\/volaris-lanza-su-nueva-ruta-tijuana-las-vegas\/","name":"Volaris lanza su nueva ruta Tijuana - Las Vegas - Nitu - Noticias de la Industria Turistica","isPartOf":{"@id":"https:\/\/nitu.mx\/#website"},"primaryImageOfPage":{"@id":"https:\/\/nitu.mx\/index.php\/2024\/06\/13\/volaris-lanza-su-nueva-ruta-tijuana-las-vegas\/#primaryimage"},"image":{"@id":"https:\/\/nitu.mx\/index.php\/2024\/06\/13\/volaris-lanza-su-nueva-ruta-tijuana-las-vegas\/#primaryimage"},"thumbnailUrl":"https:\/\/nitu.mx\/wp-content\/uploads\/2023\/07\/Volaris-avi\u00f3n-124.jpg","datePublished":"2024-06-13T06:43:19+00:00","dateModified":"2024-06-13T06:43:20+00:00","breadcrumb":{"@id":"https:\/\/nitu.mx\/index.php\/2024\/06\/13\/volaris-lanza-su-nueva-ruta-tijuana-las-vegas\/#breadcrumb"},"inLanguage":"es-MX","potentialAction":[{"@type":"ReadAction","target":["https:\/\/nitu.mx\/index.php\/2024\/06\/13\/volaris-lanza-su-nueva-ruta-tijuana-las-vegas\/"]}]},{"@type":"ImageObject","inLanguage":"es-MX","@id":"https:\/\/nitu.mx\/index.php\/2024\/06\/13\/volaris-lanza-su-nueva-ruta-tijuana-las-vegas\/#primaryimage","url":"https:\/\/nitu.mx\/wp-content\/uploads\/2023\/07\/Volaris-avi\u00f3n-124.jpg","contentUrl":"https:\/\/nitu.mx\/wp-content\/uploads\/2023\/07\/Volaris-avi\u00f3n-124.jpg","width":1200,"height":675,"caption":"Volaris"},{"@type":"BreadcrumbList","@id":"https:\/\/nitu.mx\/index.php\/2024\/06\/13\/volaris-lanza-su-nueva-ruta-tijuana-las-vegas\/#breadcrumb","itemListElement":[{"@type":"ListItem","position":1,"name":"Inicio","item":"https:\/\/nitu.mx\/"},{"@type":"ListItem","position":2,"name":"Volaris lanza su nueva ruta Tijuana &#8211; Las Vegas"}]},{"@type":"WebSite","@id":"https:\/\/nitu.mx\/#website","url":"https:\/\/nitu.mx\/","name":"Nitu - Noticias de la Industria Turistica","description":"Noticias de la Industria Turistica","publisher":{"@id":"https:\/\/nitu.mx\/#\/schema\/person\/ae7a53426417292d3dd07b45a33e01bc"},"alternateName":"Noticias de la Industria Turistica","potentialAction":[{"@type":"SearchAction","target":{"@type":"EntryPoint","urlTemplate":"https:\/\/nitu.mx\/?s={search_term_string}"},"query-input":"required name=search_term_string"}],"inLanguage":"es-MX"},{"@type":["Person","Organization"],"@id":"https:\/\/nitu.mx\/#\/schema\/person\/ae7a53426417292d3dd07b45a33e01bc","name":"Arturo Medina","image":{"@type":"ImageObject","inLanguage":"es-MX","@id":"https:\/\/nitu.mx\/#\/schema\/person\/image\/","url":"https:\/\/nitu.mx\/wp-content\/uploads\/2024\/04\/4A315622-1904-4D5C-B022-878CDC840E04-90x90-1.jpeg","contentUrl":"https:\/\/nitu.mx\/wp-content\/uploads\/2024\/04\/4A315622-1904-4D5C-B022-878CDC840E04-90x90-1.jpeg","width":90,"height":90,"caption":"Arturo Medina"},"logo":{"@id":"https:\/\/nitu.mx\/#\/schema\/person\/image\/"},"description":"Director NITU.mx, Egresado de la Escuela de Periodismo Carlos Septi\u00e9n Garc\u00eda. Periodista y analista especializado en turismo desde hace 35 a\u00f1os, radicado en Canc\u00fan Q.Roo. arturo@nitu.mx","sameAs":["https:\/\/nitu.mx","https:\/\/www.facebook.com\/NITUmx\/","medinacancun","https:\/\/twitter.com\/@Arturo_Medina_G"]},{"@type":"Person","@id":"https:\/\/nitu.mx\/#\/schema\/person\/2ecd887b19dfd3382d1f14fc5acf24a8","name":"Alejandra Moncisbays","image":{"@type":"ImageObject","inLanguage":"es-MX","@id":"https:\/\/nitu.mx\/#\/schema\/person\/image\/","url":"https:\/\/secure.gravatar.com\/avatar\/e74f7af0be172b7804dacfd0bfbef787?s=96&d=mm&r=g","contentUrl":"https:\/\/secure.gravatar.com\/avatar\/e74f7af0be172b7804dacfd0bfbef787?s=96&d=mm&r=g","caption":"Alejandra Moncisbays"},"description":"Curs\u00e9 la carrera de Periodismo y Comunicaci\u00f3n en la Facultad de Estudios Profesionales Acatl\u00e1n. Vivo en Canc\u00fan desde hace 24 a\u00f1os. Fui reportera de La Tarde de Canc\u00fan, y Novedades de Quintana Roo, colabor\u00e9 en TVCUN, edit\u00e9 Cancun\u00edssimo y colabor\u00e9 en las revistas Latitud21, entre otras, con principal enfoque en los sectores empresarial y tur\u00edstico. Desde hace varios a\u00f1os soy Agente de Seguros con c\u00e9dula de la Comisi\u00f3n Nacional de Seguros y Fianzas. Actualmente, me desarrollo en los \u00e1mbitos del periodismo y el sector asegurador.","sameAs":["https:\/\/nitu.mx"],"url":"https:\/\/nitu.mx\/index.php\/author\/alejandra\/"}]}},"views":622,"_links":{"self":[{"href":"https:\/\/nitu.mx\/index.php\/wp-json\/wp\/v2\/posts\/72059"}],"collection":[{"href":"https:\/\/nitu.mx\/index.php\/wp-json\/wp\/v2\/posts"}],"about":[{"href":"https:\/\/nitu.mx\/index.php\/wp-json\/wp\/v2\/types\/post"}],"author":[{"embeddable":true,"href":"https:\/\/nitu.mx\/index.php\/wp-json\/wp\/v2\/users\/3"}],"replies":[{"embeddable":true,"href":"https:\/\/nitu.mx\/index.php\/wp-json\/wp\/v2\/comments?post=72059"}],"version-history":[{"count":4,"href":"https:\/\/nitu.mx\/index.php\/wp-json\/wp\/v2\/posts\/72059\/revisions"}],"predecessor-version":[{"id":72094,"href":"https:\/\/nitu.mx\/index.php\/wp-json\/wp\/v2\/posts\/72059\/revisions\/72094"}],"wp:featuredmedia":[{"embeddable":true,"href":"https:\/\/nitu.mx\/index.php\/wp-json\/wp\/v2\/media\/65344"}],"wp:attachment":[{"href":"https:\/\/nitu.mx\/index.php\/wp-json\/wp\/v2\/media?parent=72059"}],"wp:term":[{"taxonomy":"category","embeddable":true,"href":"https:\/\/nitu.mx\/index.php\/wp-json\/wp\/v2\/categories?post=72059"},{"taxonomy":"post_tag","embeddable":true,"href":"https:\/\/nitu.mx\/index.php\/wp-json\/wp\/v2\/tags?post=72059"}],"curies":[{"name":"wp","href":"https:\/\/api.w.org\/{rel}","templated":true}]}}