{"id":72034,"date":"2024-06-11T21:02:16","date_gmt":"2024-06-12T03:02:16","guid":{"rendered":"https:\/\/nitu.mx\/?p=72034"},"modified":"2024-06-11T21:02:17","modified_gmt":"2024-06-12T03:02:17","slug":"aeromexico-reafirma-compromiso-con-la-sustentabilidad-en-su-informe-anual","status":"publish","type":"post","link":"https:\/\/nitu.mx\/index.php\/2024\/06\/11\/aeromexico-reafirma-compromiso-con-la-sustentabilidad-en-su-informe-anual\/","title":{"rendered":"Aerom\u00e9xico reafirma compromiso con la sustentabilidad en su informe anual"},"content":{"rendered":"\n<p>Grupo Aerom\u00e9xico public\u00f3 su Informe de Sostenibilidad 2023, que revela su estrategia y logros sobresalientes en materia ambiental, social y de gobierno corporativo (ASG). Tambi\u00e9n traza la ruta con la que la compa\u00f1\u00eda desea tener el liderazgo en Am\u00e9rica Latina para acelerar la transici\u00f3n hacia una aviaci\u00f3n m\u00e1s sostenible.<\/p>\n\n\n\n<p>El a\u00f1o pasado la aerol\u00ednea bandera de M\u00e9xico defini\u00f3 un nuevo prop\u00f3sito: \u201cElevar el viaje hacia una experiencia extraordinaria, cuidando de ti y de nuestro mundo\u201d. Para cumplirlo instrument\u00f3 su estrategia de Sostenibilidad basada en tres pilares: MUNDO, PERSONAS y NEGOCIO EXTRAORDINARIO.<\/p>\n\n\n\n<p>A trav\u00e9s del pilar\u00a0Mundo,\u00a0la aerol\u00ednea busca contribuir en la mitigaci\u00f3n del cambio clim\u00e1tico y realizar acciones para contrarrestar el calentamiento global. Su inversi\u00f3n m\u00e1s fuerte y que ha sido hist\u00f3rica en sus casi nueve d\u00e9cadas de existencia, es en la renovaci\u00f3n de flota, seguida de iniciativas con tecnolog\u00eda y procesos de excelencia y eficiencia operacional. Durante 2023, la aerol\u00ednea bandera de M\u00e9xico contribuy\u00f3 a evitar la generaci\u00f3n de m\u00e1s de 1.3 millones de toneladas de CO2.<\/p>\n\n\n\n<p>La compa\u00f1\u00eda tambi\u00e9n dise\u00f1\u00f3 una ruta rumbo a la descarbonizaci\u00f3n para alcanzar las cero emisiones netas en 2050, visualizando que el logro del objetivo depende en un 63% del uso de Combustible Sostenible de Aviaci\u00f3n (SAF por sus siglas en ingl\u00e9s), 21% de la renovaci\u00f3n de flota y el resto de la implementaci\u00f3n de iniciativas operativas.<\/p>\n\n\n\n<p>En el pilar\u00a0Personas\u00a0se incluye el fortalecimiento de su compromiso social, promoviendo una cultura de diversidad, equidad e inclusi\u00f3n, tanto en clientes como colaboradores. Durante 2023 realiz\u00f3 contribuciones sociales por 13.3 millones de pesos, traslad\u00f3 191 \u00f3rganos humanos para trasplante, m\u00e1s de 400 voluntarios participaron durante sus jornadas de voluntariado, 40% de sus puestos gerenciales son ocupados por mujeres e instrument\u00f3 m\u00e1s de 15 campa\u00f1as enfocadas en diversidad e inclusi\u00f3n. Tambi\u00e9n continu\u00f3 reforzando su robusto programa de prevenci\u00f3n de trata de personas, con el cu\u00e1l sigue contribuyendo a salvar vidas de v\u00edctimas que pretenden ser trasladadas por avi\u00f3n.<\/p>\n\n\n\n<p>Para\u00a0Negocio Extraordinario,\u00a0Aerom\u00e9xico contin\u00faa las mejores pr\u00e1cticas que promueven la transparencia y la gesti\u00f3n de los indicadores ambientales, sociales y de gobierno corporativo para atender las solicitudes de socios estrat\u00e9gicos, inversionistas y colaboradores.<\/p>\n\n\n\n<p>Durante el a\u00f1o pasado, colaboradores y socios estrat\u00e9gicos de Aerom\u00e9xico realizaron\u00a0 m\u00e1s de 18 mil certificaciones bajo el Programa de Compliance, se obtuvo la ISO 27001:2022 para procesos de e-commerce y operaciones de vuelo, y se convirti\u00f3 en la primera aerol\u00ednea de nuestro pa\u00eds en contar con la distinci\u00f3n Payment Card Industry Data Security Standard (PCI DSS) V.4 para el canal de ventas de e-commerce.<\/p>\n\n\n\n<p>En el contenido del Informe, Andr\u00e9s Conesa, director general del grupo a\u00e9reo destac\u00f3 que en materia de sostenibilidad la compa\u00f1\u00eda est\u00e1 decidida a ser l\u00edder de Latinoam\u00e9rica hacia la transici\u00f3n de una aviaci\u00f3n sostenible. Esto se traduce en una estrategia que se rige por los pilares: Mundo, Personas y Negocio Extraordinario, y que les permitir\u00e1 cumplir con la visi\u00f3n de mantenerse como la opci\u00f3n n\u00famero uno de los viajeros, ofreciendo la mejor experiencia de viaje personalizada y consistente con un esp\u00edritu de calidez y servicio. (<a href=\"https:\/\/nitu.mx\/index.php\/2024\/06\/10\/aeromexico-reporta-crecimiento-en-trafico-de-pasajeros-en-mayo\/\">Aerom\u00e9xico reporta crecimiento en tr\u00e1fico de pasajeros en mayo<\/a>).<\/p>\n","protected":false},"excerpt":{"rendered":"<p>Grupo Aerom\u00e9xico public\u00f3 su Informe de Sostenibilidad 2023, que revela su estrategia y logros sobresalientes en materia ambiental, social y de gobierno corporativo (ASG). Tambi\u00e9n traza la ruta con la que la compa\u00f1\u00eda desea tener el liderazgo en Am\u00e9rica Latina para acelerar la transici\u00f3n hacia una aviaci\u00f3n m\u00e1s sostenible. El a\u00f1o pasado la aerol\u00ednea bandera [&hellip;]<\/p>\n","protected":false},"author":17,"featured_media":31829,"comment_status":"open","ping_status":"open","sticky":false,"template":"","format":"standard","meta":{"footnotes":""},"categories":[29],"tags":[30,170,20494,14328],"yoast_head":"<!-- This site is optimized with the Yoast SEO plugin v22.2 - https:\/\/yoast.com\/wordpress\/plugins\/seo\/ -->\n<title>Aerom\u00e9xico reafirma compromiso con la sustentabilidad en su informe anual - Nitu - Noticias de la Industria Turistica<\/title>\n<meta name=\"robots\" content=\"index, follow, max-snippet:-1, max-image-preview:large, max-video-preview:-1\" \/>\n<link rel=\"canonical\" href=\"https:\/\/nitu.mx\/index.php\/2024\/06\/11\/aeromexico-reafirma-compromiso-con-la-sustentabilidad-en-su-informe-anual\/\" \/>\n<meta name=\"twitter:card\" content=\"summary_large_image\" \/>\n<meta name=\"twitter:title\" content=\"Aerom\u00e9xico reafirma compromiso con la sustentabilidad en su informe anual - Nitu - Noticias de la Industria Turistica\" \/>\n<meta name=\"twitter:description\" content=\"Grupo Aerom\u00e9xico public\u00f3 su Informe de Sostenibilidad 2023, que revela su estrategia y logros sobresalientes en materia ambiental, social y de gobierno corporativo (ASG). Tambi\u00e9n traza la ruta con la que la compa\u00f1\u00eda desea tener el liderazgo en Am\u00e9rica Latina para acelerar la transici\u00f3n hacia una aviaci\u00f3n m\u00e1s sostenible. El a\u00f1o pasado la aerol\u00ednea bandera [&hellip;]\" \/>\n<meta name=\"twitter:image\" content=\"https:\/\/nitu.mx\/wp-content\/uploads\/2019\/05\/aeromexico-barcelona.jpg\" \/>\n<meta name=\"twitter:creator\" content=\"@NITUmx\" \/>\n<meta name=\"twitter:site\" content=\"@Arturo_Medina_G\" \/>\n<meta name=\"twitter:label1\" content=\"Escrito por\" \/>\n\t<meta name=\"twitter:data1\" content=\"Redacci\u00f3n\" \/>\n\t<meta name=\"twitter:label2\" content=\"Tiempo de lectura\" \/>\n\t<meta name=\"twitter:data2\" content=\"3 minutos\" \/>\n<script type=\"application\/ld+json\" class=\"yoast-schema-graph\">{\"@context\":\"https:\/\/schema.org\",\"@graph\":[{\"@type\":\"Article\",\"@id\":\"https:\/\/nitu.mx\/index.php\/2024\/06\/11\/aeromexico-reafirma-compromiso-con-la-sustentabilidad-en-su-informe-anual\/#article\",\"isPartOf\":{\"@id\":\"https:\/\/nitu.mx\/index.php\/2024\/06\/11\/aeromexico-reafirma-compromiso-con-la-sustentabilidad-en-su-informe-anual\/\"},\"author\":{\"name\":\"Redacci\u00f3n\",\"@id\":\"https:\/\/nitu.mx\/#\/schema\/person\/4a28fe9bd65924f7c90623773daf1b0b\"},\"headline\":\"Aerom\u00e9xico reafirma compromiso con la sustentabilidad en su informe anual\",\"datePublished\":\"2024-06-12T03:02:16+00:00\",\"dateModified\":\"2024-06-12T03:02:17+00:00\",\"mainEntityOfPage\":{\"@id\":\"https:\/\/nitu.mx\/index.php\/2024\/06\/11\/aeromexico-reafirma-compromiso-con-la-sustentabilidad-en-su-informe-anual\/\"},\"wordCount\":581,\"commentCount\":0,\"publisher\":{\"@id\":\"https:\/\/nitu.mx\/#\/schema\/person\/ae7a53426417292d3dd07b45a33e01bc\"},\"image\":{\"@id\":\"https:\/\/nitu.mx\/index.php\/2024\/06\/11\/aeromexico-reafirma-compromiso-con-la-sustentabilidad-en-su-informe-anual\/#primaryimage\"},\"thumbnailUrl\":\"https:\/\/nitu.mx\/wp-content\/uploads\/2019\/05\/aeromexico-barcelona.jpg\",\"keywords\":[\"Aerom\u00e9xico\",\"Andr\u00e9s Conesa\",\"inclusi\u00f3n\",\"sostenibilidad\"],\"articleSection\":[\"Aerol\u00edneas\"],\"inLanguage\":\"es-MX\",\"potentialAction\":[{\"@type\":\"CommentAction\",\"name\":\"Comment\",\"target\":[\"https:\/\/nitu.mx\/index.php\/2024\/06\/11\/aeromexico-reafirma-compromiso-con-la-sustentabilidad-en-su-informe-anual\/#respond\"]}]},{\"@type\":\"WebPage\",\"@id\":\"https:\/\/nitu.mx\/index.php\/2024\/06\/11\/aeromexico-reafirma-compromiso-con-la-sustentabilidad-en-su-informe-anual\/\",\"url\":\"https:\/\/nitu.mx\/index.php\/2024\/06\/11\/aeromexico-reafirma-compromiso-con-la-sustentabilidad-en-su-informe-anual\/\",\"name\":\"Aerom\u00e9xico reafirma compromiso con la sustentabilidad en su informe anual - Nitu - Noticias de la Industria Turistica\",\"isPartOf\":{\"@id\":\"https:\/\/nitu.mx\/#website\"},\"primaryImageOfPage\":{\"@id\":\"https:\/\/nitu.mx\/index.php\/2024\/06\/11\/aeromexico-reafirma-compromiso-con-la-sustentabilidad-en-su-informe-anual\/#primaryimage\"},\"image\":{\"@id\":\"https:\/\/nitu.mx\/index.php\/2024\/06\/11\/aeromexico-reafirma-compromiso-con-la-sustentabilidad-en-su-informe-anual\/#primaryimage\"},\"thumbnailUrl\":\"https:\/\/nitu.mx\/wp-content\/uploads\/2019\/05\/aeromexico-barcelona.jpg\",\"datePublished\":\"2024-06-12T03:02:16+00:00\",\"dateModified\":\"2024-06-12T03:02:17+00:00\",\"breadcrumb\":{\"@id\":\"https:\/\/nitu.mx\/index.php\/2024\/06\/11\/aeromexico-reafirma-compromiso-con-la-sustentabilidad-en-su-informe-anual\/#breadcrumb\"},\"inLanguage\":\"es-MX\",\"potentialAction\":[{\"@type\":\"ReadAction\",\"target\":[\"https:\/\/nitu.mx\/index.php\/2024\/06\/11\/aeromexico-reafirma-compromiso-con-la-sustentabilidad-en-su-informe-anual\/\"]}]},{\"@type\":\"ImageObject\",\"inLanguage\":\"es-MX\",\"@id\":\"https:\/\/nitu.mx\/index.php\/2024\/06\/11\/aeromexico-reafirma-compromiso-con-la-sustentabilidad-en-su-informe-anual\/#primaryimage\",\"url\":\"https:\/\/nitu.mx\/wp-content\/uploads\/2019\/05\/aeromexico-barcelona.jpg\",\"contentUrl\":\"https:\/\/nitu.mx\/wp-content\/uploads\/2019\/05\/aeromexico-barcelona.jpg\",\"width\":850,\"height\":480,\"caption\":\"aeromexico barcelona\"},{\"@type\":\"BreadcrumbList\",\"@id\":\"https:\/\/nitu.mx\/index.php\/2024\/06\/11\/aeromexico-reafirma-compromiso-con-la-sustentabilidad-en-su-informe-anual\/#breadcrumb\",\"itemListElement\":[{\"@type\":\"ListItem\",\"position\":1,\"name\":\"Inicio\",\"item\":\"https:\/\/nitu.mx\/\"},{\"@type\":\"ListItem\",\"position\":2,\"name\":\"Aerom\u00e9xico reafirma compromiso con la sustentabilidad en su informe anual\"}]},{\"@type\":\"WebSite\",\"@id\":\"https:\/\/nitu.mx\/#website\",\"url\":\"https:\/\/nitu.mx\/\",\"name\":\"Nitu - Noticias de la Industria Turistica\",\"description\":\"Noticias de la Industria Turistica\",\"publisher\":{\"@id\":\"https:\/\/nitu.mx\/#\/schema\/person\/ae7a53426417292d3dd07b45a33e01bc\"},\"alternateName\":\"Noticias de la Industria Turistica\",\"potentialAction\":[{\"@type\":\"SearchAction\",\"target\":{\"@type\":\"EntryPoint\",\"urlTemplate\":\"https:\/\/nitu.mx\/?s={search_term_string}\"},\"query-input\":\"required name=search_term_string\"}],\"inLanguage\":\"es-MX\"},{\"@type\":[\"Person\",\"Organization\"],\"@id\":\"https:\/\/nitu.mx\/#\/schema\/person\/ae7a53426417292d3dd07b45a33e01bc\",\"name\":\"Arturo Medina\",\"image\":{\"@type\":\"ImageObject\",\"inLanguage\":\"es-MX\",\"@id\":\"https:\/\/nitu.mx\/#\/schema\/person\/image\/\",\"url\":\"https:\/\/nitu.mx\/wp-content\/uploads\/2024\/04\/4A315622-1904-4D5C-B022-878CDC840E04-90x90-1.jpeg\",\"contentUrl\":\"https:\/\/nitu.mx\/wp-content\/uploads\/2024\/04\/4A315622-1904-4D5C-B022-878CDC840E04-90x90-1.jpeg\",\"width\":90,\"height\":90,\"caption\":\"Arturo Medina\"},\"logo\":{\"@id\":\"https:\/\/nitu.mx\/#\/schema\/person\/image\/\"},\"description\":\"Director NITU.mx, Egresado de la Escuela de Periodismo Carlos Septi\u00e9n Garc\u00eda. Periodista y analista especializado en turismo desde hace 35 a\u00f1os, radicado en Canc\u00fan Q.Roo. arturo@nitu.mx\",\"sameAs\":[\"https:\/\/nitu.mx\",\"https:\/\/www.facebook.com\/NITUmx\/\",\"medinacancun\",\"https:\/\/twitter.com\/@Arturo_Medina_G\"]},{\"@type\":\"Person\",\"@id\":\"https:\/\/nitu.mx\/#\/schema\/person\/4a28fe9bd65924f7c90623773daf1b0b\",\"name\":\"Redacci\u00f3n\",\"image\":{\"@type\":\"ImageObject\",\"inLanguage\":\"es-MX\",\"@id\":\"https:\/\/nitu.mx\/#\/schema\/person\/image\/\",\"url\":\"https:\/\/secure.gravatar.com\/avatar\/5dd011c8ccfc5cd7e4c81e42252aab38?s=96&d=mm&r=g\",\"contentUrl\":\"https:\/\/secure.gravatar.com\/avatar\/5dd011c8ccfc5cd7e4c81e42252aab38?s=96&d=mm&r=g\",\"caption\":\"Redacci\u00f3n\"},\"url\":\"https:\/\/nitu.mx\/index.php\/author\/redaccion\/\"}]}<\/script>\n<!-- \/ Yoast SEO plugin. -->","yoast_head_json":{"title":"Aerom\u00e9xico reafirma compromiso con la sustentabilidad en su informe anual - Nitu - Noticias de la Industria Turistica","robots":{"index":"index","follow":"follow","max-snippet":"max-snippet:-1","max-image-preview":"max-image-preview:large","max-video-preview":"max-video-preview:-1"},"canonical":"https:\/\/nitu.mx\/index.php\/2024\/06\/11\/aeromexico-reafirma-compromiso-con-la-sustentabilidad-en-su-informe-anual\/","twitter_card":"summary_large_image","twitter_title":"Aerom\u00e9xico reafirma compromiso con la sustentabilidad en su informe anual - Nitu - Noticias de la Industria Turistica","twitter_description":"Grupo Aerom\u00e9xico public\u00f3 su Informe de Sostenibilidad 2023, que revela su estrategia y logros sobresalientes en materia ambiental, social y de gobierno corporativo (ASG). Tambi\u00e9n traza la ruta con la que la compa\u00f1\u00eda desea tener el liderazgo en Am\u00e9rica Latina para acelerar la transici\u00f3n hacia una aviaci\u00f3n m\u00e1s sostenible. El a\u00f1o pasado la aerol\u00ednea bandera [&hellip;]","twitter_image":"https:\/\/nitu.mx\/wp-content\/uploads\/2019\/05\/aeromexico-barcelona.jpg","twitter_creator":"@NITUmx","twitter_site":"@Arturo_Medina_G","twitter_misc":{"Escrito por":"Redacci\u00f3n","Tiempo de lectura":"3 minutos"},"schema":{"@context":"https:\/\/schema.org","@graph":[{"@type":"Article","@id":"https:\/\/nitu.mx\/index.php\/2024\/06\/11\/aeromexico-reafirma-compromiso-con-la-sustentabilidad-en-su-informe-anual\/#article","isPartOf":{"@id":"https:\/\/nitu.mx\/index.php\/2024\/06\/11\/aeromexico-reafirma-compromiso-con-la-sustentabilidad-en-su-informe-anual\/"},"author":{"name":"Redacci\u00f3n","@id":"https:\/\/nitu.mx\/#\/schema\/person\/4a28fe9bd65924f7c90623773daf1b0b"},"headline":"Aerom\u00e9xico reafirma compromiso con la sustentabilidad en su informe anual","datePublished":"2024-06-12T03:02:16+00:00","dateModified":"2024-06-12T03:02:17+00:00","mainEntityOfPage":{"@id":"https:\/\/nitu.mx\/index.php\/2024\/06\/11\/aeromexico-reafirma-compromiso-con-la-sustentabilidad-en-su-informe-anual\/"},"wordCount":581,"commentCount":0,"publisher":{"@id":"https:\/\/nitu.mx\/#\/schema\/person\/ae7a53426417292d3dd07b45a33e01bc"},"image":{"@id":"https:\/\/nitu.mx\/index.php\/2024\/06\/11\/aeromexico-reafirma-compromiso-con-la-sustentabilidad-en-su-informe-anual\/#primaryimage"},"thumbnailUrl":"https:\/\/nitu.mx\/wp-content\/uploads\/2019\/05\/aeromexico-barcelona.jpg","keywords":["Aerom\u00e9xico","Andr\u00e9s Conesa","inclusi\u00f3n","sostenibilidad"],"articleSection":["Aerol\u00edneas"],"inLanguage":"es-MX","potentialAction":[{"@type":"CommentAction","name":"Comment","target":["https:\/\/nitu.mx\/index.php\/2024\/06\/11\/aeromexico-reafirma-compromiso-con-la-sustentabilidad-en-su-informe-anual\/#respond"]}]},{"@type":"WebPage","@id":"https:\/\/nitu.mx\/index.php\/2024\/06\/11\/aeromexico-reafirma-compromiso-con-la-sustentabilidad-en-su-informe-anual\/","url":"https:\/\/nitu.mx\/index.php\/2024\/06\/11\/aeromexico-reafirma-compromiso-con-la-sustentabilidad-en-su-informe-anual\/","name":"Aerom\u00e9xico reafirma compromiso con la sustentabilidad en su informe anual - Nitu - Noticias de la Industria Turistica","isPartOf":{"@id":"https:\/\/nitu.mx\/#website"},"primaryImageOfPage":{"@id":"https:\/\/nitu.mx\/index.php\/2024\/06\/11\/aeromexico-reafirma-compromiso-con-la-sustentabilidad-en-su-informe-anual\/#primaryimage"},"image":{"@id":"https:\/\/nitu.mx\/index.php\/2024\/06\/11\/aeromexico-reafirma-compromiso-con-la-sustentabilidad-en-su-informe-anual\/#primaryimage"},"thumbnailUrl":"https:\/\/nitu.mx\/wp-content\/uploads\/2019\/05\/aeromexico-barcelona.jpg","datePublished":"2024-06-12T03:02:16+00:00","dateModified":"2024-06-12T03:02:17+00:00","breadcrumb":{"@id":"https:\/\/nitu.mx\/index.php\/2024\/06\/11\/aeromexico-reafirma-compromiso-con-la-sustentabilidad-en-su-informe-anual\/#breadcrumb"},"inLanguage":"es-MX","potentialAction":[{"@type":"ReadAction","target":["https:\/\/nitu.mx\/index.php\/2024\/06\/11\/aeromexico-reafirma-compromiso-con-la-sustentabilidad-en-su-informe-anual\/"]}]},{"@type":"ImageObject","inLanguage":"es-MX","@id":"https:\/\/nitu.mx\/index.php\/2024\/06\/11\/aeromexico-reafirma-compromiso-con-la-sustentabilidad-en-su-informe-anual\/#primaryimage","url":"https:\/\/nitu.mx\/wp-content\/uploads\/2019\/05\/aeromexico-barcelona.jpg","contentUrl":"https:\/\/nitu.mx\/wp-content\/uploads\/2019\/05\/aeromexico-barcelona.jpg","width":850,"height":480,"caption":"aeromexico barcelona"},{"@type":"BreadcrumbList","@id":"https:\/\/nitu.mx\/index.php\/2024\/06\/11\/aeromexico-reafirma-compromiso-con-la-sustentabilidad-en-su-informe-anual\/#breadcrumb","itemListElement":[{"@type":"ListItem","position":1,"name":"Inicio","item":"https:\/\/nitu.mx\/"},{"@type":"ListItem","position":2,"name":"Aerom\u00e9xico reafirma compromiso con la sustentabilidad en su informe anual"}]},{"@type":"WebSite","@id":"https:\/\/nitu.mx\/#website","url":"https:\/\/nitu.mx\/","name":"Nitu - Noticias de la Industria Turistica","description":"Noticias de la Industria Turistica","publisher":{"@id":"https:\/\/nitu.mx\/#\/schema\/person\/ae7a53426417292d3dd07b45a33e01bc"},"alternateName":"Noticias de la Industria Turistica","potentialAction":[{"@type":"SearchAction","target":{"@type":"EntryPoint","urlTemplate":"https:\/\/nitu.mx\/?s={search_term_string}"},"query-input":"required name=search_term_string"}],"inLanguage":"es-MX"},{"@type":["Person","Organization"],"@id":"https:\/\/nitu.mx\/#\/schema\/person\/ae7a53426417292d3dd07b45a33e01bc","name":"Arturo Medina","image":{"@type":"ImageObject","inLanguage":"es-MX","@id":"https:\/\/nitu.mx\/#\/schema\/person\/image\/","url":"https:\/\/nitu.mx\/wp-content\/uploads\/2024\/04\/4A315622-1904-4D5C-B022-878CDC840E04-90x90-1.jpeg","contentUrl":"https:\/\/nitu.mx\/wp-content\/uploads\/2024\/04\/4A315622-1904-4D5C-B022-878CDC840E04-90x90-1.jpeg","width":90,"height":90,"caption":"Arturo Medina"},"logo":{"@id":"https:\/\/nitu.mx\/#\/schema\/person\/image\/"},"description":"Director NITU.mx, Egresado de la Escuela de Periodismo Carlos Septi\u00e9n Garc\u00eda. Periodista y analista especializado en turismo desde hace 35 a\u00f1os, radicado en Canc\u00fan Q.Roo. arturo@nitu.mx","sameAs":["https:\/\/nitu.mx","https:\/\/www.facebook.com\/NITUmx\/","medinacancun","https:\/\/twitter.com\/@Arturo_Medina_G"]},{"@type":"Person","@id":"https:\/\/nitu.mx\/#\/schema\/person\/4a28fe9bd65924f7c90623773daf1b0b","name":"Redacci\u00f3n","image":{"@type":"ImageObject","inLanguage":"es-MX","@id":"https:\/\/nitu.mx\/#\/schema\/person\/image\/","url":"https:\/\/secure.gravatar.com\/avatar\/5dd011c8ccfc5cd7e4c81e42252aab38?s=96&d=mm&r=g","contentUrl":"https:\/\/secure.gravatar.com\/avatar\/5dd011c8ccfc5cd7e4c81e42252aab38?s=96&d=mm&r=g","caption":"Redacci\u00f3n"},"url":"https:\/\/nitu.mx\/index.php\/author\/redaccion\/"}]}},"views":626,"_links":{"self":[{"href":"https:\/\/nitu.mx\/index.php\/wp-json\/wp\/v2\/posts\/72034"}],"collection":[{"href":"https:\/\/nitu.mx\/index.php\/wp-json\/wp\/v2\/posts"}],"about":[{"href":"https:\/\/nitu.mx\/index.php\/wp-json\/wp\/v2\/types\/post"}],"author":[{"embeddable":true,"href":"https:\/\/nitu.mx\/index.php\/wp-json\/wp\/v2\/users\/17"}],"replies":[{"embeddable":true,"href":"https:\/\/nitu.mx\/index.php\/wp-json\/wp\/v2\/comments?post=72034"}],"version-history":[{"count":2,"href":"https:\/\/nitu.mx\/index.php\/wp-json\/wp\/v2\/posts\/72034\/revisions"}],"predecessor-version":[{"id":72038,"href":"https:\/\/nitu.mx\/index.php\/wp-json\/wp\/v2\/posts\/72034\/revisions\/72038"}],"wp:featuredmedia":[{"embeddable":true,"href":"https:\/\/nitu.mx\/index.php\/wp-json\/wp\/v2\/media\/31829"}],"wp:attachment":[{"href":"https:\/\/nitu.mx\/index.php\/wp-json\/wp\/v2\/media?parent=72034"}],"wp:term":[{"taxonomy":"category","embeddable":true,"href":"https:\/\/nitu.mx\/index.php\/wp-json\/wp\/v2\/categories?post=72034"},{"taxonomy":"post_tag","embeddable":true,"href":"https:\/\/nitu.mx\/index.php\/wp-json\/wp\/v2\/tags?post=72034"}],"curies":[{"name":"wp","href":"https:\/\/api.w.org\/{rel}","templated":true}]}}