{"id":72030,"date":"2024-06-11T20:56:28","date_gmt":"2024-06-12T02:56:28","guid":{"rendered":"https:\/\/nitu.mx\/?p=72030"},"modified":"2024-06-11T20:56:29","modified_gmt":"2024-06-12T02:56:29","slug":"mexico-y-japon-estrechan-lazos-de-cooperacion-turistica","status":"publish","type":"post","link":"https:\/\/nitu.mx\/index.php\/2024\/06\/11\/mexico-y-japon-estrechan-lazos-de-cooperacion-turistica\/","title":{"rendered":"M\u00e9xico y Jap\u00f3n estrechan lazos de cooperaci\u00f3n tur\u00edstica"},"content":{"rendered":"\n<p>En el segundo d\u00eda de actividades de la gira Operaci\u00f3n Toca Puertas en Jap\u00f3n, el secretario de Turismo, Miguel Torruco Marqu\u00e9s, junto con la embajadora de M\u00e9xico en este pa\u00eds asi\u00e1tico, Excma. Melba Mar\u00eda Pr\u00eda Olavarrieta, sostuvieron una serie de encuentros con autoridades y l\u00edderes empresariales japoneses con el prop\u00f3sito de estrechar los lazos de cooperaci\u00f3n en materia tur\u00edstica.<\/p>\n\n\n\n<p>Acompa\u00f1ado tambi\u00e9n por los secretarios de Turismo de Baja California, Miguel Agu\u00ed\u00f1iga Rodr\u00edguez; de Nuevo Le\u00f3n, Maricarmen Mart\u00ednez Villarreal; y de Yucat\u00e1n, Michelle Fridman Hirsch; entre otras autoridades y empresarios, el titular de la Secretar\u00eda de Turismo (Sectur) tuvo una reuni\u00f3n de trabajo con su hom\u00f3logo, el ministro de Tierra, Infraestructura, Transporte y Turismo de Jap\u00f3n, Tetsuo Saito.<\/p>\n\n\n\n<p>En este encuentro, se realiz\u00f3 un intercambio de buenas pr\u00e1cticas para atender diferentes situaciones comunes entre M\u00e9xico y Jap\u00f3n; conversaron sobre la cooperaci\u00f3n para promover el turismo bilateral, impulsar la conectividad a\u00e9rea entre ambos pa\u00edses, as\u00ed como del Mundial de F\u00fatbol 2026, y la Exposici\u00f3n Internacional de Horticultura Green Expo en Yokohama 2027, a la cual M\u00e9xico est\u00e1 invitado a participar.<\/p>\n\n\n\n<p>El ministro Saito refiri\u00f3 que los japoneses sit\u00faan a M\u00e9xico como un mercado importante para la promoci\u00f3n tur\u00edstica, por lo que trabajan en conjunto con los tour operadores para fortalecer el flujo de turistas.<\/p>\n\n\n\n<p>Como parte de las actividades de la gira Operaci\u00f3n Toca Puertas en Jap\u00f3n, la comitiva de M\u00e9xico encabezada por el secretario de Turismo, particip\u00f3 en una productiva reuni\u00f3n de trabajo con el Comit\u00e9 Empresarial Bilateral Jap\u00f3n-M\u00e9xico \u201cKeidanren\u201d, en donde se destac\u00f3 la profunda relaci\u00f3n de amistad que llevan estos dos pa\u00edses, vinculados por un respeto mutuo de civilizaciones milenarias, tradiciones y un gran inter\u00e9s en los atractivos tur\u00edsticos que M\u00e9xico ofrece.<\/p>\n\n\n\n<p>Present\u00f3 la fortaleza del sector tur\u00edstico de M\u00e9xico y las oportunidades que existen para el fomento de la relaci\u00f3n tur\u00edstica entre M\u00e9xico y Jap\u00f3n, y resalt\u00f3 el papel esencial que juega el turismo en las relaciones bilaterales entre naciones.<\/p>\n\n\n\n<p>\u201cA nivel global nuestro sector pas\u00f3 hace cuatro a\u00f1os por momentos dif\u00edciles y, sin embargo, estamos aqu\u00ed en su bello pa\u00eds haciendo lo que mejor sabemos hacer: construir lazos y puentes entre personas, culturas y naciones, el turismo sigue siendo la mejor f\u00f3rmula para salir de las crisis y fomentar el crecimiento y el entendimiento entre pa\u00edses hermanos\u201d coment\u00f3 Torruco Marqu\u00e9s.<\/p>\n\n\n\n<p>El titular de Sectur dio un panorama del sector tur\u00edstico mexicano y explic\u00f3 por qu\u00e9 M\u00e9xico es un destino cada vez m\u00e1s importante para atraer inversiones, siendo una mezcla de colores y sabores que cuenta con todo tipo de atractivos.<\/p>\n\n\n\n<p>\u201cM\u00e9xico y Jap\u00f3n son socios estrat\u00e9gicos, nuestra relaci\u00f3n est\u00e1 ligada por fuertes lazos culturales y comerciales, y el turismo no es la excepci\u00f3n, miles de visitantes viajan anualmente entre ambos pa\u00edses\u201d se\u00f1al\u00f3, y reiter\u00f3 que con paso firme vamos recuperando el nivel de llegadas de turistas de Jap\u00f3n que era de 154 mil antes de la pandemia en 2019.<\/p>\n\n\n\n<p>Por esta raz\u00f3n, refiri\u00f3 que se debe seguir trabajando juntos para que la relaci\u00f3n entre Jap\u00f3n y M\u00e9xico se fortalezca a\u00f1o con a\u00f1o, y expuso los nuevos productos tur\u00edsticos que se han creado para incrementar el flujo tur\u00edstico, para que los beneficios lleguen a la poblaci\u00f3n local.<\/p>\n\n\n\n<p>En esta reuni\u00f3n participaron los presidentes y vice presidentes del Comit\u00e9 Empresarial Bilateral Jap\u00f3n-M\u00e9xico, Keidanren, Seiji Kuraishi, director de Honda Motor; Koji Shibata, CEO de ANA Holdings; Noriko Takeuchi, presidente de Congr\u00e8s y Shinya Katanozaka, presidente de ANA Holdings, quienes agradecieron al gobierno mexicano por su apoyo para que las empresas japonesas puedan llevar a cabo su trabajo en nuestro pa\u00eds.<\/p>\n\n\n\n<p>Resaltaron la hist\u00f3rica relaci\u00f3n entre ambas naciones, la cual data de hace 400 a\u00f1os, as\u00ed como las relaciones diplom\u00e1ticas de hace 130 a\u00f1os, y reconocieron que el flujo de turistas juega un rol trascendental, mismo que les gustar\u00eda ampliar.<\/p>\n\n\n\n<p>Durante la gira Operaci\u00f3n Toca Puertas, Torruco Marqu\u00e9s encabez\u00f3 una reuni\u00f3n de trabajo con integrantes de JATA, la Asociaci\u00f3n de Agencias y Tour operadores de Jap\u00f3n, a quienes present\u00f3 los nuevos productos tur\u00edsticos de M\u00e9xico, e intercambiaron opiniones para la expansi\u00f3n de venta de productos tur\u00edsticos; a trav\u00e9s de viajes de familiarizaci\u00f3n con agentes de viajes e influencers para promover en Jap\u00f3n la riqueza tur\u00edstica de M\u00e9xico.<\/p>\n\n\n\n<p>As\u00ed mismo, reconoci\u00f3 la importancia del turismo en Jap\u00f3n por su posici\u00f3n en el ranking de captaci\u00f3n de divisas tur\u00edsticas y el gasto medio de los visitantes, ya que es ah\u00ed donde se mide la potencialidad tur\u00edstica de una naci\u00f3n, y en la actual administraci\u00f3n M\u00e9xico ha enfrentado esta p\u00e9rdida de posicionamiento.<\/p>\n\n\n\n<p>Los tour operadores, representados por su presidente, Hiroyuki Takahashi; por el gerente general adjunto, Junichiro Tanaka, y por Kazuhiko Fukushima, de Turismo Expo Jap\u00f3n, mostraron un gran inter\u00e9s en los nuevos productos tur\u00edsticos, los atractivos culturales gastron\u00f3micos, el gran mosaico de la diversidad tur\u00edstica que cautiva a todo aquel turista que lo visite; as\u00ed como en la conectividad a\u00e9rea, terrestre y especialmente ferroviaria, que permite conocer m\u00e1s destinos, y de la cual M\u00e9xico toma ejemplo de pa\u00edses como Jap\u00f3n.<\/p>\n\n\n\n<p>La comitiva de M\u00e9xico tambi\u00e9n, sostuvo una reuni\u00f3n con Yuichi Fujisaki, gerente de Ventas de para la regi\u00f3n este de Jap\u00f3n de Hankyu Travel, en la sede de la compa\u00f1\u00eda, con quien conversaron sobre las acciones emprendidas por la actual administraci\u00f3n para incentivar el flujo de turistas, la conectividad y las inversiones. (<a href=\"https:\/\/nitu.mx\/index.php\/2024\/06\/10\/mexico-va-por-mas-turismo-de-japon-con-la-operacion-toca-puertas\/\">M\u00e9xico va por m\u00e1s turismo de Jap\u00f3n con la Operaci\u00f3n Toca Puertas<\/a>).<\/p>\n","protected":false},"excerpt":{"rendered":"<p>En el segundo d\u00eda de actividades de la gira Operaci\u00f3n Toca Puertas en Jap\u00f3n, el secretario de Turismo, Miguel Torruco Marqu\u00e9s, junto con la embajadora de M\u00e9xico en este pa\u00eds asi\u00e1tico, Excma. Melba Mar\u00eda Pr\u00eda Olavarrieta, sostuvieron una serie de encuentros con autoridades y l\u00edderes empresariales japoneses con el prop\u00f3sito de estrechar los lazos de [&hellip;]<\/p>\n","protected":false},"author":17,"featured_media":72033,"comment_status":"open","ping_status":"open","sticky":false,"template":"","format":"standard","meta":{"footnotes":""},"categories":[12],"tags":[231,910,93,22847],"yoast_head":"<!-- This site is optimized with the Yoast SEO plugin v22.2 - https:\/\/yoast.com\/wordpress\/plugins\/seo\/ -->\n<title>M\u00e9xico y Jap\u00f3n estrechan lazos de cooperaci\u00f3n tur\u00edstica - Nitu - Noticias de la Industria Turistica<\/title>\n<meta name=\"robots\" content=\"index, follow, max-snippet:-1, max-image-preview:large, max-video-preview:-1\" \/>\n<link rel=\"canonical\" href=\"https:\/\/nitu.mx\/index.php\/2024\/06\/11\/mexico-y-japon-estrechan-lazos-de-cooperacion-turistica\/\" \/>\n<meta name=\"twitter:card\" content=\"summary_large_image\" \/>\n<meta name=\"twitter:title\" content=\"M\u00e9xico y Jap\u00f3n estrechan lazos de cooperaci\u00f3n tur\u00edstica - Nitu - Noticias de la Industria Turistica\" \/>\n<meta name=\"twitter:description\" content=\"En el segundo d\u00eda de actividades de la gira Operaci\u00f3n Toca Puertas en Jap\u00f3n, el secretario de Turismo, Miguel Torruco Marqu\u00e9s, junto con la embajadora de M\u00e9xico en este pa\u00eds asi\u00e1tico, Excma. Melba Mar\u00eda Pr\u00eda Olavarrieta, sostuvieron una serie de encuentros con autoridades y l\u00edderes empresariales japoneses con el prop\u00f3sito de estrechar los lazos de [&hellip;]\" \/>\n<meta name=\"twitter:image\" content=\"https:\/\/nitu.mx\/wp-content\/uploads\/2024\/06\/Toca-Puertas-Japon-Dia-2.jpeg\" \/>\n<meta name=\"twitter:creator\" content=\"@NITUmx\" \/>\n<meta name=\"twitter:site\" content=\"@Arturo_Medina_G\" \/>\n<meta name=\"twitter:label1\" content=\"Escrito por\" \/>\n\t<meta name=\"twitter:data1\" content=\"Redacci\u00f3n\" \/>\n\t<meta name=\"twitter:label2\" content=\"Tiempo de lectura\" \/>\n\t<meta name=\"twitter:data2\" content=\"5 minutos\" \/>\n<script type=\"application\/ld+json\" class=\"yoast-schema-graph\">{\"@context\":\"https:\/\/schema.org\",\"@graph\":[{\"@type\":\"Article\",\"@id\":\"https:\/\/nitu.mx\/index.php\/2024\/06\/11\/mexico-y-japon-estrechan-lazos-de-cooperacion-turistica\/#article\",\"isPartOf\":{\"@id\":\"https:\/\/nitu.mx\/index.php\/2024\/06\/11\/mexico-y-japon-estrechan-lazos-de-cooperacion-turistica\/\"},\"author\":{\"name\":\"Redacci\u00f3n\",\"@id\":\"https:\/\/nitu.mx\/#\/schema\/person\/4a28fe9bd65924f7c90623773daf1b0b\"},\"headline\":\"M\u00e9xico y Jap\u00f3n estrechan lazos de cooperaci\u00f3n tur\u00edstica\",\"datePublished\":\"2024-06-12T02:56:28+00:00\",\"dateModified\":\"2024-06-12T02:56:29+00:00\",\"mainEntityOfPage\":{\"@id\":\"https:\/\/nitu.mx\/index.php\/2024\/06\/11\/mexico-y-japon-estrechan-lazos-de-cooperacion-turistica\/\"},\"wordCount\":1032,\"commentCount\":0,\"publisher\":{\"@id\":\"https:\/\/nitu.mx\/#\/schema\/person\/ae7a53426417292d3dd07b45a33e01bc\"},\"image\":{\"@id\":\"https:\/\/nitu.mx\/index.php\/2024\/06\/11\/mexico-y-japon-estrechan-lazos-de-cooperacion-turistica\/#primaryimage\"},\"thumbnailUrl\":\"https:\/\/nitu.mx\/wp-content\/uploads\/2024\/06\/Toca-Puertas-Japon-Dia-2.jpeg\",\"keywords\":[\"Jap\u00f3n\",\"Miguel Torruco\",\"Sectur\",\"Toca Puertas\"],\"articleSection\":[\"Marketing\"],\"inLanguage\":\"es-MX\",\"potentialAction\":[{\"@type\":\"CommentAction\",\"name\":\"Comment\",\"target\":[\"https:\/\/nitu.mx\/index.php\/2024\/06\/11\/mexico-y-japon-estrechan-lazos-de-cooperacion-turistica\/#respond\"]}]},{\"@type\":\"WebPage\",\"@id\":\"https:\/\/nitu.mx\/index.php\/2024\/06\/11\/mexico-y-japon-estrechan-lazos-de-cooperacion-turistica\/\",\"url\":\"https:\/\/nitu.mx\/index.php\/2024\/06\/11\/mexico-y-japon-estrechan-lazos-de-cooperacion-turistica\/\",\"name\":\"M\u00e9xico y Jap\u00f3n estrechan lazos de cooperaci\u00f3n tur\u00edstica - Nitu - Noticias de la Industria Turistica\",\"isPartOf\":{\"@id\":\"https:\/\/nitu.mx\/#website\"},\"primaryImageOfPage\":{\"@id\":\"https:\/\/nitu.mx\/index.php\/2024\/06\/11\/mexico-y-japon-estrechan-lazos-de-cooperacion-turistica\/#primaryimage\"},\"image\":{\"@id\":\"https:\/\/nitu.mx\/index.php\/2024\/06\/11\/mexico-y-japon-estrechan-lazos-de-cooperacion-turistica\/#primaryimage\"},\"thumbnailUrl\":\"https:\/\/nitu.mx\/wp-content\/uploads\/2024\/06\/Toca-Puertas-Japon-Dia-2.jpeg\",\"datePublished\":\"2024-06-12T02:56:28+00:00\",\"dateModified\":\"2024-06-12T02:56:29+00:00\",\"breadcrumb\":{\"@id\":\"https:\/\/nitu.mx\/index.php\/2024\/06\/11\/mexico-y-japon-estrechan-lazos-de-cooperacion-turistica\/#breadcrumb\"},\"inLanguage\":\"es-MX\",\"potentialAction\":[{\"@type\":\"ReadAction\",\"target\":[\"https:\/\/nitu.mx\/index.php\/2024\/06\/11\/mexico-y-japon-estrechan-lazos-de-cooperacion-turistica\/\"]}]},{\"@type\":\"ImageObject\",\"inLanguage\":\"es-MX\",\"@id\":\"https:\/\/nitu.mx\/index.php\/2024\/06\/11\/mexico-y-japon-estrechan-lazos-de-cooperacion-turistica\/#primaryimage\",\"url\":\"https:\/\/nitu.mx\/wp-content\/uploads\/2024\/06\/Toca-Puertas-Japon-Dia-2.jpeg\",\"contentUrl\":\"https:\/\/nitu.mx\/wp-content\/uploads\/2024\/06\/Toca-Puertas-Japon-Dia-2.jpeg\",\"width\":1200,\"height\":675,\"caption\":\"Toca Puertas Jap\u00f3n D\u00eda 2\"},{\"@type\":\"BreadcrumbList\",\"@id\":\"https:\/\/nitu.mx\/index.php\/2024\/06\/11\/mexico-y-japon-estrechan-lazos-de-cooperacion-turistica\/#breadcrumb\",\"itemListElement\":[{\"@type\":\"ListItem\",\"position\":1,\"name\":\"Inicio\",\"item\":\"https:\/\/nitu.mx\/\"},{\"@type\":\"ListItem\",\"position\":2,\"name\":\"M\u00e9xico y Jap\u00f3n estrechan lazos de cooperaci\u00f3n tur\u00edstica\"}]},{\"@type\":\"WebSite\",\"@id\":\"https:\/\/nitu.mx\/#website\",\"url\":\"https:\/\/nitu.mx\/\",\"name\":\"Nitu - Noticias de la Industria Turistica\",\"description\":\"Noticias de la Industria Turistica\",\"publisher\":{\"@id\":\"https:\/\/nitu.mx\/#\/schema\/person\/ae7a53426417292d3dd07b45a33e01bc\"},\"alternateName\":\"Noticias de la Industria Turistica\",\"potentialAction\":[{\"@type\":\"SearchAction\",\"target\":{\"@type\":\"EntryPoint\",\"urlTemplate\":\"https:\/\/nitu.mx\/?s={search_term_string}\"},\"query-input\":\"required name=search_term_string\"}],\"inLanguage\":\"es-MX\"},{\"@type\":[\"Person\",\"Organization\"],\"@id\":\"https:\/\/nitu.mx\/#\/schema\/person\/ae7a53426417292d3dd07b45a33e01bc\",\"name\":\"Arturo Medina\",\"image\":{\"@type\":\"ImageObject\",\"inLanguage\":\"es-MX\",\"@id\":\"https:\/\/nitu.mx\/#\/schema\/person\/image\/\",\"url\":\"https:\/\/nitu.mx\/wp-content\/uploads\/2024\/04\/4A315622-1904-4D5C-B022-878CDC840E04-90x90-1.jpeg\",\"contentUrl\":\"https:\/\/nitu.mx\/wp-content\/uploads\/2024\/04\/4A315622-1904-4D5C-B022-878CDC840E04-90x90-1.jpeg\",\"width\":90,\"height\":90,\"caption\":\"Arturo Medina\"},\"logo\":{\"@id\":\"https:\/\/nitu.mx\/#\/schema\/person\/image\/\"},\"description\":\"Director NITU.mx, Egresado de la Escuela de Periodismo Carlos Septi\u00e9n Garc\u00eda. Periodista y analista especializado en turismo desde hace 35 a\u00f1os, radicado en Canc\u00fan Q.Roo. arturo@nitu.mx\",\"sameAs\":[\"https:\/\/nitu.mx\",\"https:\/\/www.facebook.com\/NITUmx\/\",\"medinacancun\",\"https:\/\/twitter.com\/@Arturo_Medina_G\"]},{\"@type\":\"Person\",\"@id\":\"https:\/\/nitu.mx\/#\/schema\/person\/4a28fe9bd65924f7c90623773daf1b0b\",\"name\":\"Redacci\u00f3n\",\"image\":{\"@type\":\"ImageObject\",\"inLanguage\":\"es-MX\",\"@id\":\"https:\/\/nitu.mx\/#\/schema\/person\/image\/\",\"url\":\"https:\/\/secure.gravatar.com\/avatar\/5dd011c8ccfc5cd7e4c81e42252aab38?s=96&d=mm&r=g\",\"contentUrl\":\"https:\/\/secure.gravatar.com\/avatar\/5dd011c8ccfc5cd7e4c81e42252aab38?s=96&d=mm&r=g\",\"caption\":\"Redacci\u00f3n\"},\"url\":\"https:\/\/nitu.mx\/index.php\/author\/redaccion\/\"}]}<\/script>\n<!-- \/ Yoast SEO plugin. -->","yoast_head_json":{"title":"M\u00e9xico y Jap\u00f3n estrechan lazos de cooperaci\u00f3n tur\u00edstica - Nitu - Noticias de la Industria Turistica","robots":{"index":"index","follow":"follow","max-snippet":"max-snippet:-1","max-image-preview":"max-image-preview:large","max-video-preview":"max-video-preview:-1"},"canonical":"https:\/\/nitu.mx\/index.php\/2024\/06\/11\/mexico-y-japon-estrechan-lazos-de-cooperacion-turistica\/","twitter_card":"summary_large_image","twitter_title":"M\u00e9xico y Jap\u00f3n estrechan lazos de cooperaci\u00f3n tur\u00edstica - Nitu - Noticias de la Industria Turistica","twitter_description":"En el segundo d\u00eda de actividades de la gira Operaci\u00f3n Toca Puertas en Jap\u00f3n, el secretario de Turismo, Miguel Torruco Marqu\u00e9s, junto con la embajadora de M\u00e9xico en este pa\u00eds asi\u00e1tico, Excma. Melba Mar\u00eda Pr\u00eda Olavarrieta, sostuvieron una serie de encuentros con autoridades y l\u00edderes empresariales japoneses con el prop\u00f3sito de estrechar los lazos de [&hellip;]","twitter_image":"https:\/\/nitu.mx\/wp-content\/uploads\/2024\/06\/Toca-Puertas-Japon-Dia-2.jpeg","twitter_creator":"@NITUmx","twitter_site":"@Arturo_Medina_G","twitter_misc":{"Escrito por":"Redacci\u00f3n","Tiempo de lectura":"5 minutos"},"schema":{"@context":"https:\/\/schema.org","@graph":[{"@type":"Article","@id":"https:\/\/nitu.mx\/index.php\/2024\/06\/11\/mexico-y-japon-estrechan-lazos-de-cooperacion-turistica\/#article","isPartOf":{"@id":"https:\/\/nitu.mx\/index.php\/2024\/06\/11\/mexico-y-japon-estrechan-lazos-de-cooperacion-turistica\/"},"author":{"name":"Redacci\u00f3n","@id":"https:\/\/nitu.mx\/#\/schema\/person\/4a28fe9bd65924f7c90623773daf1b0b"},"headline":"M\u00e9xico y Jap\u00f3n estrechan lazos de cooperaci\u00f3n tur\u00edstica","datePublished":"2024-06-12T02:56:28+00:00","dateModified":"2024-06-12T02:56:29+00:00","mainEntityOfPage":{"@id":"https:\/\/nitu.mx\/index.php\/2024\/06\/11\/mexico-y-japon-estrechan-lazos-de-cooperacion-turistica\/"},"wordCount":1032,"commentCount":0,"publisher":{"@id":"https:\/\/nitu.mx\/#\/schema\/person\/ae7a53426417292d3dd07b45a33e01bc"},"image":{"@id":"https:\/\/nitu.mx\/index.php\/2024\/06\/11\/mexico-y-japon-estrechan-lazos-de-cooperacion-turistica\/#primaryimage"},"thumbnailUrl":"https:\/\/nitu.mx\/wp-content\/uploads\/2024\/06\/Toca-Puertas-Japon-Dia-2.jpeg","keywords":["Jap\u00f3n","Miguel Torruco","Sectur","Toca Puertas"],"articleSection":["Marketing"],"inLanguage":"es-MX","potentialAction":[{"@type":"CommentAction","name":"Comment","target":["https:\/\/nitu.mx\/index.php\/2024\/06\/11\/mexico-y-japon-estrechan-lazos-de-cooperacion-turistica\/#respond"]}]},{"@type":"WebPage","@id":"https:\/\/nitu.mx\/index.php\/2024\/06\/11\/mexico-y-japon-estrechan-lazos-de-cooperacion-turistica\/","url":"https:\/\/nitu.mx\/index.php\/2024\/06\/11\/mexico-y-japon-estrechan-lazos-de-cooperacion-turistica\/","name":"M\u00e9xico y Jap\u00f3n estrechan lazos de cooperaci\u00f3n tur\u00edstica - Nitu - Noticias de la Industria Turistica","isPartOf":{"@id":"https:\/\/nitu.mx\/#website"},"primaryImageOfPage":{"@id":"https:\/\/nitu.mx\/index.php\/2024\/06\/11\/mexico-y-japon-estrechan-lazos-de-cooperacion-turistica\/#primaryimage"},"image":{"@id":"https:\/\/nitu.mx\/index.php\/2024\/06\/11\/mexico-y-japon-estrechan-lazos-de-cooperacion-turistica\/#primaryimage"},"thumbnailUrl":"https:\/\/nitu.mx\/wp-content\/uploads\/2024\/06\/Toca-Puertas-Japon-Dia-2.jpeg","datePublished":"2024-06-12T02:56:28+00:00","dateModified":"2024-06-12T02:56:29+00:00","breadcrumb":{"@id":"https:\/\/nitu.mx\/index.php\/2024\/06\/11\/mexico-y-japon-estrechan-lazos-de-cooperacion-turistica\/#breadcrumb"},"inLanguage":"es-MX","potentialAction":[{"@type":"ReadAction","target":["https:\/\/nitu.mx\/index.php\/2024\/06\/11\/mexico-y-japon-estrechan-lazos-de-cooperacion-turistica\/"]}]},{"@type":"ImageObject","inLanguage":"es-MX","@id":"https:\/\/nitu.mx\/index.php\/2024\/06\/11\/mexico-y-japon-estrechan-lazos-de-cooperacion-turistica\/#primaryimage","url":"https:\/\/nitu.mx\/wp-content\/uploads\/2024\/06\/Toca-Puertas-Japon-Dia-2.jpeg","contentUrl":"https:\/\/nitu.mx\/wp-content\/uploads\/2024\/06\/Toca-Puertas-Japon-Dia-2.jpeg","width":1200,"height":675,"caption":"Toca Puertas Jap\u00f3n D\u00eda 2"},{"@type":"BreadcrumbList","@id":"https:\/\/nitu.mx\/index.php\/2024\/06\/11\/mexico-y-japon-estrechan-lazos-de-cooperacion-turistica\/#breadcrumb","itemListElement":[{"@type":"ListItem","position":1,"name":"Inicio","item":"https:\/\/nitu.mx\/"},{"@type":"ListItem","position":2,"name":"M\u00e9xico y Jap\u00f3n estrechan lazos de cooperaci\u00f3n tur\u00edstica"}]},{"@type":"WebSite","@id":"https:\/\/nitu.mx\/#website","url":"https:\/\/nitu.mx\/","name":"Nitu - Noticias de la Industria Turistica","description":"Noticias de la Industria Turistica","publisher":{"@id":"https:\/\/nitu.mx\/#\/schema\/person\/ae7a53426417292d3dd07b45a33e01bc"},"alternateName":"Noticias de la Industria Turistica","potentialAction":[{"@type":"SearchAction","target":{"@type":"EntryPoint","urlTemplate":"https:\/\/nitu.mx\/?s={search_term_string}"},"query-input":"required name=search_term_string"}],"inLanguage":"es-MX"},{"@type":["Person","Organization"],"@id":"https:\/\/nitu.mx\/#\/schema\/person\/ae7a53426417292d3dd07b45a33e01bc","name":"Arturo Medina","image":{"@type":"ImageObject","inLanguage":"es-MX","@id":"https:\/\/nitu.mx\/#\/schema\/person\/image\/","url":"https:\/\/nitu.mx\/wp-content\/uploads\/2024\/04\/4A315622-1904-4D5C-B022-878CDC840E04-90x90-1.jpeg","contentUrl":"https:\/\/nitu.mx\/wp-content\/uploads\/2024\/04\/4A315622-1904-4D5C-B022-878CDC840E04-90x90-1.jpeg","width":90,"height":90,"caption":"Arturo Medina"},"logo":{"@id":"https:\/\/nitu.mx\/#\/schema\/person\/image\/"},"description":"Director NITU.mx, Egresado de la Escuela de Periodismo Carlos Septi\u00e9n Garc\u00eda. Periodista y analista especializado en turismo desde hace 35 a\u00f1os, radicado en Canc\u00fan Q.Roo. arturo@nitu.mx","sameAs":["https:\/\/nitu.mx","https:\/\/www.facebook.com\/NITUmx\/","medinacancun","https:\/\/twitter.com\/@Arturo_Medina_G"]},{"@type":"Person","@id":"https:\/\/nitu.mx\/#\/schema\/person\/4a28fe9bd65924f7c90623773daf1b0b","name":"Redacci\u00f3n","image":{"@type":"ImageObject","inLanguage":"es-MX","@id":"https:\/\/nitu.mx\/#\/schema\/person\/image\/","url":"https:\/\/secure.gravatar.com\/avatar\/5dd011c8ccfc5cd7e4c81e42252aab38?s=96&d=mm&r=g","contentUrl":"https:\/\/secure.gravatar.com\/avatar\/5dd011c8ccfc5cd7e4c81e42252aab38?s=96&d=mm&r=g","caption":"Redacci\u00f3n"},"url":"https:\/\/nitu.mx\/index.php\/author\/redaccion\/"}]}},"views":481,"_links":{"self":[{"href":"https:\/\/nitu.mx\/index.php\/wp-json\/wp\/v2\/posts\/72030"}],"collection":[{"href":"https:\/\/nitu.mx\/index.php\/wp-json\/wp\/v2\/posts"}],"about":[{"href":"https:\/\/nitu.mx\/index.php\/wp-json\/wp\/v2\/types\/post"}],"author":[{"embeddable":true,"href":"https:\/\/nitu.mx\/index.php\/wp-json\/wp\/v2\/users\/17"}],"replies":[{"embeddable":true,"href":"https:\/\/nitu.mx\/index.php\/wp-json\/wp\/v2\/comments?post=72030"}],"version-history":[{"count":1,"href":"https:\/\/nitu.mx\/index.php\/wp-json\/wp\/v2\/posts\/72030\/revisions"}],"predecessor-version":[{"id":72032,"href":"https:\/\/nitu.mx\/index.php\/wp-json\/wp\/v2\/posts\/72030\/revisions\/72032"}],"wp:featuredmedia":[{"embeddable":true,"href":"https:\/\/nitu.mx\/index.php\/wp-json\/wp\/v2\/media\/72033"}],"wp:attachment":[{"href":"https:\/\/nitu.mx\/index.php\/wp-json\/wp\/v2\/media?parent=72030"}],"wp:term":[{"taxonomy":"category","embeddable":true,"href":"https:\/\/nitu.mx\/index.php\/wp-json\/wp\/v2\/categories?post=72030"},{"taxonomy":"post_tag","embeddable":true,"href":"https:\/\/nitu.mx\/index.php\/wp-json\/wp\/v2\/tags?post=72030"}],"curies":[{"name":"wp","href":"https:\/\/api.w.org\/{rel}","templated":true}]}}