{"id":72020,"date":"2024-06-11T23:29:20","date_gmt":"2024-06-12T05:29:20","guid":{"rendered":"https:\/\/nitu.mx\/?p=72020"},"modified":"2024-06-11T23:29:21","modified_gmt":"2024-06-12T05:29:21","slug":"volaris-reactiva-conexion-aerea-entre-costa-rica-y-guadalajara","status":"publish","type":"post","link":"https:\/\/nitu.mx\/index.php\/2024\/06\/11\/volaris-reactiva-conexion-aerea-entre-costa-rica-y-guadalajara\/","title":{"rendered":"Volaris reactiva conexi\u00f3n a\u00e9rea entre Costa Rica y Guadalajara"},"content":{"rendered":"<p>La aerol\u00ednea Volaris anunci\u00f3 que reactivar\u00e1 la ruta entre el Aeropuerto Internacional Juan Santamar\u00eda en Costa Rica y el Aeropuerto Internacional de Guadalajara Miguel Hidalgo y Costilla en M\u00e9xico. Esta ruta, suspendida en septiembre de 2018, volver\u00e1 a estar operativa a partir del 29 de octubre de este a\u00f1o, seg\u00fan informaci\u00f3n de aeroroutes.com.<br \/>\nEl primer vuelo est\u00e1 programado para salir del Juan Santamar\u00eda a las 15:32 y llegar a Guadalajara a las 18:47. Los vuelos de regreso saldr\u00e1n de Guadalajara a las 19:37, llegando a Costa Rica a las 22:52.<\/p>\n<p>Volaris utilizar\u00e1 aviones Airbus A319 para este trayecto.<br \/>\nA\u00fan no se han especificado los d\u00edas en que esta ruta operar\u00e1. Con esta reactivaci\u00f3n, Volaris ofrecer\u00e1 conexiones a tres ciudades mexicanas: Ciudad de M\u00e9xico, Canc\u00fan y ahora Guadalajara. Actualmente, la aerol\u00ednea realiza m\u00e1s de 15 vuelos semanales a las dos primeras ciudades.<br \/>\nVolaris, una aerol\u00ednea de ultra bajo costo, inici\u00f3 sus operaciones en Costa Rica en septiembre de 2015. Esta expansi\u00f3n refuerza su presencia en la regi\u00f3n, facilitando m\u00e1s opciones de viaje entre Costa Rica y M\u00e9xico. (<a href=\"https:\/\/nitu.mx\/index.php\/2024\/06\/06\/volaris-e-iberia-ampliaran-conectividad-entre-mexico-y-europa-con-codigo-compartido\/\">Volaris e Iberia ampliar\u00e1n conectividad entre M\u00e9xico y Europa con C\u00f3digo Compartido<\/a>).<\/p>\n","protected":false},"excerpt":{"rendered":"<p>La aerol\u00ednea Volaris anunci\u00f3 que reactivar\u00e1 la ruta entre el Aeropuerto Internacional Juan Santamar\u00eda en Costa Rica y el Aeropuerto Internacional de Guadalajara Miguel Hidalgo y Costilla en M\u00e9xico. Esta ruta, suspendida en septiembre de 2018, volver\u00e1 a estar operativa a partir del 29 de octubre de este a\u00f1o, seg\u00fan informaci\u00f3n de aeroroutes.com. El primer [&hellip;]<\/p>\n","protected":false},"author":3,"featured_media":45666,"comment_status":"open","ping_status":"open","sticky":false,"template":"","format":"standard","meta":{"footnotes":""},"categories":[29],"tags":[3735,25368,25369,1421,6480,131],"yoast_head":"<!-- This site is optimized with the Yoast SEO plugin v22.2 - https:\/\/yoast.com\/wordpress\/plugins\/seo\/ -->\n<title>Volaris reactiva conexi\u00f3n a\u00e9rea entre Costa Rica y Guadalajara - Nitu - Noticias de la Industria Turistica<\/title>\n<meta name=\"robots\" content=\"index, follow, max-snippet:-1, max-image-preview:large, max-video-preview:-1\" \/>\n<link rel=\"canonical\" href=\"https:\/\/nitu.mx\/index.php\/2024\/06\/11\/volaris-reactiva-conexion-aerea-entre-costa-rica-y-guadalajara\/\" \/>\n<meta name=\"twitter:card\" content=\"summary_large_image\" \/>\n<meta name=\"twitter:title\" content=\"Volaris reactiva conexi\u00f3n a\u00e9rea entre Costa Rica y Guadalajara - Nitu - Noticias de la Industria Turistica\" \/>\n<meta name=\"twitter:description\" content=\"La aerol\u00ednea Volaris anunci\u00f3 que reactivar\u00e1 la ruta entre el Aeropuerto Internacional Juan Santamar\u00eda en Costa Rica y el Aeropuerto Internacional de Guadalajara Miguel Hidalgo y Costilla en M\u00e9xico. Esta ruta, suspendida en septiembre de 2018, volver\u00e1 a estar operativa a partir del 29 de octubre de este a\u00f1o, seg\u00fan informaci\u00f3n de aeroroutes.com. El primer [&hellip;]\" \/>\n<meta name=\"twitter:image\" content=\"https:\/\/nitu.mx\/wp-content\/uploads\/2020\/08\/Volaris-Ontario.jpg\" \/>\n<meta name=\"twitter:creator\" content=\"@NITUmx\" \/>\n<meta name=\"twitter:site\" content=\"@Arturo_Medina_G\" \/>\n<meta name=\"twitter:label1\" content=\"Escrito por\" \/>\n\t<meta name=\"twitter:data1\" content=\"Alejandra Moncisbays\" \/>\n\t<meta name=\"twitter:label2\" content=\"Tiempo de lectura\" \/>\n\t<meta name=\"twitter:data2\" content=\"1 minuto\" \/>\n<script type=\"application\/ld+json\" class=\"yoast-schema-graph\">{\"@context\":\"https:\/\/schema.org\",\"@graph\":[{\"@type\":\"Article\",\"@id\":\"https:\/\/nitu.mx\/index.php\/2024\/06\/11\/volaris-reactiva-conexion-aerea-entre-costa-rica-y-guadalajara\/#article\",\"isPartOf\":{\"@id\":\"https:\/\/nitu.mx\/index.php\/2024\/06\/11\/volaris-reactiva-conexion-aerea-entre-costa-rica-y-guadalajara\/\"},\"author\":{\"name\":\"Alejandra Moncisbays\",\"@id\":\"https:\/\/nitu.mx\/#\/schema\/person\/2ecd887b19dfd3382d1f14fc5acf24a8\"},\"headline\":\"Volaris reactiva conexi\u00f3n a\u00e9rea entre Costa Rica y Guadalajara\",\"datePublished\":\"2024-06-12T05:29:20+00:00\",\"dateModified\":\"2024-06-12T05:29:21+00:00\",\"mainEntityOfPage\":{\"@id\":\"https:\/\/nitu.mx\/index.php\/2024\/06\/11\/volaris-reactiva-conexion-aerea-entre-costa-rica-y-guadalajara\/\"},\"wordCount\":215,\"commentCount\":0,\"publisher\":{\"@id\":\"https:\/\/nitu.mx\/#\/schema\/person\/ae7a53426417292d3dd07b45a33e01bc\"},\"image\":{\"@id\":\"https:\/\/nitu.mx\/index.php\/2024\/06\/11\/volaris-reactiva-conexion-aerea-entre-costa-rica-y-guadalajara\/#primaryimage\"},\"thumbnailUrl\":\"https:\/\/nitu.mx\/wp-content\/uploads\/2020\/08\/Volaris-Ontario.jpg\",\"keywords\":[\"Aerol\u00ednea\",\"Aeropuerto Internacional de Guadalajara Miguel Hidalgo y Costilla\",\"Aeropuerto Internacional Juan Santamar\u00eda\",\"Costa Rica\",\"ruta\",\"Volaris\"],\"articleSection\":[\"Aerol\u00edneas\"],\"inLanguage\":\"es-MX\",\"potentialAction\":[{\"@type\":\"CommentAction\",\"name\":\"Comment\",\"target\":[\"https:\/\/nitu.mx\/index.php\/2024\/06\/11\/volaris-reactiva-conexion-aerea-entre-costa-rica-y-guadalajara\/#respond\"]}]},{\"@type\":\"WebPage\",\"@id\":\"https:\/\/nitu.mx\/index.php\/2024\/06\/11\/volaris-reactiva-conexion-aerea-entre-costa-rica-y-guadalajara\/\",\"url\":\"https:\/\/nitu.mx\/index.php\/2024\/06\/11\/volaris-reactiva-conexion-aerea-entre-costa-rica-y-guadalajara\/\",\"name\":\"Volaris reactiva conexi\u00f3n a\u00e9rea entre Costa Rica y Guadalajara - Nitu - Noticias de la Industria Turistica\",\"isPartOf\":{\"@id\":\"https:\/\/nitu.mx\/#website\"},\"primaryImageOfPage\":{\"@id\":\"https:\/\/nitu.mx\/index.php\/2024\/06\/11\/volaris-reactiva-conexion-aerea-entre-costa-rica-y-guadalajara\/#primaryimage\"},\"image\":{\"@id\":\"https:\/\/nitu.mx\/index.php\/2024\/06\/11\/volaris-reactiva-conexion-aerea-entre-costa-rica-y-guadalajara\/#primaryimage\"},\"thumbnailUrl\":\"https:\/\/nitu.mx\/wp-content\/uploads\/2020\/08\/Volaris-Ontario.jpg\",\"datePublished\":\"2024-06-12T05:29:20+00:00\",\"dateModified\":\"2024-06-12T05:29:21+00:00\",\"breadcrumb\":{\"@id\":\"https:\/\/nitu.mx\/index.php\/2024\/06\/11\/volaris-reactiva-conexion-aerea-entre-costa-rica-y-guadalajara\/#breadcrumb\"},\"inLanguage\":\"es-MX\",\"potentialAction\":[{\"@type\":\"ReadAction\",\"target\":[\"https:\/\/nitu.mx\/index.php\/2024\/06\/11\/volaris-reactiva-conexion-aerea-entre-costa-rica-y-guadalajara\/\"]}]},{\"@type\":\"ImageObject\",\"inLanguage\":\"es-MX\",\"@id\":\"https:\/\/nitu.mx\/index.php\/2024\/06\/11\/volaris-reactiva-conexion-aerea-entre-costa-rica-y-guadalajara\/#primaryimage\",\"url\":\"https:\/\/nitu.mx\/wp-content\/uploads\/2020\/08\/Volaris-Ontario.jpg\",\"contentUrl\":\"https:\/\/nitu.mx\/wp-content\/uploads\/2020\/08\/Volaris-Ontario.jpg\",\"width\":1200,\"height\":675,\"caption\":\"Volaris\"},{\"@type\":\"BreadcrumbList\",\"@id\":\"https:\/\/nitu.mx\/index.php\/2024\/06\/11\/volaris-reactiva-conexion-aerea-entre-costa-rica-y-guadalajara\/#breadcrumb\",\"itemListElement\":[{\"@type\":\"ListItem\",\"position\":1,\"name\":\"Inicio\",\"item\":\"https:\/\/nitu.mx\/\"},{\"@type\":\"ListItem\",\"position\":2,\"name\":\"Volaris reactiva conexi\u00f3n a\u00e9rea entre Costa Rica y Guadalajara\"}]},{\"@type\":\"WebSite\",\"@id\":\"https:\/\/nitu.mx\/#website\",\"url\":\"https:\/\/nitu.mx\/\",\"name\":\"Nitu - Noticias de la Industria Turistica\",\"description\":\"Noticias de la Industria Turistica\",\"publisher\":{\"@id\":\"https:\/\/nitu.mx\/#\/schema\/person\/ae7a53426417292d3dd07b45a33e01bc\"},\"alternateName\":\"Noticias de la Industria Turistica\",\"potentialAction\":[{\"@type\":\"SearchAction\",\"target\":{\"@type\":\"EntryPoint\",\"urlTemplate\":\"https:\/\/nitu.mx\/?s={search_term_string}\"},\"query-input\":\"required name=search_term_string\"}],\"inLanguage\":\"es-MX\"},{\"@type\":[\"Person\",\"Organization\"],\"@id\":\"https:\/\/nitu.mx\/#\/schema\/person\/ae7a53426417292d3dd07b45a33e01bc\",\"name\":\"Arturo Medina\",\"image\":{\"@type\":\"ImageObject\",\"inLanguage\":\"es-MX\",\"@id\":\"https:\/\/nitu.mx\/#\/schema\/person\/image\/\",\"url\":\"https:\/\/nitu.mx\/wp-content\/uploads\/2024\/04\/4A315622-1904-4D5C-B022-878CDC840E04-90x90-1.jpeg\",\"contentUrl\":\"https:\/\/nitu.mx\/wp-content\/uploads\/2024\/04\/4A315622-1904-4D5C-B022-878CDC840E04-90x90-1.jpeg\",\"width\":90,\"height\":90,\"caption\":\"Arturo Medina\"},\"logo\":{\"@id\":\"https:\/\/nitu.mx\/#\/schema\/person\/image\/\"},\"description\":\"Director NITU.mx, Egresado de la Escuela de Periodismo Carlos Septi\u00e9n Garc\u00eda. Periodista y analista especializado en turismo desde hace 35 a\u00f1os, radicado en Canc\u00fan Q.Roo. arturo@nitu.mx\",\"sameAs\":[\"https:\/\/nitu.mx\",\"https:\/\/www.facebook.com\/NITUmx\/\",\"medinacancun\",\"https:\/\/twitter.com\/@Arturo_Medina_G\"]},{\"@type\":\"Person\",\"@id\":\"https:\/\/nitu.mx\/#\/schema\/person\/2ecd887b19dfd3382d1f14fc5acf24a8\",\"name\":\"Alejandra Moncisbays\",\"image\":{\"@type\":\"ImageObject\",\"inLanguage\":\"es-MX\",\"@id\":\"https:\/\/nitu.mx\/#\/schema\/person\/image\/\",\"url\":\"https:\/\/secure.gravatar.com\/avatar\/e74f7af0be172b7804dacfd0bfbef787?s=96&d=mm&r=g\",\"contentUrl\":\"https:\/\/secure.gravatar.com\/avatar\/e74f7af0be172b7804dacfd0bfbef787?s=96&d=mm&r=g\",\"caption\":\"Alejandra Moncisbays\"},\"description\":\"Curs\u00e9 la carrera de Periodismo y Comunicaci\u00f3n en la Facultad de Estudios Profesionales Acatl\u00e1n. Vivo en Canc\u00fan desde hace 24 a\u00f1os. Fui reportera de La Tarde de Canc\u00fan, y Novedades de Quintana Roo, colabor\u00e9 en TVCUN, edit\u00e9 Cancun\u00edssimo y colabor\u00e9 en las revistas Latitud21, entre otras, con principal enfoque en los sectores empresarial y tur\u00edstico. Desde hace varios a\u00f1os soy Agente de Seguros con c\u00e9dula de la Comisi\u00f3n Nacional de Seguros y Fianzas. Actualmente, me desarrollo en los \u00e1mbitos del periodismo y el sector asegurador.\",\"sameAs\":[\"https:\/\/nitu.mx\"],\"url\":\"https:\/\/nitu.mx\/index.php\/author\/alejandra\/\"}]}<\/script>\n<!-- \/ Yoast SEO plugin. -->","yoast_head_json":{"title":"Volaris reactiva conexi\u00f3n a\u00e9rea entre Costa Rica y Guadalajara - Nitu - Noticias de la Industria Turistica","robots":{"index":"index","follow":"follow","max-snippet":"max-snippet:-1","max-image-preview":"max-image-preview:large","max-video-preview":"max-video-preview:-1"},"canonical":"https:\/\/nitu.mx\/index.php\/2024\/06\/11\/volaris-reactiva-conexion-aerea-entre-costa-rica-y-guadalajara\/","twitter_card":"summary_large_image","twitter_title":"Volaris reactiva conexi\u00f3n a\u00e9rea entre Costa Rica y Guadalajara - Nitu - Noticias de la Industria Turistica","twitter_description":"La aerol\u00ednea Volaris anunci\u00f3 que reactivar\u00e1 la ruta entre el Aeropuerto Internacional Juan Santamar\u00eda en Costa Rica y el Aeropuerto Internacional de Guadalajara Miguel Hidalgo y Costilla en M\u00e9xico. Esta ruta, suspendida en septiembre de 2018, volver\u00e1 a estar operativa a partir del 29 de octubre de este a\u00f1o, seg\u00fan informaci\u00f3n de aeroroutes.com. El primer [&hellip;]","twitter_image":"https:\/\/nitu.mx\/wp-content\/uploads\/2020\/08\/Volaris-Ontario.jpg","twitter_creator":"@NITUmx","twitter_site":"@Arturo_Medina_G","twitter_misc":{"Escrito por":"Alejandra Moncisbays","Tiempo de lectura":"1 minuto"},"schema":{"@context":"https:\/\/schema.org","@graph":[{"@type":"Article","@id":"https:\/\/nitu.mx\/index.php\/2024\/06\/11\/volaris-reactiva-conexion-aerea-entre-costa-rica-y-guadalajara\/#article","isPartOf":{"@id":"https:\/\/nitu.mx\/index.php\/2024\/06\/11\/volaris-reactiva-conexion-aerea-entre-costa-rica-y-guadalajara\/"},"author":{"name":"Alejandra Moncisbays","@id":"https:\/\/nitu.mx\/#\/schema\/person\/2ecd887b19dfd3382d1f14fc5acf24a8"},"headline":"Volaris reactiva conexi\u00f3n a\u00e9rea entre Costa Rica y Guadalajara","datePublished":"2024-06-12T05:29:20+00:00","dateModified":"2024-06-12T05:29:21+00:00","mainEntityOfPage":{"@id":"https:\/\/nitu.mx\/index.php\/2024\/06\/11\/volaris-reactiva-conexion-aerea-entre-costa-rica-y-guadalajara\/"},"wordCount":215,"commentCount":0,"publisher":{"@id":"https:\/\/nitu.mx\/#\/schema\/person\/ae7a53426417292d3dd07b45a33e01bc"},"image":{"@id":"https:\/\/nitu.mx\/index.php\/2024\/06\/11\/volaris-reactiva-conexion-aerea-entre-costa-rica-y-guadalajara\/#primaryimage"},"thumbnailUrl":"https:\/\/nitu.mx\/wp-content\/uploads\/2020\/08\/Volaris-Ontario.jpg","keywords":["Aerol\u00ednea","Aeropuerto Internacional de Guadalajara Miguel Hidalgo y Costilla","Aeropuerto Internacional Juan Santamar\u00eda","Costa Rica","ruta","Volaris"],"articleSection":["Aerol\u00edneas"],"inLanguage":"es-MX","potentialAction":[{"@type":"CommentAction","name":"Comment","target":["https:\/\/nitu.mx\/index.php\/2024\/06\/11\/volaris-reactiva-conexion-aerea-entre-costa-rica-y-guadalajara\/#respond"]}]},{"@type":"WebPage","@id":"https:\/\/nitu.mx\/index.php\/2024\/06\/11\/volaris-reactiva-conexion-aerea-entre-costa-rica-y-guadalajara\/","url":"https:\/\/nitu.mx\/index.php\/2024\/06\/11\/volaris-reactiva-conexion-aerea-entre-costa-rica-y-guadalajara\/","name":"Volaris reactiva conexi\u00f3n a\u00e9rea entre Costa Rica y Guadalajara - Nitu - Noticias de la Industria Turistica","isPartOf":{"@id":"https:\/\/nitu.mx\/#website"},"primaryImageOfPage":{"@id":"https:\/\/nitu.mx\/index.php\/2024\/06\/11\/volaris-reactiva-conexion-aerea-entre-costa-rica-y-guadalajara\/#primaryimage"},"image":{"@id":"https:\/\/nitu.mx\/index.php\/2024\/06\/11\/volaris-reactiva-conexion-aerea-entre-costa-rica-y-guadalajara\/#primaryimage"},"thumbnailUrl":"https:\/\/nitu.mx\/wp-content\/uploads\/2020\/08\/Volaris-Ontario.jpg","datePublished":"2024-06-12T05:29:20+00:00","dateModified":"2024-06-12T05:29:21+00:00","breadcrumb":{"@id":"https:\/\/nitu.mx\/index.php\/2024\/06\/11\/volaris-reactiva-conexion-aerea-entre-costa-rica-y-guadalajara\/#breadcrumb"},"inLanguage":"es-MX","potentialAction":[{"@type":"ReadAction","target":["https:\/\/nitu.mx\/index.php\/2024\/06\/11\/volaris-reactiva-conexion-aerea-entre-costa-rica-y-guadalajara\/"]}]},{"@type":"ImageObject","inLanguage":"es-MX","@id":"https:\/\/nitu.mx\/index.php\/2024\/06\/11\/volaris-reactiva-conexion-aerea-entre-costa-rica-y-guadalajara\/#primaryimage","url":"https:\/\/nitu.mx\/wp-content\/uploads\/2020\/08\/Volaris-Ontario.jpg","contentUrl":"https:\/\/nitu.mx\/wp-content\/uploads\/2020\/08\/Volaris-Ontario.jpg","width":1200,"height":675,"caption":"Volaris"},{"@type":"BreadcrumbList","@id":"https:\/\/nitu.mx\/index.php\/2024\/06\/11\/volaris-reactiva-conexion-aerea-entre-costa-rica-y-guadalajara\/#breadcrumb","itemListElement":[{"@type":"ListItem","position":1,"name":"Inicio","item":"https:\/\/nitu.mx\/"},{"@type":"ListItem","position":2,"name":"Volaris reactiva conexi\u00f3n a\u00e9rea entre Costa Rica y Guadalajara"}]},{"@type":"WebSite","@id":"https:\/\/nitu.mx\/#website","url":"https:\/\/nitu.mx\/","name":"Nitu - Noticias de la Industria Turistica","description":"Noticias de la Industria Turistica","publisher":{"@id":"https:\/\/nitu.mx\/#\/schema\/person\/ae7a53426417292d3dd07b45a33e01bc"},"alternateName":"Noticias de la Industria Turistica","potentialAction":[{"@type":"SearchAction","target":{"@type":"EntryPoint","urlTemplate":"https:\/\/nitu.mx\/?s={search_term_string}"},"query-input":"required name=search_term_string"}],"inLanguage":"es-MX"},{"@type":["Person","Organization"],"@id":"https:\/\/nitu.mx\/#\/schema\/person\/ae7a53426417292d3dd07b45a33e01bc","name":"Arturo Medina","image":{"@type":"ImageObject","inLanguage":"es-MX","@id":"https:\/\/nitu.mx\/#\/schema\/person\/image\/","url":"https:\/\/nitu.mx\/wp-content\/uploads\/2024\/04\/4A315622-1904-4D5C-B022-878CDC840E04-90x90-1.jpeg","contentUrl":"https:\/\/nitu.mx\/wp-content\/uploads\/2024\/04\/4A315622-1904-4D5C-B022-878CDC840E04-90x90-1.jpeg","width":90,"height":90,"caption":"Arturo Medina"},"logo":{"@id":"https:\/\/nitu.mx\/#\/schema\/person\/image\/"},"description":"Director NITU.mx, Egresado de la Escuela de Periodismo Carlos Septi\u00e9n Garc\u00eda. Periodista y analista especializado en turismo desde hace 35 a\u00f1os, radicado en Canc\u00fan Q.Roo. arturo@nitu.mx","sameAs":["https:\/\/nitu.mx","https:\/\/www.facebook.com\/NITUmx\/","medinacancun","https:\/\/twitter.com\/@Arturo_Medina_G"]},{"@type":"Person","@id":"https:\/\/nitu.mx\/#\/schema\/person\/2ecd887b19dfd3382d1f14fc5acf24a8","name":"Alejandra Moncisbays","image":{"@type":"ImageObject","inLanguage":"es-MX","@id":"https:\/\/nitu.mx\/#\/schema\/person\/image\/","url":"https:\/\/secure.gravatar.com\/avatar\/e74f7af0be172b7804dacfd0bfbef787?s=96&d=mm&r=g","contentUrl":"https:\/\/secure.gravatar.com\/avatar\/e74f7af0be172b7804dacfd0bfbef787?s=96&d=mm&r=g","caption":"Alejandra Moncisbays"},"description":"Curs\u00e9 la carrera de Periodismo y Comunicaci\u00f3n en la Facultad de Estudios Profesionales Acatl\u00e1n. Vivo en Canc\u00fan desde hace 24 a\u00f1os. Fui reportera de La Tarde de Canc\u00fan, y Novedades de Quintana Roo, colabor\u00e9 en TVCUN, edit\u00e9 Cancun\u00edssimo y colabor\u00e9 en las revistas Latitud21, entre otras, con principal enfoque en los sectores empresarial y tur\u00edstico. Desde hace varios a\u00f1os soy Agente de Seguros con c\u00e9dula de la Comisi\u00f3n Nacional de Seguros y Fianzas. Actualmente, me desarrollo en los \u00e1mbitos del periodismo y el sector asegurador.","sameAs":["https:\/\/nitu.mx"],"url":"https:\/\/nitu.mx\/index.php\/author\/alejandra\/"}]}},"views":653,"_links":{"self":[{"href":"https:\/\/nitu.mx\/index.php\/wp-json\/wp\/v2\/posts\/72020"}],"collection":[{"href":"https:\/\/nitu.mx\/index.php\/wp-json\/wp\/v2\/posts"}],"about":[{"href":"https:\/\/nitu.mx\/index.php\/wp-json\/wp\/v2\/types\/post"}],"author":[{"embeddable":true,"href":"https:\/\/nitu.mx\/index.php\/wp-json\/wp\/v2\/users\/3"}],"replies":[{"embeddable":true,"href":"https:\/\/nitu.mx\/index.php\/wp-json\/wp\/v2\/comments?post=72020"}],"version-history":[{"count":3,"href":"https:\/\/nitu.mx\/index.php\/wp-json\/wp\/v2\/posts\/72020\/revisions"}],"predecessor-version":[{"id":72046,"href":"https:\/\/nitu.mx\/index.php\/wp-json\/wp\/v2\/posts\/72020\/revisions\/72046"}],"wp:featuredmedia":[{"embeddable":true,"href":"https:\/\/nitu.mx\/index.php\/wp-json\/wp\/v2\/media\/45666"}],"wp:attachment":[{"href":"https:\/\/nitu.mx\/index.php\/wp-json\/wp\/v2\/media?parent=72020"}],"wp:term":[{"taxonomy":"category","embeddable":true,"href":"https:\/\/nitu.mx\/index.php\/wp-json\/wp\/v2\/categories?post=72020"},{"taxonomy":"post_tag","embeddable":true,"href":"https:\/\/nitu.mx\/index.php\/wp-json\/wp\/v2\/tags?post=72020"}],"curies":[{"name":"wp","href":"https:\/\/api.w.org\/{rel}","templated":true}]}}