{"id":71944,"date":"2024-06-09T23:20:03","date_gmt":"2024-06-10T05:20:03","guid":{"rendered":"https:\/\/nitu.mx\/?p=71944"},"modified":"2024-06-09T23:20:04","modified_gmt":"2024-06-10T05:20:04","slug":"mexicana-de-aviacion-nuevas-rutas-y-crecimiento-asegurado","status":"publish","type":"post","link":"https:\/\/nitu.mx\/index.php\/2024\/06\/09\/mexicana-de-aviacion-nuevas-rutas-y-crecimiento-asegurado\/","title":{"rendered":"Mexicana de Aviaci\u00f3n: Nuevas rutas y crecimiento asegurado"},"content":{"rendered":"<p>La aerol\u00ednea del gobierno federal, Mexicana de Aviaci\u00f3n, ha registrado un incremento del 1.7% en el n\u00famero de pasajeros transportados durante mayo, comparado con el mes anterior. Este crecimiento llega despu\u00e9s de una ca\u00edda en abril respecto a marzo, destac\u00e1ndose el repunte en la temporada alta.<br \/>\nMexicana de Aviaci\u00f3n, administrada por el Ej\u00e9rcito Mexicano desde diciembre de 2023, espera recibir en el segundo trimestre de 2025 los primeros cinco aviones Embraer con capacidad para 132 personas, de un total de 20 aeronaves nuevas. La compra de estos aviones, con una inversi\u00f3n de 750 millones de d\u00f3lares a pagarse en cuatro a\u00f1os, forma parte de un ambicioso plan de expansi\u00f3n que incluir\u00e1 nuevas rutas internacionales y la apertura de dos bases operativas adicionales en Tijuana y Tulum, complementando la actual en el Aeropuerto Internacional Felipe \u00c1ngeles (AIFA). (<a href=\"https:\/\/nitu.mx\/index.php\/2024\/06\/03\/hito-mexicana-de-aviacion-encarga-20-aviones-embraer-e2\/\">Hito: Mexicana de Aviaci\u00f3n encarga 20 aviones Embraer E2<\/a>).<br \/>\nJos\u00e9 Gerardo Vega Rivera, director del Grupo Aeroportuario, Ferroviario, de Servicios Auxiliares y Conexos Olmeca-Maya-Mexica (GAFSACOMM), indic\u00f3 que esta expansi\u00f3n permitir\u00e1 conectar M\u00e9xico con 11 nuevos destinos internacionales, incluyendo Chicago, Nueva York, La Habana y Bogot\u00e1. Se espera que con la nueva flota, Mexicana de Aviaci\u00f3n pueda transportar a m\u00e1s de tres millones de pasajeros al a\u00f1o y generar aproximadamente 1,500 empleos directos y 4,500 indirectos en el sector aeron\u00e1utico.<br \/>\nAdem\u00e1s, se prev\u00e9 que las operaciones desde Tulum incluyan vuelos a Punta Cana, Caracas y Lima, mientras que desde Tijuana se planea volar a ciudades canadienses como Montreal, Ottawa o Vancouver.<br \/>\nDesde su relanzamiento en diciembre de 2023 hasta junio de 2024, Mexicana de Aviaci\u00f3n ha transportado a 140 mil 762 pasajeros en 2,990 operaciones, acumulando m\u00e1s de dos millones de kil\u00f3metros recorridos. En promedio, la aerol\u00ednea ha movilizado a 1,025 pasajeros diarios. La reciente adici\u00f3n de aviones Embraer en arrendamiento ha contribuido a estas cifras, y se espera que la tendencia de crecimiento se mantenga en los pr\u00f3ximos meses.<br \/>\nMexicana de Aviaci\u00f3n, con su renovada flota y nuevas rutas, busca fortalecer la conectividad nacional e internacional, contribuyendo al desarrollo econ\u00f3mico y laboral del pa\u00eds.<\/p>\n","protected":false},"excerpt":{"rendered":"<p>La aerol\u00ednea del gobierno federal, Mexicana de Aviaci\u00f3n, ha registrado un incremento del 1.7% en el n\u00famero de pasajeros transportados durante mayo, comparado con el mes anterior. Este crecimiento llega despu\u00e9s de una ca\u00edda en abril respecto a marzo, destac\u00e1ndose el repunte en la temporada alta. Mexicana de Aviaci\u00f3n, administrada por el Ej\u00e9rcito Mexicano desde [&hellip;]<\/p>\n","protected":false},"author":3,"featured_media":67391,"comment_status":"open","ping_status":"open","sticky":false,"template":"","format":"standard","meta":{"footnotes":""},"categories":[29],"tags":[5165,24056,568,390,4042],"yoast_head":"<!-- This site is optimized with the Yoast SEO plugin v22.2 - https:\/\/yoast.com\/wordpress\/plugins\/seo\/ -->\n<title>Mexicana de Aviaci\u00f3n: Nuevas rutas y crecimiento asegurado - Nitu - Noticias de la Industria Turistica<\/title>\n<meta name=\"robots\" content=\"index, follow, max-snippet:-1, max-image-preview:large, max-video-preview:-1\" \/>\n<link rel=\"canonical\" href=\"https:\/\/nitu.mx\/index.php\/2024\/06\/09\/mexicana-de-aviacion-nuevas-rutas-y-crecimiento-asegurado\/\" \/>\n<meta name=\"twitter:card\" content=\"summary_large_image\" \/>\n<meta name=\"twitter:title\" content=\"Mexicana de Aviaci\u00f3n: Nuevas rutas y crecimiento asegurado - Nitu - Noticias de la Industria Turistica\" \/>\n<meta name=\"twitter:description\" content=\"La aerol\u00ednea del gobierno federal, Mexicana de Aviaci\u00f3n, ha registrado un incremento del 1.7% en el n\u00famero de pasajeros transportados durante mayo, comparado con el mes anterior. Este crecimiento llega despu\u00e9s de una ca\u00edda en abril respecto a marzo, destac\u00e1ndose el repunte en la temporada alta. Mexicana de Aviaci\u00f3n, administrada por el Ej\u00e9rcito Mexicano desde [&hellip;]\" \/>\n<meta name=\"twitter:image\" content=\"https:\/\/nitu.mx\/wp-content\/uploads\/2023\/12\/MEXICANA-TULUM.jpg\" \/>\n<meta name=\"twitter:creator\" content=\"@NITUmx\" \/>\n<meta name=\"twitter:site\" content=\"@Arturo_Medina_G\" \/>\n<meta name=\"twitter:label1\" content=\"Escrito por\" \/>\n\t<meta name=\"twitter:data1\" content=\"Alejandra Moncisbays\" \/>\n\t<meta name=\"twitter:label2\" content=\"Tiempo de lectura\" \/>\n\t<meta name=\"twitter:data2\" content=\"2 minutos\" \/>\n<script type=\"application\/ld+json\" class=\"yoast-schema-graph\">{\"@context\":\"https:\/\/schema.org\",\"@graph\":[{\"@type\":\"Article\",\"@id\":\"https:\/\/nitu.mx\/index.php\/2024\/06\/09\/mexicana-de-aviacion-nuevas-rutas-y-crecimiento-asegurado\/#article\",\"isPartOf\":{\"@id\":\"https:\/\/nitu.mx\/index.php\/2024\/06\/09\/mexicana-de-aviacion-nuevas-rutas-y-crecimiento-asegurado\/\"},\"author\":{\"name\":\"Alejandra Moncisbays\",\"@id\":\"https:\/\/nitu.mx\/#\/schema\/person\/2ecd887b19dfd3382d1f14fc5acf24a8\"},\"headline\":\"Mexicana de Aviaci\u00f3n: Nuevas rutas y crecimiento asegurado\",\"datePublished\":\"2024-06-10T05:20:03+00:00\",\"dateModified\":\"2024-06-10T05:20:04+00:00\",\"mainEntityOfPage\":{\"@id\":\"https:\/\/nitu.mx\/index.php\/2024\/06\/09\/mexicana-de-aviacion-nuevas-rutas-y-crecimiento-asegurado\/\"},\"wordCount\":362,\"commentCount\":0,\"publisher\":{\"@id\":\"https:\/\/nitu.mx\/#\/schema\/person\/ae7a53426417292d3dd07b45a33e01bc\"},\"image\":{\"@id\":\"https:\/\/nitu.mx\/index.php\/2024\/06\/09\/mexicana-de-aviacion-nuevas-rutas-y-crecimiento-asegurado\/#primaryimage\"},\"thumbnailUrl\":\"https:\/\/nitu.mx\/wp-content\/uploads\/2023\/12\/MEXICANA-TULUM.jpg\",\"keywords\":[\"Embraer\",\"GAFSACOMM\",\"Mexicana de Aviaci\u00f3n\",\"Tulum\",\"Vuelos\"],\"articleSection\":[\"Aerol\u00edneas\"],\"inLanguage\":\"es-MX\",\"potentialAction\":[{\"@type\":\"CommentAction\",\"name\":\"Comment\",\"target\":[\"https:\/\/nitu.mx\/index.php\/2024\/06\/09\/mexicana-de-aviacion-nuevas-rutas-y-crecimiento-asegurado\/#respond\"]}]},{\"@type\":\"WebPage\",\"@id\":\"https:\/\/nitu.mx\/index.php\/2024\/06\/09\/mexicana-de-aviacion-nuevas-rutas-y-crecimiento-asegurado\/\",\"url\":\"https:\/\/nitu.mx\/index.php\/2024\/06\/09\/mexicana-de-aviacion-nuevas-rutas-y-crecimiento-asegurado\/\",\"name\":\"Mexicana de Aviaci\u00f3n: Nuevas rutas y crecimiento asegurado - Nitu - Noticias de la Industria Turistica\",\"isPartOf\":{\"@id\":\"https:\/\/nitu.mx\/#website\"},\"primaryImageOfPage\":{\"@id\":\"https:\/\/nitu.mx\/index.php\/2024\/06\/09\/mexicana-de-aviacion-nuevas-rutas-y-crecimiento-asegurado\/#primaryimage\"},\"image\":{\"@id\":\"https:\/\/nitu.mx\/index.php\/2024\/06\/09\/mexicana-de-aviacion-nuevas-rutas-y-crecimiento-asegurado\/#primaryimage\"},\"thumbnailUrl\":\"https:\/\/nitu.mx\/wp-content\/uploads\/2023\/12\/MEXICANA-TULUM.jpg\",\"datePublished\":\"2024-06-10T05:20:03+00:00\",\"dateModified\":\"2024-06-10T05:20:04+00:00\",\"breadcrumb\":{\"@id\":\"https:\/\/nitu.mx\/index.php\/2024\/06\/09\/mexicana-de-aviacion-nuevas-rutas-y-crecimiento-asegurado\/#breadcrumb\"},\"inLanguage\":\"es-MX\",\"potentialAction\":[{\"@type\":\"ReadAction\",\"target\":[\"https:\/\/nitu.mx\/index.php\/2024\/06\/09\/mexicana-de-aviacion-nuevas-rutas-y-crecimiento-asegurado\/\"]}]},{\"@type\":\"ImageObject\",\"inLanguage\":\"es-MX\",\"@id\":\"https:\/\/nitu.mx\/index.php\/2024\/06\/09\/mexicana-de-aviacion-nuevas-rutas-y-crecimiento-asegurado\/#primaryimage\",\"url\":\"https:\/\/nitu.mx\/wp-content\/uploads\/2023\/12\/MEXICANA-TULUM.jpg\",\"contentUrl\":\"https:\/\/nitu.mx\/wp-content\/uploads\/2023\/12\/MEXICANA-TULUM.jpg\",\"width\":1280,\"height\":720,\"caption\":\"Mexicana de Aviaci\u00f3n\"},{\"@type\":\"BreadcrumbList\",\"@id\":\"https:\/\/nitu.mx\/index.php\/2024\/06\/09\/mexicana-de-aviacion-nuevas-rutas-y-crecimiento-asegurado\/#breadcrumb\",\"itemListElement\":[{\"@type\":\"ListItem\",\"position\":1,\"name\":\"Inicio\",\"item\":\"https:\/\/nitu.mx\/\"},{\"@type\":\"ListItem\",\"position\":2,\"name\":\"Mexicana de Aviaci\u00f3n: Nuevas rutas y crecimiento asegurado\"}]},{\"@type\":\"WebSite\",\"@id\":\"https:\/\/nitu.mx\/#website\",\"url\":\"https:\/\/nitu.mx\/\",\"name\":\"Nitu - Noticias de la Industria Turistica\",\"description\":\"Noticias de la Industria Turistica\",\"publisher\":{\"@id\":\"https:\/\/nitu.mx\/#\/schema\/person\/ae7a53426417292d3dd07b45a33e01bc\"},\"alternateName\":\"Noticias de la Industria Turistica\",\"potentialAction\":[{\"@type\":\"SearchAction\",\"target\":{\"@type\":\"EntryPoint\",\"urlTemplate\":\"https:\/\/nitu.mx\/?s={search_term_string}\"},\"query-input\":\"required name=search_term_string\"}],\"inLanguage\":\"es-MX\"},{\"@type\":[\"Person\",\"Organization\"],\"@id\":\"https:\/\/nitu.mx\/#\/schema\/person\/ae7a53426417292d3dd07b45a33e01bc\",\"name\":\"Arturo Medina\",\"image\":{\"@type\":\"ImageObject\",\"inLanguage\":\"es-MX\",\"@id\":\"https:\/\/nitu.mx\/#\/schema\/person\/image\/\",\"url\":\"https:\/\/nitu.mx\/wp-content\/uploads\/2024\/04\/4A315622-1904-4D5C-B022-878CDC840E04-90x90-1.jpeg\",\"contentUrl\":\"https:\/\/nitu.mx\/wp-content\/uploads\/2024\/04\/4A315622-1904-4D5C-B022-878CDC840E04-90x90-1.jpeg\",\"width\":90,\"height\":90,\"caption\":\"Arturo Medina\"},\"logo\":{\"@id\":\"https:\/\/nitu.mx\/#\/schema\/person\/image\/\"},\"description\":\"Director NITU.mx, Egresado de la Escuela de Periodismo Carlos Septi\u00e9n Garc\u00eda. Periodista y analista especializado en turismo desde hace 35 a\u00f1os, radicado en Canc\u00fan Q.Roo. arturo@nitu.mx\",\"sameAs\":[\"https:\/\/nitu.mx\",\"https:\/\/www.facebook.com\/NITUmx\/\",\"medinacancun\",\"https:\/\/twitter.com\/@Arturo_Medina_G\"]},{\"@type\":\"Person\",\"@id\":\"https:\/\/nitu.mx\/#\/schema\/person\/2ecd887b19dfd3382d1f14fc5acf24a8\",\"name\":\"Alejandra Moncisbays\",\"image\":{\"@type\":\"ImageObject\",\"inLanguage\":\"es-MX\",\"@id\":\"https:\/\/nitu.mx\/#\/schema\/person\/image\/\",\"url\":\"https:\/\/secure.gravatar.com\/avatar\/e74f7af0be172b7804dacfd0bfbef787?s=96&d=mm&r=g\",\"contentUrl\":\"https:\/\/secure.gravatar.com\/avatar\/e74f7af0be172b7804dacfd0bfbef787?s=96&d=mm&r=g\",\"caption\":\"Alejandra Moncisbays\"},\"description\":\"Curs\u00e9 la carrera de Periodismo y Comunicaci\u00f3n en la Facultad de Estudios Profesionales Acatl\u00e1n. Vivo en Canc\u00fan desde hace 24 a\u00f1os. Fui reportera de La Tarde de Canc\u00fan, y Novedades de Quintana Roo, colabor\u00e9 en TVCUN, edit\u00e9 Cancun\u00edssimo y colabor\u00e9 en las revistas Latitud21, entre otras, con principal enfoque en los sectores empresarial y tur\u00edstico. Desde hace varios a\u00f1os soy Agente de Seguros con c\u00e9dula de la Comisi\u00f3n Nacional de Seguros y Fianzas. Actualmente, me desarrollo en los \u00e1mbitos del periodismo y el sector asegurador.\",\"sameAs\":[\"https:\/\/nitu.mx\"],\"url\":\"https:\/\/nitu.mx\/index.php\/author\/alejandra\/\"}]}<\/script>\n<!-- \/ Yoast SEO plugin. -->","yoast_head_json":{"title":"Mexicana de Aviaci\u00f3n: Nuevas rutas y crecimiento asegurado - Nitu - Noticias de la Industria Turistica","robots":{"index":"index","follow":"follow","max-snippet":"max-snippet:-1","max-image-preview":"max-image-preview:large","max-video-preview":"max-video-preview:-1"},"canonical":"https:\/\/nitu.mx\/index.php\/2024\/06\/09\/mexicana-de-aviacion-nuevas-rutas-y-crecimiento-asegurado\/","twitter_card":"summary_large_image","twitter_title":"Mexicana de Aviaci\u00f3n: Nuevas rutas y crecimiento asegurado - Nitu - Noticias de la Industria Turistica","twitter_description":"La aerol\u00ednea del gobierno federal, Mexicana de Aviaci\u00f3n, ha registrado un incremento del 1.7% en el n\u00famero de pasajeros transportados durante mayo, comparado con el mes anterior. Este crecimiento llega despu\u00e9s de una ca\u00edda en abril respecto a marzo, destac\u00e1ndose el repunte en la temporada alta. Mexicana de Aviaci\u00f3n, administrada por el Ej\u00e9rcito Mexicano desde [&hellip;]","twitter_image":"https:\/\/nitu.mx\/wp-content\/uploads\/2023\/12\/MEXICANA-TULUM.jpg","twitter_creator":"@NITUmx","twitter_site":"@Arturo_Medina_G","twitter_misc":{"Escrito por":"Alejandra Moncisbays","Tiempo de lectura":"2 minutos"},"schema":{"@context":"https:\/\/schema.org","@graph":[{"@type":"Article","@id":"https:\/\/nitu.mx\/index.php\/2024\/06\/09\/mexicana-de-aviacion-nuevas-rutas-y-crecimiento-asegurado\/#article","isPartOf":{"@id":"https:\/\/nitu.mx\/index.php\/2024\/06\/09\/mexicana-de-aviacion-nuevas-rutas-y-crecimiento-asegurado\/"},"author":{"name":"Alejandra Moncisbays","@id":"https:\/\/nitu.mx\/#\/schema\/person\/2ecd887b19dfd3382d1f14fc5acf24a8"},"headline":"Mexicana de Aviaci\u00f3n: Nuevas rutas y crecimiento asegurado","datePublished":"2024-06-10T05:20:03+00:00","dateModified":"2024-06-10T05:20:04+00:00","mainEntityOfPage":{"@id":"https:\/\/nitu.mx\/index.php\/2024\/06\/09\/mexicana-de-aviacion-nuevas-rutas-y-crecimiento-asegurado\/"},"wordCount":362,"commentCount":0,"publisher":{"@id":"https:\/\/nitu.mx\/#\/schema\/person\/ae7a53426417292d3dd07b45a33e01bc"},"image":{"@id":"https:\/\/nitu.mx\/index.php\/2024\/06\/09\/mexicana-de-aviacion-nuevas-rutas-y-crecimiento-asegurado\/#primaryimage"},"thumbnailUrl":"https:\/\/nitu.mx\/wp-content\/uploads\/2023\/12\/MEXICANA-TULUM.jpg","keywords":["Embraer","GAFSACOMM","Mexicana de Aviaci\u00f3n","Tulum","Vuelos"],"articleSection":["Aerol\u00edneas"],"inLanguage":"es-MX","potentialAction":[{"@type":"CommentAction","name":"Comment","target":["https:\/\/nitu.mx\/index.php\/2024\/06\/09\/mexicana-de-aviacion-nuevas-rutas-y-crecimiento-asegurado\/#respond"]}]},{"@type":"WebPage","@id":"https:\/\/nitu.mx\/index.php\/2024\/06\/09\/mexicana-de-aviacion-nuevas-rutas-y-crecimiento-asegurado\/","url":"https:\/\/nitu.mx\/index.php\/2024\/06\/09\/mexicana-de-aviacion-nuevas-rutas-y-crecimiento-asegurado\/","name":"Mexicana de Aviaci\u00f3n: Nuevas rutas y crecimiento asegurado - Nitu - Noticias de la Industria Turistica","isPartOf":{"@id":"https:\/\/nitu.mx\/#website"},"primaryImageOfPage":{"@id":"https:\/\/nitu.mx\/index.php\/2024\/06\/09\/mexicana-de-aviacion-nuevas-rutas-y-crecimiento-asegurado\/#primaryimage"},"image":{"@id":"https:\/\/nitu.mx\/index.php\/2024\/06\/09\/mexicana-de-aviacion-nuevas-rutas-y-crecimiento-asegurado\/#primaryimage"},"thumbnailUrl":"https:\/\/nitu.mx\/wp-content\/uploads\/2023\/12\/MEXICANA-TULUM.jpg","datePublished":"2024-06-10T05:20:03+00:00","dateModified":"2024-06-10T05:20:04+00:00","breadcrumb":{"@id":"https:\/\/nitu.mx\/index.php\/2024\/06\/09\/mexicana-de-aviacion-nuevas-rutas-y-crecimiento-asegurado\/#breadcrumb"},"inLanguage":"es-MX","potentialAction":[{"@type":"ReadAction","target":["https:\/\/nitu.mx\/index.php\/2024\/06\/09\/mexicana-de-aviacion-nuevas-rutas-y-crecimiento-asegurado\/"]}]},{"@type":"ImageObject","inLanguage":"es-MX","@id":"https:\/\/nitu.mx\/index.php\/2024\/06\/09\/mexicana-de-aviacion-nuevas-rutas-y-crecimiento-asegurado\/#primaryimage","url":"https:\/\/nitu.mx\/wp-content\/uploads\/2023\/12\/MEXICANA-TULUM.jpg","contentUrl":"https:\/\/nitu.mx\/wp-content\/uploads\/2023\/12\/MEXICANA-TULUM.jpg","width":1280,"height":720,"caption":"Mexicana de Aviaci\u00f3n"},{"@type":"BreadcrumbList","@id":"https:\/\/nitu.mx\/index.php\/2024\/06\/09\/mexicana-de-aviacion-nuevas-rutas-y-crecimiento-asegurado\/#breadcrumb","itemListElement":[{"@type":"ListItem","position":1,"name":"Inicio","item":"https:\/\/nitu.mx\/"},{"@type":"ListItem","position":2,"name":"Mexicana de Aviaci\u00f3n: Nuevas rutas y crecimiento asegurado"}]},{"@type":"WebSite","@id":"https:\/\/nitu.mx\/#website","url":"https:\/\/nitu.mx\/","name":"Nitu - Noticias de la Industria Turistica","description":"Noticias de la Industria Turistica","publisher":{"@id":"https:\/\/nitu.mx\/#\/schema\/person\/ae7a53426417292d3dd07b45a33e01bc"},"alternateName":"Noticias de la Industria Turistica","potentialAction":[{"@type":"SearchAction","target":{"@type":"EntryPoint","urlTemplate":"https:\/\/nitu.mx\/?s={search_term_string}"},"query-input":"required name=search_term_string"}],"inLanguage":"es-MX"},{"@type":["Person","Organization"],"@id":"https:\/\/nitu.mx\/#\/schema\/person\/ae7a53426417292d3dd07b45a33e01bc","name":"Arturo Medina","image":{"@type":"ImageObject","inLanguage":"es-MX","@id":"https:\/\/nitu.mx\/#\/schema\/person\/image\/","url":"https:\/\/nitu.mx\/wp-content\/uploads\/2024\/04\/4A315622-1904-4D5C-B022-878CDC840E04-90x90-1.jpeg","contentUrl":"https:\/\/nitu.mx\/wp-content\/uploads\/2024\/04\/4A315622-1904-4D5C-B022-878CDC840E04-90x90-1.jpeg","width":90,"height":90,"caption":"Arturo Medina"},"logo":{"@id":"https:\/\/nitu.mx\/#\/schema\/person\/image\/"},"description":"Director NITU.mx, Egresado de la Escuela de Periodismo Carlos Septi\u00e9n Garc\u00eda. Periodista y analista especializado en turismo desde hace 35 a\u00f1os, radicado en Canc\u00fan Q.Roo. arturo@nitu.mx","sameAs":["https:\/\/nitu.mx","https:\/\/www.facebook.com\/NITUmx\/","medinacancun","https:\/\/twitter.com\/@Arturo_Medina_G"]},{"@type":"Person","@id":"https:\/\/nitu.mx\/#\/schema\/person\/2ecd887b19dfd3382d1f14fc5acf24a8","name":"Alejandra Moncisbays","image":{"@type":"ImageObject","inLanguage":"es-MX","@id":"https:\/\/nitu.mx\/#\/schema\/person\/image\/","url":"https:\/\/secure.gravatar.com\/avatar\/e74f7af0be172b7804dacfd0bfbef787?s=96&d=mm&r=g","contentUrl":"https:\/\/secure.gravatar.com\/avatar\/e74f7af0be172b7804dacfd0bfbef787?s=96&d=mm&r=g","caption":"Alejandra Moncisbays"},"description":"Curs\u00e9 la carrera de Periodismo y Comunicaci\u00f3n en la Facultad de Estudios Profesionales Acatl\u00e1n. Vivo en Canc\u00fan desde hace 24 a\u00f1os. Fui reportera de La Tarde de Canc\u00fan, y Novedades de Quintana Roo, colabor\u00e9 en TVCUN, edit\u00e9 Cancun\u00edssimo y colabor\u00e9 en las revistas Latitud21, entre otras, con principal enfoque en los sectores empresarial y tur\u00edstico. Desde hace varios a\u00f1os soy Agente de Seguros con c\u00e9dula de la Comisi\u00f3n Nacional de Seguros y Fianzas. Actualmente, me desarrollo en los \u00e1mbitos del periodismo y el sector asegurador.","sameAs":["https:\/\/nitu.mx"],"url":"https:\/\/nitu.mx\/index.php\/author\/alejandra\/"}]}},"views":1917,"_links":{"self":[{"href":"https:\/\/nitu.mx\/index.php\/wp-json\/wp\/v2\/posts\/71944"}],"collection":[{"href":"https:\/\/nitu.mx\/index.php\/wp-json\/wp\/v2\/posts"}],"about":[{"href":"https:\/\/nitu.mx\/index.php\/wp-json\/wp\/v2\/types\/post"}],"author":[{"embeddable":true,"href":"https:\/\/nitu.mx\/index.php\/wp-json\/wp\/v2\/users\/3"}],"replies":[{"embeddable":true,"href":"https:\/\/nitu.mx\/index.php\/wp-json\/wp\/v2\/comments?post=71944"}],"version-history":[{"count":2,"href":"https:\/\/nitu.mx\/index.php\/wp-json\/wp\/v2\/posts\/71944\/revisions"}],"predecessor-version":[{"id":71958,"href":"https:\/\/nitu.mx\/index.php\/wp-json\/wp\/v2\/posts\/71944\/revisions\/71958"}],"wp:featuredmedia":[{"embeddable":true,"href":"https:\/\/nitu.mx\/index.php\/wp-json\/wp\/v2\/media\/67391"}],"wp:attachment":[{"href":"https:\/\/nitu.mx\/index.php\/wp-json\/wp\/v2\/media?parent=71944"}],"wp:term":[{"taxonomy":"category","embeddable":true,"href":"https:\/\/nitu.mx\/index.php\/wp-json\/wp\/v2\/categories?post=71944"},{"taxonomy":"post_tag","embeddable":true,"href":"https:\/\/nitu.mx\/index.php\/wp-json\/wp\/v2\/tags?post=71944"}],"curies":[{"name":"wp","href":"https:\/\/api.w.org\/{rel}","templated":true}]}}