{"id":71791,"date":"2024-06-04T23:46:31","date_gmt":"2024-06-05T05:46:31","guid":{"rendered":"https:\/\/nitu.mx\/?p=71791"},"modified":"2024-06-05T23:59:04","modified_gmt":"2024-06-06T05:59:04","slug":"enrique-beltranena-ceo-de-volaris-es-reelecto-miembro-del-consejo-de-gobernadores-de-iata","status":"publish","type":"post","link":"https:\/\/nitu.mx\/index.php\/2024\/06\/04\/enrique-beltranena-ceo-de-volaris-es-reelecto-miembro-del-consejo-de-gobernadores-de-iata\/","title":{"rendered":"Enrique Beltranena, CEO de Volaris, es reelecto miembro del Consejo de Gobernadores de IATA"},"content":{"rendered":"\n<p>Durante la 80\u00b0 Asamblea General Anual de la Asociaci\u00f3n Internacional de Transporte A\u00e9reo (IATA, por sus siglas en ingl\u00e9s) celebrada el pasado 2 de junio de 2024 en Dubai, Emiratos \u00c1rabes Unidos, se reeligi\u00f3 a Enrique Beltranena, presidente y director general de Volaris, como miembro del Consejo de Gobernadores de IATA por un segundo periodo de tres a\u00f1os.<\/p>\n\n\n\n<p>Este a\u00f1o, Enrique Beltranena, es el \u00fanico representante latinoamericano que fue reelecto, siendo Volaris la \u00fanica aerol\u00ednea mexicana y una de las dos empresas de ultra bajo costo representadas en el Consejo de IATA.<\/p>\n\n\n\n<p>Dicho Consejo ejerce una funci\u00f3n ejecutiva y de supervisi\u00f3n, incluida la gesti\u00f3n general y el control de los negocios, asuntos, fondos y propiedades de la IATA, en nombre de todos los miembros<\/p>\n\n\n\n<p>La participaci\u00f3n de Enrique Beltranena en el Consejo de Gobernadores de la IATA es clave, ya que le permitir\u00e1 continuar ejerciendo una funci\u00f3n ejecutiva y de supervisi\u00f3n, en representaci\u00f3n de todos los miembros a nivel mundial de esta prestigiosa Asociaci\u00f3n. <\/p>\n\n\n\n<p>\u201cEs un honor continuar como miembro del Consejo, con responsabilidad buscar\u00e9 un \u00f3ptimo desarrollo de la industria y su crecimiento sostenible. Espec\u00edficamente para Am\u00e9rica Latina, trabajar\u00e9 de manera coordinada para que continuemos creciendo y fortaleciendo el sector a\u00e9reo de cara a los usuarios en la regi\u00f3n\u201d, se\u00f1al\u00f3 Beltranena.<\/p>\n\n\n\n<p>El CEO de Volaris ha sido miembro del Consejo de la IATA desde 2021 y ahora, con la reelecci\u00f3n, se extender\u00e1 su membres\u00eda hasta 2027. El Consejo de Gobernadores est\u00e1 compuesto por 30 miembros elegidos, que representan a 3 mil compa\u00f1\u00edas a\u00e9reas miembros, que abarcan el 83 por ciento del tr\u00e1fico a\u00e9reo mundial. (<a href=\"https:\/\/nitu.mx\/index.php\/2024\/05\/30\/volaris-capacita-a-mas-de-300-agentes-de-viajes-en-arlag-2024\/\">Volaris capacita a m\u00e1s de 300 agentes de viajes en ARLAG 2024<\/a>).<\/p>\n","protected":false},"excerpt":{"rendered":"<p>Durante la 80\u00b0 Asamblea General Anual de la Asociaci\u00f3n Internacional de Transporte A\u00e9reo (IATA, por sus siglas en ingl\u00e9s) celebrada el pasado 2 de junio de 2024 en Dubai, Emiratos \u00c1rabes Unidos, se reeligi\u00f3 a Enrique Beltranena, presidente y director general de Volaris, como miembro del Consejo de Gobernadores de IATA por un segundo periodo [&hellip;]<\/p>\n","protected":false},"author":17,"featured_media":71793,"comment_status":"open","ping_status":"open","sticky":false,"template":"","format":"standard","meta":{"footnotes":""},"categories":[29],"tags":[435,1734,131],"yoast_head":"<!-- This site is optimized with the Yoast SEO plugin v22.2 - https:\/\/yoast.com\/wordpress\/plugins\/seo\/ -->\n<title>Enrique Beltranena, CEO de Volaris, es reelecto miembro del Consejo de Gobernadores de IATA - Nitu - Noticias de la Industria Turistica<\/title>\n<meta name=\"robots\" content=\"index, follow, max-snippet:-1, max-image-preview:large, max-video-preview:-1\" \/>\n<link rel=\"canonical\" href=\"https:\/\/nitu.mx\/index.php\/2024\/06\/04\/enrique-beltranena-ceo-de-volaris-es-reelecto-miembro-del-consejo-de-gobernadores-de-iata\/\" \/>\n<meta name=\"twitter:card\" content=\"summary_large_image\" \/>\n<meta name=\"twitter:title\" content=\"Enrique Beltranena, CEO de Volaris, es reelecto miembro del Consejo de Gobernadores de IATA - Nitu - Noticias de la Industria Turistica\" \/>\n<meta name=\"twitter:description\" content=\"Durante la 80\u00b0 Asamblea General Anual de la Asociaci\u00f3n Internacional de Transporte A\u00e9reo (IATA, por sus siglas en ingl\u00e9s) celebrada el pasado 2 de junio de 2024 en Dubai, Emiratos \u00c1rabes Unidos, se reeligi\u00f3 a Enrique Beltranena, presidente y director general de Volaris, como miembro del Consejo de Gobernadores de IATA por un segundo periodo [&hellip;]\" \/>\n<meta name=\"twitter:image\" content=\"https:\/\/nitu.mx\/wp-content\/uploads\/2024\/06\/Volaris-Enrique-Beltranena-scaled.jpg\" \/>\n<meta name=\"twitter:creator\" content=\"@NITUmx\" \/>\n<meta name=\"twitter:site\" content=\"@Arturo_Medina_G\" \/>\n<meta name=\"twitter:label1\" content=\"Escrito por\" \/>\n\t<meta name=\"twitter:data1\" content=\"Redacci\u00f3n\" \/>\n\t<meta name=\"twitter:label2\" content=\"Tiempo de lectura\" \/>\n\t<meta name=\"twitter:data2\" content=\"1 minuto\" \/>\n<script type=\"application\/ld+json\" class=\"yoast-schema-graph\">{\"@context\":\"https:\/\/schema.org\",\"@graph\":[{\"@type\":\"Article\",\"@id\":\"https:\/\/nitu.mx\/index.php\/2024\/06\/04\/enrique-beltranena-ceo-de-volaris-es-reelecto-miembro-del-consejo-de-gobernadores-de-iata\/#article\",\"isPartOf\":{\"@id\":\"https:\/\/nitu.mx\/index.php\/2024\/06\/04\/enrique-beltranena-ceo-de-volaris-es-reelecto-miembro-del-consejo-de-gobernadores-de-iata\/\"},\"author\":{\"name\":\"Redacci\u00f3n\",\"@id\":\"https:\/\/nitu.mx\/#\/schema\/person\/4a28fe9bd65924f7c90623773daf1b0b\"},\"headline\":\"Enrique Beltranena, CEO de Volaris, es reelecto miembro del Consejo de Gobernadores de IATA\",\"datePublished\":\"2024-06-05T05:46:31+00:00\",\"dateModified\":\"2024-06-06T05:59:04+00:00\",\"mainEntityOfPage\":{\"@id\":\"https:\/\/nitu.mx\/index.php\/2024\/06\/04\/enrique-beltranena-ceo-de-volaris-es-reelecto-miembro-del-consejo-de-gobernadores-de-iata\/\"},\"wordCount\":307,\"commentCount\":0,\"publisher\":{\"@id\":\"https:\/\/nitu.mx\/#\/schema\/person\/ae7a53426417292d3dd07b45a33e01bc\"},\"image\":{\"@id\":\"https:\/\/nitu.mx\/index.php\/2024\/06\/04\/enrique-beltranena-ceo-de-volaris-es-reelecto-miembro-del-consejo-de-gobernadores-de-iata\/#primaryimage\"},\"thumbnailUrl\":\"https:\/\/nitu.mx\/wp-content\/uploads\/2024\/06\/Volaris-Enrique-Beltranena-scaled.jpg\",\"keywords\":[\"Enrique Beltranena\",\"IATA\",\"Volaris\"],\"articleSection\":[\"Aerol\u00edneas\"],\"inLanguage\":\"es-MX\",\"potentialAction\":[{\"@type\":\"CommentAction\",\"name\":\"Comment\",\"target\":[\"https:\/\/nitu.mx\/index.php\/2024\/06\/04\/enrique-beltranena-ceo-de-volaris-es-reelecto-miembro-del-consejo-de-gobernadores-de-iata\/#respond\"]}]},{\"@type\":\"WebPage\",\"@id\":\"https:\/\/nitu.mx\/index.php\/2024\/06\/04\/enrique-beltranena-ceo-de-volaris-es-reelecto-miembro-del-consejo-de-gobernadores-de-iata\/\",\"url\":\"https:\/\/nitu.mx\/index.php\/2024\/06\/04\/enrique-beltranena-ceo-de-volaris-es-reelecto-miembro-del-consejo-de-gobernadores-de-iata\/\",\"name\":\"Enrique Beltranena, CEO de Volaris, es reelecto miembro del Consejo de Gobernadores de IATA - Nitu - Noticias de la Industria Turistica\",\"isPartOf\":{\"@id\":\"https:\/\/nitu.mx\/#website\"},\"primaryImageOfPage\":{\"@id\":\"https:\/\/nitu.mx\/index.php\/2024\/06\/04\/enrique-beltranena-ceo-de-volaris-es-reelecto-miembro-del-consejo-de-gobernadores-de-iata\/#primaryimage\"},\"image\":{\"@id\":\"https:\/\/nitu.mx\/index.php\/2024\/06\/04\/enrique-beltranena-ceo-de-volaris-es-reelecto-miembro-del-consejo-de-gobernadores-de-iata\/#primaryimage\"},\"thumbnailUrl\":\"https:\/\/nitu.mx\/wp-content\/uploads\/2024\/06\/Volaris-Enrique-Beltranena-scaled.jpg\",\"datePublished\":\"2024-06-05T05:46:31+00:00\",\"dateModified\":\"2024-06-06T05:59:04+00:00\",\"breadcrumb\":{\"@id\":\"https:\/\/nitu.mx\/index.php\/2024\/06\/04\/enrique-beltranena-ceo-de-volaris-es-reelecto-miembro-del-consejo-de-gobernadores-de-iata\/#breadcrumb\"},\"inLanguage\":\"es-MX\",\"potentialAction\":[{\"@type\":\"ReadAction\",\"target\":[\"https:\/\/nitu.mx\/index.php\/2024\/06\/04\/enrique-beltranena-ceo-de-volaris-es-reelecto-miembro-del-consejo-de-gobernadores-de-iata\/\"]}]},{\"@type\":\"ImageObject\",\"inLanguage\":\"es-MX\",\"@id\":\"https:\/\/nitu.mx\/index.php\/2024\/06\/04\/enrique-beltranena-ceo-de-volaris-es-reelecto-miembro-del-consejo-de-gobernadores-de-iata\/#primaryimage\",\"url\":\"https:\/\/nitu.mx\/wp-content\/uploads\/2024\/06\/Volaris-Enrique-Beltranena-scaled.jpg\",\"contentUrl\":\"https:\/\/nitu.mx\/wp-content\/uploads\/2024\/06\/Volaris-Enrique-Beltranena-scaled.jpg\",\"width\":2560,\"height\":1706,\"caption\":\"Volaris Enrique Beltranena\"},{\"@type\":\"BreadcrumbList\",\"@id\":\"https:\/\/nitu.mx\/index.php\/2024\/06\/04\/enrique-beltranena-ceo-de-volaris-es-reelecto-miembro-del-consejo-de-gobernadores-de-iata\/#breadcrumb\",\"itemListElement\":[{\"@type\":\"ListItem\",\"position\":1,\"name\":\"Inicio\",\"item\":\"https:\/\/nitu.mx\/\"},{\"@type\":\"ListItem\",\"position\":2,\"name\":\"Enrique Beltranena, CEO de Volaris, es reelecto miembro del Consejo de Gobernadores de IATA\"}]},{\"@type\":\"WebSite\",\"@id\":\"https:\/\/nitu.mx\/#website\",\"url\":\"https:\/\/nitu.mx\/\",\"name\":\"Nitu - Noticias de la Industria Turistica\",\"description\":\"Noticias de la Industria Turistica\",\"publisher\":{\"@id\":\"https:\/\/nitu.mx\/#\/schema\/person\/ae7a53426417292d3dd07b45a33e01bc\"},\"alternateName\":\"Noticias de la Industria Turistica\",\"potentialAction\":[{\"@type\":\"SearchAction\",\"target\":{\"@type\":\"EntryPoint\",\"urlTemplate\":\"https:\/\/nitu.mx\/?s={search_term_string}\"},\"query-input\":\"required name=search_term_string\"}],\"inLanguage\":\"es-MX\"},{\"@type\":[\"Person\",\"Organization\"],\"@id\":\"https:\/\/nitu.mx\/#\/schema\/person\/ae7a53426417292d3dd07b45a33e01bc\",\"name\":\"Arturo Medina\",\"image\":{\"@type\":\"ImageObject\",\"inLanguage\":\"es-MX\",\"@id\":\"https:\/\/nitu.mx\/#\/schema\/person\/image\/\",\"url\":\"https:\/\/nitu.mx\/wp-content\/uploads\/2024\/04\/4A315622-1904-4D5C-B022-878CDC840E04-90x90-1.jpeg\",\"contentUrl\":\"https:\/\/nitu.mx\/wp-content\/uploads\/2024\/04\/4A315622-1904-4D5C-B022-878CDC840E04-90x90-1.jpeg\",\"width\":90,\"height\":90,\"caption\":\"Arturo Medina\"},\"logo\":{\"@id\":\"https:\/\/nitu.mx\/#\/schema\/person\/image\/\"},\"description\":\"Director NITU.mx, Egresado de la Escuela de Periodismo Carlos Septi\u00e9n Garc\u00eda. Periodista y analista especializado en turismo desde hace 35 a\u00f1os, radicado en Canc\u00fan Q.Roo. arturo@nitu.mx\",\"sameAs\":[\"https:\/\/nitu.mx\",\"https:\/\/www.facebook.com\/NITUmx\/\",\"medinacancun\",\"https:\/\/twitter.com\/@Arturo_Medina_G\"]},{\"@type\":\"Person\",\"@id\":\"https:\/\/nitu.mx\/#\/schema\/person\/4a28fe9bd65924f7c90623773daf1b0b\",\"name\":\"Redacci\u00f3n\",\"image\":{\"@type\":\"ImageObject\",\"inLanguage\":\"es-MX\",\"@id\":\"https:\/\/nitu.mx\/#\/schema\/person\/image\/\",\"url\":\"https:\/\/secure.gravatar.com\/avatar\/5dd011c8ccfc5cd7e4c81e42252aab38?s=96&d=mm&r=g\",\"contentUrl\":\"https:\/\/secure.gravatar.com\/avatar\/5dd011c8ccfc5cd7e4c81e42252aab38?s=96&d=mm&r=g\",\"caption\":\"Redacci\u00f3n\"},\"url\":\"https:\/\/nitu.mx\/index.php\/author\/redaccion\/\"}]}<\/script>\n<!-- \/ Yoast SEO plugin. -->","yoast_head_json":{"title":"Enrique Beltranena, CEO de Volaris, es reelecto miembro del Consejo de Gobernadores de IATA - Nitu - Noticias de la Industria Turistica","robots":{"index":"index","follow":"follow","max-snippet":"max-snippet:-1","max-image-preview":"max-image-preview:large","max-video-preview":"max-video-preview:-1"},"canonical":"https:\/\/nitu.mx\/index.php\/2024\/06\/04\/enrique-beltranena-ceo-de-volaris-es-reelecto-miembro-del-consejo-de-gobernadores-de-iata\/","twitter_card":"summary_large_image","twitter_title":"Enrique Beltranena, CEO de Volaris, es reelecto miembro del Consejo de Gobernadores de IATA - Nitu - Noticias de la Industria Turistica","twitter_description":"Durante la 80\u00b0 Asamblea General Anual de la Asociaci\u00f3n Internacional de Transporte A\u00e9reo (IATA, por sus siglas en ingl\u00e9s) celebrada el pasado 2 de junio de 2024 en Dubai, Emiratos \u00c1rabes Unidos, se reeligi\u00f3 a Enrique Beltranena, presidente y director general de Volaris, como miembro del Consejo de Gobernadores de IATA por un segundo periodo [&hellip;]","twitter_image":"https:\/\/nitu.mx\/wp-content\/uploads\/2024\/06\/Volaris-Enrique-Beltranena-scaled.jpg","twitter_creator":"@NITUmx","twitter_site":"@Arturo_Medina_G","twitter_misc":{"Escrito por":"Redacci\u00f3n","Tiempo de lectura":"1 minuto"},"schema":{"@context":"https:\/\/schema.org","@graph":[{"@type":"Article","@id":"https:\/\/nitu.mx\/index.php\/2024\/06\/04\/enrique-beltranena-ceo-de-volaris-es-reelecto-miembro-del-consejo-de-gobernadores-de-iata\/#article","isPartOf":{"@id":"https:\/\/nitu.mx\/index.php\/2024\/06\/04\/enrique-beltranena-ceo-de-volaris-es-reelecto-miembro-del-consejo-de-gobernadores-de-iata\/"},"author":{"name":"Redacci\u00f3n","@id":"https:\/\/nitu.mx\/#\/schema\/person\/4a28fe9bd65924f7c90623773daf1b0b"},"headline":"Enrique Beltranena, CEO de Volaris, es reelecto miembro del Consejo de Gobernadores de IATA","datePublished":"2024-06-05T05:46:31+00:00","dateModified":"2024-06-06T05:59:04+00:00","mainEntityOfPage":{"@id":"https:\/\/nitu.mx\/index.php\/2024\/06\/04\/enrique-beltranena-ceo-de-volaris-es-reelecto-miembro-del-consejo-de-gobernadores-de-iata\/"},"wordCount":307,"commentCount":0,"publisher":{"@id":"https:\/\/nitu.mx\/#\/schema\/person\/ae7a53426417292d3dd07b45a33e01bc"},"image":{"@id":"https:\/\/nitu.mx\/index.php\/2024\/06\/04\/enrique-beltranena-ceo-de-volaris-es-reelecto-miembro-del-consejo-de-gobernadores-de-iata\/#primaryimage"},"thumbnailUrl":"https:\/\/nitu.mx\/wp-content\/uploads\/2024\/06\/Volaris-Enrique-Beltranena-scaled.jpg","keywords":["Enrique Beltranena","IATA","Volaris"],"articleSection":["Aerol\u00edneas"],"inLanguage":"es-MX","potentialAction":[{"@type":"CommentAction","name":"Comment","target":["https:\/\/nitu.mx\/index.php\/2024\/06\/04\/enrique-beltranena-ceo-de-volaris-es-reelecto-miembro-del-consejo-de-gobernadores-de-iata\/#respond"]}]},{"@type":"WebPage","@id":"https:\/\/nitu.mx\/index.php\/2024\/06\/04\/enrique-beltranena-ceo-de-volaris-es-reelecto-miembro-del-consejo-de-gobernadores-de-iata\/","url":"https:\/\/nitu.mx\/index.php\/2024\/06\/04\/enrique-beltranena-ceo-de-volaris-es-reelecto-miembro-del-consejo-de-gobernadores-de-iata\/","name":"Enrique Beltranena, CEO de Volaris, es reelecto miembro del Consejo de Gobernadores de IATA - Nitu - Noticias de la Industria Turistica","isPartOf":{"@id":"https:\/\/nitu.mx\/#website"},"primaryImageOfPage":{"@id":"https:\/\/nitu.mx\/index.php\/2024\/06\/04\/enrique-beltranena-ceo-de-volaris-es-reelecto-miembro-del-consejo-de-gobernadores-de-iata\/#primaryimage"},"image":{"@id":"https:\/\/nitu.mx\/index.php\/2024\/06\/04\/enrique-beltranena-ceo-de-volaris-es-reelecto-miembro-del-consejo-de-gobernadores-de-iata\/#primaryimage"},"thumbnailUrl":"https:\/\/nitu.mx\/wp-content\/uploads\/2024\/06\/Volaris-Enrique-Beltranena-scaled.jpg","datePublished":"2024-06-05T05:46:31+00:00","dateModified":"2024-06-06T05:59:04+00:00","breadcrumb":{"@id":"https:\/\/nitu.mx\/index.php\/2024\/06\/04\/enrique-beltranena-ceo-de-volaris-es-reelecto-miembro-del-consejo-de-gobernadores-de-iata\/#breadcrumb"},"inLanguage":"es-MX","potentialAction":[{"@type":"ReadAction","target":["https:\/\/nitu.mx\/index.php\/2024\/06\/04\/enrique-beltranena-ceo-de-volaris-es-reelecto-miembro-del-consejo-de-gobernadores-de-iata\/"]}]},{"@type":"ImageObject","inLanguage":"es-MX","@id":"https:\/\/nitu.mx\/index.php\/2024\/06\/04\/enrique-beltranena-ceo-de-volaris-es-reelecto-miembro-del-consejo-de-gobernadores-de-iata\/#primaryimage","url":"https:\/\/nitu.mx\/wp-content\/uploads\/2024\/06\/Volaris-Enrique-Beltranena-scaled.jpg","contentUrl":"https:\/\/nitu.mx\/wp-content\/uploads\/2024\/06\/Volaris-Enrique-Beltranena-scaled.jpg","width":2560,"height":1706,"caption":"Volaris Enrique Beltranena"},{"@type":"BreadcrumbList","@id":"https:\/\/nitu.mx\/index.php\/2024\/06\/04\/enrique-beltranena-ceo-de-volaris-es-reelecto-miembro-del-consejo-de-gobernadores-de-iata\/#breadcrumb","itemListElement":[{"@type":"ListItem","position":1,"name":"Inicio","item":"https:\/\/nitu.mx\/"},{"@type":"ListItem","position":2,"name":"Enrique Beltranena, CEO de Volaris, es reelecto miembro del Consejo de Gobernadores de IATA"}]},{"@type":"WebSite","@id":"https:\/\/nitu.mx\/#website","url":"https:\/\/nitu.mx\/","name":"Nitu - Noticias de la Industria Turistica","description":"Noticias de la Industria Turistica","publisher":{"@id":"https:\/\/nitu.mx\/#\/schema\/person\/ae7a53426417292d3dd07b45a33e01bc"},"alternateName":"Noticias de la Industria Turistica","potentialAction":[{"@type":"SearchAction","target":{"@type":"EntryPoint","urlTemplate":"https:\/\/nitu.mx\/?s={search_term_string}"},"query-input":"required name=search_term_string"}],"inLanguage":"es-MX"},{"@type":["Person","Organization"],"@id":"https:\/\/nitu.mx\/#\/schema\/person\/ae7a53426417292d3dd07b45a33e01bc","name":"Arturo Medina","image":{"@type":"ImageObject","inLanguage":"es-MX","@id":"https:\/\/nitu.mx\/#\/schema\/person\/image\/","url":"https:\/\/nitu.mx\/wp-content\/uploads\/2024\/04\/4A315622-1904-4D5C-B022-878CDC840E04-90x90-1.jpeg","contentUrl":"https:\/\/nitu.mx\/wp-content\/uploads\/2024\/04\/4A315622-1904-4D5C-B022-878CDC840E04-90x90-1.jpeg","width":90,"height":90,"caption":"Arturo Medina"},"logo":{"@id":"https:\/\/nitu.mx\/#\/schema\/person\/image\/"},"description":"Director NITU.mx, Egresado de la Escuela de Periodismo Carlos Septi\u00e9n Garc\u00eda. Periodista y analista especializado en turismo desde hace 35 a\u00f1os, radicado en Canc\u00fan Q.Roo. arturo@nitu.mx","sameAs":["https:\/\/nitu.mx","https:\/\/www.facebook.com\/NITUmx\/","medinacancun","https:\/\/twitter.com\/@Arturo_Medina_G"]},{"@type":"Person","@id":"https:\/\/nitu.mx\/#\/schema\/person\/4a28fe9bd65924f7c90623773daf1b0b","name":"Redacci\u00f3n","image":{"@type":"ImageObject","inLanguage":"es-MX","@id":"https:\/\/nitu.mx\/#\/schema\/person\/image\/","url":"https:\/\/secure.gravatar.com\/avatar\/5dd011c8ccfc5cd7e4c81e42252aab38?s=96&d=mm&r=g","contentUrl":"https:\/\/secure.gravatar.com\/avatar\/5dd011c8ccfc5cd7e4c81e42252aab38?s=96&d=mm&r=g","caption":"Redacci\u00f3n"},"url":"https:\/\/nitu.mx\/index.php\/author\/redaccion\/"}]}},"views":986,"_links":{"self":[{"href":"https:\/\/nitu.mx\/index.php\/wp-json\/wp\/v2\/posts\/71791"}],"collection":[{"href":"https:\/\/nitu.mx\/index.php\/wp-json\/wp\/v2\/posts"}],"about":[{"href":"https:\/\/nitu.mx\/index.php\/wp-json\/wp\/v2\/types\/post"}],"author":[{"embeddable":true,"href":"https:\/\/nitu.mx\/index.php\/wp-json\/wp\/v2\/users\/17"}],"replies":[{"embeddable":true,"href":"https:\/\/nitu.mx\/index.php\/wp-json\/wp\/v2\/comments?post=71791"}],"version-history":[{"count":1,"href":"https:\/\/nitu.mx\/index.php\/wp-json\/wp\/v2\/posts\/71791\/revisions"}],"predecessor-version":[{"id":71794,"href":"https:\/\/nitu.mx\/index.php\/wp-json\/wp\/v2\/posts\/71791\/revisions\/71794"}],"wp:featuredmedia":[{"embeddable":true,"href":"https:\/\/nitu.mx\/index.php\/wp-json\/wp\/v2\/media\/71793"}],"wp:attachment":[{"href":"https:\/\/nitu.mx\/index.php\/wp-json\/wp\/v2\/media?parent=71791"}],"wp:term":[{"taxonomy":"category","embeddable":true,"href":"https:\/\/nitu.mx\/index.php\/wp-json\/wp\/v2\/categories?post=71791"},{"taxonomy":"post_tag","embeddable":true,"href":"https:\/\/nitu.mx\/index.php\/wp-json\/wp\/v2\/tags?post=71791"}],"curies":[{"name":"wp","href":"https:\/\/api.w.org\/{rel}","templated":true}]}}