{"id":71516,"date":"2024-05-26T23:40:48","date_gmt":"2024-05-27T05:40:48","guid":{"rendered":"https:\/\/nitu.mx\/?p=71516"},"modified":"2024-05-26T23:40:49","modified_gmt":"2024-05-27T05:40:49","slug":"llega-al-museo-maya-de-cancun-la-exposicion-de-mascaras-universo-fascinante-ii","status":"publish","type":"post","link":"https:\/\/nitu.mx\/index.php\/2024\/05\/26\/llega-al-museo-maya-de-cancun-la-exposicion-de-mascaras-universo-fascinante-ii\/","title":{"rendered":"Llega al Museo Maya de Canc\u00fan la exposici\u00f3n de m\u00e1scaras &#8220;Universo fascinante II&#8221;"},"content":{"rendered":"<p>La Secretar\u00eda de Cultura federal, a trav\u00e9s del Instituto Nacional de Antropolog\u00eda e Historia (INAH) y el Museo Maya de Canc\u00fan, inaugur\u00f3 recientemente la exposici\u00f3n temporal &#8220;M\u00e1scaras. Universo fascinante II&#8221;. Esta muestra presenta m\u00e1s de 100 piezas creadas por 42 artistas, tanto mexicanos como internacionales, incluyendo 16 originarios del estado de Quintana Roo.<\/p>\n<p>Ubicado en la avenida Kukulc\u00e1n, en el coraz\u00f3n del distrito hotelero de Canc\u00fan, el Museo Maya se encuentra junto a la Zona Arqueol\u00f3gica de San Miguelito. Con exhibiciones como esta, el museo refuerza su compromiso de ofrecer a turistas, estudiantes, familias y residentes locales una plataforma para explorar diversas expresiones culturales y art\u00edsticas. Estas obras reflejan la composici\u00f3n cosmopolita de Quintana Roo, el estado m\u00e1s joven y una potencia tur\u00edstica en M\u00e9xico.<\/p>\n<p>En esta segunda edici\u00f3n de la exposici\u00f3n de m\u00e1scaras \u2013la primera se realiz\u00f3 en 2022\u2013, los 42 artistas presentan una visi\u00f3n contempor\u00e1nea llena de creatividad e ingenio. Las obras seleccionadas transmiten mensajes basados en culturas ancestrales, rituales m\u00e1gicos, el misterio y la s\u00e1tira, dando lugar a danzas festivas que perduran hasta la actualidad.<\/p>\n<p>Hortensia Sanz Polo, curadora y coordinadora de la muestra, resalta la riqueza y diversidad de disciplinas y t\u00e9cnicas aplicadas alrededor del concepto de la m\u00e1scara. Las piezas exhibidas muestran su simbolismo y uso en diferentes culturas y contextos hist\u00f3ricos, manifestando la fascinaci\u00f3n y el misterio que las m\u00e1scaras evocan.<\/p>\n<p>A lo largo de la historia, las m\u00e1scaras han evolucionado de maneras ingeniosas en todo el mundo, convirti\u00e9ndose en elementos esenciales de tradiciones que se transmiten de generaci\u00f3n en generaci\u00f3n. Estas transformaciones despiertan fascinaci\u00f3n y misterio, como es evidente en los carnavales y otras celebraciones l\u00fadicas.<\/p>\n<p>El proyecto est\u00e1 impulsado por la asociaci\u00f3n civil Polvo de Hadas, en colaboraci\u00f3n con Promart Vive el Arte, demostrando un esfuerzo conjunto que involucra a artistas pl\u00e1sticos de diversas disciplinas y t\u00e9cnicas.<\/p>\n<p>La exposici\u00f3n ofrece una experiencia que conecta emocionalmente a los visitantes con referencias hist\u00f3ricas y culturales. Permanecer\u00e1 abierta al p\u00fablico hasta el 26 de junio de 2024.<\/p>\n<p>El Museo Maya de Canc\u00fan est\u00e1 abierto de 9:00 a 17:00 horas, con el \u00faltimo acceso a las 16:30 horas. La entrada cuesta 95 pesos, con acceso gratuito para menores de 13 a\u00f1os, profesores, estudiantes y personas de la tercera edad. Los domingos, la entrada es gratuita para mexicanos y residentes extranjeros con documento probatorio. <a href=\"https:\/\/nitu.mx\/index.php\/2023\/12\/11\/quintana-roo-presente-en-museo-del-vaticano-en-los-festejos-navidenos\/\">(Quintana Roo presente en museo del Vaticano en los festejos navide\u00f1os<\/a>).<\/p>\n","protected":false},"excerpt":{"rendered":"<p>La Secretar\u00eda de Cultura federal, a trav\u00e9s del Instituto Nacional de Antropolog\u00eda e Historia (INAH) y el Museo Maya de Canc\u00fan, inaugur\u00f3 recientemente la exposici\u00f3n temporal &#8220;M\u00e1scaras. Universo fascinante II&#8221;. Esta muestra presenta m\u00e1s de 100 piezas creadas por 42 artistas, tanto mexicanos como internacionales, incluyendo 16 originarios del estado de Quintana Roo. Ubicado en [&hellip;]<\/p>\n","protected":false},"author":3,"featured_media":71536,"comment_status":"open","ping_status":"open","sticky":false,"template":"","format":"standard","meta":{"footnotes":""},"categories":[21403],"tags":[25263,25260,3206,8639,260,25259],"yoast_head":"<!-- This site is optimized with the Yoast SEO plugin v22.2 - https:\/\/yoast.com\/wordpress\/plugins\/seo\/ -->\n<title>Llega al Museo Maya de Canc\u00fan la exposici\u00f3n de m\u00e1scaras &quot;Universo fascinante II&quot; - Nitu - Noticias de la Industria Turistica<\/title>\n<meta name=\"robots\" content=\"index, follow, max-snippet:-1, max-image-preview:large, max-video-preview:-1\" \/>\n<link rel=\"canonical\" href=\"https:\/\/nitu.mx\/index.php\/2024\/05\/26\/llega-al-museo-maya-de-cancun-la-exposicion-de-mascaras-universo-fascinante-ii\/\" \/>\n<meta name=\"twitter:card\" content=\"summary_large_image\" \/>\n<meta name=\"twitter:title\" content=\"Llega al Museo Maya de Canc\u00fan la exposici\u00f3n de m\u00e1scaras &quot;Universo fascinante II&quot; - Nitu - Noticias de la Industria Turistica\" \/>\n<meta name=\"twitter:description\" content=\"La Secretar\u00eda de Cultura federal, a trav\u00e9s del Instituto Nacional de Antropolog\u00eda e Historia (INAH) y el Museo Maya de Canc\u00fan, inaugur\u00f3 recientemente la exposici\u00f3n temporal &#8220;M\u00e1scaras. Universo fascinante II&#8221;. Esta muestra presenta m\u00e1s de 100 piezas creadas por 42 artistas, tanto mexicanos como internacionales, incluyendo 16 originarios del estado de Quintana Roo. Ubicado en [&hellip;]\" \/>\n<meta name=\"twitter:image\" content=\"https:\/\/nitu.mx\/wp-content\/uploads\/2024\/05\/Mascaras-Universo-Fascinante-II.jpeg\" \/>\n<meta name=\"twitter:creator\" content=\"@NITUmx\" \/>\n<meta name=\"twitter:site\" content=\"@Arturo_Medina_G\" \/>\n<meta name=\"twitter:label1\" content=\"Escrito por\" \/>\n\t<meta name=\"twitter:data1\" content=\"Alejandra Moncisbays\" \/>\n\t<meta name=\"twitter:label2\" content=\"Tiempo de lectura\" \/>\n\t<meta name=\"twitter:data2\" content=\"2 minutos\" \/>\n<script type=\"application\/ld+json\" class=\"yoast-schema-graph\">{\"@context\":\"https:\/\/schema.org\",\"@graph\":[{\"@type\":\"Article\",\"@id\":\"https:\/\/nitu.mx\/index.php\/2024\/05\/26\/llega-al-museo-maya-de-cancun-la-exposicion-de-mascaras-universo-fascinante-ii\/#article\",\"isPartOf\":{\"@id\":\"https:\/\/nitu.mx\/index.php\/2024\/05\/26\/llega-al-museo-maya-de-cancun-la-exposicion-de-mascaras-universo-fascinante-ii\/\"},\"author\":{\"name\":\"Alejandra Moncisbays\",\"@id\":\"https:\/\/nitu.mx\/#\/schema\/person\/2ecd887b19dfd3382d1f14fc5acf24a8\"},\"headline\":\"Llega al Museo Maya de Canc\u00fan la exposici\u00f3n de m\u00e1scaras &#8220;Universo fascinante II&#8221;\",\"datePublished\":\"2024-05-27T05:40:48+00:00\",\"dateModified\":\"2024-05-27T05:40:49+00:00\",\"mainEntityOfPage\":{\"@id\":\"https:\/\/nitu.mx\/index.php\/2024\/05\/26\/llega-al-museo-maya-de-cancun-la-exposicion-de-mascaras-universo-fascinante-ii\/\"},\"wordCount\":446,\"commentCount\":0,\"publisher\":{\"@id\":\"https:\/\/nitu.mx\/#\/schema\/person\/ae7a53426417292d3dd07b45a33e01bc\"},\"image\":{\"@id\":\"https:\/\/nitu.mx\/index.php\/2024\/05\/26\/llega-al-museo-maya-de-cancun-la-exposicion-de-mascaras-universo-fascinante-ii\/#primaryimage\"},\"thumbnailUrl\":\"https:\/\/nitu.mx\/wp-content\/uploads\/2024\/05\/Mascaras-Universo-Fascinante-II.jpeg\",\"keywords\":[\"artistas\",\"exposici\u00f3n temporal\",\"INAH\",\"Museo Maya de Canc\u00fan\",\"Quintana Roo\",\"Secretar\u00eda de Cultura federal\"],\"articleSection\":[\"Canc\u00fan\"],\"inLanguage\":\"es-MX\",\"potentialAction\":[{\"@type\":\"CommentAction\",\"name\":\"Comment\",\"target\":[\"https:\/\/nitu.mx\/index.php\/2024\/05\/26\/llega-al-museo-maya-de-cancun-la-exposicion-de-mascaras-universo-fascinante-ii\/#respond\"]}]},{\"@type\":\"WebPage\",\"@id\":\"https:\/\/nitu.mx\/index.php\/2024\/05\/26\/llega-al-museo-maya-de-cancun-la-exposicion-de-mascaras-universo-fascinante-ii\/\",\"url\":\"https:\/\/nitu.mx\/index.php\/2024\/05\/26\/llega-al-museo-maya-de-cancun-la-exposicion-de-mascaras-universo-fascinante-ii\/\",\"name\":\"Llega al Museo Maya de Canc\u00fan la exposici\u00f3n de m\u00e1scaras \\\"Universo fascinante II\\\" - Nitu - Noticias de la Industria Turistica\",\"isPartOf\":{\"@id\":\"https:\/\/nitu.mx\/#website\"},\"primaryImageOfPage\":{\"@id\":\"https:\/\/nitu.mx\/index.php\/2024\/05\/26\/llega-al-museo-maya-de-cancun-la-exposicion-de-mascaras-universo-fascinante-ii\/#primaryimage\"},\"image\":{\"@id\":\"https:\/\/nitu.mx\/index.php\/2024\/05\/26\/llega-al-museo-maya-de-cancun-la-exposicion-de-mascaras-universo-fascinante-ii\/#primaryimage\"},\"thumbnailUrl\":\"https:\/\/nitu.mx\/wp-content\/uploads\/2024\/05\/Mascaras-Universo-Fascinante-II.jpeg\",\"datePublished\":\"2024-05-27T05:40:48+00:00\",\"dateModified\":\"2024-05-27T05:40:49+00:00\",\"breadcrumb\":{\"@id\":\"https:\/\/nitu.mx\/index.php\/2024\/05\/26\/llega-al-museo-maya-de-cancun-la-exposicion-de-mascaras-universo-fascinante-ii\/#breadcrumb\"},\"inLanguage\":\"es-MX\",\"potentialAction\":[{\"@type\":\"ReadAction\",\"target\":[\"https:\/\/nitu.mx\/index.php\/2024\/05\/26\/llega-al-museo-maya-de-cancun-la-exposicion-de-mascaras-universo-fascinante-ii\/\"]}]},{\"@type\":\"ImageObject\",\"inLanguage\":\"es-MX\",\"@id\":\"https:\/\/nitu.mx\/index.php\/2024\/05\/26\/llega-al-museo-maya-de-cancun-la-exposicion-de-mascaras-universo-fascinante-ii\/#primaryimage\",\"url\":\"https:\/\/nitu.mx\/wp-content\/uploads\/2024\/05\/Mascaras-Universo-Fascinante-II.jpeg\",\"contentUrl\":\"https:\/\/nitu.mx\/wp-content\/uploads\/2024\/05\/Mascaras-Universo-Fascinante-II.jpeg\",\"width\":1200,\"height\":675,\"caption\":\"M\u00e1scaras Universo Fascinante II\"},{\"@type\":\"BreadcrumbList\",\"@id\":\"https:\/\/nitu.mx\/index.php\/2024\/05\/26\/llega-al-museo-maya-de-cancun-la-exposicion-de-mascaras-universo-fascinante-ii\/#breadcrumb\",\"itemListElement\":[{\"@type\":\"ListItem\",\"position\":1,\"name\":\"Inicio\",\"item\":\"https:\/\/nitu.mx\/\"},{\"@type\":\"ListItem\",\"position\":2,\"name\":\"Llega al Museo Maya de Canc\u00fan la exposici\u00f3n de m\u00e1scaras &#8220;Universo fascinante II&#8221;\"}]},{\"@type\":\"WebSite\",\"@id\":\"https:\/\/nitu.mx\/#website\",\"url\":\"https:\/\/nitu.mx\/\",\"name\":\"Nitu - Noticias de la Industria Turistica\",\"description\":\"Noticias de la Industria Turistica\",\"publisher\":{\"@id\":\"https:\/\/nitu.mx\/#\/schema\/person\/ae7a53426417292d3dd07b45a33e01bc\"},\"alternateName\":\"Noticias de la Industria Turistica\",\"potentialAction\":[{\"@type\":\"SearchAction\",\"target\":{\"@type\":\"EntryPoint\",\"urlTemplate\":\"https:\/\/nitu.mx\/?s={search_term_string}\"},\"query-input\":\"required name=search_term_string\"}],\"inLanguage\":\"es-MX\"},{\"@type\":[\"Person\",\"Organization\"],\"@id\":\"https:\/\/nitu.mx\/#\/schema\/person\/ae7a53426417292d3dd07b45a33e01bc\",\"name\":\"Arturo Medina\",\"image\":{\"@type\":\"ImageObject\",\"inLanguage\":\"es-MX\",\"@id\":\"https:\/\/nitu.mx\/#\/schema\/person\/image\/\",\"url\":\"https:\/\/nitu.mx\/wp-content\/uploads\/2024\/04\/4A315622-1904-4D5C-B022-878CDC840E04-90x90-1.jpeg\",\"contentUrl\":\"https:\/\/nitu.mx\/wp-content\/uploads\/2024\/04\/4A315622-1904-4D5C-B022-878CDC840E04-90x90-1.jpeg\",\"width\":90,\"height\":90,\"caption\":\"Arturo Medina\"},\"logo\":{\"@id\":\"https:\/\/nitu.mx\/#\/schema\/person\/image\/\"},\"description\":\"Director NITU.mx, Egresado de la Escuela de Periodismo Carlos Septi\u00e9n Garc\u00eda. Periodista y analista especializado en turismo desde hace 35 a\u00f1os, radicado en Canc\u00fan Q.Roo. arturo@nitu.mx\",\"sameAs\":[\"https:\/\/nitu.mx\",\"https:\/\/www.facebook.com\/NITUmx\/\",\"medinacancun\",\"https:\/\/twitter.com\/@Arturo_Medina_G\"]},{\"@type\":\"Person\",\"@id\":\"https:\/\/nitu.mx\/#\/schema\/person\/2ecd887b19dfd3382d1f14fc5acf24a8\",\"name\":\"Alejandra Moncisbays\",\"image\":{\"@type\":\"ImageObject\",\"inLanguage\":\"es-MX\",\"@id\":\"https:\/\/nitu.mx\/#\/schema\/person\/image\/\",\"url\":\"https:\/\/secure.gravatar.com\/avatar\/e74f7af0be172b7804dacfd0bfbef787?s=96&d=mm&r=g\",\"contentUrl\":\"https:\/\/secure.gravatar.com\/avatar\/e74f7af0be172b7804dacfd0bfbef787?s=96&d=mm&r=g\",\"caption\":\"Alejandra Moncisbays\"},\"description\":\"Curs\u00e9 la carrera de Periodismo y Comunicaci\u00f3n en la Facultad de Estudios Profesionales Acatl\u00e1n. Vivo en Canc\u00fan desde hace 24 a\u00f1os. Fui reportera de La Tarde de Canc\u00fan, y Novedades de Quintana Roo, colabor\u00e9 en TVCUN, edit\u00e9 Cancun\u00edssimo y colabor\u00e9 en las revistas Latitud21, entre otras, con principal enfoque en los sectores empresarial y tur\u00edstico. Desde hace varios a\u00f1os soy Agente de Seguros con c\u00e9dula de la Comisi\u00f3n Nacional de Seguros y Fianzas. Actualmente, me desarrollo en los \u00e1mbitos del periodismo y el sector asegurador.\",\"sameAs\":[\"https:\/\/nitu.mx\"],\"url\":\"https:\/\/nitu.mx\/index.php\/author\/alejandra\/\"}]}<\/script>\n<!-- \/ Yoast SEO plugin. -->","yoast_head_json":{"title":"Llega al Museo Maya de Canc\u00fan la exposici\u00f3n de m\u00e1scaras \"Universo fascinante II\" - Nitu - Noticias de la Industria Turistica","robots":{"index":"index","follow":"follow","max-snippet":"max-snippet:-1","max-image-preview":"max-image-preview:large","max-video-preview":"max-video-preview:-1"},"canonical":"https:\/\/nitu.mx\/index.php\/2024\/05\/26\/llega-al-museo-maya-de-cancun-la-exposicion-de-mascaras-universo-fascinante-ii\/","twitter_card":"summary_large_image","twitter_title":"Llega al Museo Maya de Canc\u00fan la exposici\u00f3n de m\u00e1scaras \"Universo fascinante II\" - Nitu - Noticias de la Industria Turistica","twitter_description":"La Secretar\u00eda de Cultura federal, a trav\u00e9s del Instituto Nacional de Antropolog\u00eda e Historia (INAH) y el Museo Maya de Canc\u00fan, inaugur\u00f3 recientemente la exposici\u00f3n temporal &#8220;M\u00e1scaras. Universo fascinante II&#8221;. Esta muestra presenta m\u00e1s de 100 piezas creadas por 42 artistas, tanto mexicanos como internacionales, incluyendo 16 originarios del estado de Quintana Roo. Ubicado en [&hellip;]","twitter_image":"https:\/\/nitu.mx\/wp-content\/uploads\/2024\/05\/Mascaras-Universo-Fascinante-II.jpeg","twitter_creator":"@NITUmx","twitter_site":"@Arturo_Medina_G","twitter_misc":{"Escrito por":"Alejandra Moncisbays","Tiempo de lectura":"2 minutos"},"schema":{"@context":"https:\/\/schema.org","@graph":[{"@type":"Article","@id":"https:\/\/nitu.mx\/index.php\/2024\/05\/26\/llega-al-museo-maya-de-cancun-la-exposicion-de-mascaras-universo-fascinante-ii\/#article","isPartOf":{"@id":"https:\/\/nitu.mx\/index.php\/2024\/05\/26\/llega-al-museo-maya-de-cancun-la-exposicion-de-mascaras-universo-fascinante-ii\/"},"author":{"name":"Alejandra Moncisbays","@id":"https:\/\/nitu.mx\/#\/schema\/person\/2ecd887b19dfd3382d1f14fc5acf24a8"},"headline":"Llega al Museo Maya de Canc\u00fan la exposici\u00f3n de m\u00e1scaras &#8220;Universo fascinante II&#8221;","datePublished":"2024-05-27T05:40:48+00:00","dateModified":"2024-05-27T05:40:49+00:00","mainEntityOfPage":{"@id":"https:\/\/nitu.mx\/index.php\/2024\/05\/26\/llega-al-museo-maya-de-cancun-la-exposicion-de-mascaras-universo-fascinante-ii\/"},"wordCount":446,"commentCount":0,"publisher":{"@id":"https:\/\/nitu.mx\/#\/schema\/person\/ae7a53426417292d3dd07b45a33e01bc"},"image":{"@id":"https:\/\/nitu.mx\/index.php\/2024\/05\/26\/llega-al-museo-maya-de-cancun-la-exposicion-de-mascaras-universo-fascinante-ii\/#primaryimage"},"thumbnailUrl":"https:\/\/nitu.mx\/wp-content\/uploads\/2024\/05\/Mascaras-Universo-Fascinante-II.jpeg","keywords":["artistas","exposici\u00f3n temporal","INAH","Museo Maya de Canc\u00fan","Quintana Roo","Secretar\u00eda de Cultura federal"],"articleSection":["Canc\u00fan"],"inLanguage":"es-MX","potentialAction":[{"@type":"CommentAction","name":"Comment","target":["https:\/\/nitu.mx\/index.php\/2024\/05\/26\/llega-al-museo-maya-de-cancun-la-exposicion-de-mascaras-universo-fascinante-ii\/#respond"]}]},{"@type":"WebPage","@id":"https:\/\/nitu.mx\/index.php\/2024\/05\/26\/llega-al-museo-maya-de-cancun-la-exposicion-de-mascaras-universo-fascinante-ii\/","url":"https:\/\/nitu.mx\/index.php\/2024\/05\/26\/llega-al-museo-maya-de-cancun-la-exposicion-de-mascaras-universo-fascinante-ii\/","name":"Llega al Museo Maya de Canc\u00fan la exposici\u00f3n de m\u00e1scaras \"Universo fascinante II\" - Nitu - Noticias de la Industria Turistica","isPartOf":{"@id":"https:\/\/nitu.mx\/#website"},"primaryImageOfPage":{"@id":"https:\/\/nitu.mx\/index.php\/2024\/05\/26\/llega-al-museo-maya-de-cancun-la-exposicion-de-mascaras-universo-fascinante-ii\/#primaryimage"},"image":{"@id":"https:\/\/nitu.mx\/index.php\/2024\/05\/26\/llega-al-museo-maya-de-cancun-la-exposicion-de-mascaras-universo-fascinante-ii\/#primaryimage"},"thumbnailUrl":"https:\/\/nitu.mx\/wp-content\/uploads\/2024\/05\/Mascaras-Universo-Fascinante-II.jpeg","datePublished":"2024-05-27T05:40:48+00:00","dateModified":"2024-05-27T05:40:49+00:00","breadcrumb":{"@id":"https:\/\/nitu.mx\/index.php\/2024\/05\/26\/llega-al-museo-maya-de-cancun-la-exposicion-de-mascaras-universo-fascinante-ii\/#breadcrumb"},"inLanguage":"es-MX","potentialAction":[{"@type":"ReadAction","target":["https:\/\/nitu.mx\/index.php\/2024\/05\/26\/llega-al-museo-maya-de-cancun-la-exposicion-de-mascaras-universo-fascinante-ii\/"]}]},{"@type":"ImageObject","inLanguage":"es-MX","@id":"https:\/\/nitu.mx\/index.php\/2024\/05\/26\/llega-al-museo-maya-de-cancun-la-exposicion-de-mascaras-universo-fascinante-ii\/#primaryimage","url":"https:\/\/nitu.mx\/wp-content\/uploads\/2024\/05\/Mascaras-Universo-Fascinante-II.jpeg","contentUrl":"https:\/\/nitu.mx\/wp-content\/uploads\/2024\/05\/Mascaras-Universo-Fascinante-II.jpeg","width":1200,"height":675,"caption":"M\u00e1scaras Universo Fascinante II"},{"@type":"BreadcrumbList","@id":"https:\/\/nitu.mx\/index.php\/2024\/05\/26\/llega-al-museo-maya-de-cancun-la-exposicion-de-mascaras-universo-fascinante-ii\/#breadcrumb","itemListElement":[{"@type":"ListItem","position":1,"name":"Inicio","item":"https:\/\/nitu.mx\/"},{"@type":"ListItem","position":2,"name":"Llega al Museo Maya de Canc\u00fan la exposici\u00f3n de m\u00e1scaras &#8220;Universo fascinante II&#8221;"}]},{"@type":"WebSite","@id":"https:\/\/nitu.mx\/#website","url":"https:\/\/nitu.mx\/","name":"Nitu - Noticias de la Industria Turistica","description":"Noticias de la Industria Turistica","publisher":{"@id":"https:\/\/nitu.mx\/#\/schema\/person\/ae7a53426417292d3dd07b45a33e01bc"},"alternateName":"Noticias de la Industria Turistica","potentialAction":[{"@type":"SearchAction","target":{"@type":"EntryPoint","urlTemplate":"https:\/\/nitu.mx\/?s={search_term_string}"},"query-input":"required name=search_term_string"}],"inLanguage":"es-MX"},{"@type":["Person","Organization"],"@id":"https:\/\/nitu.mx\/#\/schema\/person\/ae7a53426417292d3dd07b45a33e01bc","name":"Arturo Medina","image":{"@type":"ImageObject","inLanguage":"es-MX","@id":"https:\/\/nitu.mx\/#\/schema\/person\/image\/","url":"https:\/\/nitu.mx\/wp-content\/uploads\/2024\/04\/4A315622-1904-4D5C-B022-878CDC840E04-90x90-1.jpeg","contentUrl":"https:\/\/nitu.mx\/wp-content\/uploads\/2024\/04\/4A315622-1904-4D5C-B022-878CDC840E04-90x90-1.jpeg","width":90,"height":90,"caption":"Arturo Medina"},"logo":{"@id":"https:\/\/nitu.mx\/#\/schema\/person\/image\/"},"description":"Director NITU.mx, Egresado de la Escuela de Periodismo Carlos Septi\u00e9n Garc\u00eda. Periodista y analista especializado en turismo desde hace 35 a\u00f1os, radicado en Canc\u00fan Q.Roo. arturo@nitu.mx","sameAs":["https:\/\/nitu.mx","https:\/\/www.facebook.com\/NITUmx\/","medinacancun","https:\/\/twitter.com\/@Arturo_Medina_G"]},{"@type":"Person","@id":"https:\/\/nitu.mx\/#\/schema\/person\/2ecd887b19dfd3382d1f14fc5acf24a8","name":"Alejandra Moncisbays","image":{"@type":"ImageObject","inLanguage":"es-MX","@id":"https:\/\/nitu.mx\/#\/schema\/person\/image\/","url":"https:\/\/secure.gravatar.com\/avatar\/e74f7af0be172b7804dacfd0bfbef787?s=96&d=mm&r=g","contentUrl":"https:\/\/secure.gravatar.com\/avatar\/e74f7af0be172b7804dacfd0bfbef787?s=96&d=mm&r=g","caption":"Alejandra Moncisbays"},"description":"Curs\u00e9 la carrera de Periodismo y Comunicaci\u00f3n en la Facultad de Estudios Profesionales Acatl\u00e1n. Vivo en Canc\u00fan desde hace 24 a\u00f1os. Fui reportera de La Tarde de Canc\u00fan, y Novedades de Quintana Roo, colabor\u00e9 en TVCUN, edit\u00e9 Cancun\u00edssimo y colabor\u00e9 en las revistas Latitud21, entre otras, con principal enfoque en los sectores empresarial y tur\u00edstico. Desde hace varios a\u00f1os soy Agente de Seguros con c\u00e9dula de la Comisi\u00f3n Nacional de Seguros y Fianzas. Actualmente, me desarrollo en los \u00e1mbitos del periodismo y el sector asegurador.","sameAs":["https:\/\/nitu.mx"],"url":"https:\/\/nitu.mx\/index.php\/author\/alejandra\/"}]}},"views":677,"_links":{"self":[{"href":"https:\/\/nitu.mx\/index.php\/wp-json\/wp\/v2\/posts\/71516"}],"collection":[{"href":"https:\/\/nitu.mx\/index.php\/wp-json\/wp\/v2\/posts"}],"about":[{"href":"https:\/\/nitu.mx\/index.php\/wp-json\/wp\/v2\/types\/post"}],"author":[{"embeddable":true,"href":"https:\/\/nitu.mx\/index.php\/wp-json\/wp\/v2\/users\/3"}],"replies":[{"embeddable":true,"href":"https:\/\/nitu.mx\/index.php\/wp-json\/wp\/v2\/comments?post=71516"}],"version-history":[{"count":2,"href":"https:\/\/nitu.mx\/index.php\/wp-json\/wp\/v2\/posts\/71516\/revisions"}],"predecessor-version":[{"id":71537,"href":"https:\/\/nitu.mx\/index.php\/wp-json\/wp\/v2\/posts\/71516\/revisions\/71537"}],"wp:featuredmedia":[{"embeddable":true,"href":"https:\/\/nitu.mx\/index.php\/wp-json\/wp\/v2\/media\/71536"}],"wp:attachment":[{"href":"https:\/\/nitu.mx\/index.php\/wp-json\/wp\/v2\/media?parent=71516"}],"wp:term":[{"taxonomy":"category","embeddable":true,"href":"https:\/\/nitu.mx\/index.php\/wp-json\/wp\/v2\/categories?post=71516"},{"taxonomy":"post_tag","embeddable":true,"href":"https:\/\/nitu.mx\/index.php\/wp-json\/wp\/v2\/tags?post=71516"}],"curies":[{"name":"wp","href":"https:\/\/api.w.org\/{rel}","templated":true}]}}