{"id":7081,"date":"2017-02-17T01:03:06","date_gmt":"2017-02-17T06:03:06","guid":{"rendered":"http:\/\/www.dev.nitu.mx\/?p=7081"},"modified":"2017-02-17T01:17:46","modified_gmt":"2017-02-17T06:17:46","slug":"volaris-empareja-aeromexico-cobrara-primera-maleta-documentada","status":"publish","type":"post","link":"https:\/\/nitu.mx\/index.php\/2017\/02\/17\/volaris-empareja-aeromexico-cobrara-primera-maleta-documentada\/","title":{"rendered":"Volaris empareja a Aerom\u00e9xico: cobrar\u00e1 primera maleta documentada"},"content":{"rendered":"<p>Volaris, la aerol\u00ednea mexicana de bajo costo, inform\u00f3 este jueves que a partir del 1 de marzo, har\u00e1 un cobro por la primera pieza de equipaje documentado en los vuelos desde y hacia Estados Unidos y Puerto Rico, medida que adopt\u00f3 Aerom\u00e9xico apenas el pasado 1 de febrero, y de la que dimos cuenta en NITU.mx.\u00a0(<a title=\"Desde este mi\u00e9rcoles Aerom\u00e9xico cobrar\u00e1 por la primera maleta documentada\" href=\"http:\/\/www.dev.nitu.mx\/index.php\/2017\/01\/30\/desde-este-miercoles-aeromexico-cobrara-por-la-primera-maleta-documentada\/\" rel=\"bookmark\">Desde este mi\u00e9rcoles Aerom\u00e9xico cobrar\u00e1 por la primera maleta documentada<\/a>).<\/p>\n<p>Mediante un comunicado a medios de comunicaci\u00f3n, que tambi\u00e9n fue enviado a sus clientes frecuentes v\u00eda correo electr\u00f3nico, la aerol\u00ednea dirigida por Enrique Beltranena, inform\u00f3 que al momento de realizar la compra del vuelo el costo por la primera maleta documentada ser\u00e1 de 350 pesos, mientras que antes de la fecha del vuelo ser\u00e1n 400 pesos y en los mostradores el precio ser\u00e1 de 450 pesos.<\/p>\n<p>Destaca que se trata de una medida que busca mantener los precios bajos, y tambi\u00e9n asegur\u00f3 que no aplicar\u00e1 para los clientes que hayan comprado su boleto antes del 1 de marzo, adem\u00e1s que se respetar\u00e1 en caso de un cambio de itinerario.<\/p>\n<p>Esta notificaci\u00f3n de Volaris, llega justo el d\u00eda que anuncia el lanzamiento de dos rutas adicionales a Chicago, desde Huatulco y Zihuatanejo, a partir del 18 y 19 de noviembre respectivamente. De acuerdo con la l\u00ednea a\u00e9rea, esta ciudad del estado de Illinois es un centro importante para viajeros mexicanos a Estados Unidos, pues tiene el segundo mayor n\u00famero de ciudadanos mexicanos en ciudades estadounidenses.<\/p>\n","protected":false},"excerpt":{"rendered":"<p>Volaris, la aerol\u00ednea mexicana de bajo costo, inform\u00f3 este jueves que a partir del 1 de marzo, har\u00e1 un cobro por la primera pieza de equipaje documentado en los vuelos desde y hacia Estados Unidos y Puerto Rico, medida que adopt\u00f3 Aerom\u00e9xico apenas el pasado 1 de febrero, y de la que dimos cuenta en [&hellip;]<\/p>\n","protected":false},"author":5,"featured_media":7069,"comment_status":"open","ping_status":"open","sticky":false,"template":"","format":"standard","meta":{"footnotes":""},"categories":[29,6],"tags":[30,324,435,131],"yoast_head":"<!-- This site is optimized with the Yoast SEO plugin v22.2 - https:\/\/yoast.com\/wordpress\/plugins\/seo\/ -->\n<title>Volaris empareja a Aerom\u00e9xico: cobrar\u00e1 primera maleta documentada - Nitu - Noticias de la Industria Turistica<\/title>\n<meta name=\"description\" content=\"Volaris cobrar\u00e1 a partir del 1 de marzo por la primera pieza de equipaje documentado en los vuelos desde y hacia Estados Unidos y Puerto Rico.\" \/>\n<meta name=\"robots\" content=\"index, follow, max-snippet:-1, max-image-preview:large, max-video-preview:-1\" \/>\n<link rel=\"canonical\" href=\"https:\/\/nitu.mx\/index.php\/2017\/02\/17\/volaris-empareja-aeromexico-cobrara-primera-maleta-documentada\/\" \/>\n<meta name=\"twitter:card\" content=\"summary_large_image\" \/>\n<meta name=\"twitter:title\" content=\"Volaris empareja a Aerom\u00e9xico: cobrar\u00e1 primera maleta documentada - Nitu - Noticias de la Industria Turistica\" \/>\n<meta name=\"twitter:description\" content=\"Volaris cobrar\u00e1 a partir del 1 de marzo por la primera pieza de equipaje documentado en los vuelos desde y hacia Estados Unidos y Puerto Rico.\" \/>\n<meta name=\"twitter:image\" content=\"https:\/\/nitu.mx\/wp-content\/uploads\/2017\/02\/Volaris-Chicago.jpg\" \/>\n<meta name=\"twitter:creator\" content=\"@NITUmx\" \/>\n<meta name=\"twitter:site\" content=\"@Arturo_Medina_G\" \/>\n<meta name=\"twitter:label1\" content=\"Escrito por\" \/>\n\t<meta name=\"twitter:data1\" content=\"Mari Soto\" \/>\n\t<meta name=\"twitter:label2\" content=\"Tiempo de lectura\" \/>\n\t<meta name=\"twitter:data2\" content=\"1 minuto\" \/>\n<script type=\"application\/ld+json\" class=\"yoast-schema-graph\">{\"@context\":\"https:\/\/schema.org\",\"@graph\":[{\"@type\":\"Article\",\"@id\":\"https:\/\/nitu.mx\/index.php\/2017\/02\/17\/volaris-empareja-aeromexico-cobrara-primera-maleta-documentada\/#article\",\"isPartOf\":{\"@id\":\"https:\/\/nitu.mx\/index.php\/2017\/02\/17\/volaris-empareja-aeromexico-cobrara-primera-maleta-documentada\/\"},\"author\":{\"name\":\"Mari Soto\",\"@id\":\"https:\/\/nitu.mx\/#\/schema\/person\/afc52e313e27e660739556d421d3d6b4\"},\"headline\":\"Volaris empareja a Aerom\u00e9xico: cobrar\u00e1 primera maleta documentada\",\"datePublished\":\"2017-02-17T06:03:06+00:00\",\"dateModified\":\"2017-02-17T06:17:46+00:00\",\"mainEntityOfPage\":{\"@id\":\"https:\/\/nitu.mx\/index.php\/2017\/02\/17\/volaris-empareja-aeromexico-cobrara-primera-maleta-documentada\/\"},\"wordCount\":259,\"commentCount\":0,\"publisher\":{\"@id\":\"https:\/\/nitu.mx\/#\/schema\/person\/ae7a53426417292d3dd07b45a33e01bc\"},\"image\":{\"@id\":\"https:\/\/nitu.mx\/index.php\/2017\/02\/17\/volaris-empareja-aeromexico-cobrara-primera-maleta-documentada\/#primaryimage\"},\"thumbnailUrl\":\"https:\/\/nitu.mx\/wp-content\/uploads\/2017\/02\/Volaris-Chicago.jpg\",\"keywords\":[\"Aerom\u00e9xico\",\"Chicago\",\"Enrique Beltranena\",\"Volaris\"],\"articleSection\":[\"Aerol\u00edneas\",\"M\u00e9xico\"],\"inLanguage\":\"es-MX\",\"potentialAction\":[{\"@type\":\"CommentAction\",\"name\":\"Comment\",\"target\":[\"https:\/\/nitu.mx\/index.php\/2017\/02\/17\/volaris-empareja-aeromexico-cobrara-primera-maleta-documentada\/#respond\"]}]},{\"@type\":\"WebPage\",\"@id\":\"https:\/\/nitu.mx\/index.php\/2017\/02\/17\/volaris-empareja-aeromexico-cobrara-primera-maleta-documentada\/\",\"url\":\"https:\/\/nitu.mx\/index.php\/2017\/02\/17\/volaris-empareja-aeromexico-cobrara-primera-maleta-documentada\/\",\"name\":\"Volaris empareja a Aerom\u00e9xico: cobrar\u00e1 primera maleta documentada - Nitu - Noticias de la Industria Turistica\",\"isPartOf\":{\"@id\":\"https:\/\/nitu.mx\/#website\"},\"primaryImageOfPage\":{\"@id\":\"https:\/\/nitu.mx\/index.php\/2017\/02\/17\/volaris-empareja-aeromexico-cobrara-primera-maleta-documentada\/#primaryimage\"},\"image\":{\"@id\":\"https:\/\/nitu.mx\/index.php\/2017\/02\/17\/volaris-empareja-aeromexico-cobrara-primera-maleta-documentada\/#primaryimage\"},\"thumbnailUrl\":\"https:\/\/nitu.mx\/wp-content\/uploads\/2017\/02\/Volaris-Chicago.jpg\",\"datePublished\":\"2017-02-17T06:03:06+00:00\",\"dateModified\":\"2017-02-17T06:17:46+00:00\",\"description\":\"Volaris cobrar\u00e1 a partir del 1 de marzo por la primera pieza de equipaje documentado en los vuelos desde y hacia Estados Unidos y Puerto Rico.\",\"breadcrumb\":{\"@id\":\"https:\/\/nitu.mx\/index.php\/2017\/02\/17\/volaris-empareja-aeromexico-cobrara-primera-maleta-documentada\/#breadcrumb\"},\"inLanguage\":\"es-MX\",\"potentialAction\":[{\"@type\":\"ReadAction\",\"target\":[\"https:\/\/nitu.mx\/index.php\/2017\/02\/17\/volaris-empareja-aeromexico-cobrara-primera-maleta-documentada\/\"]}]},{\"@type\":\"ImageObject\",\"inLanguage\":\"es-MX\",\"@id\":\"https:\/\/nitu.mx\/index.php\/2017\/02\/17\/volaris-empareja-aeromexico-cobrara-primera-maleta-documentada\/#primaryimage\",\"url\":\"https:\/\/nitu.mx\/wp-content\/uploads\/2017\/02\/Volaris-Chicago.jpg\",\"contentUrl\":\"https:\/\/nitu.mx\/wp-content\/uploads\/2017\/02\/Volaris-Chicago.jpg\",\"width\":850,\"height\":480,\"caption\":\"Volaris\"},{\"@type\":\"BreadcrumbList\",\"@id\":\"https:\/\/nitu.mx\/index.php\/2017\/02\/17\/volaris-empareja-aeromexico-cobrara-primera-maleta-documentada\/#breadcrumb\",\"itemListElement\":[{\"@type\":\"ListItem\",\"position\":1,\"name\":\"Inicio\",\"item\":\"https:\/\/nitu.mx\/\"},{\"@type\":\"ListItem\",\"position\":2,\"name\":\"Volaris empareja a Aerom\u00e9xico: cobrar\u00e1 primera maleta documentada\"}]},{\"@type\":\"WebSite\",\"@id\":\"https:\/\/nitu.mx\/#website\",\"url\":\"https:\/\/nitu.mx\/\",\"name\":\"Nitu - Noticias de la Industria Turistica\",\"description\":\"Noticias de la Industria Turistica\",\"publisher\":{\"@id\":\"https:\/\/nitu.mx\/#\/schema\/person\/ae7a53426417292d3dd07b45a33e01bc\"},\"alternateName\":\"Noticias de la Industria Turistica\",\"potentialAction\":[{\"@type\":\"SearchAction\",\"target\":{\"@type\":\"EntryPoint\",\"urlTemplate\":\"https:\/\/nitu.mx\/?s={search_term_string}\"},\"query-input\":\"required name=search_term_string\"}],\"inLanguage\":\"es-MX\"},{\"@type\":[\"Person\",\"Organization\"],\"@id\":\"https:\/\/nitu.mx\/#\/schema\/person\/ae7a53426417292d3dd07b45a33e01bc\",\"name\":\"Arturo Medina\",\"image\":{\"@type\":\"ImageObject\",\"inLanguage\":\"es-MX\",\"@id\":\"https:\/\/nitu.mx\/#\/schema\/person\/image\/\",\"url\":\"https:\/\/nitu.mx\/wp-content\/uploads\/2024\/04\/4A315622-1904-4D5C-B022-878CDC840E04-90x90-1.jpeg\",\"contentUrl\":\"https:\/\/nitu.mx\/wp-content\/uploads\/2024\/04\/4A315622-1904-4D5C-B022-878CDC840E04-90x90-1.jpeg\",\"width\":90,\"height\":90,\"caption\":\"Arturo Medina\"},\"logo\":{\"@id\":\"https:\/\/nitu.mx\/#\/schema\/person\/image\/\"},\"description\":\"Director NITU.mx, Egresado de la Escuela de Periodismo Carlos Septi\u00e9n Garc\u00eda. Periodista y analista especializado en turismo desde hace 35 a\u00f1os, radicado en Canc\u00fan Q.Roo. arturo@nitu.mx\",\"sameAs\":[\"https:\/\/nitu.mx\",\"https:\/\/www.facebook.com\/NITUmx\/\",\"medinacancun\",\"https:\/\/twitter.com\/@Arturo_Medina_G\"]},{\"@type\":\"Person\",\"@id\":\"https:\/\/nitu.mx\/#\/schema\/person\/afc52e313e27e660739556d421d3d6b4\",\"name\":\"Mari Soto\",\"image\":{\"@type\":\"ImageObject\",\"inLanguage\":\"es-MX\",\"@id\":\"https:\/\/nitu.mx\/#\/schema\/person\/image\/\",\"url\":\"https:\/\/secure.gravatar.com\/avatar\/2619c282a180a20d89fcaea82a6736e2?s=96&d=mm&r=g\",\"contentUrl\":\"https:\/\/secure.gravatar.com\/avatar\/2619c282a180a20d89fcaea82a6736e2?s=96&d=mm&r=g\",\"caption\":\"Mari Soto\"},\"sameAs\":[\"https:\/\/nitu.mx\"],\"url\":\"https:\/\/nitu.mx\/index.php\/author\/guadalupe\/\"}]}<\/script>\n<!-- \/ Yoast SEO plugin. -->","yoast_head_json":{"title":"Volaris empareja a Aerom\u00e9xico: cobrar\u00e1 primera maleta documentada - Nitu - Noticias de la Industria Turistica","description":"Volaris cobrar\u00e1 a partir del 1 de marzo por la primera pieza de equipaje documentado en los vuelos desde y hacia Estados Unidos y Puerto Rico.","robots":{"index":"index","follow":"follow","max-snippet":"max-snippet:-1","max-image-preview":"max-image-preview:large","max-video-preview":"max-video-preview:-1"},"canonical":"https:\/\/nitu.mx\/index.php\/2017\/02\/17\/volaris-empareja-aeromexico-cobrara-primera-maleta-documentada\/","twitter_card":"summary_large_image","twitter_title":"Volaris empareja a Aerom\u00e9xico: cobrar\u00e1 primera maleta documentada - Nitu - Noticias de la Industria Turistica","twitter_description":"Volaris cobrar\u00e1 a partir del 1 de marzo por la primera pieza de equipaje documentado en los vuelos desde y hacia Estados Unidos y Puerto Rico.","twitter_image":"https:\/\/nitu.mx\/wp-content\/uploads\/2017\/02\/Volaris-Chicago.jpg","twitter_creator":"@NITUmx","twitter_site":"@Arturo_Medina_G","twitter_misc":{"Escrito por":"Mari Soto","Tiempo de lectura":"1 minuto"},"schema":{"@context":"https:\/\/schema.org","@graph":[{"@type":"Article","@id":"https:\/\/nitu.mx\/index.php\/2017\/02\/17\/volaris-empareja-aeromexico-cobrara-primera-maleta-documentada\/#article","isPartOf":{"@id":"https:\/\/nitu.mx\/index.php\/2017\/02\/17\/volaris-empareja-aeromexico-cobrara-primera-maleta-documentada\/"},"author":{"name":"Mari Soto","@id":"https:\/\/nitu.mx\/#\/schema\/person\/afc52e313e27e660739556d421d3d6b4"},"headline":"Volaris empareja a Aerom\u00e9xico: cobrar\u00e1 primera maleta documentada","datePublished":"2017-02-17T06:03:06+00:00","dateModified":"2017-02-17T06:17:46+00:00","mainEntityOfPage":{"@id":"https:\/\/nitu.mx\/index.php\/2017\/02\/17\/volaris-empareja-aeromexico-cobrara-primera-maleta-documentada\/"},"wordCount":259,"commentCount":0,"publisher":{"@id":"https:\/\/nitu.mx\/#\/schema\/person\/ae7a53426417292d3dd07b45a33e01bc"},"image":{"@id":"https:\/\/nitu.mx\/index.php\/2017\/02\/17\/volaris-empareja-aeromexico-cobrara-primera-maleta-documentada\/#primaryimage"},"thumbnailUrl":"https:\/\/nitu.mx\/wp-content\/uploads\/2017\/02\/Volaris-Chicago.jpg","keywords":["Aerom\u00e9xico","Chicago","Enrique Beltranena","Volaris"],"articleSection":["Aerol\u00edneas","M\u00e9xico"],"inLanguage":"es-MX","potentialAction":[{"@type":"CommentAction","name":"Comment","target":["https:\/\/nitu.mx\/index.php\/2017\/02\/17\/volaris-empareja-aeromexico-cobrara-primera-maleta-documentada\/#respond"]}]},{"@type":"WebPage","@id":"https:\/\/nitu.mx\/index.php\/2017\/02\/17\/volaris-empareja-aeromexico-cobrara-primera-maleta-documentada\/","url":"https:\/\/nitu.mx\/index.php\/2017\/02\/17\/volaris-empareja-aeromexico-cobrara-primera-maleta-documentada\/","name":"Volaris empareja a Aerom\u00e9xico: cobrar\u00e1 primera maleta documentada - Nitu - Noticias de la Industria Turistica","isPartOf":{"@id":"https:\/\/nitu.mx\/#website"},"primaryImageOfPage":{"@id":"https:\/\/nitu.mx\/index.php\/2017\/02\/17\/volaris-empareja-aeromexico-cobrara-primera-maleta-documentada\/#primaryimage"},"image":{"@id":"https:\/\/nitu.mx\/index.php\/2017\/02\/17\/volaris-empareja-aeromexico-cobrara-primera-maleta-documentada\/#primaryimage"},"thumbnailUrl":"https:\/\/nitu.mx\/wp-content\/uploads\/2017\/02\/Volaris-Chicago.jpg","datePublished":"2017-02-17T06:03:06+00:00","dateModified":"2017-02-17T06:17:46+00:00","description":"Volaris cobrar\u00e1 a partir del 1 de marzo por la primera pieza de equipaje documentado en los vuelos desde y hacia Estados Unidos y Puerto Rico.","breadcrumb":{"@id":"https:\/\/nitu.mx\/index.php\/2017\/02\/17\/volaris-empareja-aeromexico-cobrara-primera-maleta-documentada\/#breadcrumb"},"inLanguage":"es-MX","potentialAction":[{"@type":"ReadAction","target":["https:\/\/nitu.mx\/index.php\/2017\/02\/17\/volaris-empareja-aeromexico-cobrara-primera-maleta-documentada\/"]}]},{"@type":"ImageObject","inLanguage":"es-MX","@id":"https:\/\/nitu.mx\/index.php\/2017\/02\/17\/volaris-empareja-aeromexico-cobrara-primera-maleta-documentada\/#primaryimage","url":"https:\/\/nitu.mx\/wp-content\/uploads\/2017\/02\/Volaris-Chicago.jpg","contentUrl":"https:\/\/nitu.mx\/wp-content\/uploads\/2017\/02\/Volaris-Chicago.jpg","width":850,"height":480,"caption":"Volaris"},{"@type":"BreadcrumbList","@id":"https:\/\/nitu.mx\/index.php\/2017\/02\/17\/volaris-empareja-aeromexico-cobrara-primera-maleta-documentada\/#breadcrumb","itemListElement":[{"@type":"ListItem","position":1,"name":"Inicio","item":"https:\/\/nitu.mx\/"},{"@type":"ListItem","position":2,"name":"Volaris empareja a Aerom\u00e9xico: cobrar\u00e1 primera maleta documentada"}]},{"@type":"WebSite","@id":"https:\/\/nitu.mx\/#website","url":"https:\/\/nitu.mx\/","name":"Nitu - Noticias de la Industria Turistica","description":"Noticias de la Industria Turistica","publisher":{"@id":"https:\/\/nitu.mx\/#\/schema\/person\/ae7a53426417292d3dd07b45a33e01bc"},"alternateName":"Noticias de la Industria Turistica","potentialAction":[{"@type":"SearchAction","target":{"@type":"EntryPoint","urlTemplate":"https:\/\/nitu.mx\/?s={search_term_string}"},"query-input":"required name=search_term_string"}],"inLanguage":"es-MX"},{"@type":["Person","Organization"],"@id":"https:\/\/nitu.mx\/#\/schema\/person\/ae7a53426417292d3dd07b45a33e01bc","name":"Arturo Medina","image":{"@type":"ImageObject","inLanguage":"es-MX","@id":"https:\/\/nitu.mx\/#\/schema\/person\/image\/","url":"https:\/\/nitu.mx\/wp-content\/uploads\/2024\/04\/4A315622-1904-4D5C-B022-878CDC840E04-90x90-1.jpeg","contentUrl":"https:\/\/nitu.mx\/wp-content\/uploads\/2024\/04\/4A315622-1904-4D5C-B022-878CDC840E04-90x90-1.jpeg","width":90,"height":90,"caption":"Arturo Medina"},"logo":{"@id":"https:\/\/nitu.mx\/#\/schema\/person\/image\/"},"description":"Director NITU.mx, Egresado de la Escuela de Periodismo Carlos Septi\u00e9n Garc\u00eda. Periodista y analista especializado en turismo desde hace 35 a\u00f1os, radicado en Canc\u00fan Q.Roo. arturo@nitu.mx","sameAs":["https:\/\/nitu.mx","https:\/\/www.facebook.com\/NITUmx\/","medinacancun","https:\/\/twitter.com\/@Arturo_Medina_G"]},{"@type":"Person","@id":"https:\/\/nitu.mx\/#\/schema\/person\/afc52e313e27e660739556d421d3d6b4","name":"Mari Soto","image":{"@type":"ImageObject","inLanguage":"es-MX","@id":"https:\/\/nitu.mx\/#\/schema\/person\/image\/","url":"https:\/\/secure.gravatar.com\/avatar\/2619c282a180a20d89fcaea82a6736e2?s=96&d=mm&r=g","contentUrl":"https:\/\/secure.gravatar.com\/avatar\/2619c282a180a20d89fcaea82a6736e2?s=96&d=mm&r=g","caption":"Mari Soto"},"sameAs":["https:\/\/nitu.mx"],"url":"https:\/\/nitu.mx\/index.php\/author\/guadalupe\/"}]}},"views":388,"_links":{"self":[{"href":"https:\/\/nitu.mx\/index.php\/wp-json\/wp\/v2\/posts\/7081"}],"collection":[{"href":"https:\/\/nitu.mx\/index.php\/wp-json\/wp\/v2\/posts"}],"about":[{"href":"https:\/\/nitu.mx\/index.php\/wp-json\/wp\/v2\/types\/post"}],"author":[{"embeddable":true,"href":"https:\/\/nitu.mx\/index.php\/wp-json\/wp\/v2\/users\/5"}],"replies":[{"embeddable":true,"href":"https:\/\/nitu.mx\/index.php\/wp-json\/wp\/v2\/comments?post=7081"}],"version-history":[{"count":1,"href":"https:\/\/nitu.mx\/index.php\/wp-json\/wp\/v2\/posts\/7081\/revisions"}],"predecessor-version":[{"id":7083,"href":"https:\/\/nitu.mx\/index.php\/wp-json\/wp\/v2\/posts\/7081\/revisions\/7083"}],"wp:featuredmedia":[{"embeddable":true,"href":"https:\/\/nitu.mx\/index.php\/wp-json\/wp\/v2\/media\/7069"}],"wp:attachment":[{"href":"https:\/\/nitu.mx\/index.php\/wp-json\/wp\/v2\/media?parent=7081"}],"wp:term":[{"taxonomy":"category","embeddable":true,"href":"https:\/\/nitu.mx\/index.php\/wp-json\/wp\/v2\/categories?post=7081"},{"taxonomy":"post_tag","embeddable":true,"href":"https:\/\/nitu.mx\/index.php\/wp-json\/wp\/v2\/tags?post=7081"}],"curies":[{"name":"wp","href":"https:\/\/api.w.org\/{rel}","templated":true}]}}