{"id":70759,"date":"2024-05-02T23:38:28","date_gmt":"2024-05-03T05:38:28","guid":{"rendered":"https:\/\/nitu.mx\/?p=70759"},"modified":"2024-05-02T23:38:29","modified_gmt":"2024-05-03T05:38:29","slug":"cancun-el-2o-destino-mas-buscado-en-america","status":"publish","type":"post","link":"https:\/\/nitu.mx\/index.php\/2024\/05\/02\/cancun-el-2o-destino-mas-buscado-en-america\/","title":{"rendered":"Canc\u00fan, el 2o destino m\u00e1s buscado en Am\u00e9rica"},"content":{"rendered":"<p>El inter\u00e9s por los viajes a\u00e9reos hacia diversos destinos en el continente americano ha experimentado un notable crecimiento en el \u00faltimo a\u00f1o, seg\u00fan un informe conjunto de Amadeus y la ONU. Canc\u00fan se posiciona como el segundo lugar m\u00e1s buscado, reflejando el atractivo continuo de este destino tur\u00edstico.<br \/>\nEl aumento del 132% en las b\u00fasquedas de viajes hacia Am\u00e9rica entre mayo y agosto, comparado con el mismo periodo del a\u00f1o anterior, ha impulsado a las aerol\u00edneas a aumentar la capacidad en asientos disponibles en un 111%. Este fen\u00f3meno ha sido especialmente notable en Norteam\u00e9rica, donde ciudades como Nueva York, Toronto y Los \u00c1ngeles figuran entre las m\u00e1s buscadas por los viajeros.<br \/>\nEl estudio tambi\u00e9n resalta la apertura de 20 nuevas rutas internacionales hacia Estados Unidos, programadas para entrar en operaci\u00f3n entre mayo y julio. Entre estas nuevas conexiones se incluyen vuelos desde ciudades como Dubl\u00edn, Frankfurt, Par\u00eds, M\u00fanich y Z\u00farich, lo que indica una creciente diversificaci\u00f3n de las opciones de viaje hacia el pa\u00eds.<br \/>\nEn el caso de M\u00e9xico, se prev\u00e9 la entrada en operaci\u00f3n de tres nuevas rutas entre mayo y julio, incluyendo conexiones desde Montreal, Toronto y Vancouver hacia destinos como Tulum y Guadalajara. Costa Rica emerge como el pa\u00eds m\u00e1s buscado en Centroam\u00e9rica, mientras que en Sudam\u00e9rica, Argentina y Brasil, con sus principales ciudades como Buenos Aires, Sao Paulo y Santiago, captan la atenci\u00f3n de los viajeros.<br \/>\nEn el Caribe, Rep\u00fablica Dominicana se destaca como el destino m\u00e1s buscado, reflejando el inter\u00e9s continuo de los viajeros por la regi\u00f3n.<br \/>\nLos datos de Naciones Unidas Turismo revelan un aumento del 34% en el n\u00famero de turistas internacionales en 2023 en comparaci\u00f3n con el a\u00f1o anterior, y se proyecta que la demanda siga siendo s\u00f3lida en 2024.<br \/>\nFrancisco P\u00e9rez-Lozao, presidente de Hospitalidad en Amadeus, destaca la importancia de comprender las tendencias cambiantes en los patrones de b\u00fasqueda de los viajeros, subrayando la necesidad de adaptaci\u00f3n por parte de las organizaciones tur\u00edsticas para seguir satisfaciendo las demandas del mercado. (<a href=\"https:\/\/nitu.mx\/index.php\/2024\/04\/21\/cancun-el-principal-aeropuerto-con-asientos-aereos-internacionales-programados-en-mexico\/\">Canc\u00fan, el principal aeropuerto con asientos a\u00e9reos internacionales programados en M\u00e9xico<\/a>).<\/p>\n","protected":false},"excerpt":{"rendered":"<p>El inter\u00e9s por los viajes a\u00e9reos hacia diversos destinos en el continente americano ha experimentado un notable crecimiento en el \u00faltimo a\u00f1o, seg\u00fan un informe conjunto de Amadeus y la ONU. Canc\u00fan se posiciona como el segundo lugar m\u00e1s buscado, reflejando el atractivo continuo de este destino tur\u00edstico. El aumento del 132% en las b\u00fasquedas [&hellip;]<\/p>\n","protected":false},"author":3,"featured_media":69776,"comment_status":"open","ping_status":"open","sticky":false,"template":"","format":"standard","meta":{"footnotes":""},"categories":[21403],"tags":[632,43,5858,4818,20428],"yoast_head":"<!-- This site is optimized with the Yoast SEO plugin v22.2 - https:\/\/yoast.com\/wordpress\/plugins\/seo\/ -->\n<title>Canc\u00fan, el 2o destino m\u00e1s buscado en Am\u00e9rica - Nitu - Noticias de la Industria Turistica<\/title>\n<meta name=\"robots\" content=\"index, follow, max-snippet:-1, max-image-preview:large, max-video-preview:-1\" \/>\n<link rel=\"canonical\" href=\"https:\/\/nitu.mx\/index.php\/2024\/05\/02\/cancun-el-2o-destino-mas-buscado-en-america\/\" \/>\n<meta name=\"twitter:card\" content=\"summary_large_image\" \/>\n<meta name=\"twitter:title\" content=\"Canc\u00fan, el 2o destino m\u00e1s buscado en Am\u00e9rica - Nitu - Noticias de la Industria Turistica\" \/>\n<meta name=\"twitter:description\" content=\"El inter\u00e9s por los viajes a\u00e9reos hacia diversos destinos en el continente americano ha experimentado un notable crecimiento en el \u00faltimo a\u00f1o, seg\u00fan un informe conjunto de Amadeus y la ONU. Canc\u00fan se posiciona como el segundo lugar m\u00e1s buscado, reflejando el atractivo continuo de este destino tur\u00edstico. El aumento del 132% en las b\u00fasquedas [&hellip;]\" \/>\n<meta name=\"twitter:image\" content=\"https:\/\/nitu.mx\/wp-content\/uploads\/2024\/03\/Cancun-Playas-1.jpeg\" \/>\n<meta name=\"twitter:creator\" content=\"@NITUmx\" \/>\n<meta name=\"twitter:site\" content=\"@Arturo_Medina_G\" \/>\n<meta name=\"twitter:label1\" content=\"Escrito por\" \/>\n\t<meta name=\"twitter:data1\" content=\"Alejandra Moncisbays\" \/>\n\t<meta name=\"twitter:label2\" content=\"Tiempo de lectura\" \/>\n\t<meta name=\"twitter:data2\" content=\"2 minutos\" \/>\n<script type=\"application\/ld+json\" class=\"yoast-schema-graph\">{\"@context\":\"https:\/\/schema.org\",\"@graph\":[{\"@type\":\"Article\",\"@id\":\"https:\/\/nitu.mx\/index.php\/2024\/05\/02\/cancun-el-2o-destino-mas-buscado-en-america\/#article\",\"isPartOf\":{\"@id\":\"https:\/\/nitu.mx\/index.php\/2024\/05\/02\/cancun-el-2o-destino-mas-buscado-en-america\/\"},\"author\":{\"name\":\"Alejandra Moncisbays\",\"@id\":\"https:\/\/nitu.mx\/#\/schema\/person\/2ecd887b19dfd3382d1f14fc5acf24a8\"},\"headline\":\"Canc\u00fan, el 2o destino m\u00e1s buscado en Am\u00e9rica\",\"datePublished\":\"2024-05-03T05:38:28+00:00\",\"dateModified\":\"2024-05-03T05:38:29+00:00\",\"mainEntityOfPage\":{\"@id\":\"https:\/\/nitu.mx\/index.php\/2024\/05\/02\/cancun-el-2o-destino-mas-buscado-en-america\/\"},\"wordCount\":389,\"commentCount\":0,\"publisher\":{\"@id\":\"https:\/\/nitu.mx\/#\/schema\/person\/ae7a53426417292d3dd07b45a33e01bc\"},\"image\":{\"@id\":\"https:\/\/nitu.mx\/index.php\/2024\/05\/02\/cancun-el-2o-destino-mas-buscado-en-america\/#primaryimage\"},\"thumbnailUrl\":\"https:\/\/nitu.mx\/wp-content\/uploads\/2024\/03\/Cancun-Playas-1.jpeg\",\"keywords\":[\"Amadeus\",\"Canc\u00fan\",\"destinos\",\"ONU\",\"Viajes a\u00e9reos\"],\"articleSection\":[\"Canc\u00fan\"],\"inLanguage\":\"es-MX\",\"potentialAction\":[{\"@type\":\"CommentAction\",\"name\":\"Comment\",\"target\":[\"https:\/\/nitu.mx\/index.php\/2024\/05\/02\/cancun-el-2o-destino-mas-buscado-en-america\/#respond\"]}]},{\"@type\":\"WebPage\",\"@id\":\"https:\/\/nitu.mx\/index.php\/2024\/05\/02\/cancun-el-2o-destino-mas-buscado-en-america\/\",\"url\":\"https:\/\/nitu.mx\/index.php\/2024\/05\/02\/cancun-el-2o-destino-mas-buscado-en-america\/\",\"name\":\"Canc\u00fan, el 2o destino m\u00e1s buscado en Am\u00e9rica - Nitu - Noticias de la Industria Turistica\",\"isPartOf\":{\"@id\":\"https:\/\/nitu.mx\/#website\"},\"primaryImageOfPage\":{\"@id\":\"https:\/\/nitu.mx\/index.php\/2024\/05\/02\/cancun-el-2o-destino-mas-buscado-en-america\/#primaryimage\"},\"image\":{\"@id\":\"https:\/\/nitu.mx\/index.php\/2024\/05\/02\/cancun-el-2o-destino-mas-buscado-en-america\/#primaryimage\"},\"thumbnailUrl\":\"https:\/\/nitu.mx\/wp-content\/uploads\/2024\/03\/Cancun-Playas-1.jpeg\",\"datePublished\":\"2024-05-03T05:38:28+00:00\",\"dateModified\":\"2024-05-03T05:38:29+00:00\",\"breadcrumb\":{\"@id\":\"https:\/\/nitu.mx\/index.php\/2024\/05\/02\/cancun-el-2o-destino-mas-buscado-en-america\/#breadcrumb\"},\"inLanguage\":\"es-MX\",\"potentialAction\":[{\"@type\":\"ReadAction\",\"target\":[\"https:\/\/nitu.mx\/index.php\/2024\/05\/02\/cancun-el-2o-destino-mas-buscado-en-america\/\"]}]},{\"@type\":\"ImageObject\",\"inLanguage\":\"es-MX\",\"@id\":\"https:\/\/nitu.mx\/index.php\/2024\/05\/02\/cancun-el-2o-destino-mas-buscado-en-america\/#primaryimage\",\"url\":\"https:\/\/nitu.mx\/wp-content\/uploads\/2024\/03\/Cancun-Playas-1.jpeg\",\"contentUrl\":\"https:\/\/nitu.mx\/wp-content\/uploads\/2024\/03\/Cancun-Playas-1.jpeg\",\"width\":1200,\"height\":675,\"caption\":\"Canc\u00fan Playas\"},{\"@type\":\"BreadcrumbList\",\"@id\":\"https:\/\/nitu.mx\/index.php\/2024\/05\/02\/cancun-el-2o-destino-mas-buscado-en-america\/#breadcrumb\",\"itemListElement\":[{\"@type\":\"ListItem\",\"position\":1,\"name\":\"Inicio\",\"item\":\"https:\/\/nitu.mx\/\"},{\"@type\":\"ListItem\",\"position\":2,\"name\":\"Canc\u00fan, el 2o destino m\u00e1s buscado en Am\u00e9rica\"}]},{\"@type\":\"WebSite\",\"@id\":\"https:\/\/nitu.mx\/#website\",\"url\":\"https:\/\/nitu.mx\/\",\"name\":\"Nitu - Noticias de la Industria Turistica\",\"description\":\"Noticias de la Industria Turistica\",\"publisher\":{\"@id\":\"https:\/\/nitu.mx\/#\/schema\/person\/ae7a53426417292d3dd07b45a33e01bc\"},\"alternateName\":\"Noticias de la Industria Turistica\",\"potentialAction\":[{\"@type\":\"SearchAction\",\"target\":{\"@type\":\"EntryPoint\",\"urlTemplate\":\"https:\/\/nitu.mx\/?s={search_term_string}\"},\"query-input\":\"required name=search_term_string\"}],\"inLanguage\":\"es-MX\"},{\"@type\":[\"Person\",\"Organization\"],\"@id\":\"https:\/\/nitu.mx\/#\/schema\/person\/ae7a53426417292d3dd07b45a33e01bc\",\"name\":\"Arturo Medina\",\"image\":{\"@type\":\"ImageObject\",\"inLanguage\":\"es-MX\",\"@id\":\"https:\/\/nitu.mx\/#\/schema\/person\/image\/\",\"url\":\"https:\/\/nitu.mx\/wp-content\/uploads\/2024\/04\/4A315622-1904-4D5C-B022-878CDC840E04-90x90-1.jpeg\",\"contentUrl\":\"https:\/\/nitu.mx\/wp-content\/uploads\/2024\/04\/4A315622-1904-4D5C-B022-878CDC840E04-90x90-1.jpeg\",\"width\":90,\"height\":90,\"caption\":\"Arturo Medina\"},\"logo\":{\"@id\":\"https:\/\/nitu.mx\/#\/schema\/person\/image\/\"},\"description\":\"Director NITU.mx, Egresado de la Escuela de Periodismo Carlos Septi\u00e9n Garc\u00eda. Periodista y analista especializado en turismo desde hace 35 a\u00f1os, radicado en Canc\u00fan Q.Roo. arturo@nitu.mx\",\"sameAs\":[\"https:\/\/nitu.mx\",\"https:\/\/www.facebook.com\/NITUmx\/\",\"medinacancun\",\"https:\/\/twitter.com\/@Arturo_Medina_G\"]},{\"@type\":\"Person\",\"@id\":\"https:\/\/nitu.mx\/#\/schema\/person\/2ecd887b19dfd3382d1f14fc5acf24a8\",\"name\":\"Alejandra Moncisbays\",\"image\":{\"@type\":\"ImageObject\",\"inLanguage\":\"es-MX\",\"@id\":\"https:\/\/nitu.mx\/#\/schema\/person\/image\/\",\"url\":\"https:\/\/secure.gravatar.com\/avatar\/e74f7af0be172b7804dacfd0bfbef787?s=96&d=mm&r=g\",\"contentUrl\":\"https:\/\/secure.gravatar.com\/avatar\/e74f7af0be172b7804dacfd0bfbef787?s=96&d=mm&r=g\",\"caption\":\"Alejandra Moncisbays\"},\"description\":\"Curs\u00e9 la carrera de Periodismo y Comunicaci\u00f3n en la Facultad de Estudios Profesionales Acatl\u00e1n. Vivo en Canc\u00fan desde hace 24 a\u00f1os. Fui reportera de La Tarde de Canc\u00fan, y Novedades de Quintana Roo, colabor\u00e9 en TVCUN, edit\u00e9 Cancun\u00edssimo y colabor\u00e9 en las revistas Latitud21, entre otras, con principal enfoque en los sectores empresarial y tur\u00edstico. Desde hace varios a\u00f1os soy Agente de Seguros con c\u00e9dula de la Comisi\u00f3n Nacional de Seguros y Fianzas. Actualmente, me desarrollo en los \u00e1mbitos del periodismo y el sector asegurador.\",\"sameAs\":[\"https:\/\/nitu.mx\"],\"url\":\"https:\/\/nitu.mx\/index.php\/author\/alejandra\/\"}]}<\/script>\n<!-- \/ Yoast SEO plugin. -->","yoast_head_json":{"title":"Canc\u00fan, el 2o destino m\u00e1s buscado en Am\u00e9rica - Nitu - Noticias de la Industria Turistica","robots":{"index":"index","follow":"follow","max-snippet":"max-snippet:-1","max-image-preview":"max-image-preview:large","max-video-preview":"max-video-preview:-1"},"canonical":"https:\/\/nitu.mx\/index.php\/2024\/05\/02\/cancun-el-2o-destino-mas-buscado-en-america\/","twitter_card":"summary_large_image","twitter_title":"Canc\u00fan, el 2o destino m\u00e1s buscado en Am\u00e9rica - Nitu - Noticias de la Industria Turistica","twitter_description":"El inter\u00e9s por los viajes a\u00e9reos hacia diversos destinos en el continente americano ha experimentado un notable crecimiento en el \u00faltimo a\u00f1o, seg\u00fan un informe conjunto de Amadeus y la ONU. Canc\u00fan se posiciona como el segundo lugar m\u00e1s buscado, reflejando el atractivo continuo de este destino tur\u00edstico. El aumento del 132% en las b\u00fasquedas [&hellip;]","twitter_image":"https:\/\/nitu.mx\/wp-content\/uploads\/2024\/03\/Cancun-Playas-1.jpeg","twitter_creator":"@NITUmx","twitter_site":"@Arturo_Medina_G","twitter_misc":{"Escrito por":"Alejandra Moncisbays","Tiempo de lectura":"2 minutos"},"schema":{"@context":"https:\/\/schema.org","@graph":[{"@type":"Article","@id":"https:\/\/nitu.mx\/index.php\/2024\/05\/02\/cancun-el-2o-destino-mas-buscado-en-america\/#article","isPartOf":{"@id":"https:\/\/nitu.mx\/index.php\/2024\/05\/02\/cancun-el-2o-destino-mas-buscado-en-america\/"},"author":{"name":"Alejandra Moncisbays","@id":"https:\/\/nitu.mx\/#\/schema\/person\/2ecd887b19dfd3382d1f14fc5acf24a8"},"headline":"Canc\u00fan, el 2o destino m\u00e1s buscado en Am\u00e9rica","datePublished":"2024-05-03T05:38:28+00:00","dateModified":"2024-05-03T05:38:29+00:00","mainEntityOfPage":{"@id":"https:\/\/nitu.mx\/index.php\/2024\/05\/02\/cancun-el-2o-destino-mas-buscado-en-america\/"},"wordCount":389,"commentCount":0,"publisher":{"@id":"https:\/\/nitu.mx\/#\/schema\/person\/ae7a53426417292d3dd07b45a33e01bc"},"image":{"@id":"https:\/\/nitu.mx\/index.php\/2024\/05\/02\/cancun-el-2o-destino-mas-buscado-en-america\/#primaryimage"},"thumbnailUrl":"https:\/\/nitu.mx\/wp-content\/uploads\/2024\/03\/Cancun-Playas-1.jpeg","keywords":["Amadeus","Canc\u00fan","destinos","ONU","Viajes a\u00e9reos"],"articleSection":["Canc\u00fan"],"inLanguage":"es-MX","potentialAction":[{"@type":"CommentAction","name":"Comment","target":["https:\/\/nitu.mx\/index.php\/2024\/05\/02\/cancun-el-2o-destino-mas-buscado-en-america\/#respond"]}]},{"@type":"WebPage","@id":"https:\/\/nitu.mx\/index.php\/2024\/05\/02\/cancun-el-2o-destino-mas-buscado-en-america\/","url":"https:\/\/nitu.mx\/index.php\/2024\/05\/02\/cancun-el-2o-destino-mas-buscado-en-america\/","name":"Canc\u00fan, el 2o destino m\u00e1s buscado en Am\u00e9rica - Nitu - Noticias de la Industria Turistica","isPartOf":{"@id":"https:\/\/nitu.mx\/#website"},"primaryImageOfPage":{"@id":"https:\/\/nitu.mx\/index.php\/2024\/05\/02\/cancun-el-2o-destino-mas-buscado-en-america\/#primaryimage"},"image":{"@id":"https:\/\/nitu.mx\/index.php\/2024\/05\/02\/cancun-el-2o-destino-mas-buscado-en-america\/#primaryimage"},"thumbnailUrl":"https:\/\/nitu.mx\/wp-content\/uploads\/2024\/03\/Cancun-Playas-1.jpeg","datePublished":"2024-05-03T05:38:28+00:00","dateModified":"2024-05-03T05:38:29+00:00","breadcrumb":{"@id":"https:\/\/nitu.mx\/index.php\/2024\/05\/02\/cancun-el-2o-destino-mas-buscado-en-america\/#breadcrumb"},"inLanguage":"es-MX","potentialAction":[{"@type":"ReadAction","target":["https:\/\/nitu.mx\/index.php\/2024\/05\/02\/cancun-el-2o-destino-mas-buscado-en-america\/"]}]},{"@type":"ImageObject","inLanguage":"es-MX","@id":"https:\/\/nitu.mx\/index.php\/2024\/05\/02\/cancun-el-2o-destino-mas-buscado-en-america\/#primaryimage","url":"https:\/\/nitu.mx\/wp-content\/uploads\/2024\/03\/Cancun-Playas-1.jpeg","contentUrl":"https:\/\/nitu.mx\/wp-content\/uploads\/2024\/03\/Cancun-Playas-1.jpeg","width":1200,"height":675,"caption":"Canc\u00fan Playas"},{"@type":"BreadcrumbList","@id":"https:\/\/nitu.mx\/index.php\/2024\/05\/02\/cancun-el-2o-destino-mas-buscado-en-america\/#breadcrumb","itemListElement":[{"@type":"ListItem","position":1,"name":"Inicio","item":"https:\/\/nitu.mx\/"},{"@type":"ListItem","position":2,"name":"Canc\u00fan, el 2o destino m\u00e1s buscado en Am\u00e9rica"}]},{"@type":"WebSite","@id":"https:\/\/nitu.mx\/#website","url":"https:\/\/nitu.mx\/","name":"Nitu - Noticias de la Industria Turistica","description":"Noticias de la Industria Turistica","publisher":{"@id":"https:\/\/nitu.mx\/#\/schema\/person\/ae7a53426417292d3dd07b45a33e01bc"},"alternateName":"Noticias de la Industria Turistica","potentialAction":[{"@type":"SearchAction","target":{"@type":"EntryPoint","urlTemplate":"https:\/\/nitu.mx\/?s={search_term_string}"},"query-input":"required name=search_term_string"}],"inLanguage":"es-MX"},{"@type":["Person","Organization"],"@id":"https:\/\/nitu.mx\/#\/schema\/person\/ae7a53426417292d3dd07b45a33e01bc","name":"Arturo Medina","image":{"@type":"ImageObject","inLanguage":"es-MX","@id":"https:\/\/nitu.mx\/#\/schema\/person\/image\/","url":"https:\/\/nitu.mx\/wp-content\/uploads\/2024\/04\/4A315622-1904-4D5C-B022-878CDC840E04-90x90-1.jpeg","contentUrl":"https:\/\/nitu.mx\/wp-content\/uploads\/2024\/04\/4A315622-1904-4D5C-B022-878CDC840E04-90x90-1.jpeg","width":90,"height":90,"caption":"Arturo Medina"},"logo":{"@id":"https:\/\/nitu.mx\/#\/schema\/person\/image\/"},"description":"Director NITU.mx, Egresado de la Escuela de Periodismo Carlos Septi\u00e9n Garc\u00eda. Periodista y analista especializado en turismo desde hace 35 a\u00f1os, radicado en Canc\u00fan Q.Roo. arturo@nitu.mx","sameAs":["https:\/\/nitu.mx","https:\/\/www.facebook.com\/NITUmx\/","medinacancun","https:\/\/twitter.com\/@Arturo_Medina_G"]},{"@type":"Person","@id":"https:\/\/nitu.mx\/#\/schema\/person\/2ecd887b19dfd3382d1f14fc5acf24a8","name":"Alejandra Moncisbays","image":{"@type":"ImageObject","inLanguage":"es-MX","@id":"https:\/\/nitu.mx\/#\/schema\/person\/image\/","url":"https:\/\/secure.gravatar.com\/avatar\/e74f7af0be172b7804dacfd0bfbef787?s=96&d=mm&r=g","contentUrl":"https:\/\/secure.gravatar.com\/avatar\/e74f7af0be172b7804dacfd0bfbef787?s=96&d=mm&r=g","caption":"Alejandra Moncisbays"},"description":"Curs\u00e9 la carrera de Periodismo y Comunicaci\u00f3n en la Facultad de Estudios Profesionales Acatl\u00e1n. Vivo en Canc\u00fan desde hace 24 a\u00f1os. Fui reportera de La Tarde de Canc\u00fan, y Novedades de Quintana Roo, colabor\u00e9 en TVCUN, edit\u00e9 Cancun\u00edssimo y colabor\u00e9 en las revistas Latitud21, entre otras, con principal enfoque en los sectores empresarial y tur\u00edstico. Desde hace varios a\u00f1os soy Agente de Seguros con c\u00e9dula de la Comisi\u00f3n Nacional de Seguros y Fianzas. Actualmente, me desarrollo en los \u00e1mbitos del periodismo y el sector asegurador.","sameAs":["https:\/\/nitu.mx"],"url":"https:\/\/nitu.mx\/index.php\/author\/alejandra\/"}]}},"views":1096,"_links":{"self":[{"href":"https:\/\/nitu.mx\/index.php\/wp-json\/wp\/v2\/posts\/70759"}],"collection":[{"href":"https:\/\/nitu.mx\/index.php\/wp-json\/wp\/v2\/posts"}],"about":[{"href":"https:\/\/nitu.mx\/index.php\/wp-json\/wp\/v2\/types\/post"}],"author":[{"embeddable":true,"href":"https:\/\/nitu.mx\/index.php\/wp-json\/wp\/v2\/users\/3"}],"replies":[{"embeddable":true,"href":"https:\/\/nitu.mx\/index.php\/wp-json\/wp\/v2\/comments?post=70759"}],"version-history":[{"count":2,"href":"https:\/\/nitu.mx\/index.php\/wp-json\/wp\/v2\/posts\/70759\/revisions"}],"predecessor-version":[{"id":70791,"href":"https:\/\/nitu.mx\/index.php\/wp-json\/wp\/v2\/posts\/70759\/revisions\/70791"}],"wp:featuredmedia":[{"embeddable":true,"href":"https:\/\/nitu.mx\/index.php\/wp-json\/wp\/v2\/media\/69776"}],"wp:attachment":[{"href":"https:\/\/nitu.mx\/index.php\/wp-json\/wp\/v2\/media?parent=70759"}],"wp:term":[{"taxonomy":"category","embeddable":true,"href":"https:\/\/nitu.mx\/index.php\/wp-json\/wp\/v2\/categories?post=70759"},{"taxonomy":"post_tag","embeddable":true,"href":"https:\/\/nitu.mx\/index.php\/wp-json\/wp\/v2\/tags?post=70759"}],"curies":[{"name":"wp","href":"https:\/\/api.w.org\/{rel}","templated":true}]}}