{"id":70730,"date":"2024-05-01T15:37:04","date_gmt":"2024-05-01T21:37:04","guid":{"rendered":"https:\/\/nitu.mx\/?p=70730"},"modified":"2024-05-01T23:04:01","modified_gmt":"2024-05-02T05:04:01","slug":"mexico-destaca-su-recuperacion-turistica-en-reunion-regional-de-onu-turismo","status":"publish","type":"post","link":"https:\/\/nitu.mx\/index.php\/2024\/05\/01\/mexico-destaca-su-recuperacion-turistica-en-reunion-regional-de-onu-turismo\/","title":{"rendered":"M\u00e9xico destaca su recuperaci\u00f3n tur\u00edstica en reuni\u00f3n regional de ONU Turismo"},"content":{"rendered":"\n<p>M\u00e9xico particip\u00f3 en\u00a0la 69\u00aa Reuni\u00f3n de la Comisi\u00f3n Regional de la ONU Turismo, que este a\u00f1o tuvo como lema el impulso al turismo comunitario y sostenible; y fue encabezada por el secretario general de este organismo, Zurab Pololikashvili, en Varadero, Cuba, con el prop\u00f3sito de analizar y debatir los avances del sector tur\u00edstico en la regi\u00f3n.<\/p>\n\n\n\n<p>El secretario de Turismo, Miguel Torruco Marqu\u00e9s, dialog\u00f3 con sus hom\u00f3logos y asistentes sobre los retos y oportunidades del ramo, el cual representa un importante motor para la econom\u00eda de las Am\u00e9ricas.<\/p>\n\n\n\n<p>El funcionario expuso los programas y acciones de la dependencia a su cargo para impulsar el sector, en coordinaci\u00f3n con otras Secretar\u00edas, autoridades de los tres \u00f3rdenes de gobierno, y en estrecha coordinaci\u00f3n con el sector privado, con el prop\u00f3sito de desarrollar productos tur\u00edsticos que se adec\u00faen a un viajero m\u00e1s exigente e informado.<\/p>\n\n\n\n<p>Tambi\u00e9n, mencion\u00f3 el fortalecimiento de la infraestructura tur\u00edstica, en autopistas, aeropuertos y trenes, que faciliten el desplazamiento de los turistas, hacia las 270 plazas con vocaci\u00f3n tur\u00edstica que tiene nuestro pa\u00eds.<\/p>\n\n\n\n<p>De acuerdo con las expectativas, al cierre de 2024, M\u00e9xico recibir\u00e1 45.3 millones de turistas internacionales, esto es 7.3% m\u00e1s que el a\u00f1o pasado; y el ingreso de divisas por visitantes internacionales ser\u00e1 de 33 mil 450 millones de d\u00f3lares; lo que representa un incremento de 8.6% m\u00e1s respecto al 2023. Adem\u00e1s, el PIB Tur\u00edstico tendr\u00e1 una contribuci\u00f3n del 8.7% en el PIB Nacional.<\/p>\n\n\n\n<p>Al presentar su informe, el secretario general de ONU Turismo, Zurab Pololikashvili, destac\u00f3 que Am\u00e9rica es una de las regiones donde se empez\u00f3 a hablar y atraer inversiones importantes. Se\u00f1al\u00f3 que la educaci\u00f3n es el futuro de Cuba, de todos los pa\u00edses de Am\u00e9rica y del turismo, y puntualiz\u00f3 que, en nuestro sector, personas de todos los or\u00edgenes pueden encontrar oportunidades y crecer personal y profesionalmente.<\/p>\n\n\n\n<p>Subray\u00f3 la fortaleza del pa\u00eds anfitri\u00f3n y de las naciones que integran la regi\u00f3n en materia tur\u00edstica, as\u00ed como el potencial de desarrollo para este sector, y la relevancia de la colaboraci\u00f3n regional.<\/p>\n\n\n\n<p>Por su parte, el ministro de Turismo de Cuba, Juan Carlos Garc\u00eda Granda, agradeci\u00f3 a ONU Turismo, y a su secretario general Zurab Pololikashvili, por elegir a este pa\u00eds para llevar a cabo su 69\u00aa Reuni\u00f3n de la Comisi\u00f3n Regional.<\/p>\n\n\n\n<p>\u201cEl Gobierno y el pueblo de Cuba dan la bienvenida una vez m\u00e1s, invit\u00e1ndolos a conocer la calidez de nuestro pa\u00eds, y disfrutar de las cosas que los hacen \u00fanicos: su cultura, sus playas y su clima, entre otros. (<a href=\"https:\/\/nitu.mx\/index.php\/2024\/04\/29\/onu-turismo-honra-a-miguel-quintana-pali-por-su-compromiso-con-el-turismo-sostenible\/\">ONU Turismo honra a Miguel Quintana Pali por su compromiso con el turismo sostenible<\/a>).<\/p>\n","protected":false},"excerpt":{"rendered":"<p>M\u00e9xico particip\u00f3 en\u00a0la 69\u00aa Reuni\u00f3n de la Comisi\u00f3n Regional de la ONU Turismo, que este a\u00f1o tuvo como lema el impulso al turismo comunitario y sostenible; y fue encabezada por el secretario general de este organismo, Zurab Pololikashvili, en Varadero, Cuba, con el prop\u00f3sito de analizar y debatir los avances del sector tur\u00edstico en la [&hellip;]<\/p>\n","protected":false},"author":17,"featured_media":70732,"comment_status":"open","ping_status":"open","sticky":false,"template":"","format":"standard","meta":{"footnotes":""},"categories":[12],"tags":[99,24717,11427,161,4230],"yoast_head":"<!-- This site is optimized with the Yoast SEO plugin v22.2 - https:\/\/yoast.com\/wordpress\/plugins\/seo\/ -->\n<title>M\u00e9xico destaca su recuperaci\u00f3n tur\u00edstica en reuni\u00f3n regional de ONU Turismo - Nitu - Noticias de la Industria Turistica<\/title>\n<meta name=\"robots\" content=\"index, follow, max-snippet:-1, max-image-preview:large, max-video-preview:-1\" \/>\n<link rel=\"canonical\" href=\"https:\/\/nitu.mx\/index.php\/2024\/05\/01\/mexico-destaca-su-recuperacion-turistica-en-reunion-regional-de-onu-turismo\/\" \/>\n<meta name=\"twitter:card\" content=\"summary_large_image\" \/>\n<meta name=\"twitter:title\" content=\"M\u00e9xico destaca su recuperaci\u00f3n tur\u00edstica en reuni\u00f3n regional de ONU Turismo - Nitu - Noticias de la Industria Turistica\" \/>\n<meta name=\"twitter:description\" content=\"M\u00e9xico particip\u00f3 en\u00a0la 69\u00aa Reuni\u00f3n de la Comisi\u00f3n Regional de la ONU Turismo, que este a\u00f1o tuvo como lema el impulso al turismo comunitario y sostenible; y fue encabezada por el secretario general de este organismo, Zurab Pololikashvili, en Varadero, Cuba, con el prop\u00f3sito de analizar y debatir los avances del sector tur\u00edstico en la [&hellip;]\" \/>\n<meta name=\"twitter:image\" content=\"https:\/\/nitu.mx\/wp-content\/uploads\/2024\/05\/69a-Reunion-de-la-Comision-Regional-de-la-ONU-Turismo.jpg\" \/>\n<meta name=\"twitter:creator\" content=\"@NITUmx\" \/>\n<meta name=\"twitter:site\" content=\"@Arturo_Medina_G\" \/>\n<meta name=\"twitter:label1\" content=\"Escrito por\" \/>\n\t<meta name=\"twitter:data1\" content=\"Redacci\u00f3n\" \/>\n\t<meta name=\"twitter:label2\" content=\"Tiempo de lectura\" \/>\n\t<meta name=\"twitter:data2\" content=\"2 minutos\" \/>\n<script type=\"application\/ld+json\" class=\"yoast-schema-graph\">{\"@context\":\"https:\/\/schema.org\",\"@graph\":[{\"@type\":\"Article\",\"@id\":\"https:\/\/nitu.mx\/index.php\/2024\/05\/01\/mexico-destaca-su-recuperacion-turistica-en-reunion-regional-de-onu-turismo\/#article\",\"isPartOf\":{\"@id\":\"https:\/\/nitu.mx\/index.php\/2024\/05\/01\/mexico-destaca-su-recuperacion-turistica-en-reunion-regional-de-onu-turismo\/\"},\"author\":{\"name\":\"Redacci\u00f3n\",\"@id\":\"https:\/\/nitu.mx\/#\/schema\/person\/4a28fe9bd65924f7c90623773daf1b0b\"},\"headline\":\"M\u00e9xico destaca su recuperaci\u00f3n tur\u00edstica en reuni\u00f3n regional de ONU Turismo\",\"datePublished\":\"2024-05-01T21:37:04+00:00\",\"dateModified\":\"2024-05-02T05:04:01+00:00\",\"mainEntityOfPage\":{\"@id\":\"https:\/\/nitu.mx\/index.php\/2024\/05\/01\/mexico-destaca-su-recuperacion-turistica-en-reunion-regional-de-onu-turismo\/\"},\"wordCount\":483,\"commentCount\":0,\"publisher\":{\"@id\":\"https:\/\/nitu.mx\/#\/schema\/person\/ae7a53426417292d3dd07b45a33e01bc\"},\"image\":{\"@id\":\"https:\/\/nitu.mx\/index.php\/2024\/05\/01\/mexico-destaca-su-recuperacion-turistica-en-reunion-regional-de-onu-turismo\/#primaryimage\"},\"thumbnailUrl\":\"https:\/\/nitu.mx\/wp-content\/uploads\/2024\/05\/69a-Reunion-de-la-Comision-Regional-de-la-ONU-Turismo.jpg\",\"keywords\":[\"Cuba\",\"ONU Turismo\",\"Tren Maya\",\"Varadero\",\"Zurab Pololikashvili\"],\"articleSection\":[\"Marketing\"],\"inLanguage\":\"es-MX\",\"potentialAction\":[{\"@type\":\"CommentAction\",\"name\":\"Comment\",\"target\":[\"https:\/\/nitu.mx\/index.php\/2024\/05\/01\/mexico-destaca-su-recuperacion-turistica-en-reunion-regional-de-onu-turismo\/#respond\"]}]},{\"@type\":\"WebPage\",\"@id\":\"https:\/\/nitu.mx\/index.php\/2024\/05\/01\/mexico-destaca-su-recuperacion-turistica-en-reunion-regional-de-onu-turismo\/\",\"url\":\"https:\/\/nitu.mx\/index.php\/2024\/05\/01\/mexico-destaca-su-recuperacion-turistica-en-reunion-regional-de-onu-turismo\/\",\"name\":\"M\u00e9xico destaca su recuperaci\u00f3n tur\u00edstica en reuni\u00f3n regional de ONU Turismo - Nitu - Noticias de la Industria Turistica\",\"isPartOf\":{\"@id\":\"https:\/\/nitu.mx\/#website\"},\"primaryImageOfPage\":{\"@id\":\"https:\/\/nitu.mx\/index.php\/2024\/05\/01\/mexico-destaca-su-recuperacion-turistica-en-reunion-regional-de-onu-turismo\/#primaryimage\"},\"image\":{\"@id\":\"https:\/\/nitu.mx\/index.php\/2024\/05\/01\/mexico-destaca-su-recuperacion-turistica-en-reunion-regional-de-onu-turismo\/#primaryimage\"},\"thumbnailUrl\":\"https:\/\/nitu.mx\/wp-content\/uploads\/2024\/05\/69a-Reunion-de-la-Comision-Regional-de-la-ONU-Turismo.jpg\",\"datePublished\":\"2024-05-01T21:37:04+00:00\",\"dateModified\":\"2024-05-02T05:04:01+00:00\",\"breadcrumb\":{\"@id\":\"https:\/\/nitu.mx\/index.php\/2024\/05\/01\/mexico-destaca-su-recuperacion-turistica-en-reunion-regional-de-onu-turismo\/#breadcrumb\"},\"inLanguage\":\"es-MX\",\"potentialAction\":[{\"@type\":\"ReadAction\",\"target\":[\"https:\/\/nitu.mx\/index.php\/2024\/05\/01\/mexico-destaca-su-recuperacion-turistica-en-reunion-regional-de-onu-turismo\/\"]}]},{\"@type\":\"ImageObject\",\"inLanguage\":\"es-MX\",\"@id\":\"https:\/\/nitu.mx\/index.php\/2024\/05\/01\/mexico-destaca-su-recuperacion-turistica-en-reunion-regional-de-onu-turismo\/#primaryimage\",\"url\":\"https:\/\/nitu.mx\/wp-content\/uploads\/2024\/05\/69a-Reunion-de-la-Comision-Regional-de-la-ONU-Turismo.jpg\",\"contentUrl\":\"https:\/\/nitu.mx\/wp-content\/uploads\/2024\/05\/69a-Reunion-de-la-Comision-Regional-de-la-ONU-Turismo.jpg\",\"width\":1200,\"height\":675,\"caption\":\"69\u00aa Reuni\u00f3n de la Comisi\u00f3n Regional de la ONU Turismo\"},{\"@type\":\"BreadcrumbList\",\"@id\":\"https:\/\/nitu.mx\/index.php\/2024\/05\/01\/mexico-destaca-su-recuperacion-turistica-en-reunion-regional-de-onu-turismo\/#breadcrumb\",\"itemListElement\":[{\"@type\":\"ListItem\",\"position\":1,\"name\":\"Inicio\",\"item\":\"https:\/\/nitu.mx\/\"},{\"@type\":\"ListItem\",\"position\":2,\"name\":\"M\u00e9xico destaca su recuperaci\u00f3n tur\u00edstica en reuni\u00f3n regional de ONU Turismo\"}]},{\"@type\":\"WebSite\",\"@id\":\"https:\/\/nitu.mx\/#website\",\"url\":\"https:\/\/nitu.mx\/\",\"name\":\"Nitu - Noticias de la Industria Turistica\",\"description\":\"Noticias de la Industria Turistica\",\"publisher\":{\"@id\":\"https:\/\/nitu.mx\/#\/schema\/person\/ae7a53426417292d3dd07b45a33e01bc\"},\"alternateName\":\"Noticias de la Industria Turistica\",\"potentialAction\":[{\"@type\":\"SearchAction\",\"target\":{\"@type\":\"EntryPoint\",\"urlTemplate\":\"https:\/\/nitu.mx\/?s={search_term_string}\"},\"query-input\":\"required name=search_term_string\"}],\"inLanguage\":\"es-MX\"},{\"@type\":[\"Person\",\"Organization\"],\"@id\":\"https:\/\/nitu.mx\/#\/schema\/person\/ae7a53426417292d3dd07b45a33e01bc\",\"name\":\"Arturo Medina\",\"image\":{\"@type\":\"ImageObject\",\"inLanguage\":\"es-MX\",\"@id\":\"https:\/\/nitu.mx\/#\/schema\/person\/image\/\",\"url\":\"https:\/\/nitu.mx\/wp-content\/uploads\/2024\/04\/4A315622-1904-4D5C-B022-878CDC840E04-90x90-1.jpeg\",\"contentUrl\":\"https:\/\/nitu.mx\/wp-content\/uploads\/2024\/04\/4A315622-1904-4D5C-B022-878CDC840E04-90x90-1.jpeg\",\"width\":90,\"height\":90,\"caption\":\"Arturo Medina\"},\"logo\":{\"@id\":\"https:\/\/nitu.mx\/#\/schema\/person\/image\/\"},\"description\":\"Director NITU.mx, Egresado de la Escuela de Periodismo Carlos Septi\u00e9n Garc\u00eda. Periodista y analista especializado en turismo desde hace 35 a\u00f1os, radicado en Canc\u00fan Q.Roo. arturo@nitu.mx\",\"sameAs\":[\"https:\/\/nitu.mx\",\"https:\/\/www.facebook.com\/NITUmx\/\",\"medinacancun\",\"https:\/\/twitter.com\/@Arturo_Medina_G\"]},{\"@type\":\"Person\",\"@id\":\"https:\/\/nitu.mx\/#\/schema\/person\/4a28fe9bd65924f7c90623773daf1b0b\",\"name\":\"Redacci\u00f3n\",\"image\":{\"@type\":\"ImageObject\",\"inLanguage\":\"es-MX\",\"@id\":\"https:\/\/nitu.mx\/#\/schema\/person\/image\/\",\"url\":\"https:\/\/secure.gravatar.com\/avatar\/5dd011c8ccfc5cd7e4c81e42252aab38?s=96&d=mm&r=g\",\"contentUrl\":\"https:\/\/secure.gravatar.com\/avatar\/5dd011c8ccfc5cd7e4c81e42252aab38?s=96&d=mm&r=g\",\"caption\":\"Redacci\u00f3n\"},\"url\":\"https:\/\/nitu.mx\/index.php\/author\/redaccion\/\"}]}<\/script>\n<!-- \/ Yoast SEO plugin. -->","yoast_head_json":{"title":"M\u00e9xico destaca su recuperaci\u00f3n tur\u00edstica en reuni\u00f3n regional de ONU Turismo - Nitu - Noticias de la Industria Turistica","robots":{"index":"index","follow":"follow","max-snippet":"max-snippet:-1","max-image-preview":"max-image-preview:large","max-video-preview":"max-video-preview:-1"},"canonical":"https:\/\/nitu.mx\/index.php\/2024\/05\/01\/mexico-destaca-su-recuperacion-turistica-en-reunion-regional-de-onu-turismo\/","twitter_card":"summary_large_image","twitter_title":"M\u00e9xico destaca su recuperaci\u00f3n tur\u00edstica en reuni\u00f3n regional de ONU Turismo - Nitu - Noticias de la Industria Turistica","twitter_description":"M\u00e9xico particip\u00f3 en\u00a0la 69\u00aa Reuni\u00f3n de la Comisi\u00f3n Regional de la ONU Turismo, que este a\u00f1o tuvo como lema el impulso al turismo comunitario y sostenible; y fue encabezada por el secretario general de este organismo, Zurab Pololikashvili, en Varadero, Cuba, con el prop\u00f3sito de analizar y debatir los avances del sector tur\u00edstico en la [&hellip;]","twitter_image":"https:\/\/nitu.mx\/wp-content\/uploads\/2024\/05\/69a-Reunion-de-la-Comision-Regional-de-la-ONU-Turismo.jpg","twitter_creator":"@NITUmx","twitter_site":"@Arturo_Medina_G","twitter_misc":{"Escrito por":"Redacci\u00f3n","Tiempo de lectura":"2 minutos"},"schema":{"@context":"https:\/\/schema.org","@graph":[{"@type":"Article","@id":"https:\/\/nitu.mx\/index.php\/2024\/05\/01\/mexico-destaca-su-recuperacion-turistica-en-reunion-regional-de-onu-turismo\/#article","isPartOf":{"@id":"https:\/\/nitu.mx\/index.php\/2024\/05\/01\/mexico-destaca-su-recuperacion-turistica-en-reunion-regional-de-onu-turismo\/"},"author":{"name":"Redacci\u00f3n","@id":"https:\/\/nitu.mx\/#\/schema\/person\/4a28fe9bd65924f7c90623773daf1b0b"},"headline":"M\u00e9xico destaca su recuperaci\u00f3n tur\u00edstica en reuni\u00f3n regional de ONU Turismo","datePublished":"2024-05-01T21:37:04+00:00","dateModified":"2024-05-02T05:04:01+00:00","mainEntityOfPage":{"@id":"https:\/\/nitu.mx\/index.php\/2024\/05\/01\/mexico-destaca-su-recuperacion-turistica-en-reunion-regional-de-onu-turismo\/"},"wordCount":483,"commentCount":0,"publisher":{"@id":"https:\/\/nitu.mx\/#\/schema\/person\/ae7a53426417292d3dd07b45a33e01bc"},"image":{"@id":"https:\/\/nitu.mx\/index.php\/2024\/05\/01\/mexico-destaca-su-recuperacion-turistica-en-reunion-regional-de-onu-turismo\/#primaryimage"},"thumbnailUrl":"https:\/\/nitu.mx\/wp-content\/uploads\/2024\/05\/69a-Reunion-de-la-Comision-Regional-de-la-ONU-Turismo.jpg","keywords":["Cuba","ONU Turismo","Tren Maya","Varadero","Zurab Pololikashvili"],"articleSection":["Marketing"],"inLanguage":"es-MX","potentialAction":[{"@type":"CommentAction","name":"Comment","target":["https:\/\/nitu.mx\/index.php\/2024\/05\/01\/mexico-destaca-su-recuperacion-turistica-en-reunion-regional-de-onu-turismo\/#respond"]}]},{"@type":"WebPage","@id":"https:\/\/nitu.mx\/index.php\/2024\/05\/01\/mexico-destaca-su-recuperacion-turistica-en-reunion-regional-de-onu-turismo\/","url":"https:\/\/nitu.mx\/index.php\/2024\/05\/01\/mexico-destaca-su-recuperacion-turistica-en-reunion-regional-de-onu-turismo\/","name":"M\u00e9xico destaca su recuperaci\u00f3n tur\u00edstica en reuni\u00f3n regional de ONU Turismo - Nitu - Noticias de la Industria Turistica","isPartOf":{"@id":"https:\/\/nitu.mx\/#website"},"primaryImageOfPage":{"@id":"https:\/\/nitu.mx\/index.php\/2024\/05\/01\/mexico-destaca-su-recuperacion-turistica-en-reunion-regional-de-onu-turismo\/#primaryimage"},"image":{"@id":"https:\/\/nitu.mx\/index.php\/2024\/05\/01\/mexico-destaca-su-recuperacion-turistica-en-reunion-regional-de-onu-turismo\/#primaryimage"},"thumbnailUrl":"https:\/\/nitu.mx\/wp-content\/uploads\/2024\/05\/69a-Reunion-de-la-Comision-Regional-de-la-ONU-Turismo.jpg","datePublished":"2024-05-01T21:37:04+00:00","dateModified":"2024-05-02T05:04:01+00:00","breadcrumb":{"@id":"https:\/\/nitu.mx\/index.php\/2024\/05\/01\/mexico-destaca-su-recuperacion-turistica-en-reunion-regional-de-onu-turismo\/#breadcrumb"},"inLanguage":"es-MX","potentialAction":[{"@type":"ReadAction","target":["https:\/\/nitu.mx\/index.php\/2024\/05\/01\/mexico-destaca-su-recuperacion-turistica-en-reunion-regional-de-onu-turismo\/"]}]},{"@type":"ImageObject","inLanguage":"es-MX","@id":"https:\/\/nitu.mx\/index.php\/2024\/05\/01\/mexico-destaca-su-recuperacion-turistica-en-reunion-regional-de-onu-turismo\/#primaryimage","url":"https:\/\/nitu.mx\/wp-content\/uploads\/2024\/05\/69a-Reunion-de-la-Comision-Regional-de-la-ONU-Turismo.jpg","contentUrl":"https:\/\/nitu.mx\/wp-content\/uploads\/2024\/05\/69a-Reunion-de-la-Comision-Regional-de-la-ONU-Turismo.jpg","width":1200,"height":675,"caption":"69\u00aa Reuni\u00f3n de la Comisi\u00f3n Regional de la ONU Turismo"},{"@type":"BreadcrumbList","@id":"https:\/\/nitu.mx\/index.php\/2024\/05\/01\/mexico-destaca-su-recuperacion-turistica-en-reunion-regional-de-onu-turismo\/#breadcrumb","itemListElement":[{"@type":"ListItem","position":1,"name":"Inicio","item":"https:\/\/nitu.mx\/"},{"@type":"ListItem","position":2,"name":"M\u00e9xico destaca su recuperaci\u00f3n tur\u00edstica en reuni\u00f3n regional de ONU Turismo"}]},{"@type":"WebSite","@id":"https:\/\/nitu.mx\/#website","url":"https:\/\/nitu.mx\/","name":"Nitu - Noticias de la Industria Turistica","description":"Noticias de la Industria Turistica","publisher":{"@id":"https:\/\/nitu.mx\/#\/schema\/person\/ae7a53426417292d3dd07b45a33e01bc"},"alternateName":"Noticias de la Industria Turistica","potentialAction":[{"@type":"SearchAction","target":{"@type":"EntryPoint","urlTemplate":"https:\/\/nitu.mx\/?s={search_term_string}"},"query-input":"required name=search_term_string"}],"inLanguage":"es-MX"},{"@type":["Person","Organization"],"@id":"https:\/\/nitu.mx\/#\/schema\/person\/ae7a53426417292d3dd07b45a33e01bc","name":"Arturo Medina","image":{"@type":"ImageObject","inLanguage":"es-MX","@id":"https:\/\/nitu.mx\/#\/schema\/person\/image\/","url":"https:\/\/nitu.mx\/wp-content\/uploads\/2024\/04\/4A315622-1904-4D5C-B022-878CDC840E04-90x90-1.jpeg","contentUrl":"https:\/\/nitu.mx\/wp-content\/uploads\/2024\/04\/4A315622-1904-4D5C-B022-878CDC840E04-90x90-1.jpeg","width":90,"height":90,"caption":"Arturo Medina"},"logo":{"@id":"https:\/\/nitu.mx\/#\/schema\/person\/image\/"},"description":"Director NITU.mx, Egresado de la Escuela de Periodismo Carlos Septi\u00e9n Garc\u00eda. Periodista y analista especializado en turismo desde hace 35 a\u00f1os, radicado en Canc\u00fan Q.Roo. arturo@nitu.mx","sameAs":["https:\/\/nitu.mx","https:\/\/www.facebook.com\/NITUmx\/","medinacancun","https:\/\/twitter.com\/@Arturo_Medina_G"]},{"@type":"Person","@id":"https:\/\/nitu.mx\/#\/schema\/person\/4a28fe9bd65924f7c90623773daf1b0b","name":"Redacci\u00f3n","image":{"@type":"ImageObject","inLanguage":"es-MX","@id":"https:\/\/nitu.mx\/#\/schema\/person\/image\/","url":"https:\/\/secure.gravatar.com\/avatar\/5dd011c8ccfc5cd7e4c81e42252aab38?s=96&d=mm&r=g","contentUrl":"https:\/\/secure.gravatar.com\/avatar\/5dd011c8ccfc5cd7e4c81e42252aab38?s=96&d=mm&r=g","caption":"Redacci\u00f3n"},"url":"https:\/\/nitu.mx\/index.php\/author\/redaccion\/"}]}},"views":1205,"_links":{"self":[{"href":"https:\/\/nitu.mx\/index.php\/wp-json\/wp\/v2\/posts\/70730"}],"collection":[{"href":"https:\/\/nitu.mx\/index.php\/wp-json\/wp\/v2\/posts"}],"about":[{"href":"https:\/\/nitu.mx\/index.php\/wp-json\/wp\/v2\/types\/post"}],"author":[{"embeddable":true,"href":"https:\/\/nitu.mx\/index.php\/wp-json\/wp\/v2\/users\/17"}],"replies":[{"embeddable":true,"href":"https:\/\/nitu.mx\/index.php\/wp-json\/wp\/v2\/comments?post=70730"}],"version-history":[{"count":1,"href":"https:\/\/nitu.mx\/index.php\/wp-json\/wp\/v2\/posts\/70730\/revisions"}],"predecessor-version":[{"id":70733,"href":"https:\/\/nitu.mx\/index.php\/wp-json\/wp\/v2\/posts\/70730\/revisions\/70733"}],"wp:featuredmedia":[{"embeddable":true,"href":"https:\/\/nitu.mx\/index.php\/wp-json\/wp\/v2\/media\/70732"}],"wp:attachment":[{"href":"https:\/\/nitu.mx\/index.php\/wp-json\/wp\/v2\/media?parent=70730"}],"wp:term":[{"taxonomy":"category","embeddable":true,"href":"https:\/\/nitu.mx\/index.php\/wp-json\/wp\/v2\/categories?post=70730"},{"taxonomy":"post_tag","embeddable":true,"href":"https:\/\/nitu.mx\/index.php\/wp-json\/wp\/v2\/tags?post=70730"}],"curies":[{"name":"wp","href":"https:\/\/api.w.org\/{rel}","templated":true}]}}