{"id":7063,"date":"2017-02-16T22:12:13","date_gmt":"2017-02-17T03:12:13","guid":{"rendered":"http:\/\/www.dev.nitu.mx\/?p=7063"},"modified":"2017-02-17T01:17:17","modified_gmt":"2017-02-17T06:17:17","slug":"alitalia-conectara-diariamente-a-roma-con-la-cdmx-durante-el-verano","status":"publish","type":"post","link":"https:\/\/nitu.mx\/index.php\/2017\/02\/16\/alitalia-conectara-diariamente-a-roma-con-la-cdmx-durante-el-verano\/","title":{"rendered":"Alitalia conectar\u00e1 diariamente a Roma con la CDMX durante el verano"},"content":{"rendered":"<p>La aerol\u00ednea Alitalia inform\u00f3 oficialmente que durante el verano volar\u00e1 todos los d\u00edas la ruta entre la Ciudad de M\u00e9xico y Roma, lo que significa incrementar m\u00e1s del doble, las frecuencias que tiene actualmente. A partir del 3 de julio y durante toda la temporada, habr\u00e1 cuatro nuevos vuelos a la semana, que sumados a los tres ya existentes, incrementar\u00e1n la oferta de asientos a tres mil 900 semanales.<\/p>\n<p>Aunque desde ayer, ya algunos medios adelantaban esta informaci\u00f3n, fue hasta hoy que el CEO de la l\u00ednea a\u00e9rea italiana Cramer Ball anunci\u00f3 este incremento de frecuencias, las cuales dijo, se deben al \u00e9xito que ha tenido la ruta desde el inicio de sus operaciones, el 16 de junio del a\u00f1o pasado.<\/p>\n<p>En estos ocho meses, Alitalia ha transportado a m\u00e1s de 40 mil pasajeros, de acuerdo con cifras de la compa\u00f1\u00eda. Por lo que se asegur\u00f3 que cuenta con una fuerte demanda, como los se\u00f1ala Ball,\u00a0\u201cAlitalia no s\u00f3lo tiene como objetivo mejorar los v\u00ednculos econ\u00f3micos, culturales y el flujo de turismo entre Italia y M\u00e9xico, sino que tambi\u00e9n est\u00e1 preparada para fortalecer su posici\u00f3n como una compa\u00f1\u00eda de servicios y aerol\u00ednea l\u00edder en Am\u00e9rica Latina\u201d.<\/p>\n<p>El ejecutivo destac\u00f3 que este vuelo permite la conexi\u00f3n de viajeros desde 17 aeropuertos en Italia y otras 29 terminales a\u00e9reas extranjeras. Mientras que en M\u00e9xico, gracias al acuerdo que sostienen con Interjet, pueden conectar con ciudades como Canc\u00fan, M\u00e9rida, Monterrey, Guadalajara, Villahermosa, Ciudad Ju\u00e1rez y Chihuahua.<\/p>\n<p>Adem\u00e1s, fortalecer\u00e1 su presencia en Latinoam\u00e9rica, pues en esta temporada Alitalia tambi\u00e9n operar\u00e1 31 frecuencias semanales desde la Ciudad de M\u00e9xico a Buenos Aires, Sao Paulo, Santiago, R\u00edo de Janeiro y La Habana. Que sumados a los 63 vuelos semanales que habr\u00e1 de Norteam\u00e9rica hacia 12 destinos de Am\u00e9rica Latina, sumar\u00e1 94 vuelos a la semana, en todo el continente.<\/p>\n<p>Para los pr\u00f3ximos meses se espera un repunte en la conectividad a\u00e9rea de M\u00e9xico con varias partes del mundo. Tan solo ayer inform\u00e1bamos en <em><strong>NITU.mx<\/strong><\/em> el\u00a0arribo de la aerol\u00ednea m\u00e1s importante de Jap\u00f3n, a la capital mexicana.\u00a0(<a title=\"ANA llega a M\u00e9xico en horario privilegiado\" href=\"http:\/\/www.dev.nitu.mx\/index.php\/2017\/02\/16\/ana-llega-a-mexico-en-horario-privilegiado\/\" rel=\"bookmark\">ANA llega a M\u00e9xico en horario privilegiado<\/a>).<\/p>\n","protected":false},"excerpt":{"rendered":"<p>La aerol\u00ednea Alitalia inform\u00f3 oficialmente que durante el verano volar\u00e1 todos los d\u00edas la ruta entre la Ciudad de M\u00e9xico y Roma, lo que significa incrementar m\u00e1s del doble, las frecuencias que tiene actualmente. A partir del 3 de julio y durante toda la temporada, habr\u00e1 cuatro nuevos vuelos a la semana, que sumados a [&hellip;]<\/p>\n","protected":false},"author":5,"featured_media":7065,"comment_status":"open","ping_status":"open","sticky":false,"template":"","format":"standard","meta":{"footnotes":""},"categories":[29,374],"tags":[1308,3143,172],"yoast_head":"<!-- This site is optimized with the Yoast SEO plugin v22.2 - https:\/\/yoast.com\/wordpress\/plugins\/seo\/ -->\n<title>Alitalia conectar\u00e1 diariamente a Roma con la CDMX durante el verano - Nitu - Noticias de la Industria Turistica<\/title>\n<meta name=\"description\" content=\"Alitalia volar\u00e1 diariamente la ruta Roma- CDMX en verano. Ser\u00e1n cuatro nuevos vuelos a la semana, que se suman a los tres ya existentes.\" \/>\n<meta name=\"robots\" content=\"index, follow, max-snippet:-1, max-image-preview:large, max-video-preview:-1\" \/>\n<link rel=\"canonical\" href=\"https:\/\/nitu.mx\/index.php\/2017\/02\/16\/alitalia-conectara-diariamente-a-roma-con-la-cdmx-durante-el-verano\/\" \/>\n<meta name=\"twitter:card\" content=\"summary_large_image\" \/>\n<meta name=\"twitter:title\" content=\"Alitalia conectar\u00e1 diariamente a Roma con la CDMX durante el verano - Nitu - Noticias de la Industria Turistica\" \/>\n<meta name=\"twitter:description\" content=\"Alitalia volar\u00e1 diariamente la ruta Roma- CDMX en verano. Ser\u00e1n cuatro nuevos vuelos a la semana, que se suman a los tres ya existentes.\" \/>\n<meta name=\"twitter:image\" content=\"https:\/\/nitu.mx\/wp-content\/uploads\/2017\/02\/Alitalia.jpg\" \/>\n<meta name=\"twitter:creator\" content=\"@NITUmx\" \/>\n<meta name=\"twitter:site\" content=\"@Arturo_Medina_G\" \/>\n<meta name=\"twitter:label1\" content=\"Escrito por\" \/>\n\t<meta name=\"twitter:data1\" content=\"Mari Soto\" \/>\n\t<meta name=\"twitter:label2\" content=\"Tiempo de lectura\" \/>\n\t<meta name=\"twitter:data2\" content=\"2 minutos\" \/>\n<script type=\"application\/ld+json\" class=\"yoast-schema-graph\">{\"@context\":\"https:\/\/schema.org\",\"@graph\":[{\"@type\":\"Article\",\"@id\":\"https:\/\/nitu.mx\/index.php\/2017\/02\/16\/alitalia-conectara-diariamente-a-roma-con-la-cdmx-durante-el-verano\/#article\",\"isPartOf\":{\"@id\":\"https:\/\/nitu.mx\/index.php\/2017\/02\/16\/alitalia-conectara-diariamente-a-roma-con-la-cdmx-durante-el-verano\/\"},\"author\":{\"name\":\"Mari Soto\",\"@id\":\"https:\/\/nitu.mx\/#\/schema\/person\/afc52e313e27e660739556d421d3d6b4\"},\"headline\":\"Alitalia conectar\u00e1 diariamente a Roma con la CDMX durante el verano\",\"datePublished\":\"2017-02-17T03:12:13+00:00\",\"dateModified\":\"2017-02-17T06:17:17+00:00\",\"mainEntityOfPage\":{\"@id\":\"https:\/\/nitu.mx\/index.php\/2017\/02\/16\/alitalia-conectara-diariamente-a-roma-con-la-cdmx-durante-el-verano\/\"},\"wordCount\":393,\"commentCount\":0,\"publisher\":{\"@id\":\"https:\/\/nitu.mx\/#\/schema\/person\/ae7a53426417292d3dd07b45a33e01bc\"},\"image\":{\"@id\":\"https:\/\/nitu.mx\/index.php\/2017\/02\/16\/alitalia-conectara-diariamente-a-roma-con-la-cdmx-durante-el-verano\/#primaryimage\"},\"thumbnailUrl\":\"https:\/\/nitu.mx\/wp-content\/uploads\/2017\/02\/Alitalia.jpg\",\"keywords\":[\"Alitalia\",\"Cramer Ball\",\"Interjet\"],\"articleSection\":[\"Aerol\u00edneas\",\"Internacional\"],\"inLanguage\":\"es-MX\",\"potentialAction\":[{\"@type\":\"CommentAction\",\"name\":\"Comment\",\"target\":[\"https:\/\/nitu.mx\/index.php\/2017\/02\/16\/alitalia-conectara-diariamente-a-roma-con-la-cdmx-durante-el-verano\/#respond\"]}]},{\"@type\":\"WebPage\",\"@id\":\"https:\/\/nitu.mx\/index.php\/2017\/02\/16\/alitalia-conectara-diariamente-a-roma-con-la-cdmx-durante-el-verano\/\",\"url\":\"https:\/\/nitu.mx\/index.php\/2017\/02\/16\/alitalia-conectara-diariamente-a-roma-con-la-cdmx-durante-el-verano\/\",\"name\":\"Alitalia conectar\u00e1 diariamente a Roma con la CDMX durante el verano - Nitu - Noticias de la Industria Turistica\",\"isPartOf\":{\"@id\":\"https:\/\/nitu.mx\/#website\"},\"primaryImageOfPage\":{\"@id\":\"https:\/\/nitu.mx\/index.php\/2017\/02\/16\/alitalia-conectara-diariamente-a-roma-con-la-cdmx-durante-el-verano\/#primaryimage\"},\"image\":{\"@id\":\"https:\/\/nitu.mx\/index.php\/2017\/02\/16\/alitalia-conectara-diariamente-a-roma-con-la-cdmx-durante-el-verano\/#primaryimage\"},\"thumbnailUrl\":\"https:\/\/nitu.mx\/wp-content\/uploads\/2017\/02\/Alitalia.jpg\",\"datePublished\":\"2017-02-17T03:12:13+00:00\",\"dateModified\":\"2017-02-17T06:17:17+00:00\",\"description\":\"Alitalia volar\u00e1 diariamente la ruta Roma- CDMX en verano. Ser\u00e1n cuatro nuevos vuelos a la semana, que se suman a los tres ya existentes.\",\"breadcrumb\":{\"@id\":\"https:\/\/nitu.mx\/index.php\/2017\/02\/16\/alitalia-conectara-diariamente-a-roma-con-la-cdmx-durante-el-verano\/#breadcrumb\"},\"inLanguage\":\"es-MX\",\"potentialAction\":[{\"@type\":\"ReadAction\",\"target\":[\"https:\/\/nitu.mx\/index.php\/2017\/02\/16\/alitalia-conectara-diariamente-a-roma-con-la-cdmx-durante-el-verano\/\"]}]},{\"@type\":\"ImageObject\",\"inLanguage\":\"es-MX\",\"@id\":\"https:\/\/nitu.mx\/index.php\/2017\/02\/16\/alitalia-conectara-diariamente-a-roma-con-la-cdmx-durante-el-verano\/#primaryimage\",\"url\":\"https:\/\/nitu.mx\/wp-content\/uploads\/2017\/02\/Alitalia.jpg\",\"contentUrl\":\"https:\/\/nitu.mx\/wp-content\/uploads\/2017\/02\/Alitalia.jpg\",\"width\":850,\"height\":480,\"caption\":\"Alitalia\"},{\"@type\":\"BreadcrumbList\",\"@id\":\"https:\/\/nitu.mx\/index.php\/2017\/02\/16\/alitalia-conectara-diariamente-a-roma-con-la-cdmx-durante-el-verano\/#breadcrumb\",\"itemListElement\":[{\"@type\":\"ListItem\",\"position\":1,\"name\":\"Inicio\",\"item\":\"https:\/\/nitu.mx\/\"},{\"@type\":\"ListItem\",\"position\":2,\"name\":\"Alitalia conectar\u00e1 diariamente a Roma con la CDMX durante el verano\"}]},{\"@type\":\"WebSite\",\"@id\":\"https:\/\/nitu.mx\/#website\",\"url\":\"https:\/\/nitu.mx\/\",\"name\":\"Nitu - Noticias de la Industria Turistica\",\"description\":\"Noticias de la Industria Turistica\",\"publisher\":{\"@id\":\"https:\/\/nitu.mx\/#\/schema\/person\/ae7a53426417292d3dd07b45a33e01bc\"},\"alternateName\":\"Noticias de la Industria Turistica\",\"potentialAction\":[{\"@type\":\"SearchAction\",\"target\":{\"@type\":\"EntryPoint\",\"urlTemplate\":\"https:\/\/nitu.mx\/?s={search_term_string}\"},\"query-input\":\"required name=search_term_string\"}],\"inLanguage\":\"es-MX\"},{\"@type\":[\"Person\",\"Organization\"],\"@id\":\"https:\/\/nitu.mx\/#\/schema\/person\/ae7a53426417292d3dd07b45a33e01bc\",\"name\":\"Arturo Medina\",\"image\":{\"@type\":\"ImageObject\",\"inLanguage\":\"es-MX\",\"@id\":\"https:\/\/nitu.mx\/#\/schema\/person\/image\/\",\"url\":\"https:\/\/nitu.mx\/wp-content\/uploads\/2024\/04\/4A315622-1904-4D5C-B022-878CDC840E04-90x90-1.jpeg\",\"contentUrl\":\"https:\/\/nitu.mx\/wp-content\/uploads\/2024\/04\/4A315622-1904-4D5C-B022-878CDC840E04-90x90-1.jpeg\",\"width\":90,\"height\":90,\"caption\":\"Arturo Medina\"},\"logo\":{\"@id\":\"https:\/\/nitu.mx\/#\/schema\/person\/image\/\"},\"description\":\"Director NITU.mx, Egresado de la Escuela de Periodismo Carlos Septi\u00e9n Garc\u00eda. Periodista y analista especializado en turismo desde hace 35 a\u00f1os, radicado en Canc\u00fan Q.Roo. arturo@nitu.mx\",\"sameAs\":[\"https:\/\/nitu.mx\",\"https:\/\/www.facebook.com\/NITUmx\/\",\"medinacancun\",\"https:\/\/twitter.com\/@Arturo_Medina_G\"]},{\"@type\":\"Person\",\"@id\":\"https:\/\/nitu.mx\/#\/schema\/person\/afc52e313e27e660739556d421d3d6b4\",\"name\":\"Mari Soto\",\"image\":{\"@type\":\"ImageObject\",\"inLanguage\":\"es-MX\",\"@id\":\"https:\/\/nitu.mx\/#\/schema\/person\/image\/\",\"url\":\"https:\/\/secure.gravatar.com\/avatar\/2619c282a180a20d89fcaea82a6736e2?s=96&d=mm&r=g\",\"contentUrl\":\"https:\/\/secure.gravatar.com\/avatar\/2619c282a180a20d89fcaea82a6736e2?s=96&d=mm&r=g\",\"caption\":\"Mari Soto\"},\"sameAs\":[\"https:\/\/nitu.mx\"],\"url\":\"https:\/\/nitu.mx\/index.php\/author\/guadalupe\/\"}]}<\/script>\n<!-- \/ Yoast SEO plugin. -->","yoast_head_json":{"title":"Alitalia conectar\u00e1 diariamente a Roma con la CDMX durante el verano - Nitu - Noticias de la Industria Turistica","description":"Alitalia volar\u00e1 diariamente la ruta Roma- CDMX en verano. Ser\u00e1n cuatro nuevos vuelos a la semana, que se suman a los tres ya existentes.","robots":{"index":"index","follow":"follow","max-snippet":"max-snippet:-1","max-image-preview":"max-image-preview:large","max-video-preview":"max-video-preview:-1"},"canonical":"https:\/\/nitu.mx\/index.php\/2017\/02\/16\/alitalia-conectara-diariamente-a-roma-con-la-cdmx-durante-el-verano\/","twitter_card":"summary_large_image","twitter_title":"Alitalia conectar\u00e1 diariamente a Roma con la CDMX durante el verano - Nitu - Noticias de la Industria Turistica","twitter_description":"Alitalia volar\u00e1 diariamente la ruta Roma- CDMX en verano. Ser\u00e1n cuatro nuevos vuelos a la semana, que se suman a los tres ya existentes.","twitter_image":"https:\/\/nitu.mx\/wp-content\/uploads\/2017\/02\/Alitalia.jpg","twitter_creator":"@NITUmx","twitter_site":"@Arturo_Medina_G","twitter_misc":{"Escrito por":"Mari Soto","Tiempo de lectura":"2 minutos"},"schema":{"@context":"https:\/\/schema.org","@graph":[{"@type":"Article","@id":"https:\/\/nitu.mx\/index.php\/2017\/02\/16\/alitalia-conectara-diariamente-a-roma-con-la-cdmx-durante-el-verano\/#article","isPartOf":{"@id":"https:\/\/nitu.mx\/index.php\/2017\/02\/16\/alitalia-conectara-diariamente-a-roma-con-la-cdmx-durante-el-verano\/"},"author":{"name":"Mari Soto","@id":"https:\/\/nitu.mx\/#\/schema\/person\/afc52e313e27e660739556d421d3d6b4"},"headline":"Alitalia conectar\u00e1 diariamente a Roma con la CDMX durante el verano","datePublished":"2017-02-17T03:12:13+00:00","dateModified":"2017-02-17T06:17:17+00:00","mainEntityOfPage":{"@id":"https:\/\/nitu.mx\/index.php\/2017\/02\/16\/alitalia-conectara-diariamente-a-roma-con-la-cdmx-durante-el-verano\/"},"wordCount":393,"commentCount":0,"publisher":{"@id":"https:\/\/nitu.mx\/#\/schema\/person\/ae7a53426417292d3dd07b45a33e01bc"},"image":{"@id":"https:\/\/nitu.mx\/index.php\/2017\/02\/16\/alitalia-conectara-diariamente-a-roma-con-la-cdmx-durante-el-verano\/#primaryimage"},"thumbnailUrl":"https:\/\/nitu.mx\/wp-content\/uploads\/2017\/02\/Alitalia.jpg","keywords":["Alitalia","Cramer Ball","Interjet"],"articleSection":["Aerol\u00edneas","Internacional"],"inLanguage":"es-MX","potentialAction":[{"@type":"CommentAction","name":"Comment","target":["https:\/\/nitu.mx\/index.php\/2017\/02\/16\/alitalia-conectara-diariamente-a-roma-con-la-cdmx-durante-el-verano\/#respond"]}]},{"@type":"WebPage","@id":"https:\/\/nitu.mx\/index.php\/2017\/02\/16\/alitalia-conectara-diariamente-a-roma-con-la-cdmx-durante-el-verano\/","url":"https:\/\/nitu.mx\/index.php\/2017\/02\/16\/alitalia-conectara-diariamente-a-roma-con-la-cdmx-durante-el-verano\/","name":"Alitalia conectar\u00e1 diariamente a Roma con la CDMX durante el verano - Nitu - Noticias de la Industria Turistica","isPartOf":{"@id":"https:\/\/nitu.mx\/#website"},"primaryImageOfPage":{"@id":"https:\/\/nitu.mx\/index.php\/2017\/02\/16\/alitalia-conectara-diariamente-a-roma-con-la-cdmx-durante-el-verano\/#primaryimage"},"image":{"@id":"https:\/\/nitu.mx\/index.php\/2017\/02\/16\/alitalia-conectara-diariamente-a-roma-con-la-cdmx-durante-el-verano\/#primaryimage"},"thumbnailUrl":"https:\/\/nitu.mx\/wp-content\/uploads\/2017\/02\/Alitalia.jpg","datePublished":"2017-02-17T03:12:13+00:00","dateModified":"2017-02-17T06:17:17+00:00","description":"Alitalia volar\u00e1 diariamente la ruta Roma- CDMX en verano. Ser\u00e1n cuatro nuevos vuelos a la semana, que se suman a los tres ya existentes.","breadcrumb":{"@id":"https:\/\/nitu.mx\/index.php\/2017\/02\/16\/alitalia-conectara-diariamente-a-roma-con-la-cdmx-durante-el-verano\/#breadcrumb"},"inLanguage":"es-MX","potentialAction":[{"@type":"ReadAction","target":["https:\/\/nitu.mx\/index.php\/2017\/02\/16\/alitalia-conectara-diariamente-a-roma-con-la-cdmx-durante-el-verano\/"]}]},{"@type":"ImageObject","inLanguage":"es-MX","@id":"https:\/\/nitu.mx\/index.php\/2017\/02\/16\/alitalia-conectara-diariamente-a-roma-con-la-cdmx-durante-el-verano\/#primaryimage","url":"https:\/\/nitu.mx\/wp-content\/uploads\/2017\/02\/Alitalia.jpg","contentUrl":"https:\/\/nitu.mx\/wp-content\/uploads\/2017\/02\/Alitalia.jpg","width":850,"height":480,"caption":"Alitalia"},{"@type":"BreadcrumbList","@id":"https:\/\/nitu.mx\/index.php\/2017\/02\/16\/alitalia-conectara-diariamente-a-roma-con-la-cdmx-durante-el-verano\/#breadcrumb","itemListElement":[{"@type":"ListItem","position":1,"name":"Inicio","item":"https:\/\/nitu.mx\/"},{"@type":"ListItem","position":2,"name":"Alitalia conectar\u00e1 diariamente a Roma con la CDMX durante el verano"}]},{"@type":"WebSite","@id":"https:\/\/nitu.mx\/#website","url":"https:\/\/nitu.mx\/","name":"Nitu - Noticias de la Industria Turistica","description":"Noticias de la Industria Turistica","publisher":{"@id":"https:\/\/nitu.mx\/#\/schema\/person\/ae7a53426417292d3dd07b45a33e01bc"},"alternateName":"Noticias de la Industria Turistica","potentialAction":[{"@type":"SearchAction","target":{"@type":"EntryPoint","urlTemplate":"https:\/\/nitu.mx\/?s={search_term_string}"},"query-input":"required name=search_term_string"}],"inLanguage":"es-MX"},{"@type":["Person","Organization"],"@id":"https:\/\/nitu.mx\/#\/schema\/person\/ae7a53426417292d3dd07b45a33e01bc","name":"Arturo Medina","image":{"@type":"ImageObject","inLanguage":"es-MX","@id":"https:\/\/nitu.mx\/#\/schema\/person\/image\/","url":"https:\/\/nitu.mx\/wp-content\/uploads\/2024\/04\/4A315622-1904-4D5C-B022-878CDC840E04-90x90-1.jpeg","contentUrl":"https:\/\/nitu.mx\/wp-content\/uploads\/2024\/04\/4A315622-1904-4D5C-B022-878CDC840E04-90x90-1.jpeg","width":90,"height":90,"caption":"Arturo Medina"},"logo":{"@id":"https:\/\/nitu.mx\/#\/schema\/person\/image\/"},"description":"Director NITU.mx, Egresado de la Escuela de Periodismo Carlos Septi\u00e9n Garc\u00eda. Periodista y analista especializado en turismo desde hace 35 a\u00f1os, radicado en Canc\u00fan Q.Roo. arturo@nitu.mx","sameAs":["https:\/\/nitu.mx","https:\/\/www.facebook.com\/NITUmx\/","medinacancun","https:\/\/twitter.com\/@Arturo_Medina_G"]},{"@type":"Person","@id":"https:\/\/nitu.mx\/#\/schema\/person\/afc52e313e27e660739556d421d3d6b4","name":"Mari Soto","image":{"@type":"ImageObject","inLanguage":"es-MX","@id":"https:\/\/nitu.mx\/#\/schema\/person\/image\/","url":"https:\/\/secure.gravatar.com\/avatar\/2619c282a180a20d89fcaea82a6736e2?s=96&d=mm&r=g","contentUrl":"https:\/\/secure.gravatar.com\/avatar\/2619c282a180a20d89fcaea82a6736e2?s=96&d=mm&r=g","caption":"Mari Soto"},"sameAs":["https:\/\/nitu.mx"],"url":"https:\/\/nitu.mx\/index.php\/author\/guadalupe\/"}]}},"views":200,"_links":{"self":[{"href":"https:\/\/nitu.mx\/index.php\/wp-json\/wp\/v2\/posts\/7063"}],"collection":[{"href":"https:\/\/nitu.mx\/index.php\/wp-json\/wp\/v2\/posts"}],"about":[{"href":"https:\/\/nitu.mx\/index.php\/wp-json\/wp\/v2\/types\/post"}],"author":[{"embeddable":true,"href":"https:\/\/nitu.mx\/index.php\/wp-json\/wp\/v2\/users\/5"}],"replies":[{"embeddable":true,"href":"https:\/\/nitu.mx\/index.php\/wp-json\/wp\/v2\/comments?post=7063"}],"version-history":[{"count":2,"href":"https:\/\/nitu.mx\/index.php\/wp-json\/wp\/v2\/posts\/7063\/revisions"}],"predecessor-version":[{"id":7066,"href":"https:\/\/nitu.mx\/index.php\/wp-json\/wp\/v2\/posts\/7063\/revisions\/7066"}],"wp:featuredmedia":[{"embeddable":true,"href":"https:\/\/nitu.mx\/index.php\/wp-json\/wp\/v2\/media\/7065"}],"wp:attachment":[{"href":"https:\/\/nitu.mx\/index.php\/wp-json\/wp\/v2\/media?parent=7063"}],"wp:term":[{"taxonomy":"category","embeddable":true,"href":"https:\/\/nitu.mx\/index.php\/wp-json\/wp\/v2\/categories?post=7063"},{"taxonomy":"post_tag","embeddable":true,"href":"https:\/\/nitu.mx\/index.php\/wp-json\/wp\/v2\/tags?post=7063"}],"curies":[{"name":"wp","href":"https:\/\/api.w.org\/{rel}","templated":true}]}}