{"id":70244,"date":"2024-04-15T21:45:46","date_gmt":"2024-04-16T03:45:46","guid":{"rendered":"https:\/\/nitu.mx\/?p=70244"},"modified":"2024-04-15T21:45:47","modified_gmt":"2024-04-16T03:45:47","slug":"tlaxcala-promociona-su-oferta-artesanal-gastronomica-y-turistica-en-punto-mexico-de-sectur","status":"publish","type":"post","link":"https:\/\/nitu.mx\/index.php\/2024\/04\/15\/tlaxcala-promociona-su-oferta-artesanal-gastronomica-y-turistica-en-punto-mexico-de-sectur\/","title":{"rendered":"Tlaxcala promociona su oferta artesanal, gastron\u00f3mica y tur\u00edstica en Punto M\u00e9xico de Sectur"},"content":{"rendered":"\n<p>El secretario de Turismo de M\u00e9xico, Miguel Torruco Marqu\u00e9s y la secretaria de Turismo de Tlaxcala, Josefina Rodr\u00edguez Zamora, en representaci\u00f3n de la gobernadora de esta entidad, Lorena Cu\u00e9llar Cisneros, inauguraron la exposici\u00f3n \u201cVen conoce Tlaxcala y hazlo real\u201d, que exhibe el mosaico de sus productos artesanales, gastron\u00f3micos y tur\u00edsticos en el espacio Punto M\u00e9xico de la Secretar\u00eda de Turismo (Sectur), durante el mes de abril.<\/p>\n\n\n\n<p>El titular de la Secretar\u00eda de Turismo (Sectur) se\u00f1al\u00f3 que este tradicional lugar se ha convertido en un hogar temporal para las diferentes entidades de la Rep\u00fablica, y en esta ocasi\u00f3n Tlaxcala promueve sus atractivos y comercializa sus productos tur\u00edsticos; gastronom\u00eda y piezas artesanales como: joyer\u00eda, sarapes, sombreros, manteles, bolsos, prendas de vestir y vajillas de talavera, entre otros.<\/p>\n\n\n\n<p>Cabe destacar, que Tlaxcala es reconocido por la elaboraci\u00f3n artesanal de productos de talavera, proceso que en 2019 recibi\u00f3 el nombramiento de Patrimonio Cultural Inmaterial de la Humanidad por la Unesco.<\/p>\n\n\n\n<p>A su vez, esta entidad es la tierra del Santuario de la Luci\u00e9rnaga, as\u00ed como de haciendas pulqueras, zonas arqueol\u00f3gicas, parques nacionales, volcanes, festividades tradicionales y Pueblos M\u00e1gicos, y est\u00e1 a la altura de las expectativas de un turista cada vez m\u00e1s informado y exigente.&nbsp;<\/p>\n\n\n\n<p>Su vasta oferta tur\u00edstica, se complementa por las tres rutas de Turitour: CDMX-Ixtenco-Huamantla y CDMX-Tlaxcala-Val\u2019Quirico; as\u00ed como la que pr\u00f3ximamente inicia en Tlaxco, logrando as\u00ed tener rutas en sus tres Pueblos&nbsp;M\u00e1gicos.<\/p>\n\n\n\n<p>Se se\u00f1al\u00f3 la importancia del turismo interno en la entidad, as\u00ed como el de M\u00e9xico en general, ya que, en 2023, signific\u00f3 un total de 259 millones de turistas nacionales, de los cuales 102 millones se hospedaron en hotel, y un consumo por hospedaje de m\u00e1s de 200 mil millones de pesos, esto es, el 5% del consumo tur\u00edstico total.<\/p>\n\n\n\n<p>Para la atenci\u00f3n del turismo carretero, en Tlaxcala, \u00c1ngeles Verdes da cobertura prioritaria a 9 tramos carreteros, que comprenden 737 kil\u00f3metros, con un aforo promedio diario de 10 mil 326 veh\u00edculos, se tiene presencia en 35 municipios, 3 Pueblos M\u00e1gicos, as\u00ed como 26 atractivos tur\u00edsticos y de enero a diciembre del 2023, se atendieron en promedio a 9 mil 959 turistas en m\u00e1s de 3 mil 100 servicios de asistencia.<\/p>\n\n\n\n<p>Por su parte, la secretaria de Turismo de Tlaxcala, Josefina Rodr\u00edguez Zamora, manifest\u00f3 que en esta exposici\u00f3n Tlaxcala trae un pedacito de su riqueza artesanal y gastron\u00f3mica con sus Huehues, sus tres Pueblos M\u00e1gicos y el carnaval; as\u00ed mismo resalt\u00f3 las artesan\u00edas elaboradas con textiles, arte con semillas y su gastronom\u00eda con moles, quesos, pulque, entre otros productos.<\/p>\n\n\n\n<p>Al reconocer la importancia de los turistas provenientes de la Ciudad de M\u00e9xico y del Estado de M\u00e9xico, que representan el 85 por ciento del turismo de la entidad, invit\u00f3 a los asistentes nacionales e internacionales a la pr\u00f3xima Temporada de Luci\u00e9rnagas, as\u00ed como a La Noche que Nadie Duerme.<\/p>\n\n\n\n<p>En el evento estuvieron presentes el subsecretario de Turismo, Humberto Hern\u00e1ndez Hadadd; as\u00ed como los presidentes municipales de Terrenate, Edgardo Isaac Olivares Cruz; y de Tlaxco, Armando Flores L\u00f3pez.<\/p>\n\n\n\n<p>La exposici\u00f3n \u201cVen conoce Tlaxcala y hazlo real\u201d estar\u00e1 vigente hasta el 28 de abril en el espacio Punto M\u00e9xico de Sectur, en Av. Presidente Masaryk No. 172, esq. con Hegel, col. Bosques de Chapultepec, alcald\u00eda Miguel Hidalgo, Ciudad de M\u00e9xico, en un horario de lunes a s\u00e1bado de 9:00 a 19:00 horas, domingos y d\u00edas festivos de 9:00 a 18:00 horas. (<a href=\"https:\/\/nitu.mx\/index.php\/2023\/02\/21\/tlaxcala-apuesta-por-la-fiesta-brava-como-atractivo-turistico\/\">Tlaxcala apuesta por la fiesta brava como atractivo tur\u00edstico<\/a>).<\/p>\n","protected":false},"excerpt":{"rendered":"<p>El secretario de Turismo de M\u00e9xico, Miguel Torruco Marqu\u00e9s y la secretaria de Turismo de Tlaxcala, Josefina Rodr\u00edguez Zamora, en representaci\u00f3n de la gobernadora de esta entidad, Lorena Cu\u00e9llar Cisneros, inauguraron la exposici\u00f3n \u201cVen conoce Tlaxcala y hazlo real\u201d, que exhibe el mosaico de sus productos artesanales, gastron\u00f3micos y tur\u00edsticos en el espacio Punto M\u00e9xico [&hellip;]<\/p>\n","protected":false},"author":17,"featured_media":70247,"comment_status":"open","ping_status":"open","sticky":false,"template":"","format":"standard","meta":{"footnotes":""},"categories":[5],"tags":[910,11655,93,4996],"yoast_head":"<!-- This site is optimized with the Yoast SEO plugin v22.2 - https:\/\/yoast.com\/wordpress\/plugins\/seo\/ -->\n<title>Tlaxcala promociona su oferta artesanal, gastron\u00f3mica y tur\u00edstica en Punto M\u00e9xico de Sectur - Nitu - Noticias de la Industria Turistica<\/title>\n<meta name=\"robots\" content=\"index, follow, max-snippet:-1, max-image-preview:large, max-video-preview:-1\" \/>\n<link rel=\"canonical\" href=\"https:\/\/nitu.mx\/index.php\/2024\/04\/15\/tlaxcala-promociona-su-oferta-artesanal-gastronomica-y-turistica-en-punto-mexico-de-sectur\/\" \/>\n<meta name=\"twitter:card\" content=\"summary_large_image\" \/>\n<meta name=\"twitter:title\" content=\"Tlaxcala promociona su oferta artesanal, gastron\u00f3mica y tur\u00edstica en Punto M\u00e9xico de Sectur - Nitu - Noticias de la Industria Turistica\" \/>\n<meta name=\"twitter:description\" content=\"El secretario de Turismo de M\u00e9xico, Miguel Torruco Marqu\u00e9s y la secretaria de Turismo de Tlaxcala, Josefina Rodr\u00edguez Zamora, en representaci\u00f3n de la gobernadora de esta entidad, Lorena Cu\u00e9llar Cisneros, inauguraron la exposici\u00f3n \u201cVen conoce Tlaxcala y hazlo real\u201d, que exhibe el mosaico de sus productos artesanales, gastron\u00f3micos y tur\u00edsticos en el espacio Punto M\u00e9xico [&hellip;]\" \/>\n<meta name=\"twitter:image\" content=\"https:\/\/nitu.mx\/wp-content\/uploads\/2024\/04\/Tlaxcala-Punto-Mexico-inauguracion.jpg\" \/>\n<meta name=\"twitter:creator\" content=\"@NITUmx\" \/>\n<meta name=\"twitter:site\" content=\"@Arturo_Medina_G\" \/>\n<meta name=\"twitter:label1\" content=\"Escrito por\" \/>\n\t<meta name=\"twitter:data1\" content=\"Redacci\u00f3n\" \/>\n\t<meta name=\"twitter:label2\" content=\"Tiempo de lectura\" \/>\n\t<meta name=\"twitter:data2\" content=\"3 minutos\" \/>\n<script type=\"application\/ld+json\" class=\"yoast-schema-graph\">{\"@context\":\"https:\/\/schema.org\",\"@graph\":[{\"@type\":\"Article\",\"@id\":\"https:\/\/nitu.mx\/index.php\/2024\/04\/15\/tlaxcala-promociona-su-oferta-artesanal-gastronomica-y-turistica-en-punto-mexico-de-sectur\/#article\",\"isPartOf\":{\"@id\":\"https:\/\/nitu.mx\/index.php\/2024\/04\/15\/tlaxcala-promociona-su-oferta-artesanal-gastronomica-y-turistica-en-punto-mexico-de-sectur\/\"},\"author\":{\"name\":\"Redacci\u00f3n\",\"@id\":\"https:\/\/nitu.mx\/#\/schema\/person\/4a28fe9bd65924f7c90623773daf1b0b\"},\"headline\":\"Tlaxcala promociona su oferta artesanal, gastron\u00f3mica y tur\u00edstica en Punto M\u00e9xico de Sectur\",\"datePublished\":\"2024-04-16T03:45:46+00:00\",\"dateModified\":\"2024-04-16T03:45:47+00:00\",\"mainEntityOfPage\":{\"@id\":\"https:\/\/nitu.mx\/index.php\/2024\/04\/15\/tlaxcala-promociona-su-oferta-artesanal-gastronomica-y-turistica-en-punto-mexico-de-sectur\/\"},\"wordCount\":619,\"commentCount\":0,\"publisher\":{\"@id\":\"https:\/\/nitu.mx\/#\/schema\/person\/ae7a53426417292d3dd07b45a33e01bc\"},\"image\":{\"@id\":\"https:\/\/nitu.mx\/index.php\/2024\/04\/15\/tlaxcala-promociona-su-oferta-artesanal-gastronomica-y-turistica-en-punto-mexico-de-sectur\/#primaryimage\"},\"thumbnailUrl\":\"https:\/\/nitu.mx\/wp-content\/uploads\/2024\/04\/Tlaxcala-Punto-Mexico-inauguracion.jpg\",\"keywords\":[\"Miguel Torruco\",\"Punto M\u00e9xico\",\"Sectur\",\"Tlaxcala\"],\"articleSection\":[\"Destinos\"],\"inLanguage\":\"es-MX\",\"potentialAction\":[{\"@type\":\"CommentAction\",\"name\":\"Comment\",\"target\":[\"https:\/\/nitu.mx\/index.php\/2024\/04\/15\/tlaxcala-promociona-su-oferta-artesanal-gastronomica-y-turistica-en-punto-mexico-de-sectur\/#respond\"]}]},{\"@type\":\"WebPage\",\"@id\":\"https:\/\/nitu.mx\/index.php\/2024\/04\/15\/tlaxcala-promociona-su-oferta-artesanal-gastronomica-y-turistica-en-punto-mexico-de-sectur\/\",\"url\":\"https:\/\/nitu.mx\/index.php\/2024\/04\/15\/tlaxcala-promociona-su-oferta-artesanal-gastronomica-y-turistica-en-punto-mexico-de-sectur\/\",\"name\":\"Tlaxcala promociona su oferta artesanal, gastron\u00f3mica y tur\u00edstica en Punto M\u00e9xico de Sectur - Nitu - Noticias de la Industria Turistica\",\"isPartOf\":{\"@id\":\"https:\/\/nitu.mx\/#website\"},\"primaryImageOfPage\":{\"@id\":\"https:\/\/nitu.mx\/index.php\/2024\/04\/15\/tlaxcala-promociona-su-oferta-artesanal-gastronomica-y-turistica-en-punto-mexico-de-sectur\/#primaryimage\"},\"image\":{\"@id\":\"https:\/\/nitu.mx\/index.php\/2024\/04\/15\/tlaxcala-promociona-su-oferta-artesanal-gastronomica-y-turistica-en-punto-mexico-de-sectur\/#primaryimage\"},\"thumbnailUrl\":\"https:\/\/nitu.mx\/wp-content\/uploads\/2024\/04\/Tlaxcala-Punto-Mexico-inauguracion.jpg\",\"datePublished\":\"2024-04-16T03:45:46+00:00\",\"dateModified\":\"2024-04-16T03:45:47+00:00\",\"breadcrumb\":{\"@id\":\"https:\/\/nitu.mx\/index.php\/2024\/04\/15\/tlaxcala-promociona-su-oferta-artesanal-gastronomica-y-turistica-en-punto-mexico-de-sectur\/#breadcrumb\"},\"inLanguage\":\"es-MX\",\"potentialAction\":[{\"@type\":\"ReadAction\",\"target\":[\"https:\/\/nitu.mx\/index.php\/2024\/04\/15\/tlaxcala-promociona-su-oferta-artesanal-gastronomica-y-turistica-en-punto-mexico-de-sectur\/\"]}]},{\"@type\":\"ImageObject\",\"inLanguage\":\"es-MX\",\"@id\":\"https:\/\/nitu.mx\/index.php\/2024\/04\/15\/tlaxcala-promociona-su-oferta-artesanal-gastronomica-y-turistica-en-punto-mexico-de-sectur\/#primaryimage\",\"url\":\"https:\/\/nitu.mx\/wp-content\/uploads\/2024\/04\/Tlaxcala-Punto-Mexico-inauguracion.jpg\",\"contentUrl\":\"https:\/\/nitu.mx\/wp-content\/uploads\/2024\/04\/Tlaxcala-Punto-Mexico-inauguracion.jpg\",\"width\":1200,\"height\":675,\"caption\":\"Tlaxcala Punto M\u00e9xico inauguraci\u00f3n\"},{\"@type\":\"BreadcrumbList\",\"@id\":\"https:\/\/nitu.mx\/index.php\/2024\/04\/15\/tlaxcala-promociona-su-oferta-artesanal-gastronomica-y-turistica-en-punto-mexico-de-sectur\/#breadcrumb\",\"itemListElement\":[{\"@type\":\"ListItem\",\"position\":1,\"name\":\"Inicio\",\"item\":\"https:\/\/nitu.mx\/\"},{\"@type\":\"ListItem\",\"position\":2,\"name\":\"Tlaxcala promociona su oferta artesanal, gastron\u00f3mica y tur\u00edstica en Punto M\u00e9xico de Sectur\"}]},{\"@type\":\"WebSite\",\"@id\":\"https:\/\/nitu.mx\/#website\",\"url\":\"https:\/\/nitu.mx\/\",\"name\":\"Nitu - Noticias de la Industria Turistica\",\"description\":\"Noticias de la Industria Turistica\",\"publisher\":{\"@id\":\"https:\/\/nitu.mx\/#\/schema\/person\/ae7a53426417292d3dd07b45a33e01bc\"},\"alternateName\":\"Noticias de la Industria Turistica\",\"potentialAction\":[{\"@type\":\"SearchAction\",\"target\":{\"@type\":\"EntryPoint\",\"urlTemplate\":\"https:\/\/nitu.mx\/?s={search_term_string}\"},\"query-input\":\"required name=search_term_string\"}],\"inLanguage\":\"es-MX\"},{\"@type\":[\"Person\",\"Organization\"],\"@id\":\"https:\/\/nitu.mx\/#\/schema\/person\/ae7a53426417292d3dd07b45a33e01bc\",\"name\":\"Arturo Medina\",\"image\":{\"@type\":\"ImageObject\",\"inLanguage\":\"es-MX\",\"@id\":\"https:\/\/nitu.mx\/#\/schema\/person\/image\/\",\"url\":\"https:\/\/nitu.mx\/wp-content\/uploads\/2024\/04\/4A315622-1904-4D5C-B022-878CDC840E04-90x90-1.jpeg\",\"contentUrl\":\"https:\/\/nitu.mx\/wp-content\/uploads\/2024\/04\/4A315622-1904-4D5C-B022-878CDC840E04-90x90-1.jpeg\",\"width\":90,\"height\":90,\"caption\":\"Arturo Medina\"},\"logo\":{\"@id\":\"https:\/\/nitu.mx\/#\/schema\/person\/image\/\"},\"description\":\"Director NITU.mx, Egresado de la Escuela de Periodismo Carlos Septi\u00e9n Garc\u00eda. Periodista y analista especializado en turismo desde hace 35 a\u00f1os, radicado en Canc\u00fan Q.Roo. arturo@nitu.mx\",\"sameAs\":[\"https:\/\/nitu.mx\",\"https:\/\/www.facebook.com\/NITUmx\/\",\"medinacancun\",\"https:\/\/twitter.com\/@Arturo_Medina_G\"]},{\"@type\":\"Person\",\"@id\":\"https:\/\/nitu.mx\/#\/schema\/person\/4a28fe9bd65924f7c90623773daf1b0b\",\"name\":\"Redacci\u00f3n\",\"image\":{\"@type\":\"ImageObject\",\"inLanguage\":\"es-MX\",\"@id\":\"https:\/\/nitu.mx\/#\/schema\/person\/image\/\",\"url\":\"https:\/\/secure.gravatar.com\/avatar\/5dd011c8ccfc5cd7e4c81e42252aab38?s=96&d=mm&r=g\",\"contentUrl\":\"https:\/\/secure.gravatar.com\/avatar\/5dd011c8ccfc5cd7e4c81e42252aab38?s=96&d=mm&r=g\",\"caption\":\"Redacci\u00f3n\"},\"url\":\"https:\/\/nitu.mx\/index.php\/author\/redaccion\/\"}]}<\/script>\n<!-- \/ Yoast SEO plugin. -->","yoast_head_json":{"title":"Tlaxcala promociona su oferta artesanal, gastron\u00f3mica y tur\u00edstica en Punto M\u00e9xico de Sectur - Nitu - Noticias de la Industria Turistica","robots":{"index":"index","follow":"follow","max-snippet":"max-snippet:-1","max-image-preview":"max-image-preview:large","max-video-preview":"max-video-preview:-1"},"canonical":"https:\/\/nitu.mx\/index.php\/2024\/04\/15\/tlaxcala-promociona-su-oferta-artesanal-gastronomica-y-turistica-en-punto-mexico-de-sectur\/","twitter_card":"summary_large_image","twitter_title":"Tlaxcala promociona su oferta artesanal, gastron\u00f3mica y tur\u00edstica en Punto M\u00e9xico de Sectur - Nitu - Noticias de la Industria Turistica","twitter_description":"El secretario de Turismo de M\u00e9xico, Miguel Torruco Marqu\u00e9s y la secretaria de Turismo de Tlaxcala, Josefina Rodr\u00edguez Zamora, en representaci\u00f3n de la gobernadora de esta entidad, Lorena Cu\u00e9llar Cisneros, inauguraron la exposici\u00f3n \u201cVen conoce Tlaxcala y hazlo real\u201d, que exhibe el mosaico de sus productos artesanales, gastron\u00f3micos y tur\u00edsticos en el espacio Punto M\u00e9xico [&hellip;]","twitter_image":"https:\/\/nitu.mx\/wp-content\/uploads\/2024\/04\/Tlaxcala-Punto-Mexico-inauguracion.jpg","twitter_creator":"@NITUmx","twitter_site":"@Arturo_Medina_G","twitter_misc":{"Escrito por":"Redacci\u00f3n","Tiempo de lectura":"3 minutos"},"schema":{"@context":"https:\/\/schema.org","@graph":[{"@type":"Article","@id":"https:\/\/nitu.mx\/index.php\/2024\/04\/15\/tlaxcala-promociona-su-oferta-artesanal-gastronomica-y-turistica-en-punto-mexico-de-sectur\/#article","isPartOf":{"@id":"https:\/\/nitu.mx\/index.php\/2024\/04\/15\/tlaxcala-promociona-su-oferta-artesanal-gastronomica-y-turistica-en-punto-mexico-de-sectur\/"},"author":{"name":"Redacci\u00f3n","@id":"https:\/\/nitu.mx\/#\/schema\/person\/4a28fe9bd65924f7c90623773daf1b0b"},"headline":"Tlaxcala promociona su oferta artesanal, gastron\u00f3mica y tur\u00edstica en Punto M\u00e9xico de Sectur","datePublished":"2024-04-16T03:45:46+00:00","dateModified":"2024-04-16T03:45:47+00:00","mainEntityOfPage":{"@id":"https:\/\/nitu.mx\/index.php\/2024\/04\/15\/tlaxcala-promociona-su-oferta-artesanal-gastronomica-y-turistica-en-punto-mexico-de-sectur\/"},"wordCount":619,"commentCount":0,"publisher":{"@id":"https:\/\/nitu.mx\/#\/schema\/person\/ae7a53426417292d3dd07b45a33e01bc"},"image":{"@id":"https:\/\/nitu.mx\/index.php\/2024\/04\/15\/tlaxcala-promociona-su-oferta-artesanal-gastronomica-y-turistica-en-punto-mexico-de-sectur\/#primaryimage"},"thumbnailUrl":"https:\/\/nitu.mx\/wp-content\/uploads\/2024\/04\/Tlaxcala-Punto-Mexico-inauguracion.jpg","keywords":["Miguel Torruco","Punto M\u00e9xico","Sectur","Tlaxcala"],"articleSection":["Destinos"],"inLanguage":"es-MX","potentialAction":[{"@type":"CommentAction","name":"Comment","target":["https:\/\/nitu.mx\/index.php\/2024\/04\/15\/tlaxcala-promociona-su-oferta-artesanal-gastronomica-y-turistica-en-punto-mexico-de-sectur\/#respond"]}]},{"@type":"WebPage","@id":"https:\/\/nitu.mx\/index.php\/2024\/04\/15\/tlaxcala-promociona-su-oferta-artesanal-gastronomica-y-turistica-en-punto-mexico-de-sectur\/","url":"https:\/\/nitu.mx\/index.php\/2024\/04\/15\/tlaxcala-promociona-su-oferta-artesanal-gastronomica-y-turistica-en-punto-mexico-de-sectur\/","name":"Tlaxcala promociona su oferta artesanal, gastron\u00f3mica y tur\u00edstica en Punto M\u00e9xico de Sectur - Nitu - Noticias de la Industria Turistica","isPartOf":{"@id":"https:\/\/nitu.mx\/#website"},"primaryImageOfPage":{"@id":"https:\/\/nitu.mx\/index.php\/2024\/04\/15\/tlaxcala-promociona-su-oferta-artesanal-gastronomica-y-turistica-en-punto-mexico-de-sectur\/#primaryimage"},"image":{"@id":"https:\/\/nitu.mx\/index.php\/2024\/04\/15\/tlaxcala-promociona-su-oferta-artesanal-gastronomica-y-turistica-en-punto-mexico-de-sectur\/#primaryimage"},"thumbnailUrl":"https:\/\/nitu.mx\/wp-content\/uploads\/2024\/04\/Tlaxcala-Punto-Mexico-inauguracion.jpg","datePublished":"2024-04-16T03:45:46+00:00","dateModified":"2024-04-16T03:45:47+00:00","breadcrumb":{"@id":"https:\/\/nitu.mx\/index.php\/2024\/04\/15\/tlaxcala-promociona-su-oferta-artesanal-gastronomica-y-turistica-en-punto-mexico-de-sectur\/#breadcrumb"},"inLanguage":"es-MX","potentialAction":[{"@type":"ReadAction","target":["https:\/\/nitu.mx\/index.php\/2024\/04\/15\/tlaxcala-promociona-su-oferta-artesanal-gastronomica-y-turistica-en-punto-mexico-de-sectur\/"]}]},{"@type":"ImageObject","inLanguage":"es-MX","@id":"https:\/\/nitu.mx\/index.php\/2024\/04\/15\/tlaxcala-promociona-su-oferta-artesanal-gastronomica-y-turistica-en-punto-mexico-de-sectur\/#primaryimage","url":"https:\/\/nitu.mx\/wp-content\/uploads\/2024\/04\/Tlaxcala-Punto-Mexico-inauguracion.jpg","contentUrl":"https:\/\/nitu.mx\/wp-content\/uploads\/2024\/04\/Tlaxcala-Punto-Mexico-inauguracion.jpg","width":1200,"height":675,"caption":"Tlaxcala Punto M\u00e9xico inauguraci\u00f3n"},{"@type":"BreadcrumbList","@id":"https:\/\/nitu.mx\/index.php\/2024\/04\/15\/tlaxcala-promociona-su-oferta-artesanal-gastronomica-y-turistica-en-punto-mexico-de-sectur\/#breadcrumb","itemListElement":[{"@type":"ListItem","position":1,"name":"Inicio","item":"https:\/\/nitu.mx\/"},{"@type":"ListItem","position":2,"name":"Tlaxcala promociona su oferta artesanal, gastron\u00f3mica y tur\u00edstica en Punto M\u00e9xico de Sectur"}]},{"@type":"WebSite","@id":"https:\/\/nitu.mx\/#website","url":"https:\/\/nitu.mx\/","name":"Nitu - Noticias de la Industria Turistica","description":"Noticias de la Industria Turistica","publisher":{"@id":"https:\/\/nitu.mx\/#\/schema\/person\/ae7a53426417292d3dd07b45a33e01bc"},"alternateName":"Noticias de la Industria Turistica","potentialAction":[{"@type":"SearchAction","target":{"@type":"EntryPoint","urlTemplate":"https:\/\/nitu.mx\/?s={search_term_string}"},"query-input":"required name=search_term_string"}],"inLanguage":"es-MX"},{"@type":["Person","Organization"],"@id":"https:\/\/nitu.mx\/#\/schema\/person\/ae7a53426417292d3dd07b45a33e01bc","name":"Arturo Medina","image":{"@type":"ImageObject","inLanguage":"es-MX","@id":"https:\/\/nitu.mx\/#\/schema\/person\/image\/","url":"https:\/\/nitu.mx\/wp-content\/uploads\/2024\/04\/4A315622-1904-4D5C-B022-878CDC840E04-90x90-1.jpeg","contentUrl":"https:\/\/nitu.mx\/wp-content\/uploads\/2024\/04\/4A315622-1904-4D5C-B022-878CDC840E04-90x90-1.jpeg","width":90,"height":90,"caption":"Arturo Medina"},"logo":{"@id":"https:\/\/nitu.mx\/#\/schema\/person\/image\/"},"description":"Director NITU.mx, Egresado de la Escuela de Periodismo Carlos Septi\u00e9n Garc\u00eda. Periodista y analista especializado en turismo desde hace 35 a\u00f1os, radicado en Canc\u00fan Q.Roo. arturo@nitu.mx","sameAs":["https:\/\/nitu.mx","https:\/\/www.facebook.com\/NITUmx\/","medinacancun","https:\/\/twitter.com\/@Arturo_Medina_G"]},{"@type":"Person","@id":"https:\/\/nitu.mx\/#\/schema\/person\/4a28fe9bd65924f7c90623773daf1b0b","name":"Redacci\u00f3n","image":{"@type":"ImageObject","inLanguage":"es-MX","@id":"https:\/\/nitu.mx\/#\/schema\/person\/image\/","url":"https:\/\/secure.gravatar.com\/avatar\/5dd011c8ccfc5cd7e4c81e42252aab38?s=96&d=mm&r=g","contentUrl":"https:\/\/secure.gravatar.com\/avatar\/5dd011c8ccfc5cd7e4c81e42252aab38?s=96&d=mm&r=g","caption":"Redacci\u00f3n"},"url":"https:\/\/nitu.mx\/index.php\/author\/redaccion\/"}]}},"views":1171,"_links":{"self":[{"href":"https:\/\/nitu.mx\/index.php\/wp-json\/wp\/v2\/posts\/70244"}],"collection":[{"href":"https:\/\/nitu.mx\/index.php\/wp-json\/wp\/v2\/posts"}],"about":[{"href":"https:\/\/nitu.mx\/index.php\/wp-json\/wp\/v2\/types\/post"}],"author":[{"embeddable":true,"href":"https:\/\/nitu.mx\/index.php\/wp-json\/wp\/v2\/users\/17"}],"replies":[{"embeddable":true,"href":"https:\/\/nitu.mx\/index.php\/wp-json\/wp\/v2\/comments?post=70244"}],"version-history":[{"count":1,"href":"https:\/\/nitu.mx\/index.php\/wp-json\/wp\/v2\/posts\/70244\/revisions"}],"predecessor-version":[{"id":70246,"href":"https:\/\/nitu.mx\/index.php\/wp-json\/wp\/v2\/posts\/70244\/revisions\/70246"}],"wp:featuredmedia":[{"embeddable":true,"href":"https:\/\/nitu.mx\/index.php\/wp-json\/wp\/v2\/media\/70247"}],"wp:attachment":[{"href":"https:\/\/nitu.mx\/index.php\/wp-json\/wp\/v2\/media?parent=70244"}],"wp:term":[{"taxonomy":"category","embeddable":true,"href":"https:\/\/nitu.mx\/index.php\/wp-json\/wp\/v2\/categories?post=70244"},{"taxonomy":"post_tag","embeddable":true,"href":"https:\/\/nitu.mx\/index.php\/wp-json\/wp\/v2\/tags?post=70244"}],"curies":[{"name":"wp","href":"https:\/\/api.w.org\/{rel}","templated":true}]}}